{"id":4128,"date":"2020-07-03T12:55:50","date_gmt":"2020-07-03T15:55:50","guid":{"rendered":"https:\/\/radiounodigital.com\/web\/?p=4128"},"modified":"2020-07-05T21:08:05","modified_gmt":"2020-07-06T00:08:05","slug":"el-guitarrista-de-los-rolling-stones-brian-jones-fue-asesinado-dice-su-hija","status":"publish","type":"post","link":"https:\/\/radiounodigital.com\/web\/2020\/07\/03\/el-guitarrista-de-los-rolling-stones-brian-jones-fue-asesinado-dice-su-hija\/","title":{"rendered":"El guitarrista de los Rolling Stones, Brian Jones, fue \u00abasesinado\u00bb, dice su hija"},"content":{"rendered":"<h3>La hija del fundador de los Rolling Stones, Brian Jones, le ped\u00eda a la polic\u00eda en 2019 que abriera nuevamente el caso en el 50 aniversario de su muerte.<\/h3>\n<p>La hija del fallecido guitarrista de los Rolling Stones, Brian Jones, afirm\u00f3 que su padre fue asesinado.<\/p>\n<p>En declaraciones a Sky News en el 50 aniversario de su muerte, Barbara Marion dijo: \u00abCreo que fue asesinado y creo que la polic\u00eda no lo investig\u00f3 de la manera que deber\u00edan haberlo hecho\u00bb. Me encantar\u00eda volver a abrir [el caso] y obtener algunas respuestas \u00ab.<\/p>\n<p>Jones fue encontrado muerto en la piscina de su casa en Cotchford Farm en Sussex el 3 de julio de 1967. Ten\u00eda 27 a\u00f1os.<\/p>\n<p>El guitarrista fund\u00f3 los Rolling Stones cinco a\u00f1os antes, aunque m\u00e1s tarde luch\u00f3 contra la adicci\u00f3n a las drogas y al alcohol. Hab\u00eda sido despedido de los Stones un mes antes de morir.<\/p>\n<p>La muerte de Jones fue registrada oficialmente como una desgracia, aunque han circulado teor\u00edas de conspiraci\u00f3n de que fue asesinado, algo que la polic\u00eda ha negado repetidamente.<\/p>\n<p>En un comunicado publicado en mayo de 2019, la polic\u00eda dijo.03 \u00abLa muerte de Brian Jones fue investigada en 1969 y tambi\u00e9n fue objeto de dos revisiones por parte de la polic\u00eda de Sussex, en 1984 y 1994.<\/p>\n<p>\u201cDe vez en cuando en los \u00faltimos 50 a\u00f1os, la polic\u00eda de Sussex tambi\u00e9n ha recibido mensajes o informes de periodistas y otras personas sobre la muerte. Cada uno se considera seg\u00fan sus m\u00e9ritos individuales y se revisa cuando corresponde.<\/p>\n<p>\u00abNo se ha recibido dicho informe desde 2010 y no ha surgido ninguna nueva evidencia que sugiera que el veredicto original del forense de\u00bb muerte por accidente \u00abera incorrecto. El caso no ha sido reabierto y no hay planes para que eso suceda \u00ab.<\/p>\n<p><iframe loading=\"lazy\" src=\"https:\/\/www.youtube.com\/embed\/2-jbRtuahK8\" width=\"560\" height=\"315\" frameborder=\"0\" allowfullscreen=\"allowfullscreen\"><\/iframe><\/p>\n<div class=\"fb-background-color\">\n\t\t\t  <div \n\t\t\t  \tclass = \"fb-comments\" \n\t\t\t  \tdata-href = \"https:\/\/radiounodigital.com\/web\/2020\/07\/03\/el-guitarrista-de-los-rolling-stones-brian-jones-fue-asesinado-dice-su-hija\/\"\n\t\t\t  \tdata-numposts = \"10\"\n\t\t\t  \tdata-lazy = \"true\"\n\t\t\t\tdata-colorscheme = \"dark\"\n\t\t\t\tdata-order-by = \"reverse_time\"\n\t\t\t\tdata-mobile=true>\n\t\t\t  <\/div><\/div>\n\t\t  <style>\n\t\t    .fb-background-color {\n\t\t\t\tbackground: #ffffff !important;\n\t\t\t}\n\t\t\t.fb_iframe_widget_fluid_desktop iframe {\n\t\t\t    width: 100% !important;\n\t\t\t}\n\t\t  <\/style>\n\t\t  ","protected":false},"excerpt":{"rendered":"<p>La hija del fundador de los Rolling Stones, Brian Jones, le ped\u00eda a la polic\u00eda en 2019 que abriera nuevamente el caso en el 50 aniversario de su muerte. La hija del fallecido guitarrista de los Rolling Stones, Brian Jones, afirm\u00f3 que su padre fue asesinado. En declaraciones a Sky News en el 50 aniversario&#8230; <a href=\"https:\/\/radiounodigital.com\/web\/2020\/07\/03\/el-guitarrista-de-los-rolling-stones-brian-jones-fue-asesinado-dice-su-hija\/\" class=\"excerpt-read-more\">Read More<\/a><\/p>\n","protected":false},"author":1,"featured_media":4129,"comment_status":"open","ping_status":"open","sticky":false,"template":"","format":"standard","meta":{"footnotes":""},"categories":[180,128],"tags":[301,565,84],"class_list":["post-4128","post","type-post","status-publish","format-standard","has-post-thumbnail","hentry","category-news","category-rock-clasico","tag-aniversario","tag-brian-jones","tag-muerte"],"yoast_head":"<!-- This site is optimized with the Yoast SEO plugin v27.4 - https:\/\/yoast.com\/product\/yoast-seo-wordpress\/ -->\n<title>A 51 a\u00f1os \u00bfBrian Jones fue asesinado? - Radio UNO Digital<\/title>\n<meta name=\"description\" content=\"La hija del fundador de los Rolling Stones, Brian Jones, le ped\u00eda a la polic\u00eda en 2019 que abriera nuevamente el caso en el 50 aniversario de su muerte.\" \/>\n<meta name=\"robots\" content=\"index, follow, max-snippet:-1, max-image-preview:large, max-video-preview:-1\" \/>\n<link rel=\"canonical\" href=\"https:\/\/radiounodigital.com\/web\/2020\/07\/03\/el-guitarrista-de-los-rolling-stones-brian-jones-fue-asesinado-dice-su-hija\/\" \/>\n<meta property=\"og:locale\" content=\"es_ES\" \/>\n<meta property=\"og:type\" content=\"article\" \/>\n<meta property=\"og:title\" content=\"A 51 a\u00f1os \u00bfBrian Jones fue asesinado?\" \/>\n<meta property=\"og:description\" content=\"La hija del fundador de los Rolling Stones, Brian Jones, le ped\u00eda a la polic\u00eda en 2019 que abriera nuevamente el caso en el 50 aniversario de su muerte.\" \/>\n<meta property=\"og:url\" content=\"https:\/\/radiounodigital.com\/web\/2020\/07\/03\/el-guitarrista-de-los-rolling-stones-brian-jones-fue-asesinado-dice-su-hija\/\" \/>\n<meta property=\"og:site_name\" content=\"Radio UNO Digital\" \/>\n<meta property=\"article:published_time\" content=\"2020-07-03T15:55:50+00:00\" \/>\n<meta property=\"article:modified_time\" content=\"2020-07-06T00:08:05+00:00\" \/>\n<meta property=\"og:image\" content=\"https:\/\/radiounodigital.com\/web\/wp-content\/uploads\/2020\/07\/brian-jones-980x570-1.jpg\" \/>\n\t<meta property=\"og:image:width\" content=\"980\" \/>\n\t<meta property=\"og:image:height\" content=\"570\" \/>\n\t<meta property=\"og:image:type\" content=\"image\/jpeg\" \/>\n<meta name=\"author\" content=\"diegoc\" \/>\n<meta name=\"twitter:card\" content=\"summary_large_image\" \/>\n<meta name=\"twitter:title\" content=\"A 51 a\u00f1os \u00bfBrian Jones fue asesinado?\" \/>\n<meta name=\"twitter:description\" content=\"La hija del fundador de los Rolling Stones, Brian Jones, le ped\u00eda a la polic\u00eda en 2019 que abriera nuevamente el caso en el 50 aniversario de su muerte.\" \/>\n<meta name=\"twitter:image\" content=\"https:\/\/radiounodigital.com\/web\/wp-content\/uploads\/2020\/07\/brian-jones-980x570-1.jpg\" \/>\n<meta name=\"twitter:label1\" content=\"Escrito por\" \/>\n\t<meta name=\"twitter:data1\" content=\"diegoc\" \/>\n\t<meta name=\"twitter:label2\" content=\"Tiempo de lectura\" \/>\n\t<meta name=\"twitter:data2\" content=\"2 minutos\" \/>\n<script type=\"application\/ld+json\" class=\"yoast-schema-graph\">{\"@context\":\"https:\\\/\\\/schema.org\",\"@graph\":[{\"@type\":\"Article\",\"@id\":\"https:\\\/\\\/radiounodigital.com\\\/web\\\/2020\\\/07\\\/03\\\/el-guitarrista-de-los-rolling-stones-brian-jones-fue-asesinado-dice-su-hija\\\/#article\",\"isPartOf\":{\"@id\":\"https:\\\/\\\/radiounodigital.com\\\/web\\\/2020\\\/07\\\/03\\\/el-guitarrista-de-los-rolling-stones-brian-jones-fue-asesinado-dice-su-hija\\\/\"},\"author\":{\"name\":\"diegoc\",\"@id\":\"https:\\\/\\\/radiounodigital.com\\\/web\\\/#\\\/schema\\\/person\\\/00b93151fa54f619ecf9c183d1fc9758\"},\"headline\":\"El guitarrista de los Rolling Stones, Brian Jones, fue \u00abasesinado\u00bb, dice su hija\",\"datePublished\":\"2020-07-03T15:55:50+00:00\",\"dateModified\":\"2020-07-06T00:08:05+00:00\",\"mainEntityOfPage\":{\"@id\":\"https:\\\/\\\/radiounodigital.com\\\/web\\\/2020\\\/07\\\/03\\\/el-guitarrista-de-los-rolling-stones-brian-jones-fue-asesinado-dice-su-hija\\\/\"},\"wordCount\":319,\"commentCount\":0,\"image\":{\"@id\":\"https:\\\/\\\/radiounodigital.com\\\/web\\\/2020\\\/07\\\/03\\\/el-guitarrista-de-los-rolling-stones-brian-jones-fue-asesinado-dice-su-hija\\\/#primaryimage\"},\"thumbnailUrl\":\"https:\\\/\\\/radiounodigital.com\\\/web\\\/wp-content\\\/uploads\\\/2020\\\/07\\\/brian-jones-980x570-1.jpg\",\"keywords\":[\"aniversario\",\"brian jones\",\"muerte\"],\"articleSection\":[\"news\",\"Rock Clasico\"],\"inLanguage\":\"es\",\"potentialAction\":[{\"@type\":\"CommentAction\",\"name\":\"Comment\",\"target\":[\"https:\\\/\\\/radiounodigital.com\\\/web\\\/2020\\\/07\\\/03\\\/el-guitarrista-de-los-rolling-stones-brian-jones-fue-asesinado-dice-su-hija\\\/#respond\"]}]},{\"@type\":\"WebPage\",\"@id\":\"https:\\\/\\\/radiounodigital.com\\\/web\\\/2020\\\/07\\\/03\\\/el-guitarrista-de-los-rolling-stones-brian-jones-fue-asesinado-dice-su-hija\\\/\",\"url\":\"https:\\\/\\\/radiounodigital.com\\\/web\\\/2020\\\/07\\\/03\\\/el-guitarrista-de-los-rolling-stones-brian-jones-fue-asesinado-dice-su-hija\\\/\",\"name\":\"A 51 a\u00f1os \u00bfBrian Jones fue asesinado? - Radio UNO Digital\",\"isPartOf\":{\"@id\":\"https:\\\/\\\/radiounodigital.com\\\/web\\\/#website\"},\"primaryImageOfPage\":{\"@id\":\"https:\\\/\\\/radiounodigital.com\\\/web\\\/2020\\\/07\\\/03\\\/el-guitarrista-de-los-rolling-stones-brian-jones-fue-asesinado-dice-su-hija\\\/#primaryimage\"},\"image\":{\"@id\":\"https:\\\/\\\/radiounodigital.com\\\/web\\\/2020\\\/07\\\/03\\\/el-guitarrista-de-los-rolling-stones-brian-jones-fue-asesinado-dice-su-hija\\\/#primaryimage\"},\"thumbnailUrl\":\"https:\\\/\\\/radiounodigital.com\\\/web\\\/wp-content\\\/uploads\\\/2020\\\/07\\\/brian-jones-980x570-1.jpg\",\"datePublished\":\"2020-07-03T15:55:50+00:00\",\"dateModified\":\"2020-07-06T00:08:05+00:00\",\"author\":{\"@id\":\"https:\\\/\\\/radiounodigital.com\\\/web\\\/#\\\/schema\\\/person\\\/00b93151fa54f619ecf9c183d1fc9758\"},\"description\":\"La hija del fundador de los Rolling Stones, Brian Jones, le ped\u00eda a la polic\u00eda en 2019 que abriera nuevamente el caso en el 50 aniversario de su muerte.\",\"breadcrumb\":{\"@id\":\"https:\\\/\\\/radiounodigital.com\\\/web\\\/2020\\\/07\\\/03\\\/el-guitarrista-de-los-rolling-stones-brian-jones-fue-asesinado-dice-su-hija\\\/#breadcrumb\"},\"inLanguage\":\"es\",\"potentialAction\":[{\"@type\":\"ReadAction\",\"target\":[\"https:\\\/\\\/radiounodigital.com\\\/web\\\/2020\\\/07\\\/03\\\/el-guitarrista-de-los-rolling-stones-brian-jones-fue-asesinado-dice-su-hija\\\/\"]}]},{\"@type\":\"ImageObject\",\"inLanguage\":\"es\",\"@id\":\"https:\\\/\\\/radiounodigital.com\\\/web\\\/2020\\\/07\\\/03\\\/el-guitarrista-de-los-rolling-stones-brian-jones-fue-asesinado-dice-su-hija\\\/#primaryimage\",\"url\":\"https:\\\/\\\/radiounodigital.com\\\/web\\\/wp-content\\\/uploads\\\/2020\\\/07\\\/brian-jones-980x570-1.jpg\",\"contentUrl\":\"https:\\\/\\\/radiounodigital.com\\\/web\\\/wp-content\\\/uploads\\\/2020\\\/07\\\/brian-jones-980x570-1.jpg\",\"width\":980,\"height\":570},{\"@type\":\"BreadcrumbList\",\"@id\":\"https:\\\/\\\/radiounodigital.com\\\/web\\\/2020\\\/07\\\/03\\\/el-guitarrista-de-los-rolling-stones-brian-jones-fue-asesinado-dice-su-hija\\\/#breadcrumb\",\"itemListElement\":[{\"@type\":\"ListItem\",\"position\":1,\"name\":\"Home\",\"item\":\"https:\\\/\\\/radiounodigital.com\\\/web\\\/\"},{\"@type\":\"ListItem\",\"position\":2,\"name\":\"El guitarrista de los Rolling Stones, Brian Jones, fue \u00abasesinado\u00bb, dice su hija\"}]},{\"@type\":\"WebSite\",\"@id\":\"https:\\\/\\\/radiounodigital.com\\\/web\\\/#website\",\"url\":\"https:\\\/\\\/radiounodigital.com\\\/web\\\/\",\"name\":\"Radio UNO Digital\",\"description\":\"Donde la cultura del rock se siente\",\"potentialAction\":[{\"@type\":\"SearchAction\",\"target\":{\"@type\":\"EntryPoint\",\"urlTemplate\":\"https:\\\/\\\/radiounodigital.com\\\/web\\\/?s={search_term_string}\"},\"query-input\":{\"@type\":\"PropertyValueSpecification\",\"valueRequired\":true,\"valueName\":\"search_term_string\"}}],\"inLanguage\":\"es\"},{\"@type\":\"Person\",\"@id\":\"https:\\\/\\\/radiounodigital.com\\\/web\\\/#\\\/schema\\\/person\\\/00b93151fa54f619ecf9c183d1fc9758\",\"name\":\"diegoc\",\"image\":{\"@type\":\"ImageObject\",\"inLanguage\":\"es\",\"@id\":\"https:\\\/\\\/secure.gravatar.com\\\/avatar\\\/0a67041d44c702fb0660d81a5a32c7ce6007341cf92afeb718b75883bf415864?s=96&d=blank&r=g\",\"url\":\"https:\\\/\\\/secure.gravatar.com\\\/avatar\\\/0a67041d44c702fb0660d81a5a32c7ce6007341cf92afeb718b75883bf415864?s=96&d=blank&r=g\",\"contentUrl\":\"https:\\\/\\\/secure.gravatar.com\\\/avatar\\\/0a67041d44c702fb0660d81a5a32c7ce6007341cf92afeb718b75883bf415864?s=96&d=blank&r=g\",\"caption\":\"diegoc\"},\"url\":\"https:\\\/\\\/radiounodigital.com\\\/web\\\/author\\\/diegoc\\\/\"}]}<\/script>\n<!-- \/ Yoast SEO plugin. -->","yoast_head_json":{"title":"A 51 a\u00f1os \u00bfBrian Jones fue asesinado? - Radio UNO Digital","description":"La hija del fundador de los Rolling Stones, Brian Jones, le ped\u00eda a la polic\u00eda en 2019 que abriera nuevamente el caso en el 50 aniversario de su muerte.","robots":{"index":"index","follow":"follow","max-snippet":"max-snippet:-1","max-image-preview":"max-image-preview:large","max-video-preview":"max-video-preview:-1"},"canonical":"https:\/\/radiounodigital.com\/web\/2020\/07\/03\/el-guitarrista-de-los-rolling-stones-brian-jones-fue-asesinado-dice-su-hija\/","og_locale":"es_ES","og_type":"article","og_title":"A 51 a\u00f1os \u00bfBrian Jones fue asesinado?","og_description":"La hija del fundador de los Rolling Stones, Brian Jones, le ped\u00eda a la polic\u00eda en 2019 que abriera nuevamente el caso en el 50 aniversario de su muerte.","og_url":"https:\/\/radiounodigital.com\/web\/2020\/07\/03\/el-guitarrista-de-los-rolling-stones-brian-jones-fue-asesinado-dice-su-hija\/","og_site_name":"Radio UNO Digital","article_published_time":"2020-07-03T15:55:50+00:00","article_modified_time":"2020-07-06T00:08:05+00:00","og_image":[{"width":980,"height":570,"url":"https:\/\/radiounodigital.com\/web\/wp-content\/uploads\/2020\/07\/brian-jones-980x570-1.jpg","type":"image\/jpeg"}],"author":"diegoc","twitter_card":"summary_large_image","twitter_title":"A 51 a\u00f1os \u00bfBrian Jones fue asesinado?","twitter_description":"La hija del fundador de los Rolling Stones, Brian Jones, le ped\u00eda a la polic\u00eda en 2019 que abriera nuevamente el caso en el 50 aniversario de su muerte.","twitter_image":"https:\/\/radiounodigital.com\/web\/wp-content\/uploads\/2020\/07\/brian-jones-980x570-1.jpg","twitter_misc":{"Escrito por":"diegoc","Tiempo de lectura":"2 minutos"},"schema":{"@context":"https:\/\/schema.org","@graph":[{"@type":"Article","@id":"https:\/\/radiounodigital.com\/web\/2020\/07\/03\/el-guitarrista-de-los-rolling-stones-brian-jones-fue-asesinado-dice-su-hija\/#article","isPartOf":{"@id":"https:\/\/radiounodigital.com\/web\/2020\/07\/03\/el-guitarrista-de-los-rolling-stones-brian-jones-fue-asesinado-dice-su-hija\/"},"author":{"name":"diegoc","@id":"https:\/\/radiounodigital.com\/web\/#\/schema\/person\/00b93151fa54f619ecf9c183d1fc9758"},"headline":"El guitarrista de los Rolling Stones, Brian Jones, fue \u00abasesinado\u00bb, dice su hija","datePublished":"2020-07-03T15:55:50+00:00","dateModified":"2020-07-06T00:08:05+00:00","mainEntityOfPage":{"@id":"https:\/\/radiounodigital.com\/web\/2020\/07\/03\/el-guitarrista-de-los-rolling-stones-brian-jones-fue-asesinado-dice-su-hija\/"},"wordCount":319,"commentCount":0,"image":{"@id":"https:\/\/radiounodigital.com\/web\/2020\/07\/03\/el-guitarrista-de-los-rolling-stones-brian-jones-fue-asesinado-dice-su-hija\/#primaryimage"},"thumbnailUrl":"https:\/\/radiounodigital.com\/web\/wp-content\/uploads\/2020\/07\/brian-jones-980x570-1.jpg","keywords":["aniversario","brian jones","muerte"],"articleSection":["news","Rock Clasico"],"inLanguage":"es","potentialAction":[{"@type":"CommentAction","name":"Comment","target":["https:\/\/radiounodigital.com\/web\/2020\/07\/03\/el-guitarrista-de-los-rolling-stones-brian-jones-fue-asesinado-dice-su-hija\/#respond"]}]},{"@type":"WebPage","@id":"https:\/\/radiounodigital.com\/web\/2020\/07\/03\/el-guitarrista-de-los-rolling-stones-brian-jones-fue-asesinado-dice-su-hija\/","url":"https:\/\/radiounodigital.com\/web\/2020\/07\/03\/el-guitarrista-de-los-rolling-stones-brian-jones-fue-asesinado-dice-su-hija\/","name":"A 51 a\u00f1os \u00bfBrian Jones fue asesinado? - Radio UNO Digital","isPartOf":{"@id":"https:\/\/radiounodigital.com\/web\/#website"},"primaryImageOfPage":{"@id":"https:\/\/radiounodigital.com\/web\/2020\/07\/03\/el-guitarrista-de-los-rolling-stones-brian-jones-fue-asesinado-dice-su-hija\/#primaryimage"},"image":{"@id":"https:\/\/radiounodigital.com\/web\/2020\/07\/03\/el-guitarrista-de-los-rolling-stones-brian-jones-fue-asesinado-dice-su-hija\/#primaryimage"},"thumbnailUrl":"https:\/\/radiounodigital.com\/web\/wp-content\/uploads\/2020\/07\/brian-jones-980x570-1.jpg","datePublished":"2020-07-03T15:55:50+00:00","dateModified":"2020-07-06T00:08:05+00:00","author":{"@id":"https:\/\/radiounodigital.com\/web\/#\/schema\/person\/00b93151fa54f619ecf9c183d1fc9758"},"description":"La hija del fundador de los Rolling Stones, Brian Jones, le ped\u00eda a la polic\u00eda en 2019 que abriera nuevamente el caso en el 50 aniversario de su muerte.","breadcrumb":{"@id":"https:\/\/radiounodigital.com\/web\/2020\/07\/03\/el-guitarrista-de-los-rolling-stones-brian-jones-fue-asesinado-dice-su-hija\/#breadcrumb"},"inLanguage":"es","potentialAction":[{"@type":"ReadAction","target":["https:\/\/radiounodigital.com\/web\/2020\/07\/03\/el-guitarrista-de-los-rolling-stones-brian-jones-fue-asesinado-dice-su-hija\/"]}]},{"@type":"ImageObject","inLanguage":"es","@id":"https:\/\/radiounodigital.com\/web\/2020\/07\/03\/el-guitarrista-de-los-rolling-stones-brian-jones-fue-asesinado-dice-su-hija\/#primaryimage","url":"https:\/\/radiounodigital.com\/web\/wp-content\/uploads\/2020\/07\/brian-jones-980x570-1.jpg","contentUrl":"https:\/\/radiounodigital.com\/web\/wp-content\/uploads\/2020\/07\/brian-jones-980x570-1.jpg","width":980,"height":570},{"@type":"BreadcrumbList","@id":"https:\/\/radiounodigital.com\/web\/2020\/07\/03\/el-guitarrista-de-los-rolling-stones-brian-jones-fue-asesinado-dice-su-hija\/#breadcrumb","itemListElement":[{"@type":"ListItem","position":1,"name":"Home","item":"https:\/\/radiounodigital.com\/web\/"},{"@type":"ListItem","position":2,"name":"El guitarrista de los Rolling Stones, Brian Jones, fue \u00abasesinado\u00bb, dice su hija"}]},{"@type":"WebSite","@id":"https:\/\/radiounodigital.com\/web\/#website","url":"https:\/\/radiounodigital.com\/web\/","name":"Radio UNO Digital","description":"Donde la cultura del rock se siente","potentialAction":[{"@type":"SearchAction","target":{"@type":"EntryPoint","urlTemplate":"https:\/\/radiounodigital.com\/web\/?s={search_term_string}"},"query-input":{"@type":"PropertyValueSpecification","valueRequired":true,"valueName":"search_term_string"}}],"inLanguage":"es"},{"@type":"Person","@id":"https:\/\/radiounodigital.com\/web\/#\/schema\/person\/00b93151fa54f619ecf9c183d1fc9758","name":"diegoc","image":{"@type":"ImageObject","inLanguage":"es","@id":"https:\/\/secure.gravatar.com\/avatar\/0a67041d44c702fb0660d81a5a32c7ce6007341cf92afeb718b75883bf415864?s=96&d=blank&r=g","url":"https:\/\/secure.gravatar.com\/avatar\/0a67041d44c702fb0660d81a5a32c7ce6007341cf92afeb718b75883bf415864?s=96&d=blank&r=g","contentUrl":"https:\/\/secure.gravatar.com\/avatar\/0a67041d44c702fb0660d81a5a32c7ce6007341cf92afeb718b75883bf415864?s=96&d=blank&r=g","caption":"diegoc"},"url":"https:\/\/radiounodigital.com\/web\/author\/diegoc\/"}]}},"_links":{"self":[{"href":"https:\/\/radiounodigital.com\/web\/wp-json\/wp\/v2\/posts\/4128","targetHints":{"allow":["GET"]}}],"collection":[{"href":"https:\/\/radiounodigital.com\/web\/wp-json\/wp\/v2\/posts"}],"about":[{"href":"https:\/\/radiounodigital.com\/web\/wp-json\/wp\/v2\/types\/post"}],"author":[{"embeddable":true,"href":"https:\/\/radiounodigital.com\/web\/wp-json\/wp\/v2\/users\/1"}],"replies":[{"embeddable":true,"href":"https:\/\/radiounodigital.com\/web\/wp-json\/wp\/v2\/comments?post=4128"}],"version-history":[{"count":1,"href":"https:\/\/radiounodigital.com\/web\/wp-json\/wp\/v2\/posts\/4128\/revisions"}],"predecessor-version":[{"id":4130,"href":"https:\/\/radiounodigital.com\/web\/wp-json\/wp\/v2\/posts\/4128\/revisions\/4130"}],"wp:featuredmedia":[{"embeddable":true,"href":"https:\/\/radiounodigital.com\/web\/wp-json\/wp\/v2\/media\/4129"}],"wp:attachment":[{"href":"https:\/\/radiounodigital.com\/web\/wp-json\/wp\/v2\/media?parent=4128"}],"wp:term":[{"taxonomy":"category","embeddable":true,"href":"https:\/\/radiounodigital.com\/web\/wp-json\/wp\/v2\/categories?post=4128"},{"taxonomy":"post_tag","embeddable":true,"href":"https:\/\/radiounodigital.com\/web\/wp-json\/wp\/v2\/tags?post=4128"}],"curies":[{"name":"wp","href":"https:\/\/api.w.org\/{rel}","templated":true}]}}