{"id":4187,"date":"2020-07-16T11:26:04","date_gmt":"2020-07-16T14:26:04","guid":{"rendered":"https:\/\/radiounodigital.com\/web\/?p=4187"},"modified":"2020-07-16T11:26:04","modified_gmt":"2020-07-16T14:26:04","slug":"johnny-winter-el-blues-no-tiene-piel-de-color","status":"publish","type":"post","link":"https:\/\/radiounodigital.com\/web\/2020\/07\/16\/johnny-winter-el-blues-no-tiene-piel-de-color\/","title":{"rendered":"Johnny Winter: El blues no tiene piel de color"},"content":{"rendered":"<h3>La incre\u00edble carrera de Johnny Winter produjo buena m\u00fasica durante cuatro d\u00e9cadas. Pero, \u00bfcu\u00e1nto sabes realmente sobre el guitarrista, que muri\u00f3 un d\u00eda como hoy en 2014?<\/h3>\n<p>&nbsp;<\/p>\n<p>Profundizamos para descubrir una serie de hechos que quiz\u00e1s no conozcas sobre uno de los guitarristas de blues m\u00e1s respetados de todos los tiempos.<\/p>\n<p>Como podr\u00e1s ver, Winter vivi\u00f3 una vida incre\u00edble y super\u00f3 muchos desaf\u00edos para mantener una larga carrera y ganarse un lugar en cualquier conversaci\u00f3n seria sobre los mejores guitarristas de blues-rock de la historia.<\/p>\n<p>As\u00ed que vamos a conocerlo un poco mejor con algunas cosas que probablemente no sab\u00edas de este magn\u00edfico guitarrista albino.<\/p>\n<h4>Us\u00f3 la misma pieza de tuber\u00eda como tobog\u00e1n durante toda su carrera.<\/h4>\n<p>Winter es ampliamente reconocido como uno de los mejores guitarristas de slide de todos los tiempos. Y si bien muchos guitarristas utilizan elementos extra\u00f1os para subir y bajar sus diapasones, Duane Allman de Allman Brothers Band us\u00f3 las botellas de p\u00edldoras de vidrio Coricidin, la elecci\u00f3n de Winter fue igualmente \u00fanica. \u00abSol\u00eda jugar al slide antes de esto, pero nunca pude encontrar un buen slide\u00bb, le dijo a Tom Guerra. \u00abUsar\u00eda todo, desde un cristal de reloj de pulsera hasta tubos de ensayo rotos, estuches de l\u00e1pices labiales, botellas &#8230; Prob\u00e9 todo, pero nada funcionar\u00eda, hasta que encontr\u00e9 este tubo de conducci\u00f3n y us\u00e9 el mismo tubo durante 30 a\u00f1os para slides ac\u00fasticas y el\u00e9ctricas. Es solo un trozo de tuber\u00eda de fontanero que se ajusta muy bien a mi dedo \u00ab.<\/p>\n<h4>Rompi\u00f3 el r\u00e9cord de Led Zeppelin para el mayor adelanto que pag\u00f3 de un sello discogr\u00e1fico<\/h4>\n<p>En 1968,\u00a0 Led Zeppelin, firm\u00f3 un contrato con Atlantic Records con un adelanto r\u00e9cord de $ 200,000. Sin embargo, los registros est\u00e1n destinados a romperse y solo un a\u00f1o despu\u00e9s, Winter borr\u00f3 la vieja marca cuando firm\u00f3 un acuerdo con Columbia por un monto de $ 600,000<\/p>\n<h4>Fue uno de los pocos artistas a los que se les pag\u00f3 por actuar en Woodstock<\/h4>\n<p>El Festival de M\u00fasica y Artes de Woodstock podr\u00eda ser uno de los ejemplos m\u00e1s notorios de mala administraci\u00f3n del dinero en la historia del rock, ya que muchos de los artistas nunca ven un centavo de los promotores por su trabajo. Johnny Winter demostr\u00f3 ser una excepci\u00f3n y recibi\u00f3 $ 3,750 por su tiempo, pero perdi\u00f3 un d\u00eda de pago m\u00e1s grande debido a la falta de previsi\u00f3n de su gerente. \u00abSteve Paul no quer\u00eda que estuvi\u00e9ramos en la pel\u00edcula porque pens\u00f3 que no ganar\u00edamos dinero\u00bb, record\u00f3 en su biograf\u00eda. \u00abPens\u00f3 que iba a ser un lastre, as\u00ed que no quer\u00eda que estuvi\u00e9ramos en eso\u00bb. Por supuesto, ayud\u00f3 a la carrera de muchas personas. Ojal\u00e1 pudiera haber estado all\u00ed. M\u00e1s tarde admiti\u00f3 que la jodi\u00f3 \u00ab.<\/p>\n<p style=\"text-align: center;\"><iframe loading=\"lazy\" src=\"https:\/\/open.spotify.com\/embed\/track\/4E1aPqbaOZB1GkbIQeuk68\" width=\"300\" height=\"380\" frameborder=\"0\"><\/iframe><\/p>\n<p>&nbsp;<\/p>\n<h4>Grab\u00f3 con Jimi Hendrix<\/h4>\n<p>Cuando Winter lleg\u00f3 por primera vez a la ciudad de Nueva York, se convirti\u00f3 en miembro de un club frecuentado por la \u00e9lite del rock llamada Scene. Uno de los que ven\u00edan al club era Jimi Hendrix, quien ocasionalmente invitaba a Winter a ir al estudio a tocar un poco. \u00abGrabar\u00eda todo y lo escuchar\u00eda al d\u00eda siguiente\u00bb, record\u00f3 en su biograf\u00eda. \u201cPor lo general, le daba las riendas m\u00e1s o menos, principalmente tocaba el ritmo. Pero en la canci\u00f3n que grabamos, \u00abLas cosas que sol\u00eda hacer\u00bb, intercambiamos: tocaba la guitarra con slides y \u00e9l tocaba la guitarra normal. Sali\u00f3 muy bien. Creo que esa fue la \u00fanica canci\u00f3n que se grab\u00f3. Tocamos juntos unas 10 veces, tal vez, y pens\u00e9 que era el mejor guitarrista \u00ab.<\/p>\n<p><img loading=\"lazy\" decoding=\"async\" class=\"alignnone wp-image-4189 size-post-slider-bottom aligncenter\" src=\"https:\/\/radiounodigital.com\/web\/wp-content\/uploads\/2020\/07\/johnny-winter-jimi-hendrix-hey-joe-live-audio--650x385.jpg\" alt=\"\" width=\"650\" height=\"385\" \/><\/p>\n<h3>Toc\u00f3 en un Jam con B.B. King a los 17 a\u00f1os<\/h3>\n<p>En 1962, con s\u00f3lo 17 a\u00f1os, Winter comenzaba a hacerse un nombre en la escena del blues de Texas y Louisiana. Una noche, \u00e9l y su hermano Edgar fueron a un club en Beaumont, Texas, para atrapar a B.B. King. Despu\u00e9s de un poco de capricho, el bluesman permiti\u00f3 que Winter subiera al escenario para mostrar lo que pod\u00eda hacer. \u00abNo sab\u00eda si pod\u00eda jugar o no y se lo mostr\u00e9\u00bb, record\u00f3 Winter a Jam Magazine. \u201cRecib\u00ed una gran ovaci\u00f3n por ello. Era la primera vez que tocaba el blues frente a un p\u00fablico negro. Yo, mi hermano y un par de nuestros compa\u00f1eros de banda \u00e9ramos los \u00fanicos blancos en la audiencia \u00ab.<\/p>\n<p><img loading=\"lazy\" decoding=\"async\" class=\"alignnone wp-image-4190 size-post-slider-bottom aligncenter\" src=\"https:\/\/radiounodigital.com\/web\/wp-content\/uploads\/2020\/07\/bb-king-johnny-inter-650x385.jpg\" alt=\"\" width=\"650\" height=\"385\" \/><\/p>\n<h3>Casi por s\u00ed solo salv\u00f3 la carrera de Muddy Waters<\/h3>\n<p>En la segunda mitad de los a\u00f1os 70, no mucha gente realmente pensaba mucho en la leyenda del blues de Chicago, Muddy Waters. Pero Winters, quien se ofreci\u00f3 a producir un disco para \u00e9l en 1977, nunca lo olvid\u00f3. El \u00e1lbum resultante, Hard Again, fue un \u00e9xito cr\u00edtico y comercial, y Winter trabajar\u00eda con Waters en los dos siguientes discos de estudio y uno en vivo. Todo esto los acerc\u00f3 tanto al punto que Winters fue una de las pocas personas en aparecer en la boda de Waters con Marva Jean Brooks. Cerca del final de su vida, Muddy llegar\u00eda a pensar en el guitarrista como un hijo.<\/p>\n<p><img loading=\"lazy\" decoding=\"async\" class=\"alignnone wp-image-4191 size-post-slider-bottom aligncenter\" src=\"https:\/\/radiounodigital.com\/web\/wp-content\/uploads\/2020\/07\/johnny-winter-muddy-waters-650x385.jpg\" alt=\"\" width=\"650\" height=\"385\" \/><\/p>\n<h4>Descubri\u00f3 el blues debido a Hollywood<\/h4>\n<p>Aproximadamente a la edad de 12 a\u00f1os, Johnny fue a un teatro en San Antonio, Texas, para ver la pel\u00edcula de la \u00e9poca de la mafia de los locos a\u00f1os veinte. En su biograf\u00eda, Raisin \u2019Cain: The Wild and Raucous Story of Johnny Winter, el guitarrista lo record\u00f3 como un momento decisivo en su vida. \u00abRecuerdo que esa pel\u00edcula me hizo querer ser m\u00fasico\u00bb, dijo. \u201cEra m\u00fasica blues real con canciones con las que me pod\u00eda identificar, muchas canciones que crec\u00ed cantando. No me gust\u00f3 tanto la parte de Pete Kelly; la parte de rodaje de la pel\u00edcula no me atrajo. Fue la m\u00fasica la que me atrap\u00f3 \u00ab.<\/p>\n<p>&nbsp;<\/p>\n<p>&nbsp;<\/p>\n<p>&nbsp;<\/p>\n<p>Fuente: Ultimate Classic Rock<\/p>\n<div class=\"fb-background-color\">\n\t\t\t  <div \n\t\t\t  \tclass = \"fb-comments\" \n\t\t\t  \tdata-href = \"https:\/\/radiounodigital.com\/web\/2020\/07\/16\/johnny-winter-el-blues-no-tiene-piel-de-color\/\"\n\t\t\t  \tdata-numposts = \"10\"\n\t\t\t  \tdata-lazy = \"true\"\n\t\t\t\tdata-colorscheme = \"dark\"\n\t\t\t\tdata-order-by = \"reverse_time\"\n\t\t\t\tdata-mobile=true>\n\t\t\t  <\/div><\/div>\n\t\t  <style>\n\t\t    .fb-background-color {\n\t\t\t\tbackground: #ffffff !important;\n\t\t\t}\n\t\t\t.fb_iframe_widget_fluid_desktop iframe {\n\t\t\t    width: 100% !important;\n\t\t\t}\n\t\t  <\/style>\n\t\t  ","protected":false},"excerpt":{"rendered":"<p>La incre\u00edble carrera de Johnny Winter produjo buena m\u00fasica durante cuatro d\u00e9cadas. Pero, \u00bfcu\u00e1nto sabes realmente sobre el guitarrista, que muri\u00f3 un d\u00eda como hoy en 2014? &nbsp; Profundizamos para descubrir una serie de hechos que quiz\u00e1s no conozcas sobre uno de los guitarristas de blues m\u00e1s respetados de todos los tiempos. Como podr\u00e1s ver,&#8230; <a href=\"https:\/\/radiounodigital.com\/web\/2020\/07\/16\/johnny-winter-el-blues-no-tiene-piel-de-color\/\" class=\"excerpt-read-more\">Read More<\/a><\/p>\n","protected":false},"author":1,"featured_media":4188,"comment_status":"open","ping_status":"open","sticky":false,"template":"","format":"standard","meta":{"footnotes":""},"categories":[126,180],"tags":[1109,79,211,1102],"class_list":["post-4187","post","type-post","status-publish","format-standard","has-post-thumbnail","hentry","category-blues","category-news","tag-albino","tag-blues","tag-guitarrista","tag-johnny-winter"],"yoast_head":"<!-- This site is optimized with the Yoast SEO plugin v27.5 - https:\/\/yoast.com\/product\/yoast-seo-wordpress\/ -->\n<title>Johnny Winter: El blues no tiene piel de color - Radio UNO Digital<\/title>\n<meta name=\"robots\" content=\"index, follow, max-snippet:-1, max-image-preview:large, max-video-preview:-1\" \/>\n<link rel=\"canonical\" href=\"https:\/\/radiounodigital.com\/web\/2020\/07\/16\/johnny-winter-el-blues-no-tiene-piel-de-color\/\" \/>\n<meta property=\"og:locale\" content=\"es_ES\" \/>\n<meta property=\"og:type\" content=\"article\" \/>\n<meta property=\"og:title\" content=\"Johnny Winter: El blues no tiene piel de color - Radio UNO Digital\" \/>\n<meta property=\"og:description\" content=\"La incre\u00edble carrera de Johnny Winter produjo buena m\u00fasica durante cuatro d\u00e9cadas. Pero, \u00bfcu\u00e1nto sabes realmente sobre el guitarrista, que muri\u00f3 un d\u00eda como hoy en 2014? &nbsp; Profundizamos para descubrir una serie de hechos que quiz\u00e1s no conozcas sobre uno de los guitarristas de blues m\u00e1s respetados de todos los tiempos. Como podr\u00e1s ver,... Read More\" \/>\n<meta property=\"og:url\" content=\"https:\/\/radiounodigital.com\/web\/2020\/07\/16\/johnny-winter-el-blues-no-tiene-piel-de-color\/\" \/>\n<meta property=\"og:site_name\" content=\"Radio UNO Digital\" \/>\n<meta property=\"article:published_time\" content=\"2020-07-16T14:26:04+00:00\" \/>\n<meta property=\"og:image\" content=\"https:\/\/radiounodigital.com\/web\/wp-content\/uploads\/2020\/07\/johnny-winter-wwodstock.jpg\" \/>\n\t<meta property=\"og:image:width\" content=\"792\" \/>\n\t<meta property=\"og:image:height\" content=\"583\" \/>\n\t<meta property=\"og:image:type\" content=\"image\/jpeg\" \/>\n<meta name=\"author\" content=\"diegoc\" \/>\n<meta name=\"twitter:card\" content=\"summary_large_image\" \/>\n<meta name=\"twitter:label1\" content=\"Escrito por\" \/>\n\t<meta name=\"twitter:data1\" content=\"diegoc\" \/>\n\t<meta name=\"twitter:label2\" content=\"Tiempo de lectura\" \/>\n\t<meta name=\"twitter:data2\" content=\"5 minutos\" \/>\n<script type=\"application\/ld+json\" class=\"yoast-schema-graph\">{\"@context\":\"https:\\\/\\\/schema.org\",\"@graph\":[{\"@type\":\"Article\",\"@id\":\"https:\\\/\\\/radiounodigital.com\\\/web\\\/2020\\\/07\\\/16\\\/johnny-winter-el-blues-no-tiene-piel-de-color\\\/#article\",\"isPartOf\":{\"@id\":\"https:\\\/\\\/radiounodigital.com\\\/web\\\/2020\\\/07\\\/16\\\/johnny-winter-el-blues-no-tiene-piel-de-color\\\/\"},\"author\":{\"name\":\"diegoc\",\"@id\":\"https:\\\/\\\/radiounodigital.com\\\/web\\\/#\\\/schema\\\/person\\\/00b93151fa54f619ecf9c183d1fc9758\"},\"headline\":\"Johnny Winter: El blues no tiene piel de color\",\"datePublished\":\"2020-07-16T14:26:04+00:00\",\"mainEntityOfPage\":{\"@id\":\"https:\\\/\\\/radiounodigital.com\\\/web\\\/2020\\\/07\\\/16\\\/johnny-winter-el-blues-no-tiene-piel-de-color\\\/\"},\"wordCount\":1024,\"commentCount\":0,\"image\":{\"@id\":\"https:\\\/\\\/radiounodigital.com\\\/web\\\/2020\\\/07\\\/16\\\/johnny-winter-el-blues-no-tiene-piel-de-color\\\/#primaryimage\"},\"thumbnailUrl\":\"https:\\\/\\\/radiounodigital.com\\\/web\\\/wp-content\\\/uploads\\\/2020\\\/07\\\/johnny-winter-wwodstock.jpg\",\"keywords\":[\"albino\",\"blues\",\"guitarrista\",\"johnny winter\"],\"articleSection\":[\"Blues\",\"news\"],\"inLanguage\":\"es\",\"potentialAction\":[{\"@type\":\"CommentAction\",\"name\":\"Comment\",\"target\":[\"https:\\\/\\\/radiounodigital.com\\\/web\\\/2020\\\/07\\\/16\\\/johnny-winter-el-blues-no-tiene-piel-de-color\\\/#respond\"]}]},{\"@type\":\"WebPage\",\"@id\":\"https:\\\/\\\/radiounodigital.com\\\/web\\\/2020\\\/07\\\/16\\\/johnny-winter-el-blues-no-tiene-piel-de-color\\\/\",\"url\":\"https:\\\/\\\/radiounodigital.com\\\/web\\\/2020\\\/07\\\/16\\\/johnny-winter-el-blues-no-tiene-piel-de-color\\\/\",\"name\":\"Johnny Winter: El blues no tiene piel de color - Radio UNO Digital\",\"isPartOf\":{\"@id\":\"https:\\\/\\\/radiounodigital.com\\\/web\\\/#website\"},\"primaryImageOfPage\":{\"@id\":\"https:\\\/\\\/radiounodigital.com\\\/web\\\/2020\\\/07\\\/16\\\/johnny-winter-el-blues-no-tiene-piel-de-color\\\/#primaryimage\"},\"image\":{\"@id\":\"https:\\\/\\\/radiounodigital.com\\\/web\\\/2020\\\/07\\\/16\\\/johnny-winter-el-blues-no-tiene-piel-de-color\\\/#primaryimage\"},\"thumbnailUrl\":\"https:\\\/\\\/radiounodigital.com\\\/web\\\/wp-content\\\/uploads\\\/2020\\\/07\\\/johnny-winter-wwodstock.jpg\",\"datePublished\":\"2020-07-16T14:26:04+00:00\",\"author\":{\"@id\":\"https:\\\/\\\/radiounodigital.com\\\/web\\\/#\\\/schema\\\/person\\\/00b93151fa54f619ecf9c183d1fc9758\"},\"breadcrumb\":{\"@id\":\"https:\\\/\\\/radiounodigital.com\\\/web\\\/2020\\\/07\\\/16\\\/johnny-winter-el-blues-no-tiene-piel-de-color\\\/#breadcrumb\"},\"inLanguage\":\"es\",\"potentialAction\":[{\"@type\":\"ReadAction\",\"target\":[\"https:\\\/\\\/radiounodigital.com\\\/web\\\/2020\\\/07\\\/16\\\/johnny-winter-el-blues-no-tiene-piel-de-color\\\/\"]}]},{\"@type\":\"ImageObject\",\"inLanguage\":\"es\",\"@id\":\"https:\\\/\\\/radiounodigital.com\\\/web\\\/2020\\\/07\\\/16\\\/johnny-winter-el-blues-no-tiene-piel-de-color\\\/#primaryimage\",\"url\":\"https:\\\/\\\/radiounodigital.com\\\/web\\\/wp-content\\\/uploads\\\/2020\\\/07\\\/johnny-winter-wwodstock.jpg\",\"contentUrl\":\"https:\\\/\\\/radiounodigital.com\\\/web\\\/wp-content\\\/uploads\\\/2020\\\/07\\\/johnny-winter-wwodstock.jpg\",\"width\":792,\"height\":583},{\"@type\":\"BreadcrumbList\",\"@id\":\"https:\\\/\\\/radiounodigital.com\\\/web\\\/2020\\\/07\\\/16\\\/johnny-winter-el-blues-no-tiene-piel-de-color\\\/#breadcrumb\",\"itemListElement\":[{\"@type\":\"ListItem\",\"position\":1,\"name\":\"Home\",\"item\":\"https:\\\/\\\/radiounodigital.com\\\/web\\\/\"},{\"@type\":\"ListItem\",\"position\":2,\"name\":\"Johnny Winter: El blues no tiene piel de color\"}]},{\"@type\":\"WebSite\",\"@id\":\"https:\\\/\\\/radiounodigital.com\\\/web\\\/#website\",\"url\":\"https:\\\/\\\/radiounodigital.com\\\/web\\\/\",\"name\":\"Radio UNO Digital\",\"description\":\"Donde la cultura del rock se siente\",\"potentialAction\":[{\"@type\":\"SearchAction\",\"target\":{\"@type\":\"EntryPoint\",\"urlTemplate\":\"https:\\\/\\\/radiounodigital.com\\\/web\\\/?s={search_term_string}\"},\"query-input\":{\"@type\":\"PropertyValueSpecification\",\"valueRequired\":true,\"valueName\":\"search_term_string\"}}],\"inLanguage\":\"es\"},{\"@type\":\"Person\",\"@id\":\"https:\\\/\\\/radiounodigital.com\\\/web\\\/#\\\/schema\\\/person\\\/00b93151fa54f619ecf9c183d1fc9758\",\"name\":\"diegoc\",\"image\":{\"@type\":\"ImageObject\",\"inLanguage\":\"es\",\"@id\":\"https:\\\/\\\/secure.gravatar.com\\\/avatar\\\/0a67041d44c702fb0660d81a5a32c7ce6007341cf92afeb718b75883bf415864?s=96&d=blank&r=g\",\"url\":\"https:\\\/\\\/secure.gravatar.com\\\/avatar\\\/0a67041d44c702fb0660d81a5a32c7ce6007341cf92afeb718b75883bf415864?s=96&d=blank&r=g\",\"contentUrl\":\"https:\\\/\\\/secure.gravatar.com\\\/avatar\\\/0a67041d44c702fb0660d81a5a32c7ce6007341cf92afeb718b75883bf415864?s=96&d=blank&r=g\",\"caption\":\"diegoc\"},\"url\":\"https:\\\/\\\/radiounodigital.com\\\/web\\\/author\\\/diegoc\\\/\"}]}<\/script>\n<!-- \/ Yoast SEO plugin. -->","yoast_head_json":{"title":"Johnny Winter: El blues no tiene piel de color - Radio UNO Digital","robots":{"index":"index","follow":"follow","max-snippet":"max-snippet:-1","max-image-preview":"max-image-preview:large","max-video-preview":"max-video-preview:-1"},"canonical":"https:\/\/radiounodigital.com\/web\/2020\/07\/16\/johnny-winter-el-blues-no-tiene-piel-de-color\/","og_locale":"es_ES","og_type":"article","og_title":"Johnny Winter: El blues no tiene piel de color - Radio UNO Digital","og_description":"La incre\u00edble carrera de Johnny Winter produjo buena m\u00fasica durante cuatro d\u00e9cadas. Pero, \u00bfcu\u00e1nto sabes realmente sobre el guitarrista, que muri\u00f3 un d\u00eda como hoy en 2014? &nbsp; Profundizamos para descubrir una serie de hechos que quiz\u00e1s no conozcas sobre uno de los guitarristas de blues m\u00e1s respetados de todos los tiempos. Como podr\u00e1s ver,... Read More","og_url":"https:\/\/radiounodigital.com\/web\/2020\/07\/16\/johnny-winter-el-blues-no-tiene-piel-de-color\/","og_site_name":"Radio UNO Digital","article_published_time":"2020-07-16T14:26:04+00:00","og_image":[{"width":792,"height":583,"url":"https:\/\/radiounodigital.com\/web\/wp-content\/uploads\/2020\/07\/johnny-winter-wwodstock.jpg","type":"image\/jpeg"}],"author":"diegoc","twitter_card":"summary_large_image","twitter_misc":{"Escrito por":"diegoc","Tiempo de lectura":"5 minutos"},"schema":{"@context":"https:\/\/schema.org","@graph":[{"@type":"Article","@id":"https:\/\/radiounodigital.com\/web\/2020\/07\/16\/johnny-winter-el-blues-no-tiene-piel-de-color\/#article","isPartOf":{"@id":"https:\/\/radiounodigital.com\/web\/2020\/07\/16\/johnny-winter-el-blues-no-tiene-piel-de-color\/"},"author":{"name":"diegoc","@id":"https:\/\/radiounodigital.com\/web\/#\/schema\/person\/00b93151fa54f619ecf9c183d1fc9758"},"headline":"Johnny Winter: El blues no tiene piel de color","datePublished":"2020-07-16T14:26:04+00:00","mainEntityOfPage":{"@id":"https:\/\/radiounodigital.com\/web\/2020\/07\/16\/johnny-winter-el-blues-no-tiene-piel-de-color\/"},"wordCount":1024,"commentCount":0,"image":{"@id":"https:\/\/radiounodigital.com\/web\/2020\/07\/16\/johnny-winter-el-blues-no-tiene-piel-de-color\/#primaryimage"},"thumbnailUrl":"https:\/\/radiounodigital.com\/web\/wp-content\/uploads\/2020\/07\/johnny-winter-wwodstock.jpg","keywords":["albino","blues","guitarrista","johnny winter"],"articleSection":["Blues","news"],"inLanguage":"es","potentialAction":[{"@type":"CommentAction","name":"Comment","target":["https:\/\/radiounodigital.com\/web\/2020\/07\/16\/johnny-winter-el-blues-no-tiene-piel-de-color\/#respond"]}]},{"@type":"WebPage","@id":"https:\/\/radiounodigital.com\/web\/2020\/07\/16\/johnny-winter-el-blues-no-tiene-piel-de-color\/","url":"https:\/\/radiounodigital.com\/web\/2020\/07\/16\/johnny-winter-el-blues-no-tiene-piel-de-color\/","name":"Johnny Winter: El blues no tiene piel de color - Radio UNO Digital","isPartOf":{"@id":"https:\/\/radiounodigital.com\/web\/#website"},"primaryImageOfPage":{"@id":"https:\/\/radiounodigital.com\/web\/2020\/07\/16\/johnny-winter-el-blues-no-tiene-piel-de-color\/#primaryimage"},"image":{"@id":"https:\/\/radiounodigital.com\/web\/2020\/07\/16\/johnny-winter-el-blues-no-tiene-piel-de-color\/#primaryimage"},"thumbnailUrl":"https:\/\/radiounodigital.com\/web\/wp-content\/uploads\/2020\/07\/johnny-winter-wwodstock.jpg","datePublished":"2020-07-16T14:26:04+00:00","author":{"@id":"https:\/\/radiounodigital.com\/web\/#\/schema\/person\/00b93151fa54f619ecf9c183d1fc9758"},"breadcrumb":{"@id":"https:\/\/radiounodigital.com\/web\/2020\/07\/16\/johnny-winter-el-blues-no-tiene-piel-de-color\/#breadcrumb"},"inLanguage":"es","potentialAction":[{"@type":"ReadAction","target":["https:\/\/radiounodigital.com\/web\/2020\/07\/16\/johnny-winter-el-blues-no-tiene-piel-de-color\/"]}]},{"@type":"ImageObject","inLanguage":"es","@id":"https:\/\/radiounodigital.com\/web\/2020\/07\/16\/johnny-winter-el-blues-no-tiene-piel-de-color\/#primaryimage","url":"https:\/\/radiounodigital.com\/web\/wp-content\/uploads\/2020\/07\/johnny-winter-wwodstock.jpg","contentUrl":"https:\/\/radiounodigital.com\/web\/wp-content\/uploads\/2020\/07\/johnny-winter-wwodstock.jpg","width":792,"height":583},{"@type":"BreadcrumbList","@id":"https:\/\/radiounodigital.com\/web\/2020\/07\/16\/johnny-winter-el-blues-no-tiene-piel-de-color\/#breadcrumb","itemListElement":[{"@type":"ListItem","position":1,"name":"Home","item":"https:\/\/radiounodigital.com\/web\/"},{"@type":"ListItem","position":2,"name":"Johnny Winter: El blues no tiene piel de color"}]},{"@type":"WebSite","@id":"https:\/\/radiounodigital.com\/web\/#website","url":"https:\/\/radiounodigital.com\/web\/","name":"Radio UNO Digital","description":"Donde la cultura del rock se siente","potentialAction":[{"@type":"SearchAction","target":{"@type":"EntryPoint","urlTemplate":"https:\/\/radiounodigital.com\/web\/?s={search_term_string}"},"query-input":{"@type":"PropertyValueSpecification","valueRequired":true,"valueName":"search_term_string"}}],"inLanguage":"es"},{"@type":"Person","@id":"https:\/\/radiounodigital.com\/web\/#\/schema\/person\/00b93151fa54f619ecf9c183d1fc9758","name":"diegoc","image":{"@type":"ImageObject","inLanguage":"es","@id":"https:\/\/secure.gravatar.com\/avatar\/0a67041d44c702fb0660d81a5a32c7ce6007341cf92afeb718b75883bf415864?s=96&d=blank&r=g","url":"https:\/\/secure.gravatar.com\/avatar\/0a67041d44c702fb0660d81a5a32c7ce6007341cf92afeb718b75883bf415864?s=96&d=blank&r=g","contentUrl":"https:\/\/secure.gravatar.com\/avatar\/0a67041d44c702fb0660d81a5a32c7ce6007341cf92afeb718b75883bf415864?s=96&d=blank&r=g","caption":"diegoc"},"url":"https:\/\/radiounodigital.com\/web\/author\/diegoc\/"}]}},"_links":{"self":[{"href":"https:\/\/radiounodigital.com\/web\/wp-json\/wp\/v2\/posts\/4187","targetHints":{"allow":["GET"]}}],"collection":[{"href":"https:\/\/radiounodigital.com\/web\/wp-json\/wp\/v2\/posts"}],"about":[{"href":"https:\/\/radiounodigital.com\/web\/wp-json\/wp\/v2\/types\/post"}],"author":[{"embeddable":true,"href":"https:\/\/radiounodigital.com\/web\/wp-json\/wp\/v2\/users\/1"}],"replies":[{"embeddable":true,"href":"https:\/\/radiounodigital.com\/web\/wp-json\/wp\/v2\/comments?post=4187"}],"version-history":[{"count":1,"href":"https:\/\/radiounodigital.com\/web\/wp-json\/wp\/v2\/posts\/4187\/revisions"}],"predecessor-version":[{"id":4192,"href":"https:\/\/radiounodigital.com\/web\/wp-json\/wp\/v2\/posts\/4187\/revisions\/4192"}],"wp:featuredmedia":[{"embeddable":true,"href":"https:\/\/radiounodigital.com\/web\/wp-json\/wp\/v2\/media\/4188"}],"wp:attachment":[{"href":"https:\/\/radiounodigital.com\/web\/wp-json\/wp\/v2\/media?parent=4187"}],"wp:term":[{"taxonomy":"category","embeddable":true,"href":"https:\/\/radiounodigital.com\/web\/wp-json\/wp\/v2\/categories?post=4187"},{"taxonomy":"post_tag","embeddable":true,"href":"https:\/\/radiounodigital.com\/web\/wp-json\/wp\/v2\/tags?post=4187"}],"curies":[{"name":"wp","href":"https:\/\/api.w.org\/{rel}","templated":true}]}}