{"id":4199,"date":"2020-07-19T14:41:09","date_gmt":"2020-07-19T17:41:09","guid":{"rendered":"https:\/\/radiounodigital.com\/web\/?p=4199"},"modified":"2020-07-19T14:41:09","modified_gmt":"2020-07-19T17:41:09","slug":"the-beatles-ultimo-concierto-dont-let-me-down","status":"publish","type":"post","link":"https:\/\/radiounodigital.com\/web\/2020\/07\/19\/the-beatles-ultimo-concierto-dont-let-me-down\/","title":{"rendered":"The Beatles &#8211; Don&#8217;t Let Me Down (Live)"},"content":{"rendered":"<h3>El concierto en la azotea de los Beatles fue la presentaci\u00f3n p\u00fablica final de la banda de rock inglesa The Beatles.<\/h3>\n<p style=\"text-align: center;\"><iframe loading=\"lazy\" src=\"https:\/\/www.youtube.com\/embed\/NCtzkaL2t_Y\" width=\"560\" height=\"315\" frameborder=\"0\" allowfullscreen=\"allowfullscreen\"><\/iframe><\/p>\n<p>El 30 de enero de 1969, la banda, con el tecladista Billy Preston, sorprendi\u00f3 a una oficina central de Londres y al distrito de la moda con un concierto improvisado.<\/p>\n<p>El mismo se llev\u00f3 a cabo en el techo de la sede de la corporaci\u00f3n multimedia de la banda Apple Corps en 3 Savile Row.<\/p>\n<p>En un set de 42 minutos, los Beatles tocaron nueve tomas de cinco canciones antes de que la Polic\u00eda Metropolitana les pidiera que redujeran el volumen.<\/p>\n<p>Las im\u00e1genes de la actuaci\u00f3n se utilizaron en la pel\u00edcula documental de 1970 Let It Be.<\/p>\n<div class=\"fb-background-color\">\n\t\t\t  <div \n\t\t\t  \tclass = \"fb-comments\" \n\t\t\t  \tdata-href = \"https:\/\/radiounodigital.com\/web\/2020\/07\/19\/the-beatles-ultimo-concierto-dont-let-me-down\/\"\n\t\t\t  \tdata-numposts = \"10\"\n\t\t\t  \tdata-lazy = \"true\"\n\t\t\t\tdata-colorscheme = \"dark\"\n\t\t\t\tdata-order-by = \"reverse_time\"\n\t\t\t\tdata-mobile=true>\n\t\t\t  <\/div><\/div>\n\t\t  <style>\n\t\t    .fb-background-color {\n\t\t\t\tbackground: #ffffff !important;\n\t\t\t}\n\t\t\t.fb_iframe_widget_fluid_desktop iframe {\n\t\t\t    width: 100% !important;\n\t\t\t}\n\t\t  <\/style>\n\t\t  ","protected":false},"excerpt":{"rendered":"<p>El concierto en la azotea de los Beatles fue la presentaci\u00f3n p\u00fablica final de la banda de rock inglesa The Beatles. El 30 de enero de 1969, la banda, con el tecladista Billy Preston, sorprendi\u00f3 a una oficina central de Londres y al distrito de la moda con un concierto improvisado. El mismo se llev\u00f3&#8230; <a href=\"https:\/\/radiounodigital.com\/web\/2020\/07\/19\/the-beatles-ultimo-concierto-dont-let-me-down\/\" class=\"excerpt-read-more\">Read More<\/a><\/p>\n","protected":false},"author":1,"featured_media":4200,"comment_status":"open","ping_status":"open","sticky":false,"template":"","format":"standard","meta":{"footnotes":""},"categories":[184,180,128],"tags":[1115,1114,1112,1113,320,185],"class_list":["post-4199","post","type-post","status-publish","format-standard","has-post-thumbnail","hentry","category-1001-canciones","category-news","category-rock-clasico","tag-apple-corp","tag-azotea","tag-dont-let-me-down","tag-een-vivo","tag-londres","tag-the-beatles"],"yoast_head":"<!-- This site is optimized with the Yoast SEO plugin v27.5 - https:\/\/yoast.com\/product\/yoast-seo-wordpress\/ -->\n<title>The Beatles: El \u00faltimo concierto - Radio UNO Digital<\/title>\n<meta name=\"description\" content=\"El concierto en la azotea de los Beatles fue la presentaci\u00f3n p\u00fablica final de la banda de rock inglesa The Beatles, realizado el 30 de enero de 1969.\" \/>\n<meta name=\"robots\" content=\"index, follow, max-snippet:-1, max-image-preview:large, max-video-preview:-1\" \/>\n<link rel=\"canonical\" href=\"https:\/\/radiounodigital.com\/web\/2020\/07\/19\/the-beatles-ultimo-concierto-dont-let-me-down\/\" \/>\n<meta property=\"og:locale\" content=\"es_ES\" \/>\n<meta property=\"og:type\" content=\"article\" \/>\n<meta property=\"og:title\" content=\"The Beatles: El \u00faltimo concierto - Radio UNO Digital\" \/>\n<meta property=\"og:description\" content=\"El concierto en la azotea de los Beatles fue la presentaci\u00f3n p\u00fablica final de la banda de rock inglesa The Beatles, realizado el 30 de enero de 1969.\" \/>\n<meta property=\"og:url\" content=\"https:\/\/radiounodigital.com\/web\/2020\/07\/19\/the-beatles-ultimo-concierto-dont-let-me-down\/\" \/>\n<meta property=\"og:site_name\" content=\"Radio UNO Digital\" \/>\n<meta property=\"article:published_time\" content=\"2020-07-19T17:41:09+00:00\" \/>\n<meta property=\"og:image\" content=\"https:\/\/radiounodigital.com\/web\/wp-content\/uploads\/2020\/07\/Colour-photographs-beatles-rooftop.jpg\" \/>\n\t<meta property=\"og:image:width\" content=\"768\" \/>\n\t<meta property=\"og:image:height\" content=\"477\" \/>\n\t<meta property=\"og:image:type\" content=\"image\/jpeg\" \/>\n<meta name=\"author\" content=\"diegoc\" \/>\n<meta name=\"twitter:card\" content=\"summary_large_image\" \/>\n<meta name=\"twitter:title\" content=\"The Beatles: El \u00faltimo concierto - Radio UNO Digital\" \/>\n<meta name=\"twitter:description\" content=\"El concierto en la azotea de los Beatles fue la presentaci\u00f3n p\u00fablica final de la banda de rock inglesa The Beatles, realizado el 30 de enero de 1969.\" \/>\n<meta name=\"twitter:image\" content=\"https:\/\/radiounodigital.com\/web\/wp-content\/uploads\/2020\/07\/Colour-photographs-beatles-rooftop.jpg\" \/>\n<meta name=\"twitter:label1\" content=\"Escrito por\" \/>\n\t<meta name=\"twitter:data1\" content=\"diegoc\" \/>\n\t<meta name=\"twitter:label2\" content=\"Tiempo de lectura\" \/>\n\t<meta name=\"twitter:data2\" content=\"1 minuto\" \/>\n<script type=\"application\/ld+json\" class=\"yoast-schema-graph\">{\"@context\":\"https:\\\/\\\/schema.org\",\"@graph\":[{\"@type\":\"Article\",\"@id\":\"https:\\\/\\\/radiounodigital.com\\\/web\\\/2020\\\/07\\\/19\\\/the-beatles-ultimo-concierto-dont-let-me-down\\\/#article\",\"isPartOf\":{\"@id\":\"https:\\\/\\\/radiounodigital.com\\\/web\\\/2020\\\/07\\\/19\\\/the-beatles-ultimo-concierto-dont-let-me-down\\\/\"},\"author\":{\"name\":\"diegoc\",\"@id\":\"https:\\\/\\\/radiounodigital.com\\\/web\\\/#\\\/schema\\\/person\\\/00b93151fa54f619ecf9c183d1fc9758\"},\"headline\":\"The Beatles &#8211; Don&#8217;t Let Me Down (Live)\",\"datePublished\":\"2020-07-19T17:41:09+00:00\",\"mainEntityOfPage\":{\"@id\":\"https:\\\/\\\/radiounodigital.com\\\/web\\\/2020\\\/07\\\/19\\\/the-beatles-ultimo-concierto-dont-let-me-down\\\/\"},\"wordCount\":129,\"commentCount\":0,\"image\":{\"@id\":\"https:\\\/\\\/radiounodigital.com\\\/web\\\/2020\\\/07\\\/19\\\/the-beatles-ultimo-concierto-dont-let-me-down\\\/#primaryimage\"},\"thumbnailUrl\":\"https:\\\/\\\/radiounodigital.com\\\/web\\\/wp-content\\\/uploads\\\/2020\\\/07\\\/Colour-photographs-beatles-rooftop.jpg\",\"keywords\":[\"apple corp\",\"azotea\",\"don\u00b4t let me down\",\"een vivo\",\"londres\",\"the beatles\"],\"articleSection\":[\"1001 Canciones\",\"news\",\"Rock Clasico\"],\"inLanguage\":\"es\",\"potentialAction\":[{\"@type\":\"CommentAction\",\"name\":\"Comment\",\"target\":[\"https:\\\/\\\/radiounodigital.com\\\/web\\\/2020\\\/07\\\/19\\\/the-beatles-ultimo-concierto-dont-let-me-down\\\/#respond\"]}]},{\"@type\":\"WebPage\",\"@id\":\"https:\\\/\\\/radiounodigital.com\\\/web\\\/2020\\\/07\\\/19\\\/the-beatles-ultimo-concierto-dont-let-me-down\\\/\",\"url\":\"https:\\\/\\\/radiounodigital.com\\\/web\\\/2020\\\/07\\\/19\\\/the-beatles-ultimo-concierto-dont-let-me-down\\\/\",\"name\":\"The Beatles: El \u00faltimo concierto - Radio UNO Digital\",\"isPartOf\":{\"@id\":\"https:\\\/\\\/radiounodigital.com\\\/web\\\/#website\"},\"primaryImageOfPage\":{\"@id\":\"https:\\\/\\\/radiounodigital.com\\\/web\\\/2020\\\/07\\\/19\\\/the-beatles-ultimo-concierto-dont-let-me-down\\\/#primaryimage\"},\"image\":{\"@id\":\"https:\\\/\\\/radiounodigital.com\\\/web\\\/2020\\\/07\\\/19\\\/the-beatles-ultimo-concierto-dont-let-me-down\\\/#primaryimage\"},\"thumbnailUrl\":\"https:\\\/\\\/radiounodigital.com\\\/web\\\/wp-content\\\/uploads\\\/2020\\\/07\\\/Colour-photographs-beatles-rooftop.jpg\",\"datePublished\":\"2020-07-19T17:41:09+00:00\",\"author\":{\"@id\":\"https:\\\/\\\/radiounodigital.com\\\/web\\\/#\\\/schema\\\/person\\\/00b93151fa54f619ecf9c183d1fc9758\"},\"description\":\"El concierto en la azotea de los Beatles fue la presentaci\u00f3n p\u00fablica final de la banda de rock inglesa The Beatles, realizado el 30 de enero de 1969.\",\"breadcrumb\":{\"@id\":\"https:\\\/\\\/radiounodigital.com\\\/web\\\/2020\\\/07\\\/19\\\/the-beatles-ultimo-concierto-dont-let-me-down\\\/#breadcrumb\"},\"inLanguage\":\"es\",\"potentialAction\":[{\"@type\":\"ReadAction\",\"target\":[\"https:\\\/\\\/radiounodigital.com\\\/web\\\/2020\\\/07\\\/19\\\/the-beatles-ultimo-concierto-dont-let-me-down\\\/\"]}]},{\"@type\":\"ImageObject\",\"inLanguage\":\"es\",\"@id\":\"https:\\\/\\\/radiounodigital.com\\\/web\\\/2020\\\/07\\\/19\\\/the-beatles-ultimo-concierto-dont-let-me-down\\\/#primaryimage\",\"url\":\"https:\\\/\\\/radiounodigital.com\\\/web\\\/wp-content\\\/uploads\\\/2020\\\/07\\\/Colour-photographs-beatles-rooftop.jpg\",\"contentUrl\":\"https:\\\/\\\/radiounodigital.com\\\/web\\\/wp-content\\\/uploads\\\/2020\\\/07\\\/Colour-photographs-beatles-rooftop.jpg\",\"width\":768,\"height\":477},{\"@type\":\"BreadcrumbList\",\"@id\":\"https:\\\/\\\/radiounodigital.com\\\/web\\\/2020\\\/07\\\/19\\\/the-beatles-ultimo-concierto-dont-let-me-down\\\/#breadcrumb\",\"itemListElement\":[{\"@type\":\"ListItem\",\"position\":1,\"name\":\"Home\",\"item\":\"https:\\\/\\\/radiounodigital.com\\\/web\\\/\"},{\"@type\":\"ListItem\",\"position\":2,\"name\":\"The Beatles &#8211; Don&#8217;t Let Me Down (Live)\"}]},{\"@type\":\"WebSite\",\"@id\":\"https:\\\/\\\/radiounodigital.com\\\/web\\\/#website\",\"url\":\"https:\\\/\\\/radiounodigital.com\\\/web\\\/\",\"name\":\"Radio UNO Digital\",\"description\":\"Donde la cultura del rock se siente\",\"potentialAction\":[{\"@type\":\"SearchAction\",\"target\":{\"@type\":\"EntryPoint\",\"urlTemplate\":\"https:\\\/\\\/radiounodigital.com\\\/web\\\/?s={search_term_string}\"},\"query-input\":{\"@type\":\"PropertyValueSpecification\",\"valueRequired\":true,\"valueName\":\"search_term_string\"}}],\"inLanguage\":\"es\"},{\"@type\":\"Person\",\"@id\":\"https:\\\/\\\/radiounodigital.com\\\/web\\\/#\\\/schema\\\/person\\\/00b93151fa54f619ecf9c183d1fc9758\",\"name\":\"diegoc\",\"image\":{\"@type\":\"ImageObject\",\"inLanguage\":\"es\",\"@id\":\"https:\\\/\\\/secure.gravatar.com\\\/avatar\\\/0a67041d44c702fb0660d81a5a32c7ce6007341cf92afeb718b75883bf415864?s=96&d=blank&r=g\",\"url\":\"https:\\\/\\\/secure.gravatar.com\\\/avatar\\\/0a67041d44c702fb0660d81a5a32c7ce6007341cf92afeb718b75883bf415864?s=96&d=blank&r=g\",\"contentUrl\":\"https:\\\/\\\/secure.gravatar.com\\\/avatar\\\/0a67041d44c702fb0660d81a5a32c7ce6007341cf92afeb718b75883bf415864?s=96&d=blank&r=g\",\"caption\":\"diegoc\"},\"url\":\"https:\\\/\\\/radiounodigital.com\\\/web\\\/author\\\/diegoc\\\/\"}]}<\/script>\n<!-- \/ Yoast SEO plugin. -->","yoast_head_json":{"title":"The Beatles: El \u00faltimo concierto - Radio UNO Digital","description":"El concierto en la azotea de los Beatles fue la presentaci\u00f3n p\u00fablica final de la banda de rock inglesa The Beatles, realizado el 30 de enero de 1969.","robots":{"index":"index","follow":"follow","max-snippet":"max-snippet:-1","max-image-preview":"max-image-preview:large","max-video-preview":"max-video-preview:-1"},"canonical":"https:\/\/radiounodigital.com\/web\/2020\/07\/19\/the-beatles-ultimo-concierto-dont-let-me-down\/","og_locale":"es_ES","og_type":"article","og_title":"The Beatles: El \u00faltimo concierto - Radio UNO Digital","og_description":"El concierto en la azotea de los Beatles fue la presentaci\u00f3n p\u00fablica final de la banda de rock inglesa The Beatles, realizado el 30 de enero de 1969.","og_url":"https:\/\/radiounodigital.com\/web\/2020\/07\/19\/the-beatles-ultimo-concierto-dont-let-me-down\/","og_site_name":"Radio UNO Digital","article_published_time":"2020-07-19T17:41:09+00:00","og_image":[{"width":768,"height":477,"url":"https:\/\/radiounodigital.com\/web\/wp-content\/uploads\/2020\/07\/Colour-photographs-beatles-rooftop.jpg","type":"image\/jpeg"}],"author":"diegoc","twitter_card":"summary_large_image","twitter_title":"The Beatles: El \u00faltimo concierto - Radio UNO Digital","twitter_description":"El concierto en la azotea de los Beatles fue la presentaci\u00f3n p\u00fablica final de la banda de rock inglesa The Beatles, realizado el 30 de enero de 1969.","twitter_image":"https:\/\/radiounodigital.com\/web\/wp-content\/uploads\/2020\/07\/Colour-photographs-beatles-rooftop.jpg","twitter_misc":{"Escrito por":"diegoc","Tiempo de lectura":"1 minuto"},"schema":{"@context":"https:\/\/schema.org","@graph":[{"@type":"Article","@id":"https:\/\/radiounodigital.com\/web\/2020\/07\/19\/the-beatles-ultimo-concierto-dont-let-me-down\/#article","isPartOf":{"@id":"https:\/\/radiounodigital.com\/web\/2020\/07\/19\/the-beatles-ultimo-concierto-dont-let-me-down\/"},"author":{"name":"diegoc","@id":"https:\/\/radiounodigital.com\/web\/#\/schema\/person\/00b93151fa54f619ecf9c183d1fc9758"},"headline":"The Beatles &#8211; Don&#8217;t Let Me Down (Live)","datePublished":"2020-07-19T17:41:09+00:00","mainEntityOfPage":{"@id":"https:\/\/radiounodigital.com\/web\/2020\/07\/19\/the-beatles-ultimo-concierto-dont-let-me-down\/"},"wordCount":129,"commentCount":0,"image":{"@id":"https:\/\/radiounodigital.com\/web\/2020\/07\/19\/the-beatles-ultimo-concierto-dont-let-me-down\/#primaryimage"},"thumbnailUrl":"https:\/\/radiounodigital.com\/web\/wp-content\/uploads\/2020\/07\/Colour-photographs-beatles-rooftop.jpg","keywords":["apple corp","azotea","don\u00b4t let me down","een vivo","londres","the beatles"],"articleSection":["1001 Canciones","news","Rock Clasico"],"inLanguage":"es","potentialAction":[{"@type":"CommentAction","name":"Comment","target":["https:\/\/radiounodigital.com\/web\/2020\/07\/19\/the-beatles-ultimo-concierto-dont-let-me-down\/#respond"]}]},{"@type":"WebPage","@id":"https:\/\/radiounodigital.com\/web\/2020\/07\/19\/the-beatles-ultimo-concierto-dont-let-me-down\/","url":"https:\/\/radiounodigital.com\/web\/2020\/07\/19\/the-beatles-ultimo-concierto-dont-let-me-down\/","name":"The Beatles: El \u00faltimo concierto - Radio UNO Digital","isPartOf":{"@id":"https:\/\/radiounodigital.com\/web\/#website"},"primaryImageOfPage":{"@id":"https:\/\/radiounodigital.com\/web\/2020\/07\/19\/the-beatles-ultimo-concierto-dont-let-me-down\/#primaryimage"},"image":{"@id":"https:\/\/radiounodigital.com\/web\/2020\/07\/19\/the-beatles-ultimo-concierto-dont-let-me-down\/#primaryimage"},"thumbnailUrl":"https:\/\/radiounodigital.com\/web\/wp-content\/uploads\/2020\/07\/Colour-photographs-beatles-rooftop.jpg","datePublished":"2020-07-19T17:41:09+00:00","author":{"@id":"https:\/\/radiounodigital.com\/web\/#\/schema\/person\/00b93151fa54f619ecf9c183d1fc9758"},"description":"El concierto en la azotea de los Beatles fue la presentaci\u00f3n p\u00fablica final de la banda de rock inglesa The Beatles, realizado el 30 de enero de 1969.","breadcrumb":{"@id":"https:\/\/radiounodigital.com\/web\/2020\/07\/19\/the-beatles-ultimo-concierto-dont-let-me-down\/#breadcrumb"},"inLanguage":"es","potentialAction":[{"@type":"ReadAction","target":["https:\/\/radiounodigital.com\/web\/2020\/07\/19\/the-beatles-ultimo-concierto-dont-let-me-down\/"]}]},{"@type":"ImageObject","inLanguage":"es","@id":"https:\/\/radiounodigital.com\/web\/2020\/07\/19\/the-beatles-ultimo-concierto-dont-let-me-down\/#primaryimage","url":"https:\/\/radiounodigital.com\/web\/wp-content\/uploads\/2020\/07\/Colour-photographs-beatles-rooftop.jpg","contentUrl":"https:\/\/radiounodigital.com\/web\/wp-content\/uploads\/2020\/07\/Colour-photographs-beatles-rooftop.jpg","width":768,"height":477},{"@type":"BreadcrumbList","@id":"https:\/\/radiounodigital.com\/web\/2020\/07\/19\/the-beatles-ultimo-concierto-dont-let-me-down\/#breadcrumb","itemListElement":[{"@type":"ListItem","position":1,"name":"Home","item":"https:\/\/radiounodigital.com\/web\/"},{"@type":"ListItem","position":2,"name":"The Beatles &#8211; Don&#8217;t Let Me Down (Live)"}]},{"@type":"WebSite","@id":"https:\/\/radiounodigital.com\/web\/#website","url":"https:\/\/radiounodigital.com\/web\/","name":"Radio UNO Digital","description":"Donde la cultura del rock se siente","potentialAction":[{"@type":"SearchAction","target":{"@type":"EntryPoint","urlTemplate":"https:\/\/radiounodigital.com\/web\/?s={search_term_string}"},"query-input":{"@type":"PropertyValueSpecification","valueRequired":true,"valueName":"search_term_string"}}],"inLanguage":"es"},{"@type":"Person","@id":"https:\/\/radiounodigital.com\/web\/#\/schema\/person\/00b93151fa54f619ecf9c183d1fc9758","name":"diegoc","image":{"@type":"ImageObject","inLanguage":"es","@id":"https:\/\/secure.gravatar.com\/avatar\/0a67041d44c702fb0660d81a5a32c7ce6007341cf92afeb718b75883bf415864?s=96&d=blank&r=g","url":"https:\/\/secure.gravatar.com\/avatar\/0a67041d44c702fb0660d81a5a32c7ce6007341cf92afeb718b75883bf415864?s=96&d=blank&r=g","contentUrl":"https:\/\/secure.gravatar.com\/avatar\/0a67041d44c702fb0660d81a5a32c7ce6007341cf92afeb718b75883bf415864?s=96&d=blank&r=g","caption":"diegoc"},"url":"https:\/\/radiounodigital.com\/web\/author\/diegoc\/"}]}},"_links":{"self":[{"href":"https:\/\/radiounodigital.com\/web\/wp-json\/wp\/v2\/posts\/4199","targetHints":{"allow":["GET"]}}],"collection":[{"href":"https:\/\/radiounodigital.com\/web\/wp-json\/wp\/v2\/posts"}],"about":[{"href":"https:\/\/radiounodigital.com\/web\/wp-json\/wp\/v2\/types\/post"}],"author":[{"embeddable":true,"href":"https:\/\/radiounodigital.com\/web\/wp-json\/wp\/v2\/users\/1"}],"replies":[{"embeddable":true,"href":"https:\/\/radiounodigital.com\/web\/wp-json\/wp\/v2\/comments?post=4199"}],"version-history":[{"count":1,"href":"https:\/\/radiounodigital.com\/web\/wp-json\/wp\/v2\/posts\/4199\/revisions"}],"predecessor-version":[{"id":4201,"href":"https:\/\/radiounodigital.com\/web\/wp-json\/wp\/v2\/posts\/4199\/revisions\/4201"}],"wp:featuredmedia":[{"embeddable":true,"href":"https:\/\/radiounodigital.com\/web\/wp-json\/wp\/v2\/media\/4200"}],"wp:attachment":[{"href":"https:\/\/radiounodigital.com\/web\/wp-json\/wp\/v2\/media?parent=4199"}],"wp:term":[{"taxonomy":"category","embeddable":true,"href":"https:\/\/radiounodigital.com\/web\/wp-json\/wp\/v2\/categories?post=4199"},{"taxonomy":"post_tag","embeddable":true,"href":"https:\/\/radiounodigital.com\/web\/wp-json\/wp\/v2\/tags?post=4199"}],"curies":[{"name":"wp","href":"https:\/\/api.w.org\/{rel}","templated":true}]}}