{"id":4204,"date":"2020-07-20T15:16:40","date_gmt":"2020-07-20T18:16:40","guid":{"rendered":"https:\/\/radiounodigital.com\/web\/?p=4204"},"modified":"2020-07-20T21:16:51","modified_gmt":"2020-07-21T00:16:51","slug":"mira-a-ac-dc-hablando-sobre-hells-bells-y-el-riff-escuchado-en-todo-el-mundo","status":"publish","type":"post","link":"https:\/\/radiounodigital.com\/web\/2020\/07\/20\/mira-a-ac-dc-hablando-sobre-hells-bells-y-el-riff-escuchado-en-todo-el-mundo\/","title":{"rendered":"Mira a  AC\/DC hablando sobre Hells Bells y el \u00abriff escuchado en todo el mundo\u00bb"},"content":{"rendered":"<h3>AC\/DC comparte el segundo video de us archivos mientras las leyendas del rock contin\u00faan celebrando el 40 aniversario de Back In Black.<\/h3>\n<p>La semana pasada, la banda lanz\u00f3 un video que muestra c\u00f3mo hicieron You Shook Me All Night Long y lo siguieron con una actuaci\u00f3n estridente de Tokio de What Do You Do For Money Honey en 1981.<\/p>\n<p>El \u00faltimo clip de la b\u00f3veda ve a Brian Johnson, Angus Young y Malcolm Young hablando sobre la legendaria apertura de \u00e1lbumes Hells Bells y c\u00f3mo todo se uni\u00f3 en Compass Point Studios en las Bahamas en la primavera de 1980 con el productor Mutt Lange.<\/p>\n<p>La p\u00e1gina de Facebook de AC\/DC describe el video como sobre \u00abla campana y el riff escuchado en todo el mundo\u00bb, con Johnson hablando de la letra de apertura, mientras que Angus y Malcolm interpretan la famosa introducci\u00f3n.<\/p>\n<p>Malcolm agrega: \u201cFue una muy buena introducci\u00f3n, fue realmente siniestra. Angus ten\u00eda el t\u00edtulo de Hells Bells, y yo solo estaba orinando y pens\u00e9: \u00ab\u00a1Espera, por qu\u00e9 no tenemos una gran campana de mierda!\u00bb<\/p>\n<p>Como parte de las celebraciones del aniversario de Back In Black, AC\/DC tambi\u00e9n lanz\u00f3 un fanwall y est\u00e1 pidiendo a los fan\u00e1ticos que publiquen fotos y videos en Instagram utilizando el hashtag #backinblack40 que luego aparecer\u00e1 en el sitio web.<\/p>\n<p>En junio, el baterista Chris Slade inform\u00f3 que estar\u00eda \u00ablisto para salir\u00bb si recibiera la llamada para unirse a AC \/ DC, aunque se rumorea que Phil Rudd est\u00e1 de vuelta en la alineaci\u00f3n junto a Brian Johnson.<\/p>\n<p style=\"text-align: center;\"><iframe loading=\"lazy\" src=\"https:\/\/www.youtube.com\/embed\/pnkUQCgcpAM\" width=\"560\" height=\"315\" frameborder=\"0\" allowfullscreen=\"allowfullscreen\"><\/iframe><\/p>\n<div class=\"fb-background-color\">\n\t\t\t  <div \n\t\t\t  \tclass = \"fb-comments\" \n\t\t\t  \tdata-href = \"https:\/\/radiounodigital.com\/web\/2020\/07\/20\/mira-a-ac-dc-hablando-sobre-hells-bells-y-el-riff-escuchado-en-todo-el-mundo\/\"\n\t\t\t  \tdata-numposts = \"10\"\n\t\t\t  \tdata-lazy = \"true\"\n\t\t\t\tdata-colorscheme = \"dark\"\n\t\t\t\tdata-order-by = \"reverse_time\"\n\t\t\t\tdata-mobile=true>\n\t\t\t  <\/div><\/div>\n\t\t  <style>\n\t\t    .fb-background-color {\n\t\t\t\tbackground: #ffffff !important;\n\t\t\t}\n\t\t\t.fb_iframe_widget_fluid_desktop iframe {\n\t\t\t    width: 100% !important;\n\t\t\t}\n\t\t  <\/style>\n\t\t  ","protected":false},"excerpt":{"rendered":"<p>AC\/DC comparte el segundo video de us archivos mientras las leyendas del rock contin\u00faan celebrando el 40 aniversario de Back In Black. La semana pasada, la banda lanz\u00f3 un video que muestra c\u00f3mo hicieron You Shook Me All Night Long y lo siguieron con una actuaci\u00f3n estridente de Tokio de What Do You Do For&#8230; <a href=\"https:\/\/radiounodigital.com\/web\/2020\/07\/20\/mira-a-ac-dc-hablando-sobre-hells-bells-y-el-riff-escuchado-en-todo-el-mundo\/\" class=\"excerpt-read-more\">Read More<\/a><\/p>\n","protected":false},"author":1,"featured_media":4206,"comment_status":"open","ping_status":"open","sticky":false,"template":"","format":"standard","meta":{"footnotes":""},"categories":[180,128],"tags":[1121,148,1120],"class_list":["post-4204","post","type-post","status-publish","format-standard","has-post-thumbnail","hentry","category-news","category-rock-clasico","tag-40-aniversario","tag-ac-dc","tag-back-in-black"],"yoast_head":"<!-- This site is optimized with the Yoast SEO plugin v27.5 - https:\/\/yoast.com\/product\/yoast-seo-wordpress\/ -->\n<title>AC\/DC festeja 40 a\u00f1os de Back in Black - Radio UNO Digital<\/title>\n<meta name=\"description\" content=\"AC\/DC comparte el segundo video de us archivos mientras las leyendas del rock contin\u00faan celebrando el 40 aniversario de Back In Black.\" \/>\n<meta name=\"robots\" content=\"index, follow, max-snippet:-1, max-image-preview:large, max-video-preview:-1\" \/>\n<link rel=\"canonical\" href=\"https:\/\/radiounodigital.com\/web\/2020\/07\/20\/mira-a-ac-dc-hablando-sobre-hells-bells-y-el-riff-escuchado-en-todo-el-mundo\/\" \/>\n<meta property=\"og:locale\" content=\"es_ES\" \/>\n<meta property=\"og:type\" content=\"article\" \/>\n<meta property=\"og:title\" content=\"AC\/DC festeja 40 a\u00f1os de Back in Black\" \/>\n<meta property=\"og:description\" content=\"AC\/DC comparte el segundo video de us archivos mientras las leyendas del rock contin\u00faan celebrando el 40 aniversario de Back In Black.\" \/>\n<meta property=\"og:url\" content=\"https:\/\/radiounodigital.com\/web\/2020\/07\/20\/mira-a-ac-dc-hablando-sobre-hells-bells-y-el-riff-escuchado-en-todo-el-mundo\/\" \/>\n<meta property=\"og:site_name\" content=\"Radio UNO Digital\" \/>\n<meta property=\"article:published_time\" content=\"2020-07-20T18:16:40+00:00\" \/>\n<meta property=\"article:modified_time\" content=\"2020-07-21T00:16:51+00:00\" \/>\n<meta property=\"og:image\" content=\"https:\/\/radiounodigital.com\/web\/wp-content\/uploads\/2020\/07\/acdc-back-in-black.jpg\" \/>\n\t<meta property=\"og:image:width\" content=\"1080\" \/>\n\t<meta property=\"og:image:height\" content=\"511\" \/>\n\t<meta property=\"og:image:type\" content=\"image\/jpeg\" \/>\n<meta name=\"author\" content=\"diegoc\" \/>\n<meta name=\"twitter:card\" content=\"summary_large_image\" \/>\n<meta name=\"twitter:title\" content=\"AC\/DC festeja 40 a\u00f1os de Back in Black\" \/>\n<meta name=\"twitter:description\" content=\"AC\/DC comparte el segundo video de us archivos mientras las leyendas del rock contin\u00faan celebrando el 40 aniversario de Back In Black.\" \/>\n<meta name=\"twitter:image\" content=\"https:\/\/radiounodigital.com\/web\/wp-content\/uploads\/2020\/07\/acdc-back-in-black.jpg\" \/>\n<meta name=\"twitter:label1\" content=\"Escrito por\" \/>\n\t<meta name=\"twitter:data1\" content=\"diegoc\" \/>\n\t<meta name=\"twitter:label2\" content=\"Tiempo de lectura\" \/>\n\t<meta name=\"twitter:data2\" content=\"1 minuto\" \/>\n<script type=\"application\/ld+json\" class=\"yoast-schema-graph\">{\"@context\":\"https:\\\/\\\/schema.org\",\"@graph\":[{\"@type\":\"Article\",\"@id\":\"https:\\\/\\\/radiounodigital.com\\\/web\\\/2020\\\/07\\\/20\\\/mira-a-ac-dc-hablando-sobre-hells-bells-y-el-riff-escuchado-en-todo-el-mundo\\\/#article\",\"isPartOf\":{\"@id\":\"https:\\\/\\\/radiounodigital.com\\\/web\\\/2020\\\/07\\\/20\\\/mira-a-ac-dc-hablando-sobre-hells-bells-y-el-riff-escuchado-en-todo-el-mundo\\\/\"},\"author\":{\"name\":\"diegoc\",\"@id\":\"https:\\\/\\\/radiounodigital.com\\\/web\\\/#\\\/schema\\\/person\\\/00b93151fa54f619ecf9c183d1fc9758\"},\"headline\":\"Mira a AC\\\/DC hablando sobre Hells Bells y el \u00abriff escuchado en todo el mundo\u00bb\",\"datePublished\":\"2020-07-20T18:16:40+00:00\",\"dateModified\":\"2020-07-21T00:16:51+00:00\",\"mainEntityOfPage\":{\"@id\":\"https:\\\/\\\/radiounodigital.com\\\/web\\\/2020\\\/07\\\/20\\\/mira-a-ac-dc-hablando-sobre-hells-bells-y-el-riff-escuchado-en-todo-el-mundo\\\/\"},\"wordCount\":284,\"commentCount\":0,\"image\":{\"@id\":\"https:\\\/\\\/radiounodigital.com\\\/web\\\/2020\\\/07\\\/20\\\/mira-a-ac-dc-hablando-sobre-hells-bells-y-el-riff-escuchado-en-todo-el-mundo\\\/#primaryimage\"},\"thumbnailUrl\":\"https:\\\/\\\/radiounodigital.com\\\/web\\\/wp-content\\\/uploads\\\/2020\\\/07\\\/acdc-back-in-black.jpg\",\"keywords\":[\"40 aniversario\",\"AC\\\/DC\",\"back in black\"],\"articleSection\":[\"news\",\"Rock Clasico\"],\"inLanguage\":\"es\",\"potentialAction\":[{\"@type\":\"CommentAction\",\"name\":\"Comment\",\"target\":[\"https:\\\/\\\/radiounodigital.com\\\/web\\\/2020\\\/07\\\/20\\\/mira-a-ac-dc-hablando-sobre-hells-bells-y-el-riff-escuchado-en-todo-el-mundo\\\/#respond\"]}]},{\"@type\":\"WebPage\",\"@id\":\"https:\\\/\\\/radiounodigital.com\\\/web\\\/2020\\\/07\\\/20\\\/mira-a-ac-dc-hablando-sobre-hells-bells-y-el-riff-escuchado-en-todo-el-mundo\\\/\",\"url\":\"https:\\\/\\\/radiounodigital.com\\\/web\\\/2020\\\/07\\\/20\\\/mira-a-ac-dc-hablando-sobre-hells-bells-y-el-riff-escuchado-en-todo-el-mundo\\\/\",\"name\":\"AC\\\/DC festeja 40 a\u00f1os de Back in Black - Radio UNO Digital\",\"isPartOf\":{\"@id\":\"https:\\\/\\\/radiounodigital.com\\\/web\\\/#website\"},\"primaryImageOfPage\":{\"@id\":\"https:\\\/\\\/radiounodigital.com\\\/web\\\/2020\\\/07\\\/20\\\/mira-a-ac-dc-hablando-sobre-hells-bells-y-el-riff-escuchado-en-todo-el-mundo\\\/#primaryimage\"},\"image\":{\"@id\":\"https:\\\/\\\/radiounodigital.com\\\/web\\\/2020\\\/07\\\/20\\\/mira-a-ac-dc-hablando-sobre-hells-bells-y-el-riff-escuchado-en-todo-el-mundo\\\/#primaryimage\"},\"thumbnailUrl\":\"https:\\\/\\\/radiounodigital.com\\\/web\\\/wp-content\\\/uploads\\\/2020\\\/07\\\/acdc-back-in-black.jpg\",\"datePublished\":\"2020-07-20T18:16:40+00:00\",\"dateModified\":\"2020-07-21T00:16:51+00:00\",\"author\":{\"@id\":\"https:\\\/\\\/radiounodigital.com\\\/web\\\/#\\\/schema\\\/person\\\/00b93151fa54f619ecf9c183d1fc9758\"},\"description\":\"AC\\\/DC comparte el segundo video de us archivos mientras las leyendas del rock contin\u00faan celebrando el 40 aniversario de Back In Black.\",\"breadcrumb\":{\"@id\":\"https:\\\/\\\/radiounodigital.com\\\/web\\\/2020\\\/07\\\/20\\\/mira-a-ac-dc-hablando-sobre-hells-bells-y-el-riff-escuchado-en-todo-el-mundo\\\/#breadcrumb\"},\"inLanguage\":\"es\",\"potentialAction\":[{\"@type\":\"ReadAction\",\"target\":[\"https:\\\/\\\/radiounodigital.com\\\/web\\\/2020\\\/07\\\/20\\\/mira-a-ac-dc-hablando-sobre-hells-bells-y-el-riff-escuchado-en-todo-el-mundo\\\/\"]}]},{\"@type\":\"ImageObject\",\"inLanguage\":\"es\",\"@id\":\"https:\\\/\\\/radiounodigital.com\\\/web\\\/2020\\\/07\\\/20\\\/mira-a-ac-dc-hablando-sobre-hells-bells-y-el-riff-escuchado-en-todo-el-mundo\\\/#primaryimage\",\"url\":\"https:\\\/\\\/radiounodigital.com\\\/web\\\/wp-content\\\/uploads\\\/2020\\\/07\\\/acdc-back-in-black.jpg\",\"contentUrl\":\"https:\\\/\\\/radiounodigital.com\\\/web\\\/wp-content\\\/uploads\\\/2020\\\/07\\\/acdc-back-in-black.jpg\",\"width\":1080,\"height\":511},{\"@type\":\"BreadcrumbList\",\"@id\":\"https:\\\/\\\/radiounodigital.com\\\/web\\\/2020\\\/07\\\/20\\\/mira-a-ac-dc-hablando-sobre-hells-bells-y-el-riff-escuchado-en-todo-el-mundo\\\/#breadcrumb\",\"itemListElement\":[{\"@type\":\"ListItem\",\"position\":1,\"name\":\"Home\",\"item\":\"https:\\\/\\\/radiounodigital.com\\\/web\\\/\"},{\"@type\":\"ListItem\",\"position\":2,\"name\":\"Mira a AC\\\/DC hablando sobre Hells Bells y el \u00abriff escuchado en todo el mundo\u00bb\"}]},{\"@type\":\"WebSite\",\"@id\":\"https:\\\/\\\/radiounodigital.com\\\/web\\\/#website\",\"url\":\"https:\\\/\\\/radiounodigital.com\\\/web\\\/\",\"name\":\"Radio UNO Digital\",\"description\":\"Donde la cultura del rock se siente\",\"potentialAction\":[{\"@type\":\"SearchAction\",\"target\":{\"@type\":\"EntryPoint\",\"urlTemplate\":\"https:\\\/\\\/radiounodigital.com\\\/web\\\/?s={search_term_string}\"},\"query-input\":{\"@type\":\"PropertyValueSpecification\",\"valueRequired\":true,\"valueName\":\"search_term_string\"}}],\"inLanguage\":\"es\"},{\"@type\":\"Person\",\"@id\":\"https:\\\/\\\/radiounodigital.com\\\/web\\\/#\\\/schema\\\/person\\\/00b93151fa54f619ecf9c183d1fc9758\",\"name\":\"diegoc\",\"image\":{\"@type\":\"ImageObject\",\"inLanguage\":\"es\",\"@id\":\"https:\\\/\\\/secure.gravatar.com\\\/avatar\\\/0a67041d44c702fb0660d81a5a32c7ce6007341cf92afeb718b75883bf415864?s=96&d=blank&r=g\",\"url\":\"https:\\\/\\\/secure.gravatar.com\\\/avatar\\\/0a67041d44c702fb0660d81a5a32c7ce6007341cf92afeb718b75883bf415864?s=96&d=blank&r=g\",\"contentUrl\":\"https:\\\/\\\/secure.gravatar.com\\\/avatar\\\/0a67041d44c702fb0660d81a5a32c7ce6007341cf92afeb718b75883bf415864?s=96&d=blank&r=g\",\"caption\":\"diegoc\"},\"url\":\"https:\\\/\\\/radiounodigital.com\\\/web\\\/author\\\/diegoc\\\/\"}]}<\/script>\n<!-- \/ Yoast SEO plugin. -->","yoast_head_json":{"title":"AC\/DC festeja 40 a\u00f1os de Back in Black - Radio UNO Digital","description":"AC\/DC comparte el segundo video de us archivos mientras las leyendas del rock contin\u00faan celebrando el 40 aniversario de Back In Black.","robots":{"index":"index","follow":"follow","max-snippet":"max-snippet:-1","max-image-preview":"max-image-preview:large","max-video-preview":"max-video-preview:-1"},"canonical":"https:\/\/radiounodigital.com\/web\/2020\/07\/20\/mira-a-ac-dc-hablando-sobre-hells-bells-y-el-riff-escuchado-en-todo-el-mundo\/","og_locale":"es_ES","og_type":"article","og_title":"AC\/DC festeja 40 a\u00f1os de Back in Black","og_description":"AC\/DC comparte el segundo video de us archivos mientras las leyendas del rock contin\u00faan celebrando el 40 aniversario de Back In Black.","og_url":"https:\/\/radiounodigital.com\/web\/2020\/07\/20\/mira-a-ac-dc-hablando-sobre-hells-bells-y-el-riff-escuchado-en-todo-el-mundo\/","og_site_name":"Radio UNO Digital","article_published_time":"2020-07-20T18:16:40+00:00","article_modified_time":"2020-07-21T00:16:51+00:00","og_image":[{"width":1080,"height":511,"url":"https:\/\/radiounodigital.com\/web\/wp-content\/uploads\/2020\/07\/acdc-back-in-black.jpg","type":"image\/jpeg"}],"author":"diegoc","twitter_card":"summary_large_image","twitter_title":"AC\/DC festeja 40 a\u00f1os de Back in Black","twitter_description":"AC\/DC comparte el segundo video de us archivos mientras las leyendas del rock contin\u00faan celebrando el 40 aniversario de Back In Black.","twitter_image":"https:\/\/radiounodigital.com\/web\/wp-content\/uploads\/2020\/07\/acdc-back-in-black.jpg","twitter_misc":{"Escrito por":"diegoc","Tiempo de lectura":"1 minuto"},"schema":{"@context":"https:\/\/schema.org","@graph":[{"@type":"Article","@id":"https:\/\/radiounodigital.com\/web\/2020\/07\/20\/mira-a-ac-dc-hablando-sobre-hells-bells-y-el-riff-escuchado-en-todo-el-mundo\/#article","isPartOf":{"@id":"https:\/\/radiounodigital.com\/web\/2020\/07\/20\/mira-a-ac-dc-hablando-sobre-hells-bells-y-el-riff-escuchado-en-todo-el-mundo\/"},"author":{"name":"diegoc","@id":"https:\/\/radiounodigital.com\/web\/#\/schema\/person\/00b93151fa54f619ecf9c183d1fc9758"},"headline":"Mira a AC\/DC hablando sobre Hells Bells y el \u00abriff escuchado en todo el mundo\u00bb","datePublished":"2020-07-20T18:16:40+00:00","dateModified":"2020-07-21T00:16:51+00:00","mainEntityOfPage":{"@id":"https:\/\/radiounodigital.com\/web\/2020\/07\/20\/mira-a-ac-dc-hablando-sobre-hells-bells-y-el-riff-escuchado-en-todo-el-mundo\/"},"wordCount":284,"commentCount":0,"image":{"@id":"https:\/\/radiounodigital.com\/web\/2020\/07\/20\/mira-a-ac-dc-hablando-sobre-hells-bells-y-el-riff-escuchado-en-todo-el-mundo\/#primaryimage"},"thumbnailUrl":"https:\/\/radiounodigital.com\/web\/wp-content\/uploads\/2020\/07\/acdc-back-in-black.jpg","keywords":["40 aniversario","AC\/DC","back in black"],"articleSection":["news","Rock Clasico"],"inLanguage":"es","potentialAction":[{"@type":"CommentAction","name":"Comment","target":["https:\/\/radiounodigital.com\/web\/2020\/07\/20\/mira-a-ac-dc-hablando-sobre-hells-bells-y-el-riff-escuchado-en-todo-el-mundo\/#respond"]}]},{"@type":"WebPage","@id":"https:\/\/radiounodigital.com\/web\/2020\/07\/20\/mira-a-ac-dc-hablando-sobre-hells-bells-y-el-riff-escuchado-en-todo-el-mundo\/","url":"https:\/\/radiounodigital.com\/web\/2020\/07\/20\/mira-a-ac-dc-hablando-sobre-hells-bells-y-el-riff-escuchado-en-todo-el-mundo\/","name":"AC\/DC festeja 40 a\u00f1os de Back in Black - Radio UNO Digital","isPartOf":{"@id":"https:\/\/radiounodigital.com\/web\/#website"},"primaryImageOfPage":{"@id":"https:\/\/radiounodigital.com\/web\/2020\/07\/20\/mira-a-ac-dc-hablando-sobre-hells-bells-y-el-riff-escuchado-en-todo-el-mundo\/#primaryimage"},"image":{"@id":"https:\/\/radiounodigital.com\/web\/2020\/07\/20\/mira-a-ac-dc-hablando-sobre-hells-bells-y-el-riff-escuchado-en-todo-el-mundo\/#primaryimage"},"thumbnailUrl":"https:\/\/radiounodigital.com\/web\/wp-content\/uploads\/2020\/07\/acdc-back-in-black.jpg","datePublished":"2020-07-20T18:16:40+00:00","dateModified":"2020-07-21T00:16:51+00:00","author":{"@id":"https:\/\/radiounodigital.com\/web\/#\/schema\/person\/00b93151fa54f619ecf9c183d1fc9758"},"description":"AC\/DC comparte el segundo video de us archivos mientras las leyendas del rock contin\u00faan celebrando el 40 aniversario de Back In Black.","breadcrumb":{"@id":"https:\/\/radiounodigital.com\/web\/2020\/07\/20\/mira-a-ac-dc-hablando-sobre-hells-bells-y-el-riff-escuchado-en-todo-el-mundo\/#breadcrumb"},"inLanguage":"es","potentialAction":[{"@type":"ReadAction","target":["https:\/\/radiounodigital.com\/web\/2020\/07\/20\/mira-a-ac-dc-hablando-sobre-hells-bells-y-el-riff-escuchado-en-todo-el-mundo\/"]}]},{"@type":"ImageObject","inLanguage":"es","@id":"https:\/\/radiounodigital.com\/web\/2020\/07\/20\/mira-a-ac-dc-hablando-sobre-hells-bells-y-el-riff-escuchado-en-todo-el-mundo\/#primaryimage","url":"https:\/\/radiounodigital.com\/web\/wp-content\/uploads\/2020\/07\/acdc-back-in-black.jpg","contentUrl":"https:\/\/radiounodigital.com\/web\/wp-content\/uploads\/2020\/07\/acdc-back-in-black.jpg","width":1080,"height":511},{"@type":"BreadcrumbList","@id":"https:\/\/radiounodigital.com\/web\/2020\/07\/20\/mira-a-ac-dc-hablando-sobre-hells-bells-y-el-riff-escuchado-en-todo-el-mundo\/#breadcrumb","itemListElement":[{"@type":"ListItem","position":1,"name":"Home","item":"https:\/\/radiounodigital.com\/web\/"},{"@type":"ListItem","position":2,"name":"Mira a AC\/DC hablando sobre Hells Bells y el \u00abriff escuchado en todo el mundo\u00bb"}]},{"@type":"WebSite","@id":"https:\/\/radiounodigital.com\/web\/#website","url":"https:\/\/radiounodigital.com\/web\/","name":"Radio UNO Digital","description":"Donde la cultura del rock se siente","potentialAction":[{"@type":"SearchAction","target":{"@type":"EntryPoint","urlTemplate":"https:\/\/radiounodigital.com\/web\/?s={search_term_string}"},"query-input":{"@type":"PropertyValueSpecification","valueRequired":true,"valueName":"search_term_string"}}],"inLanguage":"es"},{"@type":"Person","@id":"https:\/\/radiounodigital.com\/web\/#\/schema\/person\/00b93151fa54f619ecf9c183d1fc9758","name":"diegoc","image":{"@type":"ImageObject","inLanguage":"es","@id":"https:\/\/secure.gravatar.com\/avatar\/0a67041d44c702fb0660d81a5a32c7ce6007341cf92afeb718b75883bf415864?s=96&d=blank&r=g","url":"https:\/\/secure.gravatar.com\/avatar\/0a67041d44c702fb0660d81a5a32c7ce6007341cf92afeb718b75883bf415864?s=96&d=blank&r=g","contentUrl":"https:\/\/secure.gravatar.com\/avatar\/0a67041d44c702fb0660d81a5a32c7ce6007341cf92afeb718b75883bf415864?s=96&d=blank&r=g","caption":"diegoc"},"url":"https:\/\/radiounodigital.com\/web\/author\/diegoc\/"}]}},"_links":{"self":[{"href":"https:\/\/radiounodigital.com\/web\/wp-json\/wp\/v2\/posts\/4204","targetHints":{"allow":["GET"]}}],"collection":[{"href":"https:\/\/radiounodigital.com\/web\/wp-json\/wp\/v2\/posts"}],"about":[{"href":"https:\/\/radiounodigital.com\/web\/wp-json\/wp\/v2\/types\/post"}],"author":[{"embeddable":true,"href":"https:\/\/radiounodigital.com\/web\/wp-json\/wp\/v2\/users\/1"}],"replies":[{"embeddable":true,"href":"https:\/\/radiounodigital.com\/web\/wp-json\/wp\/v2\/comments?post=4204"}],"version-history":[{"count":1,"href":"https:\/\/radiounodigital.com\/web\/wp-json\/wp\/v2\/posts\/4204\/revisions"}],"predecessor-version":[{"id":4207,"href":"https:\/\/radiounodigital.com\/web\/wp-json\/wp\/v2\/posts\/4204\/revisions\/4207"}],"wp:featuredmedia":[{"embeddable":true,"href":"https:\/\/radiounodigital.com\/web\/wp-json\/wp\/v2\/media\/4206"}],"wp:attachment":[{"href":"https:\/\/radiounodigital.com\/web\/wp-json\/wp\/v2\/media?parent=4204"}],"wp:term":[{"taxonomy":"category","embeddable":true,"href":"https:\/\/radiounodigital.com\/web\/wp-json\/wp\/v2\/categories?post=4204"},{"taxonomy":"post_tag","embeddable":true,"href":"https:\/\/radiounodigital.com\/web\/wp-json\/wp\/v2\/tags?post=4204"}],"curies":[{"name":"wp","href":"https:\/\/api.w.org\/{rel}","templated":true}]}}