{"id":4212,"date":"2020-07-21T10:10:03","date_gmt":"2020-07-21T13:10:03","guid":{"rendered":"https:\/\/radiounodigital.com\/web\/?p=4212"},"modified":"2020-07-21T10:13:36","modified_gmt":"2020-07-21T13:13:36","slug":"buddy-guy-es-homenajeado-en-el-kennedy-center-por-jeff-beck-y-beth-hart","status":"publish","type":"post","link":"https:\/\/radiounodigital.com\/web\/2020\/07\/21\/buddy-guy-es-homenajeado-en-el-kennedy-center-por-jeff-beck-y-beth-hart\/","title":{"rendered":"Buddy Guy es homenajeado en el Kennedy Center por Jeff Beck y Beth Hart"},"content":{"rendered":"<h3>Beth Hart se une a Jeff Beck para rendir homenaje a Buddy Guy en 2012 en el Kennedy Center, donde cada a\u00f1o se reconoce a personas que a lo largo de sus vidas han hecho contribuciones significativas a la cultura estadounidense a trav\u00e9s de las artes esc\u00e9nicas.<\/h3>\n<p><iframe loading=\"lazy\" src=\"https:\/\/www.youtube.com\/embed\/l7xv_RiT8GY\" width=\"560\" height=\"315\" frameborder=\"0\" allowfullscreen=\"allowfullscreen\"><\/iframe><\/p>\n<p>(Bluesman, nacido el 30 de julio de 1936, en Lettsworth, Louisiana) \u00abDe lejos, sin duda, el mejor guitarrista vivo\u00bb. Esa es la versi\u00f3n de Eric Clapton de Buddy Guy, un tit\u00e1n del blues.<\/p>\n<p>Durante m\u00e1s de 50 a\u00f1os, Guy ha sido un tesoro estadounidense invaluable, al vincular un pasado musical estadounidense orgulloso pero a menudo poco apreciado con una nueva generaci\u00f3n de m\u00fasicos maestros destinados a mantener vivo el blues.<\/p>\n<p>Guy pertenece a una era que fue pionera en el blues, trabajando junto a figuras legendarias como Muddy Waters, Howlin &#8216;Wolf, Sonny Boy Williamson, Koko Taylor, B.B. King y Little Walter.<\/p>\n<p>Sin embargo, ha sido una influencia tremenda en pr\u00e1cticamente todos los que han comprado una guitarra el\u00e9ctrica en el \u00faltimo medio siglo, incluidos Clapton, los Rolling Stones, Jimi Hendrix, Jimmy Page, Slash, ZZ Top, Stevie Ray Vaughan y John Mayer.<\/p>\n<p>Por sus vocales y su guitarra electrizante, Buddy Guy ha ganado seis premios Grammy por el blues contempor\u00e1neo y tradicional, un testimonio de una notable carrera que incluye cl\u00e1sicos como \u00abSweet Home Chicago\u00bb, \u00abMustang Sally\u00bb, \u00abStone Crazy\u00bb. y \u00abD\u00e9jame amarte beb\u00e9\u00bb. \u00abBuddy Guy\u00bb, dice Jeff Beck, \u00abtrascendi\u00f3 el blues y comenz\u00f3 a convertirse en teatro\u00bb.<\/p>\n<p>En 2003, fue galardonado con la Medalla Nacional de las Artes por su extraordinaria contribuci\u00f3n al blues. Billboard lo honr\u00f3 con The Century Award y gan\u00f3 no menos de 23 W.C. Handy Blues Awards \/ Blues Music Awards. En 1936, naci\u00f3 en una familia de aparceros en Louisiana.<\/p>\n<p>A principios de este a\u00f1o, actu\u00f3 en la Casa Blanca para el Presidente de los Estados Unidos. Aunque ese largo viaje no fue f\u00e1cil ni directo, fue inevitable para un hombre a menudo llamado el Guitarrista de Blues El\u00e9ctrico Living m\u00e1s grande.<\/p>\n<p>Todo comenz\u00f3 en 1958 con un viaje en tren a Chicago para escuchar a personas como Howlin &#8216;Wolf y Muddy Waters y recorrer los muchos clubes que ofrec\u00edan a los j\u00f3venes m\u00fasicos la oportunidad de subir al escenario y tocar.<\/p>\n<p>Su estilo \u00fanico y su talento para el espect\u00e1culo llamaron la atenci\u00f3n de los propietarios de clubes y compa\u00f1\u00edas discogr\u00e1ficas. El famoso sello de Ajedrez lo inscribi\u00f3, y all\u00ed se convirti\u00f3 en un guitarrista de la compa\u00f1\u00eda, tocando en sesiones de estudio con Waters, Wolf y otros.<\/p>\n<p>Sin embargo, estaba frustrado por la indiferencia del sello hacia su propia m\u00fasica, que los jefes encontraron fuerte y agresivo, alarmado por su uso pionero de la distorsi\u00f3n y la retroalimentaci\u00f3n. Ir\u00f3nicamente, lo que Estados Unidos rechaz\u00f3, los rockeros brit\u00e1nicos de los a\u00f1os 60 absorbieron de todo coraz\u00f3n, y la fertilizaci\u00f3n transatl\u00e1ntica se convirti\u00f3 en la base de todo un sonido.<\/p>\n<p>\u00abBuddy Guy era para m\u00ed lo que Elvis era para los dem\u00e1s\u00bb, observ\u00f3 Clapton. \u00abRealmente cambi\u00f3 el curso del rock and roll blues\u00bb. Finalmente, Guy cambi\u00f3 a la etiqueta Vanguard, donde lanz\u00f3 una memorable asociaci\u00f3n de por vida que rompi\u00f3 fronteras con el jugador de arm\u00f3nica Junior Wells.<\/p>\n<p>El d\u00fao produjo varios \u00e1lbumes paralelos, incluidos Buddy Guy de 1972 y Junior Wells Play the Blues, producidos por Eric Clapton, Ahmet Ertegun y Tom Dowd.<\/p>\n<p>Tambi\u00e9n se convirtieron en grandes estrellas en giras internacionales durante los a\u00f1os 70 y 80. Tambi\u00e9n fue Clapton quien le dio a Guy la oportunidad de llevar su carrera y reputaci\u00f3n a un nivel completamente nuevo cuando Clapton le pidi\u00f3 a Guy que se uniera a \u00e9l durante las \u00faltimas tres noches de una serie de conciertos de estrellas en el Royal Albert Hall de Londres en 1990.<\/p>\n<p>Fue el Escaparate perfecto para el estilo feroz de Guy: fuerte y agresivo, fusionando el blues tradicional con el rock, el soul y el jazz.<\/p>\n<p>Los conciertos llevaron a un contrato con Silvertone Records. En 1991, Guy grab\u00f3 Damn Right, I Got the Blues. Le gan\u00f3 al guitarrista su primer premio Grammy, su primer disco de oro, y el impacto que tuvo en toda una nueva generaci\u00f3n de artistas fue un cambio de juego en la historia de la m\u00fasica estadounidense.<\/p>\n<p>\u00abSin Buddy Guy, el blues, sin mencionar el rock tal como lo conocemos, podr\u00eda ser mucho menos interesante\u00bb, declar\u00f3 la revista Guitar.<\/p>\n<p>Siguieron otros \u00e1lbumes emblem\u00e1ticos, incluidos Feels Like Rain de 1993 y Slippin &#8216;In de 1994. En 2005, Jon Pareles en The New York Times se\u00f1al\u00f3: \u00abEl Sr. Guy mezcla la anarqu\u00eda, el virtuosismo, el blues profundo y el martilleo en formas que mantienen todos los ojos en \u00e9l.<\/p>\n<p>Le encantan los extremos: ca\u00eddas repentinas de alto a suave, o un dulce solo de guitarra sostenido seguido por una sacudida de velocidad, o una voz alta, implorante, cortada con un raspador. Es un maestro de la tensi\u00f3n y la liberaci\u00f3n, y cada impulso rebelde fue fascinante \u00ab.<\/p>\n<p>A principios de este a\u00f1o, Buddy Guy le dijo a NY1: \u00abSabes, he dedicado mi vida a la m\u00fasica y en unos minutos cuando voy al escenario, me olvido de qui\u00e9n soy. Solo quiero ver qui\u00e9n soy\u00bb. sonre\u00edr.\u00bb La respuesta es: todos.<\/p>\n<div class=\"fb-background-color\">\n\t\t\t  <div \n\t\t\t  \tclass = \"fb-comments\" \n\t\t\t  \tdata-href = \"https:\/\/radiounodigital.com\/web\/2020\/07\/21\/buddy-guy-es-homenajeado-en-el-kennedy-center-por-jeff-beck-y-beth-hart\/\"\n\t\t\t  \tdata-numposts = \"10\"\n\t\t\t  \tdata-lazy = \"true\"\n\t\t\t\tdata-colorscheme = \"dark\"\n\t\t\t\tdata-order-by = \"reverse_time\"\n\t\t\t\tdata-mobile=true>\n\t\t\t  <\/div><\/div>\n\t\t  <style>\n\t\t    .fb-background-color {\n\t\t\t\tbackground: #ffffff !important;\n\t\t\t}\n\t\t\t.fb_iframe_widget_fluid_desktop iframe {\n\t\t\t    width: 100% !important;\n\t\t\t}\n\t\t  <\/style>\n\t\t  ","protected":false},"excerpt":{"rendered":"<p>Beth Hart se une a Jeff Beck para rendir homenaje a Buddy Guy en 2012 en el Kennedy Center, donde cada a\u00f1o se reconoce a personas que a lo largo de sus vidas han hecho contribuciones significativas a la cultura estadounidense a trav\u00e9s de las artes esc\u00e9nicas. (Bluesman, nacido el 30 de julio de 1936,&#8230; <a href=\"https:\/\/radiounodigital.com\/web\/2020\/07\/21\/buddy-guy-es-homenajeado-en-el-kennedy-center-por-jeff-beck-y-beth-hart\/\" class=\"excerpt-read-more\">Read More<\/a><\/p>\n","protected":false},"author":1,"featured_media":4214,"comment_status":"open","ping_status":"open","sticky":false,"template":"","format":"standard","meta":{"footnotes":""},"categories":[126,180],"tags":[262,82,256,1125,261,1124],"class_list":["post-4212","post","type-post","status-publish","format-standard","has-post-thumbnail","hentry","category-blues","category-news","tag-beth-hart","tag-buddy-guy","tag-homenaje","tag-id-rather-go-blind","tag-jeff-beck","tag-kennedy-center"],"yoast_head":"<!-- This site is optimized with the Yoast SEO plugin v27.5 - https:\/\/yoast.com\/product\/yoast-seo-wordpress\/ -->\n<title>Jeff Beck y Beth Hart homenajean a Buddy Guy - Radio UNO Digital<\/title>\n<meta name=\"description\" content=\"Beth Hart se une a Jeff Beck para rendir homenaje a Buddy Guy en 2012 en el Kennedy Center, donde cada a\u00f1o se reconoce a personas...\" \/>\n<meta name=\"robots\" content=\"index, follow, max-snippet:-1, max-image-preview:large, max-video-preview:-1\" \/>\n<link rel=\"canonical\" href=\"https:\/\/radiounodigital.com\/web\/2020\/07\/21\/buddy-guy-es-homenajeado-en-el-kennedy-center-por-jeff-beck-y-beth-hart\/\" \/>\n<meta property=\"og:locale\" content=\"es_ES\" \/>\n<meta property=\"og:type\" content=\"article\" \/>\n<meta property=\"og:title\" content=\"Jeff Beck y Beth Hart homenajean a Buddy Guy\" \/>\n<meta property=\"og:description\" content=\"Beth Hart se une a Jeff Beck para rendir homenaje a Buddy Guy en 2012 en el Kennedy Center, donde cada a\u00f1o se reconoce a personas...\" \/>\n<meta property=\"og:url\" content=\"https:\/\/radiounodigital.com\/web\/2020\/07\/21\/buddy-guy-es-homenajeado-en-el-kennedy-center-por-jeff-beck-y-beth-hart\/\" \/>\n<meta property=\"og:site_name\" content=\"Radio UNO Digital\" \/>\n<meta property=\"article:published_time\" content=\"2020-07-21T13:10:03+00:00\" \/>\n<meta property=\"article:modified_time\" content=\"2020-07-21T13:13:36+00:00\" \/>\n<meta property=\"og:image\" content=\"https:\/\/radiounodigital.com\/web\/wp-content\/uploads\/2020\/07\/buddyguy-kennedycenterhonors.jpg\" \/>\n\t<meta property=\"og:image:width\" content=\"1280\" \/>\n\t<meta property=\"og:image:height\" content=\"720\" \/>\n\t<meta property=\"og:image:type\" content=\"image\/jpeg\" \/>\n<meta name=\"author\" content=\"diegoc\" \/>\n<meta name=\"twitter:card\" content=\"summary_large_image\" \/>\n<meta name=\"twitter:title\" content=\"Jeff Beck y Beth Hart homenajean a Buddy Guy\" \/>\n<meta name=\"twitter:description\" content=\"Beth Hart se une a Jeff Beck para rendir homenaje a Buddy Guy en 2012 en el Kennedy Center, donde cada a\u00f1o se reconoce a personas...\" \/>\n<meta name=\"twitter:image\" content=\"https:\/\/radiounodigital.com\/web\/wp-content\/uploads\/2020\/07\/jeff-beck-beth-hart.jpg\" \/>\n<meta name=\"twitter:label1\" content=\"Escrito por\" \/>\n\t<meta name=\"twitter:data1\" content=\"diegoc\" \/>\n\t<meta name=\"twitter:label2\" content=\"Tiempo de lectura\" \/>\n\t<meta name=\"twitter:data2\" content=\"5 minutos\" \/>\n<script type=\"application\/ld+json\" class=\"yoast-schema-graph\">{\"@context\":\"https:\\\/\\\/schema.org\",\"@graph\":[{\"@type\":\"Article\",\"@id\":\"https:\\\/\\\/radiounodigital.com\\\/web\\\/2020\\\/07\\\/21\\\/buddy-guy-es-homenajeado-en-el-kennedy-center-por-jeff-beck-y-beth-hart\\\/#article\",\"isPartOf\":{\"@id\":\"https:\\\/\\\/radiounodigital.com\\\/web\\\/2020\\\/07\\\/21\\\/buddy-guy-es-homenajeado-en-el-kennedy-center-por-jeff-beck-y-beth-hart\\\/\"},\"author\":{\"name\":\"diegoc\",\"@id\":\"https:\\\/\\\/radiounodigital.com\\\/web\\\/#\\\/schema\\\/person\\\/00b93151fa54f619ecf9c183d1fc9758\"},\"headline\":\"Buddy Guy es homenajeado en el Kennedy Center por Jeff Beck y Beth Hart\",\"datePublished\":\"2020-07-21T13:10:03+00:00\",\"dateModified\":\"2020-07-21T13:13:36+00:00\",\"mainEntityOfPage\":{\"@id\":\"https:\\\/\\\/radiounodigital.com\\\/web\\\/2020\\\/07\\\/21\\\/buddy-guy-es-homenajeado-en-el-kennedy-center-por-jeff-beck-y-beth-hart\\\/\"},\"wordCount\":919,\"commentCount\":0,\"image\":{\"@id\":\"https:\\\/\\\/radiounodigital.com\\\/web\\\/2020\\\/07\\\/21\\\/buddy-guy-es-homenajeado-en-el-kennedy-center-por-jeff-beck-y-beth-hart\\\/#primaryimage\"},\"thumbnailUrl\":\"https:\\\/\\\/radiounodigital.com\\\/web\\\/wp-content\\\/uploads\\\/2020\\\/07\\\/buddyguy-kennedycenterhonors.jpg\",\"keywords\":[\"beth hart\",\"buddy guy\",\"homenaje\",\"I\u00b4d rather go blind\",\"Jeff Beck\",\"Kennedy Center\"],\"articleSection\":[\"Blues\",\"news\"],\"inLanguage\":\"es\",\"potentialAction\":[{\"@type\":\"CommentAction\",\"name\":\"Comment\",\"target\":[\"https:\\\/\\\/radiounodigital.com\\\/web\\\/2020\\\/07\\\/21\\\/buddy-guy-es-homenajeado-en-el-kennedy-center-por-jeff-beck-y-beth-hart\\\/#respond\"]}]},{\"@type\":\"WebPage\",\"@id\":\"https:\\\/\\\/radiounodigital.com\\\/web\\\/2020\\\/07\\\/21\\\/buddy-guy-es-homenajeado-en-el-kennedy-center-por-jeff-beck-y-beth-hart\\\/\",\"url\":\"https:\\\/\\\/radiounodigital.com\\\/web\\\/2020\\\/07\\\/21\\\/buddy-guy-es-homenajeado-en-el-kennedy-center-por-jeff-beck-y-beth-hart\\\/\",\"name\":\"Jeff Beck y Beth Hart homenajean a Buddy Guy - Radio UNO Digital\",\"isPartOf\":{\"@id\":\"https:\\\/\\\/radiounodigital.com\\\/web\\\/#website\"},\"primaryImageOfPage\":{\"@id\":\"https:\\\/\\\/radiounodigital.com\\\/web\\\/2020\\\/07\\\/21\\\/buddy-guy-es-homenajeado-en-el-kennedy-center-por-jeff-beck-y-beth-hart\\\/#primaryimage\"},\"image\":{\"@id\":\"https:\\\/\\\/radiounodigital.com\\\/web\\\/2020\\\/07\\\/21\\\/buddy-guy-es-homenajeado-en-el-kennedy-center-por-jeff-beck-y-beth-hart\\\/#primaryimage\"},\"thumbnailUrl\":\"https:\\\/\\\/radiounodigital.com\\\/web\\\/wp-content\\\/uploads\\\/2020\\\/07\\\/buddyguy-kennedycenterhonors.jpg\",\"datePublished\":\"2020-07-21T13:10:03+00:00\",\"dateModified\":\"2020-07-21T13:13:36+00:00\",\"author\":{\"@id\":\"https:\\\/\\\/radiounodigital.com\\\/web\\\/#\\\/schema\\\/person\\\/00b93151fa54f619ecf9c183d1fc9758\"},\"description\":\"Beth Hart se une a Jeff Beck para rendir homenaje a Buddy Guy en 2012 en el Kennedy Center, donde cada a\u00f1o se reconoce a personas...\",\"breadcrumb\":{\"@id\":\"https:\\\/\\\/radiounodigital.com\\\/web\\\/2020\\\/07\\\/21\\\/buddy-guy-es-homenajeado-en-el-kennedy-center-por-jeff-beck-y-beth-hart\\\/#breadcrumb\"},\"inLanguage\":\"es\",\"potentialAction\":[{\"@type\":\"ReadAction\",\"target\":[\"https:\\\/\\\/radiounodigital.com\\\/web\\\/2020\\\/07\\\/21\\\/buddy-guy-es-homenajeado-en-el-kennedy-center-por-jeff-beck-y-beth-hart\\\/\"]}]},{\"@type\":\"ImageObject\",\"inLanguage\":\"es\",\"@id\":\"https:\\\/\\\/radiounodigital.com\\\/web\\\/2020\\\/07\\\/21\\\/buddy-guy-es-homenajeado-en-el-kennedy-center-por-jeff-beck-y-beth-hart\\\/#primaryimage\",\"url\":\"https:\\\/\\\/radiounodigital.com\\\/web\\\/wp-content\\\/uploads\\\/2020\\\/07\\\/buddyguy-kennedycenterhonors.jpg\",\"contentUrl\":\"https:\\\/\\\/radiounodigital.com\\\/web\\\/wp-content\\\/uploads\\\/2020\\\/07\\\/buddyguy-kennedycenterhonors.jpg\",\"width\":1280,\"height\":720},{\"@type\":\"BreadcrumbList\",\"@id\":\"https:\\\/\\\/radiounodigital.com\\\/web\\\/2020\\\/07\\\/21\\\/buddy-guy-es-homenajeado-en-el-kennedy-center-por-jeff-beck-y-beth-hart\\\/#breadcrumb\",\"itemListElement\":[{\"@type\":\"ListItem\",\"position\":1,\"name\":\"Home\",\"item\":\"https:\\\/\\\/radiounodigital.com\\\/web\\\/\"},{\"@type\":\"ListItem\",\"position\":2,\"name\":\"Buddy Guy es homenajeado en el Kennedy Center por Jeff Beck y Beth Hart\"}]},{\"@type\":\"WebSite\",\"@id\":\"https:\\\/\\\/radiounodigital.com\\\/web\\\/#website\",\"url\":\"https:\\\/\\\/radiounodigital.com\\\/web\\\/\",\"name\":\"Radio UNO Digital\",\"description\":\"Donde la cultura del rock se siente\",\"potentialAction\":[{\"@type\":\"SearchAction\",\"target\":{\"@type\":\"EntryPoint\",\"urlTemplate\":\"https:\\\/\\\/radiounodigital.com\\\/web\\\/?s={search_term_string}\"},\"query-input\":{\"@type\":\"PropertyValueSpecification\",\"valueRequired\":true,\"valueName\":\"search_term_string\"}}],\"inLanguage\":\"es\"},{\"@type\":\"Person\",\"@id\":\"https:\\\/\\\/radiounodigital.com\\\/web\\\/#\\\/schema\\\/person\\\/00b93151fa54f619ecf9c183d1fc9758\",\"name\":\"diegoc\",\"image\":{\"@type\":\"ImageObject\",\"inLanguage\":\"es\",\"@id\":\"https:\\\/\\\/secure.gravatar.com\\\/avatar\\\/0a67041d44c702fb0660d81a5a32c7ce6007341cf92afeb718b75883bf415864?s=96&d=blank&r=g\",\"url\":\"https:\\\/\\\/secure.gravatar.com\\\/avatar\\\/0a67041d44c702fb0660d81a5a32c7ce6007341cf92afeb718b75883bf415864?s=96&d=blank&r=g\",\"contentUrl\":\"https:\\\/\\\/secure.gravatar.com\\\/avatar\\\/0a67041d44c702fb0660d81a5a32c7ce6007341cf92afeb718b75883bf415864?s=96&d=blank&r=g\",\"caption\":\"diegoc\"},\"url\":\"https:\\\/\\\/radiounodigital.com\\\/web\\\/author\\\/diegoc\\\/\"}]}<\/script>\n<!-- \/ Yoast SEO plugin. -->","yoast_head_json":{"title":"Jeff Beck y Beth Hart homenajean a Buddy Guy - Radio UNO Digital","description":"Beth Hart se une a Jeff Beck para rendir homenaje a Buddy Guy en 2012 en el Kennedy Center, donde cada a\u00f1o se reconoce a personas...","robots":{"index":"index","follow":"follow","max-snippet":"max-snippet:-1","max-image-preview":"max-image-preview:large","max-video-preview":"max-video-preview:-1"},"canonical":"https:\/\/radiounodigital.com\/web\/2020\/07\/21\/buddy-guy-es-homenajeado-en-el-kennedy-center-por-jeff-beck-y-beth-hart\/","og_locale":"es_ES","og_type":"article","og_title":"Jeff Beck y Beth Hart homenajean a Buddy Guy","og_description":"Beth Hart se une a Jeff Beck para rendir homenaje a Buddy Guy en 2012 en el Kennedy Center, donde cada a\u00f1o se reconoce a personas...","og_url":"https:\/\/radiounodigital.com\/web\/2020\/07\/21\/buddy-guy-es-homenajeado-en-el-kennedy-center-por-jeff-beck-y-beth-hart\/","og_site_name":"Radio UNO Digital","article_published_time":"2020-07-21T13:10:03+00:00","article_modified_time":"2020-07-21T13:13:36+00:00","og_image":[{"width":1280,"height":720,"url":"https:\/\/radiounodigital.com\/web\/wp-content\/uploads\/2020\/07\/buddyguy-kennedycenterhonors.jpg","type":"image\/jpeg"}],"author":"diegoc","twitter_card":"summary_large_image","twitter_title":"Jeff Beck y Beth Hart homenajean a Buddy Guy","twitter_description":"Beth Hart se une a Jeff Beck para rendir homenaje a Buddy Guy en 2012 en el Kennedy Center, donde cada a\u00f1o se reconoce a personas...","twitter_image":"https:\/\/radiounodigital.com\/web\/wp-content\/uploads\/2020\/07\/jeff-beck-beth-hart.jpg","twitter_misc":{"Escrito por":"diegoc","Tiempo de lectura":"5 minutos"},"schema":{"@context":"https:\/\/schema.org","@graph":[{"@type":"Article","@id":"https:\/\/radiounodigital.com\/web\/2020\/07\/21\/buddy-guy-es-homenajeado-en-el-kennedy-center-por-jeff-beck-y-beth-hart\/#article","isPartOf":{"@id":"https:\/\/radiounodigital.com\/web\/2020\/07\/21\/buddy-guy-es-homenajeado-en-el-kennedy-center-por-jeff-beck-y-beth-hart\/"},"author":{"name":"diegoc","@id":"https:\/\/radiounodigital.com\/web\/#\/schema\/person\/00b93151fa54f619ecf9c183d1fc9758"},"headline":"Buddy Guy es homenajeado en el Kennedy Center por Jeff Beck y Beth Hart","datePublished":"2020-07-21T13:10:03+00:00","dateModified":"2020-07-21T13:13:36+00:00","mainEntityOfPage":{"@id":"https:\/\/radiounodigital.com\/web\/2020\/07\/21\/buddy-guy-es-homenajeado-en-el-kennedy-center-por-jeff-beck-y-beth-hart\/"},"wordCount":919,"commentCount":0,"image":{"@id":"https:\/\/radiounodigital.com\/web\/2020\/07\/21\/buddy-guy-es-homenajeado-en-el-kennedy-center-por-jeff-beck-y-beth-hart\/#primaryimage"},"thumbnailUrl":"https:\/\/radiounodigital.com\/web\/wp-content\/uploads\/2020\/07\/buddyguy-kennedycenterhonors.jpg","keywords":["beth hart","buddy guy","homenaje","I\u00b4d rather go blind","Jeff Beck","Kennedy Center"],"articleSection":["Blues","news"],"inLanguage":"es","potentialAction":[{"@type":"CommentAction","name":"Comment","target":["https:\/\/radiounodigital.com\/web\/2020\/07\/21\/buddy-guy-es-homenajeado-en-el-kennedy-center-por-jeff-beck-y-beth-hart\/#respond"]}]},{"@type":"WebPage","@id":"https:\/\/radiounodigital.com\/web\/2020\/07\/21\/buddy-guy-es-homenajeado-en-el-kennedy-center-por-jeff-beck-y-beth-hart\/","url":"https:\/\/radiounodigital.com\/web\/2020\/07\/21\/buddy-guy-es-homenajeado-en-el-kennedy-center-por-jeff-beck-y-beth-hart\/","name":"Jeff Beck y Beth Hart homenajean a Buddy Guy - Radio UNO Digital","isPartOf":{"@id":"https:\/\/radiounodigital.com\/web\/#website"},"primaryImageOfPage":{"@id":"https:\/\/radiounodigital.com\/web\/2020\/07\/21\/buddy-guy-es-homenajeado-en-el-kennedy-center-por-jeff-beck-y-beth-hart\/#primaryimage"},"image":{"@id":"https:\/\/radiounodigital.com\/web\/2020\/07\/21\/buddy-guy-es-homenajeado-en-el-kennedy-center-por-jeff-beck-y-beth-hart\/#primaryimage"},"thumbnailUrl":"https:\/\/radiounodigital.com\/web\/wp-content\/uploads\/2020\/07\/buddyguy-kennedycenterhonors.jpg","datePublished":"2020-07-21T13:10:03+00:00","dateModified":"2020-07-21T13:13:36+00:00","author":{"@id":"https:\/\/radiounodigital.com\/web\/#\/schema\/person\/00b93151fa54f619ecf9c183d1fc9758"},"description":"Beth Hart se une a Jeff Beck para rendir homenaje a Buddy Guy en 2012 en el Kennedy Center, donde cada a\u00f1o se reconoce a personas...","breadcrumb":{"@id":"https:\/\/radiounodigital.com\/web\/2020\/07\/21\/buddy-guy-es-homenajeado-en-el-kennedy-center-por-jeff-beck-y-beth-hart\/#breadcrumb"},"inLanguage":"es","potentialAction":[{"@type":"ReadAction","target":["https:\/\/radiounodigital.com\/web\/2020\/07\/21\/buddy-guy-es-homenajeado-en-el-kennedy-center-por-jeff-beck-y-beth-hart\/"]}]},{"@type":"ImageObject","inLanguage":"es","@id":"https:\/\/radiounodigital.com\/web\/2020\/07\/21\/buddy-guy-es-homenajeado-en-el-kennedy-center-por-jeff-beck-y-beth-hart\/#primaryimage","url":"https:\/\/radiounodigital.com\/web\/wp-content\/uploads\/2020\/07\/buddyguy-kennedycenterhonors.jpg","contentUrl":"https:\/\/radiounodigital.com\/web\/wp-content\/uploads\/2020\/07\/buddyguy-kennedycenterhonors.jpg","width":1280,"height":720},{"@type":"BreadcrumbList","@id":"https:\/\/radiounodigital.com\/web\/2020\/07\/21\/buddy-guy-es-homenajeado-en-el-kennedy-center-por-jeff-beck-y-beth-hart\/#breadcrumb","itemListElement":[{"@type":"ListItem","position":1,"name":"Home","item":"https:\/\/radiounodigital.com\/web\/"},{"@type":"ListItem","position":2,"name":"Buddy Guy es homenajeado en el Kennedy Center por Jeff Beck y Beth Hart"}]},{"@type":"WebSite","@id":"https:\/\/radiounodigital.com\/web\/#website","url":"https:\/\/radiounodigital.com\/web\/","name":"Radio UNO Digital","description":"Donde la cultura del rock se siente","potentialAction":[{"@type":"SearchAction","target":{"@type":"EntryPoint","urlTemplate":"https:\/\/radiounodigital.com\/web\/?s={search_term_string}"},"query-input":{"@type":"PropertyValueSpecification","valueRequired":true,"valueName":"search_term_string"}}],"inLanguage":"es"},{"@type":"Person","@id":"https:\/\/radiounodigital.com\/web\/#\/schema\/person\/00b93151fa54f619ecf9c183d1fc9758","name":"diegoc","image":{"@type":"ImageObject","inLanguage":"es","@id":"https:\/\/secure.gravatar.com\/avatar\/0a67041d44c702fb0660d81a5a32c7ce6007341cf92afeb718b75883bf415864?s=96&d=blank&r=g","url":"https:\/\/secure.gravatar.com\/avatar\/0a67041d44c702fb0660d81a5a32c7ce6007341cf92afeb718b75883bf415864?s=96&d=blank&r=g","contentUrl":"https:\/\/secure.gravatar.com\/avatar\/0a67041d44c702fb0660d81a5a32c7ce6007341cf92afeb718b75883bf415864?s=96&d=blank&r=g","caption":"diegoc"},"url":"https:\/\/radiounodigital.com\/web\/author\/diegoc\/"}]}},"_links":{"self":[{"href":"https:\/\/radiounodigital.com\/web\/wp-json\/wp\/v2\/posts\/4212","targetHints":{"allow":["GET"]}}],"collection":[{"href":"https:\/\/radiounodigital.com\/web\/wp-json\/wp\/v2\/posts"}],"about":[{"href":"https:\/\/radiounodigital.com\/web\/wp-json\/wp\/v2\/types\/post"}],"author":[{"embeddable":true,"href":"https:\/\/radiounodigital.com\/web\/wp-json\/wp\/v2\/users\/1"}],"replies":[{"embeddable":true,"href":"https:\/\/radiounodigital.com\/web\/wp-json\/wp\/v2\/comments?post=4212"}],"version-history":[{"count":1,"href":"https:\/\/radiounodigital.com\/web\/wp-json\/wp\/v2\/posts\/4212\/revisions"}],"predecessor-version":[{"id":4215,"href":"https:\/\/radiounodigital.com\/web\/wp-json\/wp\/v2\/posts\/4212\/revisions\/4215"}],"wp:featuredmedia":[{"embeddable":true,"href":"https:\/\/radiounodigital.com\/web\/wp-json\/wp\/v2\/media\/4214"}],"wp:attachment":[{"href":"https:\/\/radiounodigital.com\/web\/wp-json\/wp\/v2\/media?parent=4212"}],"wp:term":[{"taxonomy":"category","embeddable":true,"href":"https:\/\/radiounodigital.com\/web\/wp-json\/wp\/v2\/categories?post=4212"},{"taxonomy":"post_tag","embeddable":true,"href":"https:\/\/radiounodigital.com\/web\/wp-json\/wp\/v2\/tags?post=4212"}],"curies":[{"name":"wp","href":"https:\/\/api.w.org\/{rel}","templated":true}]}}