{"id":4226,"date":"2020-07-24T14:53:07","date_gmt":"2020-07-24T17:53:07","guid":{"rendered":"https:\/\/radiounodigital.com\/web\/?p=4226"},"modified":"2020-07-25T01:28:20","modified_gmt":"2020-07-25T04:28:20","slug":"back-in-black-40-aniversario-celebracion-virtual-hoy-600-pm","status":"publish","type":"post","link":"https:\/\/radiounodigital.com\/web\/2020\/07\/24\/back-in-black-40-aniversario-celebracion-virtual-hoy-600-pm\/","title":{"rendered":"Back in Black 40 Aniversario: Celebraci\u00f3n Virtual. Mira el video"},"content":{"rendered":"<h3>Hoy a las 6:00 PM (Buenos Aires, Montevideo) te invitamos a sintonizar en <a href=\"https:\/\/www.facebook.com\/pg\/consequence\/events\/?ref=page_internal\">Facebook<\/a>, <a href=\"https:\/\/www.youtube.com\/channel\/UCj9xO8EKnvIy6AE_xkSyW2A\">YouTube<\/a>, <a href=\"https:\/\/www.instagram.com\/consequence\/\">Instagram<\/a> o <a href=\"https:\/\/www.twitch.tv\/consequence_of\">Twitch<\/a> de Consequence of Sound para festejar 40 a\u00f1os de Back in Black, una celebraci\u00f3n virtual.<\/h3>\n<p><iframe loading=\"lazy\" src=\"https:\/\/www.youtube.com\/embed\/-Rqn4YA5DDQ\" width=\"650\" height=\"420\" frameborder=\"0\" allowfullscreen=\"allowfullscreen\"><\/iframe><\/p>\n<p>&nbsp;<\/p>\n<p>Adem\u00e1s, regalaremos una plataforma inspirada en Angus Young, completa con una guitarra Gibson Custom SG \u00abRed Devil\u00bb, un Schaffer Tower EX, un amplificador Marshall JTM45 con un SoloDallas Black Mod y m\u00e1s por valor de $ 15,000.<\/p>\n<p>As\u00ed indicaba la banda en un comunicado emitido a primera hora de la tarde de hoy.<\/p>\n<p>Presentado por el virtuoso de la guitarra Jared James Nichols, \u00abAC \/ DC Back in Black 40th Anniversary: A Virtual Celebration\u00bb se transmitir\u00e1 a trav\u00e9s de las plataformas sociales de Consequence of Sound, incluyendo Facebook, YouTube, Instagram y Twitch.<br \/>\nEl evento presenta testimonios, actuaciones y tutoriales de guitarra de artistas tan destacados como Slash, Juanes, Dee Snider, William DuVall, Orianthi de Alice in Chains y miembros de Cage the Elephant, Trivium, Anthrax, Man\u00e1, Airbourne, Beartooth, Refused, Cordero de Dios, GWAR, The Runaways, y m\u00e1s. Tambi\u00e9n obtendr\u00e1 una mirada exclusiva a algunos de los equipos que el guitarrista Angus Young us\u00f3 para obtener su sonido caracter\u00edstico.<\/p>\n<p>Sintonice nuestros canales sociales o vuelva con esta publicaci\u00f3n a las 5:00 p.m. ET el viernes 24 de julio, para ver este evento digital especial. Vea la alineaci\u00f3n completa en la imagen a continuaci\u00f3n.<\/p>\n<p>Tambi\u00e9n tenemos un concurso incre\u00edble para acompa\u00f1ar la celebraci\u00f3n virtual. Nos hemos asociado con Gibson y SoloDallas para regalar un enorme paquete de equipo para que te balancees como AC \/ DC. Se incluye una guitarra Gibson Custom SG \u00abRed Devil\u00bb como la de Angus Young; el \u00faltimo SoloDallas Schaffer Tower EX firmado por el inventor Ken Schaffer; un amplificador Marshall JTM45 con un SoloDallas Black Mod que lo convierte en un JTM50, como el que Young us\u00f3 en Back in Black; y un gabinete Marshall cargado con parlantes antiguos (un valor minorista total de m\u00e1s de $ 15,000). Cinco finalistas recibir\u00e1n cada uno un pedal Schaffer Replica Storm y Back in Black en vinilo.<\/p>\n<div class=\"fb-background-color\">\n\t\t\t  <div \n\t\t\t  \tclass = \"fb-comments\" \n\t\t\t  \tdata-href = \"https:\/\/radiounodigital.com\/web\/2020\/07\/24\/back-in-black-40-aniversario-celebracion-virtual-hoy-600-pm\/\"\n\t\t\t  \tdata-numposts = \"10\"\n\t\t\t  \tdata-lazy = \"true\"\n\t\t\t\tdata-colorscheme = \"dark\"\n\t\t\t\tdata-order-by = \"reverse_time\"\n\t\t\t\tdata-mobile=true>\n\t\t\t  <\/div><\/div>\n\t\t  <style>\n\t\t    .fb-background-color {\n\t\t\t\tbackground: #ffffff !important;\n\t\t\t}\n\t\t\t.fb_iframe_widget_fluid_desktop iframe {\n\t\t\t    width: 100% !important;\n\t\t\t}\n\t\t  <\/style>\n\t\t  ","protected":false},"excerpt":{"rendered":"<p>Hoy a las 6:00 PM (Buenos Aires, Montevideo) te invitamos a sintonizar en Facebook, YouTube, Instagram o Twitch de Consequence of Sound para festejar 40 a\u00f1os de Back in Black, una celebraci\u00f3n virtual. &nbsp; Adem\u00e1s, regalaremos una plataforma inspirada en Angus Young, completa con una guitarra Gibson Custom SG \u00abRed Devil\u00bb, un Schaffer Tower EX,&#8230; <a href=\"https:\/\/radiounodigital.com\/web\/2020\/07\/24\/back-in-black-40-aniversario-celebracion-virtual-hoy-600-pm\/\" class=\"excerpt-read-more\">Read More<\/a><\/p>\n","protected":false},"author":1,"featured_media":4227,"comment_status":"open","ping_status":"open","sticky":false,"template":"","format":"standard","meta":{"footnotes":""},"categories":[180,128],"tags":[1121,148,1120,629,858],"class_list":["post-4226","post","type-post","status-publish","format-standard","has-post-thumbnail","hentry","category-news","category-rock-clasico","tag-40-aniversario","tag-ac-dc","tag-back-in-black","tag-celebracion","tag-virtual"],"yoast_head":"<!-- This site is optimized with the Yoast SEO plugin v27.4 - https:\/\/yoast.com\/product\/yoast-seo-wordpress\/ -->\n<title>Back in Black 40 Aniversario: Celebraci\u00f3n Virtual. Mira el video - Radio UNO Digital<\/title>\n<meta name=\"robots\" content=\"index, follow, max-snippet:-1, max-image-preview:large, max-video-preview:-1\" \/>\n<link rel=\"canonical\" href=\"https:\/\/radiounodigital.com\/web\/2020\/07\/24\/back-in-black-40-aniversario-celebracion-virtual-hoy-600-pm\/\" \/>\n<meta property=\"og:locale\" content=\"es_ES\" \/>\n<meta property=\"og:type\" content=\"article\" \/>\n<meta property=\"og:title\" content=\"Back in Black 40 Aniversario: Celebraci\u00f3n Virtual. Mira el video - Radio UNO Digital\" \/>\n<meta property=\"og:description\" content=\"Hoy a las 6:00 PM (Buenos Aires, Montevideo) te invitamos a sintonizar en Facebook, YouTube, Instagram o Twitch de Consequence of Sound para festejar 40 a\u00f1os de Back in Black, una celebraci\u00f3n virtual. &nbsp; Adem\u00e1s, regalaremos una plataforma inspirada en Angus Young, completa con una guitarra Gibson Custom SG \u00abRed Devil\u00bb, un Schaffer Tower EX,... Read More\" \/>\n<meta property=\"og:url\" content=\"https:\/\/radiounodigital.com\/web\/2020\/07\/24\/back-in-black-40-aniversario-celebracion-virtual-hoy-600-pm\/\" \/>\n<meta property=\"og:site_name\" content=\"Radio UNO Digital\" \/>\n<meta property=\"article:published_time\" content=\"2020-07-24T17:53:07+00:00\" \/>\n<meta property=\"article:modified_time\" content=\"2020-07-25T04:28:20+00:00\" \/>\n<meta property=\"og:image\" content=\"https:\/\/radiounodigital.com\/web\/wp-content\/uploads\/2020\/07\/ACDC-Lineup-CTA-1.jpg\" \/>\n\t<meta property=\"og:image:width\" content=\"1200\" \/>\n\t<meta property=\"og:image:height\" content=\"675\" \/>\n\t<meta property=\"og:image:type\" content=\"image\/jpeg\" \/>\n<meta name=\"author\" content=\"diegoc\" \/>\n<meta name=\"twitter:card\" content=\"summary_large_image\" \/>\n<meta name=\"twitter:label1\" content=\"Escrito por\" \/>\n\t<meta name=\"twitter:data1\" content=\"diegoc\" \/>\n\t<meta name=\"twitter:label2\" content=\"Tiempo de lectura\" \/>\n\t<meta name=\"twitter:data2\" content=\"2 minutos\" \/>\n<script type=\"application\/ld+json\" class=\"yoast-schema-graph\">{\"@context\":\"https:\\\/\\\/schema.org\",\"@graph\":[{\"@type\":\"Article\",\"@id\":\"https:\\\/\\\/radiounodigital.com\\\/web\\\/2020\\\/07\\\/24\\\/back-in-black-40-aniversario-celebracion-virtual-hoy-600-pm\\\/#article\",\"isPartOf\":{\"@id\":\"https:\\\/\\\/radiounodigital.com\\\/web\\\/2020\\\/07\\\/24\\\/back-in-black-40-aniversario-celebracion-virtual-hoy-600-pm\\\/\"},\"author\":{\"name\":\"diegoc\",\"@id\":\"https:\\\/\\\/radiounodigital.com\\\/web\\\/#\\\/schema\\\/person\\\/00b93151fa54f619ecf9c183d1fc9758\"},\"headline\":\"Back in Black 40 Aniversario: Celebraci\u00f3n Virtual. Mira el video\",\"datePublished\":\"2020-07-24T17:53:07+00:00\",\"dateModified\":\"2020-07-25T04:28:20+00:00\",\"mainEntityOfPage\":{\"@id\":\"https:\\\/\\\/radiounodigital.com\\\/web\\\/2020\\\/07\\\/24\\\/back-in-black-40-aniversario-celebracion-virtual-hoy-600-pm\\\/\"},\"wordCount\":359,\"commentCount\":0,\"image\":{\"@id\":\"https:\\\/\\\/radiounodigital.com\\\/web\\\/2020\\\/07\\\/24\\\/back-in-black-40-aniversario-celebracion-virtual-hoy-600-pm\\\/#primaryimage\"},\"thumbnailUrl\":\"https:\\\/\\\/radiounodigital.com\\\/web\\\/wp-content\\\/uploads\\\/2020\\\/07\\\/ACDC-Lineup-CTA-1.jpg\",\"keywords\":[\"40 aniversario\",\"AC\\\/DC\",\"back in black\",\"celebracion\",\"virtual\"],\"articleSection\":[\"news\",\"Rock Clasico\"],\"inLanguage\":\"es\",\"potentialAction\":[{\"@type\":\"CommentAction\",\"name\":\"Comment\",\"target\":[\"https:\\\/\\\/radiounodigital.com\\\/web\\\/2020\\\/07\\\/24\\\/back-in-black-40-aniversario-celebracion-virtual-hoy-600-pm\\\/#respond\"]}]},{\"@type\":\"WebPage\",\"@id\":\"https:\\\/\\\/radiounodigital.com\\\/web\\\/2020\\\/07\\\/24\\\/back-in-black-40-aniversario-celebracion-virtual-hoy-600-pm\\\/\",\"url\":\"https:\\\/\\\/radiounodigital.com\\\/web\\\/2020\\\/07\\\/24\\\/back-in-black-40-aniversario-celebracion-virtual-hoy-600-pm\\\/\",\"name\":\"Back in Black 40 Aniversario: Celebraci\u00f3n Virtual. Mira el video - Radio UNO Digital\",\"isPartOf\":{\"@id\":\"https:\\\/\\\/radiounodigital.com\\\/web\\\/#website\"},\"primaryImageOfPage\":{\"@id\":\"https:\\\/\\\/radiounodigital.com\\\/web\\\/2020\\\/07\\\/24\\\/back-in-black-40-aniversario-celebracion-virtual-hoy-600-pm\\\/#primaryimage\"},\"image\":{\"@id\":\"https:\\\/\\\/radiounodigital.com\\\/web\\\/2020\\\/07\\\/24\\\/back-in-black-40-aniversario-celebracion-virtual-hoy-600-pm\\\/#primaryimage\"},\"thumbnailUrl\":\"https:\\\/\\\/radiounodigital.com\\\/web\\\/wp-content\\\/uploads\\\/2020\\\/07\\\/ACDC-Lineup-CTA-1.jpg\",\"datePublished\":\"2020-07-24T17:53:07+00:00\",\"dateModified\":\"2020-07-25T04:28:20+00:00\",\"author\":{\"@id\":\"https:\\\/\\\/radiounodigital.com\\\/web\\\/#\\\/schema\\\/person\\\/00b93151fa54f619ecf9c183d1fc9758\"},\"breadcrumb\":{\"@id\":\"https:\\\/\\\/radiounodigital.com\\\/web\\\/2020\\\/07\\\/24\\\/back-in-black-40-aniversario-celebracion-virtual-hoy-600-pm\\\/#breadcrumb\"},\"inLanguage\":\"es\",\"potentialAction\":[{\"@type\":\"ReadAction\",\"target\":[\"https:\\\/\\\/radiounodigital.com\\\/web\\\/2020\\\/07\\\/24\\\/back-in-black-40-aniversario-celebracion-virtual-hoy-600-pm\\\/\"]}]},{\"@type\":\"ImageObject\",\"inLanguage\":\"es\",\"@id\":\"https:\\\/\\\/radiounodigital.com\\\/web\\\/2020\\\/07\\\/24\\\/back-in-black-40-aniversario-celebracion-virtual-hoy-600-pm\\\/#primaryimage\",\"url\":\"https:\\\/\\\/radiounodigital.com\\\/web\\\/wp-content\\\/uploads\\\/2020\\\/07\\\/ACDC-Lineup-CTA-1.jpg\",\"contentUrl\":\"https:\\\/\\\/radiounodigital.com\\\/web\\\/wp-content\\\/uploads\\\/2020\\\/07\\\/ACDC-Lineup-CTA-1.jpg\",\"width\":1200,\"height\":675},{\"@type\":\"BreadcrumbList\",\"@id\":\"https:\\\/\\\/radiounodigital.com\\\/web\\\/2020\\\/07\\\/24\\\/back-in-black-40-aniversario-celebracion-virtual-hoy-600-pm\\\/#breadcrumb\",\"itemListElement\":[{\"@type\":\"ListItem\",\"position\":1,\"name\":\"Home\",\"item\":\"https:\\\/\\\/radiounodigital.com\\\/web\\\/\"},{\"@type\":\"ListItem\",\"position\":2,\"name\":\"Back in Black 40 Aniversario: Celebraci\u00f3n Virtual. Mira el video\"}]},{\"@type\":\"WebSite\",\"@id\":\"https:\\\/\\\/radiounodigital.com\\\/web\\\/#website\",\"url\":\"https:\\\/\\\/radiounodigital.com\\\/web\\\/\",\"name\":\"Radio UNO Digital\",\"description\":\"Donde la cultura del rock se siente\",\"potentialAction\":[{\"@type\":\"SearchAction\",\"target\":{\"@type\":\"EntryPoint\",\"urlTemplate\":\"https:\\\/\\\/radiounodigital.com\\\/web\\\/?s={search_term_string}\"},\"query-input\":{\"@type\":\"PropertyValueSpecification\",\"valueRequired\":true,\"valueName\":\"search_term_string\"}}],\"inLanguage\":\"es\"},{\"@type\":\"Person\",\"@id\":\"https:\\\/\\\/radiounodigital.com\\\/web\\\/#\\\/schema\\\/person\\\/00b93151fa54f619ecf9c183d1fc9758\",\"name\":\"diegoc\",\"image\":{\"@type\":\"ImageObject\",\"inLanguage\":\"es\",\"@id\":\"https:\\\/\\\/secure.gravatar.com\\\/avatar\\\/0a67041d44c702fb0660d81a5a32c7ce6007341cf92afeb718b75883bf415864?s=96&d=blank&r=g\",\"url\":\"https:\\\/\\\/secure.gravatar.com\\\/avatar\\\/0a67041d44c702fb0660d81a5a32c7ce6007341cf92afeb718b75883bf415864?s=96&d=blank&r=g\",\"contentUrl\":\"https:\\\/\\\/secure.gravatar.com\\\/avatar\\\/0a67041d44c702fb0660d81a5a32c7ce6007341cf92afeb718b75883bf415864?s=96&d=blank&r=g\",\"caption\":\"diegoc\"},\"url\":\"https:\\\/\\\/radiounodigital.com\\\/web\\\/author\\\/diegoc\\\/\"}]}<\/script>\n<!-- \/ Yoast SEO plugin. -->","yoast_head_json":{"title":"Back in Black 40 Aniversario: Celebraci\u00f3n Virtual. Mira el video - Radio UNO Digital","robots":{"index":"index","follow":"follow","max-snippet":"max-snippet:-1","max-image-preview":"max-image-preview:large","max-video-preview":"max-video-preview:-1"},"canonical":"https:\/\/radiounodigital.com\/web\/2020\/07\/24\/back-in-black-40-aniversario-celebracion-virtual-hoy-600-pm\/","og_locale":"es_ES","og_type":"article","og_title":"Back in Black 40 Aniversario: Celebraci\u00f3n Virtual. Mira el video - Radio UNO Digital","og_description":"Hoy a las 6:00 PM (Buenos Aires, Montevideo) te invitamos a sintonizar en Facebook, YouTube, Instagram o Twitch de Consequence of Sound para festejar 40 a\u00f1os de Back in Black, una celebraci\u00f3n virtual. &nbsp; Adem\u00e1s, regalaremos una plataforma inspirada en Angus Young, completa con una guitarra Gibson Custom SG \u00abRed Devil\u00bb, un Schaffer Tower EX,... Read More","og_url":"https:\/\/radiounodigital.com\/web\/2020\/07\/24\/back-in-black-40-aniversario-celebracion-virtual-hoy-600-pm\/","og_site_name":"Radio UNO Digital","article_published_time":"2020-07-24T17:53:07+00:00","article_modified_time":"2020-07-25T04:28:20+00:00","og_image":[{"width":1200,"height":675,"url":"https:\/\/radiounodigital.com\/web\/wp-content\/uploads\/2020\/07\/ACDC-Lineup-CTA-1.jpg","type":"image\/jpeg"}],"author":"diegoc","twitter_card":"summary_large_image","twitter_misc":{"Escrito por":"diegoc","Tiempo de lectura":"2 minutos"},"schema":{"@context":"https:\/\/schema.org","@graph":[{"@type":"Article","@id":"https:\/\/radiounodigital.com\/web\/2020\/07\/24\/back-in-black-40-aniversario-celebracion-virtual-hoy-600-pm\/#article","isPartOf":{"@id":"https:\/\/radiounodigital.com\/web\/2020\/07\/24\/back-in-black-40-aniversario-celebracion-virtual-hoy-600-pm\/"},"author":{"name":"diegoc","@id":"https:\/\/radiounodigital.com\/web\/#\/schema\/person\/00b93151fa54f619ecf9c183d1fc9758"},"headline":"Back in Black 40 Aniversario: Celebraci\u00f3n Virtual. Mira el video","datePublished":"2020-07-24T17:53:07+00:00","dateModified":"2020-07-25T04:28:20+00:00","mainEntityOfPage":{"@id":"https:\/\/radiounodigital.com\/web\/2020\/07\/24\/back-in-black-40-aniversario-celebracion-virtual-hoy-600-pm\/"},"wordCount":359,"commentCount":0,"image":{"@id":"https:\/\/radiounodigital.com\/web\/2020\/07\/24\/back-in-black-40-aniversario-celebracion-virtual-hoy-600-pm\/#primaryimage"},"thumbnailUrl":"https:\/\/radiounodigital.com\/web\/wp-content\/uploads\/2020\/07\/ACDC-Lineup-CTA-1.jpg","keywords":["40 aniversario","AC\/DC","back in black","celebracion","virtual"],"articleSection":["news","Rock Clasico"],"inLanguage":"es","potentialAction":[{"@type":"CommentAction","name":"Comment","target":["https:\/\/radiounodigital.com\/web\/2020\/07\/24\/back-in-black-40-aniversario-celebracion-virtual-hoy-600-pm\/#respond"]}]},{"@type":"WebPage","@id":"https:\/\/radiounodigital.com\/web\/2020\/07\/24\/back-in-black-40-aniversario-celebracion-virtual-hoy-600-pm\/","url":"https:\/\/radiounodigital.com\/web\/2020\/07\/24\/back-in-black-40-aniversario-celebracion-virtual-hoy-600-pm\/","name":"Back in Black 40 Aniversario: Celebraci\u00f3n Virtual. Mira el video - Radio UNO Digital","isPartOf":{"@id":"https:\/\/radiounodigital.com\/web\/#website"},"primaryImageOfPage":{"@id":"https:\/\/radiounodigital.com\/web\/2020\/07\/24\/back-in-black-40-aniversario-celebracion-virtual-hoy-600-pm\/#primaryimage"},"image":{"@id":"https:\/\/radiounodigital.com\/web\/2020\/07\/24\/back-in-black-40-aniversario-celebracion-virtual-hoy-600-pm\/#primaryimage"},"thumbnailUrl":"https:\/\/radiounodigital.com\/web\/wp-content\/uploads\/2020\/07\/ACDC-Lineup-CTA-1.jpg","datePublished":"2020-07-24T17:53:07+00:00","dateModified":"2020-07-25T04:28:20+00:00","author":{"@id":"https:\/\/radiounodigital.com\/web\/#\/schema\/person\/00b93151fa54f619ecf9c183d1fc9758"},"breadcrumb":{"@id":"https:\/\/radiounodigital.com\/web\/2020\/07\/24\/back-in-black-40-aniversario-celebracion-virtual-hoy-600-pm\/#breadcrumb"},"inLanguage":"es","potentialAction":[{"@type":"ReadAction","target":["https:\/\/radiounodigital.com\/web\/2020\/07\/24\/back-in-black-40-aniversario-celebracion-virtual-hoy-600-pm\/"]}]},{"@type":"ImageObject","inLanguage":"es","@id":"https:\/\/radiounodigital.com\/web\/2020\/07\/24\/back-in-black-40-aniversario-celebracion-virtual-hoy-600-pm\/#primaryimage","url":"https:\/\/radiounodigital.com\/web\/wp-content\/uploads\/2020\/07\/ACDC-Lineup-CTA-1.jpg","contentUrl":"https:\/\/radiounodigital.com\/web\/wp-content\/uploads\/2020\/07\/ACDC-Lineup-CTA-1.jpg","width":1200,"height":675},{"@type":"BreadcrumbList","@id":"https:\/\/radiounodigital.com\/web\/2020\/07\/24\/back-in-black-40-aniversario-celebracion-virtual-hoy-600-pm\/#breadcrumb","itemListElement":[{"@type":"ListItem","position":1,"name":"Home","item":"https:\/\/radiounodigital.com\/web\/"},{"@type":"ListItem","position":2,"name":"Back in Black 40 Aniversario: Celebraci\u00f3n Virtual. Mira el video"}]},{"@type":"WebSite","@id":"https:\/\/radiounodigital.com\/web\/#website","url":"https:\/\/radiounodigital.com\/web\/","name":"Radio UNO Digital","description":"Donde la cultura del rock se siente","potentialAction":[{"@type":"SearchAction","target":{"@type":"EntryPoint","urlTemplate":"https:\/\/radiounodigital.com\/web\/?s={search_term_string}"},"query-input":{"@type":"PropertyValueSpecification","valueRequired":true,"valueName":"search_term_string"}}],"inLanguage":"es"},{"@type":"Person","@id":"https:\/\/radiounodigital.com\/web\/#\/schema\/person\/00b93151fa54f619ecf9c183d1fc9758","name":"diegoc","image":{"@type":"ImageObject","inLanguage":"es","@id":"https:\/\/secure.gravatar.com\/avatar\/0a67041d44c702fb0660d81a5a32c7ce6007341cf92afeb718b75883bf415864?s=96&d=blank&r=g","url":"https:\/\/secure.gravatar.com\/avatar\/0a67041d44c702fb0660d81a5a32c7ce6007341cf92afeb718b75883bf415864?s=96&d=blank&r=g","contentUrl":"https:\/\/secure.gravatar.com\/avatar\/0a67041d44c702fb0660d81a5a32c7ce6007341cf92afeb718b75883bf415864?s=96&d=blank&r=g","caption":"diegoc"},"url":"https:\/\/radiounodigital.com\/web\/author\/diegoc\/"}]}},"_links":{"self":[{"href":"https:\/\/radiounodigital.com\/web\/wp-json\/wp\/v2\/posts\/4226","targetHints":{"allow":["GET"]}}],"collection":[{"href":"https:\/\/radiounodigital.com\/web\/wp-json\/wp\/v2\/posts"}],"about":[{"href":"https:\/\/radiounodigital.com\/web\/wp-json\/wp\/v2\/types\/post"}],"author":[{"embeddable":true,"href":"https:\/\/radiounodigital.com\/web\/wp-json\/wp\/v2\/users\/1"}],"replies":[{"embeddable":true,"href":"https:\/\/radiounodigital.com\/web\/wp-json\/wp\/v2\/comments?post=4226"}],"version-history":[{"count":5,"href":"https:\/\/radiounodigital.com\/web\/wp-json\/wp\/v2\/posts\/4226\/revisions"}],"predecessor-version":[{"id":4235,"href":"https:\/\/radiounodigital.com\/web\/wp-json\/wp\/v2\/posts\/4226\/revisions\/4235"}],"wp:featuredmedia":[{"embeddable":true,"href":"https:\/\/radiounodigital.com\/web\/wp-json\/wp\/v2\/media\/4227"}],"wp:attachment":[{"href":"https:\/\/radiounodigital.com\/web\/wp-json\/wp\/v2\/media?parent=4226"}],"wp:term":[{"taxonomy":"category","embeddable":true,"href":"https:\/\/radiounodigital.com\/web\/wp-json\/wp\/v2\/categories?post=4226"},{"taxonomy":"post_tag","embeddable":true,"href":"https:\/\/radiounodigital.com\/web\/wp-json\/wp\/v2\/tags?post=4226"}],"curies":[{"name":"wp","href":"https:\/\/api.w.org\/{rel}","templated":true}]}}