{"id":4233,"date":"2020-07-25T01:27:35","date_gmt":"2020-07-25T04:27:35","guid":{"rendered":"https:\/\/radiounodigital.com\/web\/?p=4233"},"modified":"2020-07-25T01:41:34","modified_gmt":"2020-07-25T04:41:34","slug":"5-de-julio-feliz-40-aniversario-back-in-black","status":"publish","type":"post","link":"https:\/\/radiounodigital.com\/web\/2020\/07\/25\/5-de-julio-feliz-40-aniversario-back-in-black\/","title":{"rendered":"25 de Julio, Feliz 40 Aniversario Back in Black"},"content":{"rendered":"<h3>Back in Black, con 50 millones de copias, es el\u00a0 segundo disco m\u00e1s vendido en la historia de la m\u00fasica. Por delante est\u00e1 nada m\u00e1s ni menos que Thriller de Michael Jackson. Escucha el \u00e1lbum completo y los videos editados de ese trabajo.<\/h3>\n<p style=\"text-align: center;\"><iframe loading=\"lazy\" src=\"https:\/\/www.youtube.com\/embed\/etAIpkdhU9Q\" width=\"560\" height=\"315\" frameborder=\"0\" allowfullscreen=\"allowfullscreen\"><\/iframe><\/p>\n<p>El \u00e1lbum Back in Black es en homenaje a Bon Scott, fallecido en febrero de ese mismo a\u00f1o, en un episodio que todos los fans ya conocen.<\/p>\n<p>Es, sin lugar a dudas el \u00fanico disco de AC\/DC que se puede decir que no hay ninguna canci\u00f3n que sea de relleno, porque cualquiera de ellas, en menor o mayor grado te vuela la cabeza. Esto es\u00a0 algo que los m\u00e1s fan\u00e1ticos entienden bien cuando nos referimos en esos t\u00e9rminos.<\/p>\n<p>La obra maestra de los australianos fue producida por \u00abMutt Lange, que anteriormente hab\u00eda producido Highway to Hell, es el m\u00e1s exitoso de la banda junto a Bon Scott y que los lanz\u00f3 definitivamente a la fama.<\/p>\n<h4>Band Review<\/h4>\n<p>La banda para esa \u00e9poca estaba integrada por Brian Johnson, Angus y Malcolm Young, Cliff Williams y Phil Rudd. Tras la enfermedad de Malcolm Young y su muerte a fines de 201; Brian Johnson debi\u00f3 alejarse de la banda por problemas en su voz, siendo remplazado por Axel Rose de Guns N Roses.<\/p>\n<p>De esta forma rompieron el coraz\u00f3n de muchos fans que se vieron decepcionados por la inesperada incorporaci\u00f3n.<\/p>\n<p>Y es que Angus no concibe su vida si no es tocando en AC\/DC. Phil Rudd tambi\u00e9n debi\u00f3 alejarse de la banda por serios problemas legales que lo tuvieron tras las rejas. As\u00ed fue que Angus se convirti\u00f3 en el \u00fanico miembro original en permanecer en la banda desde el primer d\u00eda.<\/p>\n<p>As\u00ed llegamos a festejar estos 40 a\u00f1os de Back in Black, el disco que gener\u00f3 el mayor salto de la banda en su rica historia y que esperamos tenerlos pronto sobre los escenarios. Esperemos que sea con el regreso de Brian Johnson y probablemente de Phil Rudd.<\/p>\n<p>En las \u00faltimas dos semanas en su canal de Youtube han estado lanzado episodios en su canal de youtube con motivo de este festejo por los 40 a\u00f1os de Back in Black. Te invitamos a verlos aqu\u00ed y ahora.<\/p>\n<h4 style=\"text-align: center;\">1 er Episodio<\/h4>\n<p style=\"text-align: center;\"><iframe loading=\"lazy\" src=\"https:\/\/www.youtube.com\/embed\/b2gtJmH3-vI\" width=\"560\" height=\"315\" frameborder=\"0\" allowfullscreen=\"allowfullscreen\"><\/iframe><\/p>\n<h4 style=\"text-align: center;\">2do Episodio<\/h4>\n<p style=\"text-align: center;\"><iframe loading=\"lazy\" src=\"https:\/\/www.youtube.com\/embed\/pnkUQCgcpAM\" width=\"560\" height=\"315\" frameborder=\"0\" allowfullscreen=\"allowfullscreen\"><\/iframe><\/p>\n<p>&nbsp;<\/p>\n<h4 style=\"text-align: center;\">3er Episodio<\/h4>\n<p style=\"text-align: center;\"><iframe loading=\"lazy\" src=\"https:\/\/www.youtube.com\/embed\/Ib-CzCfFkys\" width=\"560\" height=\"315\" frameborder=\"0\" allowfullscreen=\"allowfullscreen\"><\/iframe><\/p>\n<p>&nbsp;<\/p>\n<div class=\"fb-background-color\">\n\t\t\t  <div \n\t\t\t  \tclass = \"fb-comments\" \n\t\t\t  \tdata-href = \"https:\/\/radiounodigital.com\/web\/2020\/07\/25\/5-de-julio-feliz-40-aniversario-back-in-black\/\"\n\t\t\t  \tdata-numposts = \"10\"\n\t\t\t  \tdata-lazy = \"true\"\n\t\t\t\tdata-colorscheme = \"dark\"\n\t\t\t\tdata-order-by = \"reverse_time\"\n\t\t\t\tdata-mobile=true>\n\t\t\t  <\/div><\/div>\n\t\t  <style>\n\t\t    .fb-background-color {\n\t\t\t\tbackground: #ffffff !important;\n\t\t\t}\n\t\t\t.fb_iframe_widget_fluid_desktop iframe {\n\t\t\t    width: 100% !important;\n\t\t\t}\n\t\t  <\/style>\n\t\t  ","protected":false},"excerpt":{"rendered":"<p>Back in Black, con 50 millones de copias, es el\u00a0 segundo disco m\u00e1s vendido en la historia de la m\u00fasica. Por delante est\u00e1 nada m\u00e1s ni menos que Thriller de Michael Jackson. Escucha el \u00e1lbum completo y los videos editados de ese trabajo. El \u00e1lbum Back in Black es en homenaje a Bon Scott, fallecido&#8230; <a href=\"https:\/\/radiounodigital.com\/web\/2020\/07\/25\/5-de-julio-feliz-40-aniversario-back-in-black\/\" class=\"excerpt-read-more\">Read More<\/a><\/p>\n","protected":false},"author":1,"featured_media":4240,"comment_status":"open","ping_status":"open","sticky":false,"template":"","format":"standard","meta":{"footnotes":""},"categories":[180,128],"tags":[1121,148,1120],"class_list":["post-4233","post","type-post","status-publish","format-standard","has-post-thumbnail","hentry","category-news","category-rock-clasico","tag-40-aniversario","tag-ac-dc","tag-back-in-black"],"yoast_head":"<!-- This site is optimized with the Yoast SEO plugin v27.4 - https:\/\/yoast.com\/product\/yoast-seo-wordpress\/ -->\n<title>25 de Julio, Feliz 40 Aniversario Back in Black - Radio UNO Digital<\/title>\n<meta name=\"robots\" content=\"index, follow, max-snippet:-1, max-image-preview:large, max-video-preview:-1\" \/>\n<link rel=\"canonical\" href=\"https:\/\/radiounodigital.com\/web\/2020\/07\/25\/5-de-julio-feliz-40-aniversario-back-in-black\/\" \/>\n<meta property=\"og:locale\" content=\"es_ES\" \/>\n<meta property=\"og:type\" content=\"article\" \/>\n<meta property=\"og:title\" content=\"25 de Julio, Feliz 40 Aniversario Back in Black - Radio UNO Digital\" \/>\n<meta property=\"og:description\" content=\"Back in Black, con 50 millones de copias, es el\u00a0 segundo disco m\u00e1s vendido en la historia de la m\u00fasica. Por delante est\u00e1 nada m\u00e1s ni menos que Thriller de Michael Jackson. Escucha el \u00e1lbum completo y los videos editados de ese trabajo. El \u00e1lbum Back in Black es en homenaje a Bon Scott, fallecido... Read More\" \/>\n<meta property=\"og:url\" content=\"https:\/\/radiounodigital.com\/web\/2020\/07\/25\/5-de-julio-feliz-40-aniversario-back-in-black\/\" \/>\n<meta property=\"og:site_name\" content=\"Radio UNO Digital\" \/>\n<meta property=\"article:published_time\" content=\"2020-07-25T04:27:35+00:00\" \/>\n<meta property=\"article:modified_time\" content=\"2020-07-25T04:41:34+00:00\" \/>\n<meta property=\"og:image\" content=\"https:\/\/radiounodigital.com\/web\/wp-content\/uploads\/2020\/07\/acdc-back-in-black-album-cover-650-compressed.jpg\" \/>\n\t<meta property=\"og:image:width\" content=\"650\" \/>\n\t<meta property=\"og:image:height\" content=\"430\" \/>\n\t<meta property=\"og:image:type\" content=\"image\/jpeg\" \/>\n<meta name=\"author\" content=\"diegoc\" \/>\n<meta name=\"twitter:card\" content=\"summary_large_image\" \/>\n<meta name=\"twitter:label1\" content=\"Escrito por\" \/>\n\t<meta name=\"twitter:data1\" content=\"diegoc\" \/>\n\t<meta name=\"twitter:label2\" content=\"Tiempo de lectura\" \/>\n\t<meta name=\"twitter:data2\" content=\"2 minutos\" \/>\n<script type=\"application\/ld+json\" class=\"yoast-schema-graph\">{\"@context\":\"https:\\\/\\\/schema.org\",\"@graph\":[{\"@type\":\"Article\",\"@id\":\"https:\\\/\\\/radiounodigital.com\\\/web\\\/2020\\\/07\\\/25\\\/5-de-julio-feliz-40-aniversario-back-in-black\\\/#article\",\"isPartOf\":{\"@id\":\"https:\\\/\\\/radiounodigital.com\\\/web\\\/2020\\\/07\\\/25\\\/5-de-julio-feliz-40-aniversario-back-in-black\\\/\"},\"author\":{\"name\":\"diegoc\",\"@id\":\"https:\\\/\\\/radiounodigital.com\\\/web\\\/#\\\/schema\\\/person\\\/00b93151fa54f619ecf9c183d1fc9758\"},\"headline\":\"25 de Julio, Feliz 40 Aniversario Back in Black\",\"datePublished\":\"2020-07-25T04:27:35+00:00\",\"dateModified\":\"2020-07-25T04:41:34+00:00\",\"mainEntityOfPage\":{\"@id\":\"https:\\\/\\\/radiounodigital.com\\\/web\\\/2020\\\/07\\\/25\\\/5-de-julio-feliz-40-aniversario-back-in-black\\\/\"},\"wordCount\":397,\"commentCount\":0,\"image\":{\"@id\":\"https:\\\/\\\/radiounodigital.com\\\/web\\\/2020\\\/07\\\/25\\\/5-de-julio-feliz-40-aniversario-back-in-black\\\/#primaryimage\"},\"thumbnailUrl\":\"https:\\\/\\\/radiounodigital.com\\\/web\\\/wp-content\\\/uploads\\\/2020\\\/07\\\/acdc-back-in-black-album-cover-650-compressed.jpg\",\"keywords\":[\"40 aniversario\",\"AC\\\/DC\",\"back in black\"],\"articleSection\":[\"news\",\"Rock Clasico\"],\"inLanguage\":\"es\",\"potentialAction\":[{\"@type\":\"CommentAction\",\"name\":\"Comment\",\"target\":[\"https:\\\/\\\/radiounodigital.com\\\/web\\\/2020\\\/07\\\/25\\\/5-de-julio-feliz-40-aniversario-back-in-black\\\/#respond\"]}]},{\"@type\":\"WebPage\",\"@id\":\"https:\\\/\\\/radiounodigital.com\\\/web\\\/2020\\\/07\\\/25\\\/5-de-julio-feliz-40-aniversario-back-in-black\\\/\",\"url\":\"https:\\\/\\\/radiounodigital.com\\\/web\\\/2020\\\/07\\\/25\\\/5-de-julio-feliz-40-aniversario-back-in-black\\\/\",\"name\":\"25 de Julio, Feliz 40 Aniversario Back in Black - Radio UNO Digital\",\"isPartOf\":{\"@id\":\"https:\\\/\\\/radiounodigital.com\\\/web\\\/#website\"},\"primaryImageOfPage\":{\"@id\":\"https:\\\/\\\/radiounodigital.com\\\/web\\\/2020\\\/07\\\/25\\\/5-de-julio-feliz-40-aniversario-back-in-black\\\/#primaryimage\"},\"image\":{\"@id\":\"https:\\\/\\\/radiounodigital.com\\\/web\\\/2020\\\/07\\\/25\\\/5-de-julio-feliz-40-aniversario-back-in-black\\\/#primaryimage\"},\"thumbnailUrl\":\"https:\\\/\\\/radiounodigital.com\\\/web\\\/wp-content\\\/uploads\\\/2020\\\/07\\\/acdc-back-in-black-album-cover-650-compressed.jpg\",\"datePublished\":\"2020-07-25T04:27:35+00:00\",\"dateModified\":\"2020-07-25T04:41:34+00:00\",\"author\":{\"@id\":\"https:\\\/\\\/radiounodigital.com\\\/web\\\/#\\\/schema\\\/person\\\/00b93151fa54f619ecf9c183d1fc9758\"},\"breadcrumb\":{\"@id\":\"https:\\\/\\\/radiounodigital.com\\\/web\\\/2020\\\/07\\\/25\\\/5-de-julio-feliz-40-aniversario-back-in-black\\\/#breadcrumb\"},\"inLanguage\":\"es\",\"potentialAction\":[{\"@type\":\"ReadAction\",\"target\":[\"https:\\\/\\\/radiounodigital.com\\\/web\\\/2020\\\/07\\\/25\\\/5-de-julio-feliz-40-aniversario-back-in-black\\\/\"]}]},{\"@type\":\"ImageObject\",\"inLanguage\":\"es\",\"@id\":\"https:\\\/\\\/radiounodigital.com\\\/web\\\/2020\\\/07\\\/25\\\/5-de-julio-feliz-40-aniversario-back-in-black\\\/#primaryimage\",\"url\":\"https:\\\/\\\/radiounodigital.com\\\/web\\\/wp-content\\\/uploads\\\/2020\\\/07\\\/acdc-back-in-black-album-cover-650-compressed.jpg\",\"contentUrl\":\"https:\\\/\\\/radiounodigital.com\\\/web\\\/wp-content\\\/uploads\\\/2020\\\/07\\\/acdc-back-in-black-album-cover-650-compressed.jpg\",\"width\":650,\"height\":430},{\"@type\":\"BreadcrumbList\",\"@id\":\"https:\\\/\\\/radiounodigital.com\\\/web\\\/2020\\\/07\\\/25\\\/5-de-julio-feliz-40-aniversario-back-in-black\\\/#breadcrumb\",\"itemListElement\":[{\"@type\":\"ListItem\",\"position\":1,\"name\":\"Home\",\"item\":\"https:\\\/\\\/radiounodigital.com\\\/web\\\/\"},{\"@type\":\"ListItem\",\"position\":2,\"name\":\"25 de Julio, Feliz 40 Aniversario Back in Black\"}]},{\"@type\":\"WebSite\",\"@id\":\"https:\\\/\\\/radiounodigital.com\\\/web\\\/#website\",\"url\":\"https:\\\/\\\/radiounodigital.com\\\/web\\\/\",\"name\":\"Radio UNO Digital\",\"description\":\"Donde la cultura del rock se siente\",\"potentialAction\":[{\"@type\":\"SearchAction\",\"target\":{\"@type\":\"EntryPoint\",\"urlTemplate\":\"https:\\\/\\\/radiounodigital.com\\\/web\\\/?s={search_term_string}\"},\"query-input\":{\"@type\":\"PropertyValueSpecification\",\"valueRequired\":true,\"valueName\":\"search_term_string\"}}],\"inLanguage\":\"es\"},{\"@type\":\"Person\",\"@id\":\"https:\\\/\\\/radiounodigital.com\\\/web\\\/#\\\/schema\\\/person\\\/00b93151fa54f619ecf9c183d1fc9758\",\"name\":\"diegoc\",\"image\":{\"@type\":\"ImageObject\",\"inLanguage\":\"es\",\"@id\":\"https:\\\/\\\/secure.gravatar.com\\\/avatar\\\/0a67041d44c702fb0660d81a5a32c7ce6007341cf92afeb718b75883bf415864?s=96&d=blank&r=g\",\"url\":\"https:\\\/\\\/secure.gravatar.com\\\/avatar\\\/0a67041d44c702fb0660d81a5a32c7ce6007341cf92afeb718b75883bf415864?s=96&d=blank&r=g\",\"contentUrl\":\"https:\\\/\\\/secure.gravatar.com\\\/avatar\\\/0a67041d44c702fb0660d81a5a32c7ce6007341cf92afeb718b75883bf415864?s=96&d=blank&r=g\",\"caption\":\"diegoc\"},\"url\":\"https:\\\/\\\/radiounodigital.com\\\/web\\\/author\\\/diegoc\\\/\"}]}<\/script>\n<!-- \/ Yoast SEO plugin. -->","yoast_head_json":{"title":"25 de Julio, Feliz 40 Aniversario Back in Black - Radio UNO Digital","robots":{"index":"index","follow":"follow","max-snippet":"max-snippet:-1","max-image-preview":"max-image-preview:large","max-video-preview":"max-video-preview:-1"},"canonical":"https:\/\/radiounodigital.com\/web\/2020\/07\/25\/5-de-julio-feliz-40-aniversario-back-in-black\/","og_locale":"es_ES","og_type":"article","og_title":"25 de Julio, Feliz 40 Aniversario Back in Black - Radio UNO Digital","og_description":"Back in Black, con 50 millones de copias, es el\u00a0 segundo disco m\u00e1s vendido en la historia de la m\u00fasica. Por delante est\u00e1 nada m\u00e1s ni menos que Thriller de Michael Jackson. Escucha el \u00e1lbum completo y los videos editados de ese trabajo. El \u00e1lbum Back in Black es en homenaje a Bon Scott, fallecido... Read More","og_url":"https:\/\/radiounodigital.com\/web\/2020\/07\/25\/5-de-julio-feliz-40-aniversario-back-in-black\/","og_site_name":"Radio UNO Digital","article_published_time":"2020-07-25T04:27:35+00:00","article_modified_time":"2020-07-25T04:41:34+00:00","og_image":[{"width":650,"height":430,"url":"https:\/\/radiounodigital.com\/web\/wp-content\/uploads\/2020\/07\/acdc-back-in-black-album-cover-650-compressed.jpg","type":"image\/jpeg"}],"author":"diegoc","twitter_card":"summary_large_image","twitter_misc":{"Escrito por":"diegoc","Tiempo de lectura":"2 minutos"},"schema":{"@context":"https:\/\/schema.org","@graph":[{"@type":"Article","@id":"https:\/\/radiounodigital.com\/web\/2020\/07\/25\/5-de-julio-feliz-40-aniversario-back-in-black\/#article","isPartOf":{"@id":"https:\/\/radiounodigital.com\/web\/2020\/07\/25\/5-de-julio-feliz-40-aniversario-back-in-black\/"},"author":{"name":"diegoc","@id":"https:\/\/radiounodigital.com\/web\/#\/schema\/person\/00b93151fa54f619ecf9c183d1fc9758"},"headline":"25 de Julio, Feliz 40 Aniversario Back in Black","datePublished":"2020-07-25T04:27:35+00:00","dateModified":"2020-07-25T04:41:34+00:00","mainEntityOfPage":{"@id":"https:\/\/radiounodigital.com\/web\/2020\/07\/25\/5-de-julio-feliz-40-aniversario-back-in-black\/"},"wordCount":397,"commentCount":0,"image":{"@id":"https:\/\/radiounodigital.com\/web\/2020\/07\/25\/5-de-julio-feliz-40-aniversario-back-in-black\/#primaryimage"},"thumbnailUrl":"https:\/\/radiounodigital.com\/web\/wp-content\/uploads\/2020\/07\/acdc-back-in-black-album-cover-650-compressed.jpg","keywords":["40 aniversario","AC\/DC","back in black"],"articleSection":["news","Rock Clasico"],"inLanguage":"es","potentialAction":[{"@type":"CommentAction","name":"Comment","target":["https:\/\/radiounodigital.com\/web\/2020\/07\/25\/5-de-julio-feliz-40-aniversario-back-in-black\/#respond"]}]},{"@type":"WebPage","@id":"https:\/\/radiounodigital.com\/web\/2020\/07\/25\/5-de-julio-feliz-40-aniversario-back-in-black\/","url":"https:\/\/radiounodigital.com\/web\/2020\/07\/25\/5-de-julio-feliz-40-aniversario-back-in-black\/","name":"25 de Julio, Feliz 40 Aniversario Back in Black - Radio UNO Digital","isPartOf":{"@id":"https:\/\/radiounodigital.com\/web\/#website"},"primaryImageOfPage":{"@id":"https:\/\/radiounodigital.com\/web\/2020\/07\/25\/5-de-julio-feliz-40-aniversario-back-in-black\/#primaryimage"},"image":{"@id":"https:\/\/radiounodigital.com\/web\/2020\/07\/25\/5-de-julio-feliz-40-aniversario-back-in-black\/#primaryimage"},"thumbnailUrl":"https:\/\/radiounodigital.com\/web\/wp-content\/uploads\/2020\/07\/acdc-back-in-black-album-cover-650-compressed.jpg","datePublished":"2020-07-25T04:27:35+00:00","dateModified":"2020-07-25T04:41:34+00:00","author":{"@id":"https:\/\/radiounodigital.com\/web\/#\/schema\/person\/00b93151fa54f619ecf9c183d1fc9758"},"breadcrumb":{"@id":"https:\/\/radiounodigital.com\/web\/2020\/07\/25\/5-de-julio-feliz-40-aniversario-back-in-black\/#breadcrumb"},"inLanguage":"es","potentialAction":[{"@type":"ReadAction","target":["https:\/\/radiounodigital.com\/web\/2020\/07\/25\/5-de-julio-feliz-40-aniversario-back-in-black\/"]}]},{"@type":"ImageObject","inLanguage":"es","@id":"https:\/\/radiounodigital.com\/web\/2020\/07\/25\/5-de-julio-feliz-40-aniversario-back-in-black\/#primaryimage","url":"https:\/\/radiounodigital.com\/web\/wp-content\/uploads\/2020\/07\/acdc-back-in-black-album-cover-650-compressed.jpg","contentUrl":"https:\/\/radiounodigital.com\/web\/wp-content\/uploads\/2020\/07\/acdc-back-in-black-album-cover-650-compressed.jpg","width":650,"height":430},{"@type":"BreadcrumbList","@id":"https:\/\/radiounodigital.com\/web\/2020\/07\/25\/5-de-julio-feliz-40-aniversario-back-in-black\/#breadcrumb","itemListElement":[{"@type":"ListItem","position":1,"name":"Home","item":"https:\/\/radiounodigital.com\/web\/"},{"@type":"ListItem","position":2,"name":"25 de Julio, Feliz 40 Aniversario Back in Black"}]},{"@type":"WebSite","@id":"https:\/\/radiounodigital.com\/web\/#website","url":"https:\/\/radiounodigital.com\/web\/","name":"Radio UNO Digital","description":"Donde la cultura del rock se siente","potentialAction":[{"@type":"SearchAction","target":{"@type":"EntryPoint","urlTemplate":"https:\/\/radiounodigital.com\/web\/?s={search_term_string}"},"query-input":{"@type":"PropertyValueSpecification","valueRequired":true,"valueName":"search_term_string"}}],"inLanguage":"es"},{"@type":"Person","@id":"https:\/\/radiounodigital.com\/web\/#\/schema\/person\/00b93151fa54f619ecf9c183d1fc9758","name":"diegoc","image":{"@type":"ImageObject","inLanguage":"es","@id":"https:\/\/secure.gravatar.com\/avatar\/0a67041d44c702fb0660d81a5a32c7ce6007341cf92afeb718b75883bf415864?s=96&d=blank&r=g","url":"https:\/\/secure.gravatar.com\/avatar\/0a67041d44c702fb0660d81a5a32c7ce6007341cf92afeb718b75883bf415864?s=96&d=blank&r=g","contentUrl":"https:\/\/secure.gravatar.com\/avatar\/0a67041d44c702fb0660d81a5a32c7ce6007341cf92afeb718b75883bf415864?s=96&d=blank&r=g","caption":"diegoc"},"url":"https:\/\/radiounodigital.com\/web\/author\/diegoc\/"}]}},"_links":{"self":[{"href":"https:\/\/radiounodigital.com\/web\/wp-json\/wp\/v2\/posts\/4233","targetHints":{"allow":["GET"]}}],"collection":[{"href":"https:\/\/radiounodigital.com\/web\/wp-json\/wp\/v2\/posts"}],"about":[{"href":"https:\/\/radiounodigital.com\/web\/wp-json\/wp\/v2\/types\/post"}],"author":[{"embeddable":true,"href":"https:\/\/radiounodigital.com\/web\/wp-json\/wp\/v2\/users\/1"}],"replies":[{"embeddable":true,"href":"https:\/\/radiounodigital.com\/web\/wp-json\/wp\/v2\/comments?post=4233"}],"version-history":[{"count":5,"href":"https:\/\/radiounodigital.com\/web\/wp-json\/wp\/v2\/posts\/4233\/revisions"}],"predecessor-version":[{"id":4239,"href":"https:\/\/radiounodigital.com\/web\/wp-json\/wp\/v2\/posts\/4233\/revisions\/4239"}],"wp:featuredmedia":[{"embeddable":true,"href":"https:\/\/radiounodigital.com\/web\/wp-json\/wp\/v2\/media\/4240"}],"wp:attachment":[{"href":"https:\/\/radiounodigital.com\/web\/wp-json\/wp\/v2\/media?parent=4233"}],"wp:term":[{"taxonomy":"category","embeddable":true,"href":"https:\/\/radiounodigital.com\/web\/wp-json\/wp\/v2\/categories?post=4233"},{"taxonomy":"post_tag","embeddable":true,"href":"https:\/\/radiounodigital.com\/web\/wp-json\/wp\/v2\/tags?post=4233"}],"curies":[{"name":"wp","href":"https:\/\/api.w.org\/{rel}","templated":true}]}}