{"id":4243,"date":"2020-07-25T18:16:31","date_gmt":"2020-07-25T21:16:31","guid":{"rendered":"https:\/\/radiounodigital.com\/web\/?p=4243"},"modified":"2020-07-25T18:16:31","modified_gmt":"2020-07-25T21:16:31","slug":"peter-green-un-talento-no-valorado","status":"publish","type":"post","link":"https:\/\/radiounodigital.com\/web\/2020\/07\/25\/peter-green-un-talento-no-valorado\/","title":{"rendered":"Peter Green, un talento no valorado"},"content":{"rendered":"<h3>Peter Green estaba perdiendo la cabeza. El uso excesivo de LSD estaba empezando a pasar factura.<\/h3>\n<p>A fines de 1968, sus compa\u00f1eros de banda en la banda que \u00e9l hab\u00eda fundado, Fleetwood Mac, se hab\u00edan preocupado por el estado mental de Green. Se estaba distanciando, a veces era incoherente y hab\u00eda comenzado a usar t\u00fanicas y un crucifijo.<\/p>\n<p>En 1969, el fundador y compositor principal de Fleetwood Mac le hab\u00eda proporcionado a la banda un sencillo n\u00famero uno (Albatros), as\u00ed como dos sencillos n\u00famero 2 (Oh Well y Man Of The World). Pero a ra\u00edz de esos \u00e9xitos, el guitarrista se estaba distanciando del resto de su banda y estaba cada vez m\u00e1s obsesionado con la moral del reciente \u00e9xito financiero de la banda.<\/p>\n<p>Un atrac\u00f3n de LSD de tres d\u00edas en una comuna en Munich a principios de 1970 exacerb\u00f3 en gran medida el descenso mental de Green a la esquizofrenia.<\/p>\n<p>Alrededor de este tiempo, Green escribi\u00f3 una canci\u00f3n llamada The Green Manalishi (With The Two Prong Crown despu\u00e9s de despertarse de una pesadilla inducida por el \u00e1cido en la que un perro verde que Green &#8216;entendi\u00f3&#8217; representaba tanto el dinero como el Diablo, le ladr\u00f3.<\/p>\n<p>En el sue\u00f1o, el perro estaba muerto, al igual que el propio Green; eventualmente Green gan\u00f3 la lucha para regresar a su cuerpo vivo para despertarse de la pesadilla (hey, esto es \u00e1cido, amigos). Green se despert\u00f3 del sue\u00f1o e inmediatamente escribi\u00f3 el siguiente sencillo de Fleetwood Mac. La canci\u00f3n alcanzar\u00eda el n\u00famero 10 en el Reino Unido.<\/p>\n<p style=\"text-align: center;\"><iframe loading=\"lazy\" src=\"https:\/\/www.youtube.com\/embed\/EKRfCkx8KCM\" width=\"560\" height=\"315\" frameborder=\"0\" allowfullscreen=\"allowfullscreen\"><\/iframe><\/p>\n<p>Antes de que la canci\u00f3n se convirtiera en el cuarto sencillo consecutivo Top Ten de Fleetwood Mac, Peter Green dej\u00f3 la banda que hab\u00eda fundado. Mick Fleetwood recuerda a Green exigiendo que la banda regale todo su dinero; espec\u00edficamente, que usan su dinero para ayudar a acabar con el hambre en el mundo.<\/p>\n<p>Green tambi\u00e9n insisti\u00f3 en que \u00e9l fuera quien prestara ayuda a los pobres y hambrientos, para evitar organizaciones de caridad, en quienes no confiaba. Despu\u00e9s de que el resto de la banda se neg\u00f3, Peter Green dej\u00f3 la banda.Peter Green fue una parte integral del British Blues Boom a mediados y finales de los a\u00f1os 60. Reemplaz\u00f3 a Eric Clapton en Blues Breakers de John Mayall, y form\u00f3 Fleetwood Mac en 1967. Los historiadores del metal coinciden en que estas bandas (junto con sus colegas brit\u00e1nicos, los Yardbirds) sentaron las bases para la evoluci\u00f3n de la m\u00fasica Heavy Metal.Sigue ese camino evolutivo hasta mediados de los 70 y eventualmente encontrar\u00e1s a La Bestia que es el Judas Priest de Birmingham.<\/p>\n<p>El Heavy Metal hab\u00eda recorrido un largo camino en poco tiempo, transform\u00e1ndose r\u00e1pidamente de \u00abwhite boy blues\u00bb en un g\u00e9nero v\u00e1lido en s\u00ed mismo en solo unos pocos a\u00f1os. Los sacerdotes fueron fundamentales en la evoluci\u00f3n del metal; su segundo \u00e1lbum, Sad Wings of Destiny de 1976, es un hito en el desarrollo de la forma en que se aleja de las ra\u00edces de blues del g\u00e9nero y se convierte en un sonido y un estilo \u00fanicos en s\u00ed mismos.<\/p>\n<p>Alguien en CBS Records reconoci\u00f3 el genio en el trabajo en SWOD y firm\u00f3 a Judas Priest para un contrato de varios \u00e1lbumes. Su pr\u00f3ximo \u00e1lbum, Sin After Sin, fue otro disco innovador de heavy metal, pero su nuevo sello estaba interesado en el comercio al menos tanto como en el arte. CBS insisti\u00f3 en que la banda grabara una canci\u00f3n de tapa para intentar obtener algo de airplay. El productor Roger Glover sugiri\u00f3 los encantadores Diamonds and Rust de Joan Baez, y el resto es historia.<\/p>\n<p>Para el \u00e1lbum n\u00famero cuatro, Stained Class de 1978, el sello una vez m\u00e1s insisti\u00f3 en que se lanzara una canci\u00f3n a la radio; Better By You, Better Than Me, escrito por Gary Wright (el hombre detr\u00e1s del \u00e9xito estadounidense de 1976 Dream Weaver) y originalmente grabado por Spooky Tooth, se grab\u00f3 a la hora 12 con un productor diferente y se agreg\u00f3 al disco ya completado.<\/p>\n<p>\u00bfIncluyendo estas versiones de portada entreg\u00f3 los resultados que CBS estaba buscando? No. Ninguna de estas portadas fueron \u00abhits\u00bb; ninguno cartografiado en absoluto, en cualquier lugar. Pero los ejecutivos de CBS no se arriesgaron con el quinto \u00e1lbum de la banda, titulado Killing Machine. Lanzado apenas 10 meses despu\u00e9s de Stained Class, Machine revel\u00f3 algunas concesiones importantes de la banda en el departamento de composici\u00f3n de canciones, pero CBS segu\u00eda descontento con el \u00e1lbum en general, al menos en t\u00e9rminos de su \u00abpotencial comercial\u00bb en los Estados Unidos.<\/p>\n<p>El sello, inc\u00f3modo con las implicaciones asesinas del original, cambi\u00f3 el t\u00edtulo del disco para el mercado estadounidense a Hell Bent For Leather \u00ab. CBS tambi\u00e9n presion\u00f3 por otra portada. The Gun\u2019s Race With the Devil (m\u00e1s tarde un \u00e9xito del Reino Unido para Girlschool) se demostr\u00f3, pero se abandon\u00f3 a favor de The Green Manalishi.<\/p>\n<p style=\"text-align: center;\"><iframe loading=\"lazy\" src=\"https:\/\/www.youtube.com\/embed\/y-8jaQ6f1XE\" width=\"560\" height=\"315\" frameborder=\"0\" allowfullscreen=\"allowfullscreen\"><\/iframe><\/p>\n<p>Judas Priest transform\u00f3 la inquietante advertencia inducida por \u00e1cido de Peter Green de los males de la riqueza en un aplastante monstruo de amenaza y melod\u00eda. La canci\u00f3n se recoge y se reescribe en una estructura de hierro fundido y rueda como un tanque Sherman.<br \/>\nEl misterioso personaje de &#8216;Manalishi&#8217; de Green se convierte del dinero psicod\u00e9lico que es el Diablo en un perro ladrando muerto en otra de las figuras de fantas\u00eda \/ h\u00e9roe de ciencia ficci\u00f3n \/ profeta \/ salvador \/ apocal\u00edptico de Sacerdote, el \u00faltimo de una larga l\u00ednea de excitadores, so\u00f1adores \/ enga\u00f1adores , pecadores, destripadores, agresores y destructores de estrellas.<\/p>\n<div class=\"fb-background-color\">\n\t\t\t  <div \n\t\t\t  \tclass = \"fb-comments\" \n\t\t\t  \tdata-href = \"https:\/\/radiounodigital.com\/web\/2020\/07\/25\/peter-green-un-talento-no-valorado\/\"\n\t\t\t  \tdata-numposts = \"10\"\n\t\t\t  \tdata-lazy = \"true\"\n\t\t\t\tdata-colorscheme = \"dark\"\n\t\t\t\tdata-order-by = \"reverse_time\"\n\t\t\t\tdata-mobile=true>\n\t\t\t  <\/div><\/div>\n\t\t  <style>\n\t\t    .fb-background-color {\n\t\t\t\tbackground: #ffffff !important;\n\t\t\t}\n\t\t\t.fb_iframe_widget_fluid_desktop iframe {\n\t\t\t    width: 100% !important;\n\t\t\t}\n\t\t  <\/style>\n\t\t  ","protected":false},"excerpt":{"rendered":"<p>Peter Green estaba perdiendo la cabeza. El uso excesivo de LSD estaba empezando a pasar factura. A fines de 1968, sus compa\u00f1eros de banda en la banda que \u00e9l hab\u00eda fundado, Fleetwood Mac, se hab\u00edan preocupado por el estado mental de Green. Se estaba distanciando, a veces era incoherente y hab\u00eda comenzado a usar t\u00fanicas&#8230; <a href=\"https:\/\/radiounodigital.com\/web\/2020\/07\/25\/peter-green-un-talento-no-valorado\/\" class=\"excerpt-read-more\">Read More<\/a><\/p>\n","protected":false},"author":1,"featured_media":4244,"comment_status":"open","ping_status":"open","sticky":false,"template":"","format":"standard","meta":{"footnotes":""},"categories":[180,128],"tags":[1134,1135,1136,1133],"class_list":["post-4243","post","type-post","status-publish","format-standard","has-post-thumbnail","hentry","category-news","category-rock-clasico","tag-fleetwood-mac","tag-john-mayall-blues-band","tag-murio","tag-peter-green"],"yoast_head":"<!-- This site is optimized with the Yoast SEO plugin v27.4 - https:\/\/yoast.com\/product\/yoast-seo-wordpress\/ -->\n<title>Peter Green, un talento no valorado - Radio UNO Digital<\/title>\n<meta name=\"robots\" content=\"index, follow, max-snippet:-1, max-image-preview:large, max-video-preview:-1\" \/>\n<link rel=\"canonical\" href=\"https:\/\/radiounodigital.com\/web\/2020\/07\/25\/peter-green-un-talento-no-valorado\/\" \/>\n<meta property=\"og:locale\" content=\"es_ES\" \/>\n<meta property=\"og:type\" content=\"article\" \/>\n<meta property=\"og:title\" content=\"Peter Green, un talento no valorado - Radio UNO Digital\" \/>\n<meta property=\"og:description\" content=\"Peter Green estaba perdiendo la cabeza. El uso excesivo de LSD estaba empezando a pasar factura. A fines de 1968, sus compa\u00f1eros de banda en la banda que \u00e9l hab\u00eda fundado, Fleetwood Mac, se hab\u00edan preocupado por el estado mental de Green. Se estaba distanciando, a veces era incoherente y hab\u00eda comenzado a usar t\u00fanicas... Read More\" \/>\n<meta property=\"og:url\" content=\"https:\/\/radiounodigital.com\/web\/2020\/07\/25\/peter-green-un-talento-no-valorado\/\" \/>\n<meta property=\"og:site_name\" content=\"Radio UNO Digital\" \/>\n<meta property=\"article:published_time\" content=\"2020-07-25T21:16:31+00:00\" \/>\n<meta property=\"og:image\" content=\"https:\/\/radiounodigital.com\/web\/wp-content\/uploads\/2020\/07\/Peter-Green-750x466-1.jpg\" \/>\n\t<meta property=\"og:image:width\" content=\"750\" \/>\n\t<meta property=\"og:image:height\" content=\"466\" \/>\n\t<meta property=\"og:image:type\" content=\"image\/jpeg\" \/>\n<meta name=\"author\" content=\"diegoc\" \/>\n<meta name=\"twitter:card\" content=\"summary_large_image\" \/>\n<meta name=\"twitter:label1\" content=\"Escrito por\" \/>\n\t<meta name=\"twitter:data1\" content=\"diegoc\" \/>\n\t<meta name=\"twitter:label2\" content=\"Tiempo de lectura\" \/>\n\t<meta name=\"twitter:data2\" content=\"5 minutos\" \/>\n<script type=\"application\/ld+json\" class=\"yoast-schema-graph\">{\"@context\":\"https:\\\/\\\/schema.org\",\"@graph\":[{\"@type\":\"Article\",\"@id\":\"https:\\\/\\\/radiounodigital.com\\\/web\\\/2020\\\/07\\\/25\\\/peter-green-un-talento-no-valorado\\\/#article\",\"isPartOf\":{\"@id\":\"https:\\\/\\\/radiounodigital.com\\\/web\\\/2020\\\/07\\\/25\\\/peter-green-un-talento-no-valorado\\\/\"},\"author\":{\"name\":\"diegoc\",\"@id\":\"https:\\\/\\\/radiounodigital.com\\\/web\\\/#\\\/schema\\\/person\\\/00b93151fa54f619ecf9c183d1fc9758\"},\"headline\":\"Peter Green, un talento no valorado\",\"datePublished\":\"2020-07-25T21:16:31+00:00\",\"mainEntityOfPage\":{\"@id\":\"https:\\\/\\\/radiounodigital.com\\\/web\\\/2020\\\/07\\\/25\\\/peter-green-un-talento-no-valorado\\\/\"},\"wordCount\":962,\"commentCount\":0,\"image\":{\"@id\":\"https:\\\/\\\/radiounodigital.com\\\/web\\\/2020\\\/07\\\/25\\\/peter-green-un-talento-no-valorado\\\/#primaryimage\"},\"thumbnailUrl\":\"https:\\\/\\\/radiounodigital.com\\\/web\\\/wp-content\\\/uploads\\\/2020\\\/07\\\/Peter-Green-750x466-1.jpg\",\"keywords\":[\"Fleetwood Mac\",\"John Mayall Blues Band\",\"murio\",\"Peter Green\"],\"articleSection\":[\"news\",\"Rock Clasico\"],\"inLanguage\":\"es\",\"potentialAction\":[{\"@type\":\"CommentAction\",\"name\":\"Comment\",\"target\":[\"https:\\\/\\\/radiounodigital.com\\\/web\\\/2020\\\/07\\\/25\\\/peter-green-un-talento-no-valorado\\\/#respond\"]}]},{\"@type\":\"WebPage\",\"@id\":\"https:\\\/\\\/radiounodigital.com\\\/web\\\/2020\\\/07\\\/25\\\/peter-green-un-talento-no-valorado\\\/\",\"url\":\"https:\\\/\\\/radiounodigital.com\\\/web\\\/2020\\\/07\\\/25\\\/peter-green-un-talento-no-valorado\\\/\",\"name\":\"Peter Green, un talento no valorado - Radio UNO Digital\",\"isPartOf\":{\"@id\":\"https:\\\/\\\/radiounodigital.com\\\/web\\\/#website\"},\"primaryImageOfPage\":{\"@id\":\"https:\\\/\\\/radiounodigital.com\\\/web\\\/2020\\\/07\\\/25\\\/peter-green-un-talento-no-valorado\\\/#primaryimage\"},\"image\":{\"@id\":\"https:\\\/\\\/radiounodigital.com\\\/web\\\/2020\\\/07\\\/25\\\/peter-green-un-talento-no-valorado\\\/#primaryimage\"},\"thumbnailUrl\":\"https:\\\/\\\/radiounodigital.com\\\/web\\\/wp-content\\\/uploads\\\/2020\\\/07\\\/Peter-Green-750x466-1.jpg\",\"datePublished\":\"2020-07-25T21:16:31+00:00\",\"author\":{\"@id\":\"https:\\\/\\\/radiounodigital.com\\\/web\\\/#\\\/schema\\\/person\\\/00b93151fa54f619ecf9c183d1fc9758\"},\"breadcrumb\":{\"@id\":\"https:\\\/\\\/radiounodigital.com\\\/web\\\/2020\\\/07\\\/25\\\/peter-green-un-talento-no-valorado\\\/#breadcrumb\"},\"inLanguage\":\"es\",\"potentialAction\":[{\"@type\":\"ReadAction\",\"target\":[\"https:\\\/\\\/radiounodigital.com\\\/web\\\/2020\\\/07\\\/25\\\/peter-green-un-talento-no-valorado\\\/\"]}]},{\"@type\":\"ImageObject\",\"inLanguage\":\"es\",\"@id\":\"https:\\\/\\\/radiounodigital.com\\\/web\\\/2020\\\/07\\\/25\\\/peter-green-un-talento-no-valorado\\\/#primaryimage\",\"url\":\"https:\\\/\\\/radiounodigital.com\\\/web\\\/wp-content\\\/uploads\\\/2020\\\/07\\\/Peter-Green-750x466-1.jpg\",\"contentUrl\":\"https:\\\/\\\/radiounodigital.com\\\/web\\\/wp-content\\\/uploads\\\/2020\\\/07\\\/Peter-Green-750x466-1.jpg\",\"width\":750,\"height\":466},{\"@type\":\"BreadcrumbList\",\"@id\":\"https:\\\/\\\/radiounodigital.com\\\/web\\\/2020\\\/07\\\/25\\\/peter-green-un-talento-no-valorado\\\/#breadcrumb\",\"itemListElement\":[{\"@type\":\"ListItem\",\"position\":1,\"name\":\"Home\",\"item\":\"https:\\\/\\\/radiounodigital.com\\\/web\\\/\"},{\"@type\":\"ListItem\",\"position\":2,\"name\":\"Peter Green, un talento no valorado\"}]},{\"@type\":\"WebSite\",\"@id\":\"https:\\\/\\\/radiounodigital.com\\\/web\\\/#website\",\"url\":\"https:\\\/\\\/radiounodigital.com\\\/web\\\/\",\"name\":\"Radio UNO Digital\",\"description\":\"Donde la cultura del rock se siente\",\"potentialAction\":[{\"@type\":\"SearchAction\",\"target\":{\"@type\":\"EntryPoint\",\"urlTemplate\":\"https:\\\/\\\/radiounodigital.com\\\/web\\\/?s={search_term_string}\"},\"query-input\":{\"@type\":\"PropertyValueSpecification\",\"valueRequired\":true,\"valueName\":\"search_term_string\"}}],\"inLanguage\":\"es\"},{\"@type\":\"Person\",\"@id\":\"https:\\\/\\\/radiounodigital.com\\\/web\\\/#\\\/schema\\\/person\\\/00b93151fa54f619ecf9c183d1fc9758\",\"name\":\"diegoc\",\"image\":{\"@type\":\"ImageObject\",\"inLanguage\":\"es\",\"@id\":\"https:\\\/\\\/secure.gravatar.com\\\/avatar\\\/0a67041d44c702fb0660d81a5a32c7ce6007341cf92afeb718b75883bf415864?s=96&d=blank&r=g\",\"url\":\"https:\\\/\\\/secure.gravatar.com\\\/avatar\\\/0a67041d44c702fb0660d81a5a32c7ce6007341cf92afeb718b75883bf415864?s=96&d=blank&r=g\",\"contentUrl\":\"https:\\\/\\\/secure.gravatar.com\\\/avatar\\\/0a67041d44c702fb0660d81a5a32c7ce6007341cf92afeb718b75883bf415864?s=96&d=blank&r=g\",\"caption\":\"diegoc\"},\"url\":\"https:\\\/\\\/radiounodigital.com\\\/web\\\/author\\\/diegoc\\\/\"}]}<\/script>\n<!-- \/ Yoast SEO plugin. -->","yoast_head_json":{"title":"Peter Green, un talento no valorado - Radio UNO Digital","robots":{"index":"index","follow":"follow","max-snippet":"max-snippet:-1","max-image-preview":"max-image-preview:large","max-video-preview":"max-video-preview:-1"},"canonical":"https:\/\/radiounodigital.com\/web\/2020\/07\/25\/peter-green-un-talento-no-valorado\/","og_locale":"es_ES","og_type":"article","og_title":"Peter Green, un talento no valorado - Radio UNO Digital","og_description":"Peter Green estaba perdiendo la cabeza. El uso excesivo de LSD estaba empezando a pasar factura. A fines de 1968, sus compa\u00f1eros de banda en la banda que \u00e9l hab\u00eda fundado, Fleetwood Mac, se hab\u00edan preocupado por el estado mental de Green. Se estaba distanciando, a veces era incoherente y hab\u00eda comenzado a usar t\u00fanicas... Read More","og_url":"https:\/\/radiounodigital.com\/web\/2020\/07\/25\/peter-green-un-talento-no-valorado\/","og_site_name":"Radio UNO Digital","article_published_time":"2020-07-25T21:16:31+00:00","og_image":[{"width":750,"height":466,"url":"https:\/\/radiounodigital.com\/web\/wp-content\/uploads\/2020\/07\/Peter-Green-750x466-1.jpg","type":"image\/jpeg"}],"author":"diegoc","twitter_card":"summary_large_image","twitter_misc":{"Escrito por":"diegoc","Tiempo de lectura":"5 minutos"},"schema":{"@context":"https:\/\/schema.org","@graph":[{"@type":"Article","@id":"https:\/\/radiounodigital.com\/web\/2020\/07\/25\/peter-green-un-talento-no-valorado\/#article","isPartOf":{"@id":"https:\/\/radiounodigital.com\/web\/2020\/07\/25\/peter-green-un-talento-no-valorado\/"},"author":{"name":"diegoc","@id":"https:\/\/radiounodigital.com\/web\/#\/schema\/person\/00b93151fa54f619ecf9c183d1fc9758"},"headline":"Peter Green, un talento no valorado","datePublished":"2020-07-25T21:16:31+00:00","mainEntityOfPage":{"@id":"https:\/\/radiounodigital.com\/web\/2020\/07\/25\/peter-green-un-talento-no-valorado\/"},"wordCount":962,"commentCount":0,"image":{"@id":"https:\/\/radiounodigital.com\/web\/2020\/07\/25\/peter-green-un-talento-no-valorado\/#primaryimage"},"thumbnailUrl":"https:\/\/radiounodigital.com\/web\/wp-content\/uploads\/2020\/07\/Peter-Green-750x466-1.jpg","keywords":["Fleetwood Mac","John Mayall Blues Band","murio","Peter Green"],"articleSection":["news","Rock Clasico"],"inLanguage":"es","potentialAction":[{"@type":"CommentAction","name":"Comment","target":["https:\/\/radiounodigital.com\/web\/2020\/07\/25\/peter-green-un-talento-no-valorado\/#respond"]}]},{"@type":"WebPage","@id":"https:\/\/radiounodigital.com\/web\/2020\/07\/25\/peter-green-un-talento-no-valorado\/","url":"https:\/\/radiounodigital.com\/web\/2020\/07\/25\/peter-green-un-talento-no-valorado\/","name":"Peter Green, un talento no valorado - Radio UNO Digital","isPartOf":{"@id":"https:\/\/radiounodigital.com\/web\/#website"},"primaryImageOfPage":{"@id":"https:\/\/radiounodigital.com\/web\/2020\/07\/25\/peter-green-un-talento-no-valorado\/#primaryimage"},"image":{"@id":"https:\/\/radiounodigital.com\/web\/2020\/07\/25\/peter-green-un-talento-no-valorado\/#primaryimage"},"thumbnailUrl":"https:\/\/radiounodigital.com\/web\/wp-content\/uploads\/2020\/07\/Peter-Green-750x466-1.jpg","datePublished":"2020-07-25T21:16:31+00:00","author":{"@id":"https:\/\/radiounodigital.com\/web\/#\/schema\/person\/00b93151fa54f619ecf9c183d1fc9758"},"breadcrumb":{"@id":"https:\/\/radiounodigital.com\/web\/2020\/07\/25\/peter-green-un-talento-no-valorado\/#breadcrumb"},"inLanguage":"es","potentialAction":[{"@type":"ReadAction","target":["https:\/\/radiounodigital.com\/web\/2020\/07\/25\/peter-green-un-talento-no-valorado\/"]}]},{"@type":"ImageObject","inLanguage":"es","@id":"https:\/\/radiounodigital.com\/web\/2020\/07\/25\/peter-green-un-talento-no-valorado\/#primaryimage","url":"https:\/\/radiounodigital.com\/web\/wp-content\/uploads\/2020\/07\/Peter-Green-750x466-1.jpg","contentUrl":"https:\/\/radiounodigital.com\/web\/wp-content\/uploads\/2020\/07\/Peter-Green-750x466-1.jpg","width":750,"height":466},{"@type":"BreadcrumbList","@id":"https:\/\/radiounodigital.com\/web\/2020\/07\/25\/peter-green-un-talento-no-valorado\/#breadcrumb","itemListElement":[{"@type":"ListItem","position":1,"name":"Home","item":"https:\/\/radiounodigital.com\/web\/"},{"@type":"ListItem","position":2,"name":"Peter Green, un talento no valorado"}]},{"@type":"WebSite","@id":"https:\/\/radiounodigital.com\/web\/#website","url":"https:\/\/radiounodigital.com\/web\/","name":"Radio UNO Digital","description":"Donde la cultura del rock se siente","potentialAction":[{"@type":"SearchAction","target":{"@type":"EntryPoint","urlTemplate":"https:\/\/radiounodigital.com\/web\/?s={search_term_string}"},"query-input":{"@type":"PropertyValueSpecification","valueRequired":true,"valueName":"search_term_string"}}],"inLanguage":"es"},{"@type":"Person","@id":"https:\/\/radiounodigital.com\/web\/#\/schema\/person\/00b93151fa54f619ecf9c183d1fc9758","name":"diegoc","image":{"@type":"ImageObject","inLanguage":"es","@id":"https:\/\/secure.gravatar.com\/avatar\/0a67041d44c702fb0660d81a5a32c7ce6007341cf92afeb718b75883bf415864?s=96&d=blank&r=g","url":"https:\/\/secure.gravatar.com\/avatar\/0a67041d44c702fb0660d81a5a32c7ce6007341cf92afeb718b75883bf415864?s=96&d=blank&r=g","contentUrl":"https:\/\/secure.gravatar.com\/avatar\/0a67041d44c702fb0660d81a5a32c7ce6007341cf92afeb718b75883bf415864?s=96&d=blank&r=g","caption":"diegoc"},"url":"https:\/\/radiounodigital.com\/web\/author\/diegoc\/"}]}},"_links":{"self":[{"href":"https:\/\/radiounodigital.com\/web\/wp-json\/wp\/v2\/posts\/4243","targetHints":{"allow":["GET"]}}],"collection":[{"href":"https:\/\/radiounodigital.com\/web\/wp-json\/wp\/v2\/posts"}],"about":[{"href":"https:\/\/radiounodigital.com\/web\/wp-json\/wp\/v2\/types\/post"}],"author":[{"embeddable":true,"href":"https:\/\/radiounodigital.com\/web\/wp-json\/wp\/v2\/users\/1"}],"replies":[{"embeddable":true,"href":"https:\/\/radiounodigital.com\/web\/wp-json\/wp\/v2\/comments?post=4243"}],"version-history":[{"count":1,"href":"https:\/\/radiounodigital.com\/web\/wp-json\/wp\/v2\/posts\/4243\/revisions"}],"predecessor-version":[{"id":4245,"href":"https:\/\/radiounodigital.com\/web\/wp-json\/wp\/v2\/posts\/4243\/revisions\/4245"}],"wp:featuredmedia":[{"embeddable":true,"href":"https:\/\/radiounodigital.com\/web\/wp-json\/wp\/v2\/media\/4244"}],"wp:attachment":[{"href":"https:\/\/radiounodigital.com\/web\/wp-json\/wp\/v2\/media?parent=4243"}],"wp:term":[{"taxonomy":"category","embeddable":true,"href":"https:\/\/radiounodigital.com\/web\/wp-json\/wp\/v2\/categories?post=4243"},{"taxonomy":"post_tag","embeddable":true,"href":"https:\/\/radiounodigital.com\/web\/wp-json\/wp\/v2\/tags?post=4243"}],"curies":[{"name":"wp","href":"https:\/\/api.w.org\/{rel}","templated":true}]}}