{"id":4258,"date":"2020-07-30T07:49:57","date_gmt":"2020-07-30T10:49:57","guid":{"rendered":"https:\/\/radiounodigital.com\/web\/?p=4258"},"modified":"2020-07-29T20:52:49","modified_gmt":"2020-07-29T23:52:49","slug":"marilyn-manson-anuncia-nuevo-album-we-are-chaos-mira-el-video-del-estreno","status":"publish","type":"post","link":"https:\/\/radiounodigital.com\/web\/2020\/07\/30\/marilyn-manson-anuncia-nuevo-album-we-are-chaos-mira-el-video-del-estreno\/","title":{"rendered":"Marilyn Manson anuncia nuevo \u00e1lbum We Are Chaos. Mira el video del estreno"},"content":{"rendered":"<h3>Marilyn Manson confirma que su nuevo \u00e1lbum We Are Chaos se lanzar\u00e1 en septiembre, y nos comparte el video de la canci\u00f3n que lleva el t\u00edtulo del nuevo trabajo.<\/h3>\n<p><iframe loading=\"lazy\" title=\"Marilyn Manson - WE ARE CHAOS\" width=\"960\" height=\"540\" src=\"https:\/\/www.youtube.com\/embed\/lQJFP1INGxs?feature=oembed\" frameborder=\"0\" allow=\"accelerometer; autoplay; encrypted-media; gyroscope; picture-in-picture\" allowfullscreen><\/iframe><\/p>\n<p>Despu\u00e9s de muchas especulaciones, Marilyn Manson ha confirmado que su nuevo \u00e1lbum de estudio se lanzar\u00e1 a finales de este a\u00f1o.<\/p>\n<p>El seguimiento de Heaven Upside Down de 2017 se titula We Are Chaos y llegar\u00e1 el 11 de septiembre a trav\u00e9s de Loma Vista Recordings.<\/p>\n<p>Como se inform\u00f3 anteriormente, fue coproducida por Manson y Shooter Jennings, con Manson marcando la noticia con un video para la canci\u00f3n principal, que fue dirigida, fotografiada y editada por Matt Mahurin.<\/p>\n<p>Hablando sobre el \u00e1lbum, Manson dice: \u201cCuando escucho We Are Chaos ahora, parece que fue ayer o como si el mundo se repitiera, como siempre, haciendo que la canci\u00f3n principal y las historias parezcan como si las escribi\u00e9ramos hoy. .<\/p>\n<p>\u201cEsto se grab\u00f3 hasta su finalizaci\u00f3n sin que nadie lo escuchara hasta que se termin\u00f3. Definitivamente hay un lado A y un lado B en el sentido tradicional. Pero al igual que un LP, es un c\u00edrculo plano y le corresponde al oyente poner la \u00faltima pieza del rompecabezas en la imagen de las canciones.<\/p>\n<p>\u00abEste \u00e1lbum conceptual es el Shooter espejo y lo constru\u00ed para el oyente, es el que no miraremos. Hay tantas habitaciones, armarios, cajas fuertes y cajones. Pero en el alma o en tu museo de recuerdos, lo peor son siempre los espejos. Fragmentos y astillas de fantasmas me persegu\u00edan cuando escrib\u00ed la mayor\u00eda de estas letras \u00ab.<\/p>\n<p>Manson agrega: \u00abAl hacer este disco, tuve que pensarme a m\u00ed mismo:\u00bb Domestica tu locura, cose tu traje, y trata de fingir que no eres un animal \u00ab, pero sab\u00eda que la humanidad es la peor de todas. Hacer misericordia es como hacer un asesinato. Las l\u00e1grimas son la mayor exportaci\u00f3n del cuerpo humano \u00ab.<\/p>\n<p>La portada de We Are Chaos fue pintada por el propio Manson especialmente para el disco y se titula Infinite Darkness, que tambi\u00e9n es el nombre de una de las pistas del \u00e1lbum.<\/p>\n<p style=\"text-align: center;\"><img loading=\"lazy\" decoding=\"async\" class=\"alignnone size-full wp-image-4260\" src=\"https:\/\/radiounodigital.com\/web\/wp-content\/uploads\/2020\/07\/Marilyn-Manson-We-are-Chaos-Art-Cover.jpg\" alt=\"\" width=\"650\" height=\"650\" srcset=\"https:\/\/radiounodigital.com\/web\/wp-content\/uploads\/2020\/07\/Marilyn-Manson-We-are-Chaos-Art-Cover.jpg 650w, https:\/\/radiounodigital.com\/web\/wp-content\/uploads\/2020\/07\/Marilyn-Manson-We-are-Chaos-Art-Cover-300x300.jpg 300w, https:\/\/radiounodigital.com\/web\/wp-content\/uploads\/2020\/07\/Marilyn-Manson-We-are-Chaos-Art-Cover-150x150.jpg 150w\" sizes=\"auto, (max-width: 650px) 100vw, 650px\" \/><\/p>\n<p>&nbsp;<\/p>\n<div class=\"fb-background-color\">\n\t\t\t  <div \n\t\t\t  \tclass = \"fb-comments\" \n\t\t\t  \tdata-href = \"https:\/\/radiounodigital.com\/web\/2020\/07\/30\/marilyn-manson-anuncia-nuevo-album-we-are-chaos-mira-el-video-del-estreno\/\"\n\t\t\t  \tdata-numposts = \"10\"\n\t\t\t  \tdata-lazy = \"true\"\n\t\t\t\tdata-colorscheme = \"dark\"\n\t\t\t\tdata-order-by = \"reverse_time\"\n\t\t\t\tdata-mobile=true>\n\t\t\t  <\/div><\/div>\n\t\t  <style>\n\t\t    .fb-background-color {\n\t\t\t\tbackground: #ffffff !important;\n\t\t\t}\n\t\t\t.fb_iframe_widget_fluid_desktop iframe {\n\t\t\t    width: 100% !important;\n\t\t\t}\n\t\t  <\/style>\n\t\t  ","protected":false},"excerpt":{"rendered":"<p>Marilyn Manson confirma que su nuevo \u00e1lbum We Are Chaos se lanzar\u00e1 en septiembre, y nos comparte el video de la canci\u00f3n que lleva el t\u00edtulo del nuevo trabajo. Despu\u00e9s de muchas especulaciones, Marilyn Manson ha confirmado que su nuevo \u00e1lbum de estudio se lanzar\u00e1 a finales de este a\u00f1o. El seguimiento de Heaven Upside&#8230; <a href=\"https:\/\/radiounodigital.com\/web\/2020\/07\/30\/marilyn-manson-anuncia-nuevo-album-we-are-chaos-mira-el-video-del-estreno\/\" class=\"excerpt-read-more\">Read More<\/a><\/p>\n","protected":false},"author":1,"featured_media":4261,"comment_status":"open","ping_status":"open","sticky":false,"template":"","format":"standard","meta":{"footnotes":""},"categories":[1097,180,127],"tags":[119,1149,132,24,1150],"class_list":["post-4258","post","type-post","status-publish","format-standard","has-post-thumbnail","hentry","category-lo-nuevo","category-news","category-rock","tag-disco","tag-marilyn-manson","tag-nuevo","tag-video","tag-we-are-chaos"],"yoast_head":"<!-- This site is optimized with the Yoast SEO plugin v27.4 - https:\/\/yoast.com\/product\/yoast-seo-wordpress\/ -->\n<title>Marilyn Manson anuncia nuevo \u00e1lbum We Are Chaos. Mira el video del estreno - Radio UNO Digital<\/title>\n<meta name=\"robots\" content=\"index, follow, max-snippet:-1, max-image-preview:large, max-video-preview:-1\" \/>\n<link rel=\"canonical\" href=\"https:\/\/radiounodigital.com\/web\/2020\/07\/30\/marilyn-manson-anuncia-nuevo-album-we-are-chaos-mira-el-video-del-estreno\/\" \/>\n<meta property=\"og:locale\" content=\"es_ES\" \/>\n<meta property=\"og:type\" content=\"article\" \/>\n<meta property=\"og:title\" content=\"Marilyn Manson anuncia nuevo \u00e1lbum We Are Chaos. Mira el video del estreno - Radio UNO Digital\" \/>\n<meta property=\"og:description\" content=\"Marilyn Manson confirma que su nuevo \u00e1lbum We Are Chaos se lanzar\u00e1 en septiembre, y nos comparte el video de la canci\u00f3n que lleva el t\u00edtulo del nuevo trabajo. Despu\u00e9s de muchas especulaciones, Marilyn Manson ha confirmado que su nuevo \u00e1lbum de estudio se lanzar\u00e1 a finales de este a\u00f1o. El seguimiento de Heaven Upside... Read More\" \/>\n<meta property=\"og:url\" content=\"https:\/\/radiounodigital.com\/web\/2020\/07\/30\/marilyn-manson-anuncia-nuevo-album-we-are-chaos-mira-el-video-del-estreno\/\" \/>\n<meta property=\"og:site_name\" content=\"Radio UNO Digital\" \/>\n<meta property=\"article:published_time\" content=\"2020-07-30T10:49:57+00:00\" \/>\n<meta property=\"og:image\" content=\"https:\/\/radiounodigital.com\/web\/wp-content\/uploads\/2020\/07\/MM-wac-prev.jpg\" \/>\n\t<meta property=\"og:image:width\" content=\"1920\" \/>\n\t<meta property=\"og:image:height\" content=\"720\" \/>\n\t<meta property=\"og:image:type\" content=\"image\/jpeg\" \/>\n<meta name=\"author\" content=\"diegoc\" \/>\n<meta name=\"twitter:card\" content=\"summary_large_image\" \/>\n<meta name=\"twitter:label1\" content=\"Escrito por\" \/>\n\t<meta name=\"twitter:data1\" content=\"diegoc\" \/>\n\t<meta name=\"twitter:label2\" content=\"Tiempo de lectura\" \/>\n\t<meta name=\"twitter:data2\" content=\"2 minutos\" \/>\n<script type=\"application\/ld+json\" class=\"yoast-schema-graph\">{\"@context\":\"https:\\\/\\\/schema.org\",\"@graph\":[{\"@type\":\"Article\",\"@id\":\"https:\\\/\\\/radiounodigital.com\\\/web\\\/2020\\\/07\\\/30\\\/marilyn-manson-anuncia-nuevo-album-we-are-chaos-mira-el-video-del-estreno\\\/#article\",\"isPartOf\":{\"@id\":\"https:\\\/\\\/radiounodigital.com\\\/web\\\/2020\\\/07\\\/30\\\/marilyn-manson-anuncia-nuevo-album-we-are-chaos-mira-el-video-del-estreno\\\/\"},\"author\":{\"name\":\"diegoc\",\"@id\":\"https:\\\/\\\/radiounodigital.com\\\/web\\\/#\\\/schema\\\/person\\\/00b93151fa54f619ecf9c183d1fc9758\"},\"headline\":\"Marilyn Manson anuncia nuevo \u00e1lbum We Are Chaos. Mira el video del estreno\",\"datePublished\":\"2020-07-30T10:49:57+00:00\",\"mainEntityOfPage\":{\"@id\":\"https:\\\/\\\/radiounodigital.com\\\/web\\\/2020\\\/07\\\/30\\\/marilyn-manson-anuncia-nuevo-album-we-are-chaos-mira-el-video-del-estreno\\\/\"},\"wordCount\":383,\"commentCount\":0,\"image\":{\"@id\":\"https:\\\/\\\/radiounodigital.com\\\/web\\\/2020\\\/07\\\/30\\\/marilyn-manson-anuncia-nuevo-album-we-are-chaos-mira-el-video-del-estreno\\\/#primaryimage\"},\"thumbnailUrl\":\"https:\\\/\\\/radiounodigital.com\\\/web\\\/wp-content\\\/uploads\\\/2020\\\/07\\\/MM-wac-prev.jpg\",\"keywords\":[\"disco\",\"Marilyn Manson\",\"nuevo\",\"Video\",\"We are chaos\"],\"articleSection\":[\"lo nuevo\",\"news\",\"Rock\"],\"inLanguage\":\"es\",\"potentialAction\":[{\"@type\":\"CommentAction\",\"name\":\"Comment\",\"target\":[\"https:\\\/\\\/radiounodigital.com\\\/web\\\/2020\\\/07\\\/30\\\/marilyn-manson-anuncia-nuevo-album-we-are-chaos-mira-el-video-del-estreno\\\/#respond\"]}]},{\"@type\":\"WebPage\",\"@id\":\"https:\\\/\\\/radiounodigital.com\\\/web\\\/2020\\\/07\\\/30\\\/marilyn-manson-anuncia-nuevo-album-we-are-chaos-mira-el-video-del-estreno\\\/\",\"url\":\"https:\\\/\\\/radiounodigital.com\\\/web\\\/2020\\\/07\\\/30\\\/marilyn-manson-anuncia-nuevo-album-we-are-chaos-mira-el-video-del-estreno\\\/\",\"name\":\"Marilyn Manson anuncia nuevo \u00e1lbum We Are Chaos. Mira el video del estreno - Radio UNO Digital\",\"isPartOf\":{\"@id\":\"https:\\\/\\\/radiounodigital.com\\\/web\\\/#website\"},\"primaryImageOfPage\":{\"@id\":\"https:\\\/\\\/radiounodigital.com\\\/web\\\/2020\\\/07\\\/30\\\/marilyn-manson-anuncia-nuevo-album-we-are-chaos-mira-el-video-del-estreno\\\/#primaryimage\"},\"image\":{\"@id\":\"https:\\\/\\\/radiounodigital.com\\\/web\\\/2020\\\/07\\\/30\\\/marilyn-manson-anuncia-nuevo-album-we-are-chaos-mira-el-video-del-estreno\\\/#primaryimage\"},\"thumbnailUrl\":\"https:\\\/\\\/radiounodigital.com\\\/web\\\/wp-content\\\/uploads\\\/2020\\\/07\\\/MM-wac-prev.jpg\",\"datePublished\":\"2020-07-30T10:49:57+00:00\",\"author\":{\"@id\":\"https:\\\/\\\/radiounodigital.com\\\/web\\\/#\\\/schema\\\/person\\\/00b93151fa54f619ecf9c183d1fc9758\"},\"breadcrumb\":{\"@id\":\"https:\\\/\\\/radiounodigital.com\\\/web\\\/2020\\\/07\\\/30\\\/marilyn-manson-anuncia-nuevo-album-we-are-chaos-mira-el-video-del-estreno\\\/#breadcrumb\"},\"inLanguage\":\"es\",\"potentialAction\":[{\"@type\":\"ReadAction\",\"target\":[\"https:\\\/\\\/radiounodigital.com\\\/web\\\/2020\\\/07\\\/30\\\/marilyn-manson-anuncia-nuevo-album-we-are-chaos-mira-el-video-del-estreno\\\/\"]}]},{\"@type\":\"ImageObject\",\"inLanguage\":\"es\",\"@id\":\"https:\\\/\\\/radiounodigital.com\\\/web\\\/2020\\\/07\\\/30\\\/marilyn-manson-anuncia-nuevo-album-we-are-chaos-mira-el-video-del-estreno\\\/#primaryimage\",\"url\":\"https:\\\/\\\/radiounodigital.com\\\/web\\\/wp-content\\\/uploads\\\/2020\\\/07\\\/MM-wac-prev.jpg\",\"contentUrl\":\"https:\\\/\\\/radiounodigital.com\\\/web\\\/wp-content\\\/uploads\\\/2020\\\/07\\\/MM-wac-prev.jpg\",\"width\":1920,\"height\":720},{\"@type\":\"BreadcrumbList\",\"@id\":\"https:\\\/\\\/radiounodigital.com\\\/web\\\/2020\\\/07\\\/30\\\/marilyn-manson-anuncia-nuevo-album-we-are-chaos-mira-el-video-del-estreno\\\/#breadcrumb\",\"itemListElement\":[{\"@type\":\"ListItem\",\"position\":1,\"name\":\"Home\",\"item\":\"https:\\\/\\\/radiounodigital.com\\\/web\\\/\"},{\"@type\":\"ListItem\",\"position\":2,\"name\":\"Marilyn Manson anuncia nuevo \u00e1lbum We Are Chaos. Mira el video del estreno\"}]},{\"@type\":\"WebSite\",\"@id\":\"https:\\\/\\\/radiounodigital.com\\\/web\\\/#website\",\"url\":\"https:\\\/\\\/radiounodigital.com\\\/web\\\/\",\"name\":\"Radio UNO Digital\",\"description\":\"Donde la cultura del rock se siente\",\"potentialAction\":[{\"@type\":\"SearchAction\",\"target\":{\"@type\":\"EntryPoint\",\"urlTemplate\":\"https:\\\/\\\/radiounodigital.com\\\/web\\\/?s={search_term_string}\"},\"query-input\":{\"@type\":\"PropertyValueSpecification\",\"valueRequired\":true,\"valueName\":\"search_term_string\"}}],\"inLanguage\":\"es\"},{\"@type\":\"Person\",\"@id\":\"https:\\\/\\\/radiounodigital.com\\\/web\\\/#\\\/schema\\\/person\\\/00b93151fa54f619ecf9c183d1fc9758\",\"name\":\"diegoc\",\"image\":{\"@type\":\"ImageObject\",\"inLanguage\":\"es\",\"@id\":\"https:\\\/\\\/secure.gravatar.com\\\/avatar\\\/0a67041d44c702fb0660d81a5a32c7ce6007341cf92afeb718b75883bf415864?s=96&d=blank&r=g\",\"url\":\"https:\\\/\\\/secure.gravatar.com\\\/avatar\\\/0a67041d44c702fb0660d81a5a32c7ce6007341cf92afeb718b75883bf415864?s=96&d=blank&r=g\",\"contentUrl\":\"https:\\\/\\\/secure.gravatar.com\\\/avatar\\\/0a67041d44c702fb0660d81a5a32c7ce6007341cf92afeb718b75883bf415864?s=96&d=blank&r=g\",\"caption\":\"diegoc\"},\"url\":\"https:\\\/\\\/radiounodigital.com\\\/web\\\/author\\\/diegoc\\\/\"}]}<\/script>\n<!-- \/ Yoast SEO plugin. -->","yoast_head_json":{"title":"Marilyn Manson anuncia nuevo \u00e1lbum We Are Chaos. Mira el video del estreno - Radio UNO Digital","robots":{"index":"index","follow":"follow","max-snippet":"max-snippet:-1","max-image-preview":"max-image-preview:large","max-video-preview":"max-video-preview:-1"},"canonical":"https:\/\/radiounodigital.com\/web\/2020\/07\/30\/marilyn-manson-anuncia-nuevo-album-we-are-chaos-mira-el-video-del-estreno\/","og_locale":"es_ES","og_type":"article","og_title":"Marilyn Manson anuncia nuevo \u00e1lbum We Are Chaos. Mira el video del estreno - Radio UNO Digital","og_description":"Marilyn Manson confirma que su nuevo \u00e1lbum We Are Chaos se lanzar\u00e1 en septiembre, y nos comparte el video de la canci\u00f3n que lleva el t\u00edtulo del nuevo trabajo. Despu\u00e9s de muchas especulaciones, Marilyn Manson ha confirmado que su nuevo \u00e1lbum de estudio se lanzar\u00e1 a finales de este a\u00f1o. El seguimiento de Heaven Upside... Read More","og_url":"https:\/\/radiounodigital.com\/web\/2020\/07\/30\/marilyn-manson-anuncia-nuevo-album-we-are-chaos-mira-el-video-del-estreno\/","og_site_name":"Radio UNO Digital","article_published_time":"2020-07-30T10:49:57+00:00","og_image":[{"width":1920,"height":720,"url":"https:\/\/radiounodigital.com\/web\/wp-content\/uploads\/2020\/07\/MM-wac-prev.jpg","type":"image\/jpeg"}],"author":"diegoc","twitter_card":"summary_large_image","twitter_misc":{"Escrito por":"diegoc","Tiempo de lectura":"2 minutos"},"schema":{"@context":"https:\/\/schema.org","@graph":[{"@type":"Article","@id":"https:\/\/radiounodigital.com\/web\/2020\/07\/30\/marilyn-manson-anuncia-nuevo-album-we-are-chaos-mira-el-video-del-estreno\/#article","isPartOf":{"@id":"https:\/\/radiounodigital.com\/web\/2020\/07\/30\/marilyn-manson-anuncia-nuevo-album-we-are-chaos-mira-el-video-del-estreno\/"},"author":{"name":"diegoc","@id":"https:\/\/radiounodigital.com\/web\/#\/schema\/person\/00b93151fa54f619ecf9c183d1fc9758"},"headline":"Marilyn Manson anuncia nuevo \u00e1lbum We Are Chaos. Mira el video del estreno","datePublished":"2020-07-30T10:49:57+00:00","mainEntityOfPage":{"@id":"https:\/\/radiounodigital.com\/web\/2020\/07\/30\/marilyn-manson-anuncia-nuevo-album-we-are-chaos-mira-el-video-del-estreno\/"},"wordCount":383,"commentCount":0,"image":{"@id":"https:\/\/radiounodigital.com\/web\/2020\/07\/30\/marilyn-manson-anuncia-nuevo-album-we-are-chaos-mira-el-video-del-estreno\/#primaryimage"},"thumbnailUrl":"https:\/\/radiounodigital.com\/web\/wp-content\/uploads\/2020\/07\/MM-wac-prev.jpg","keywords":["disco","Marilyn Manson","nuevo","Video","We are chaos"],"articleSection":["lo nuevo","news","Rock"],"inLanguage":"es","potentialAction":[{"@type":"CommentAction","name":"Comment","target":["https:\/\/radiounodigital.com\/web\/2020\/07\/30\/marilyn-manson-anuncia-nuevo-album-we-are-chaos-mira-el-video-del-estreno\/#respond"]}]},{"@type":"WebPage","@id":"https:\/\/radiounodigital.com\/web\/2020\/07\/30\/marilyn-manson-anuncia-nuevo-album-we-are-chaos-mira-el-video-del-estreno\/","url":"https:\/\/radiounodigital.com\/web\/2020\/07\/30\/marilyn-manson-anuncia-nuevo-album-we-are-chaos-mira-el-video-del-estreno\/","name":"Marilyn Manson anuncia nuevo \u00e1lbum We Are Chaos. Mira el video del estreno - Radio UNO Digital","isPartOf":{"@id":"https:\/\/radiounodigital.com\/web\/#website"},"primaryImageOfPage":{"@id":"https:\/\/radiounodigital.com\/web\/2020\/07\/30\/marilyn-manson-anuncia-nuevo-album-we-are-chaos-mira-el-video-del-estreno\/#primaryimage"},"image":{"@id":"https:\/\/radiounodigital.com\/web\/2020\/07\/30\/marilyn-manson-anuncia-nuevo-album-we-are-chaos-mira-el-video-del-estreno\/#primaryimage"},"thumbnailUrl":"https:\/\/radiounodigital.com\/web\/wp-content\/uploads\/2020\/07\/MM-wac-prev.jpg","datePublished":"2020-07-30T10:49:57+00:00","author":{"@id":"https:\/\/radiounodigital.com\/web\/#\/schema\/person\/00b93151fa54f619ecf9c183d1fc9758"},"breadcrumb":{"@id":"https:\/\/radiounodigital.com\/web\/2020\/07\/30\/marilyn-manson-anuncia-nuevo-album-we-are-chaos-mira-el-video-del-estreno\/#breadcrumb"},"inLanguage":"es","potentialAction":[{"@type":"ReadAction","target":["https:\/\/radiounodigital.com\/web\/2020\/07\/30\/marilyn-manson-anuncia-nuevo-album-we-are-chaos-mira-el-video-del-estreno\/"]}]},{"@type":"ImageObject","inLanguage":"es","@id":"https:\/\/radiounodigital.com\/web\/2020\/07\/30\/marilyn-manson-anuncia-nuevo-album-we-are-chaos-mira-el-video-del-estreno\/#primaryimage","url":"https:\/\/radiounodigital.com\/web\/wp-content\/uploads\/2020\/07\/MM-wac-prev.jpg","contentUrl":"https:\/\/radiounodigital.com\/web\/wp-content\/uploads\/2020\/07\/MM-wac-prev.jpg","width":1920,"height":720},{"@type":"BreadcrumbList","@id":"https:\/\/radiounodigital.com\/web\/2020\/07\/30\/marilyn-manson-anuncia-nuevo-album-we-are-chaos-mira-el-video-del-estreno\/#breadcrumb","itemListElement":[{"@type":"ListItem","position":1,"name":"Home","item":"https:\/\/radiounodigital.com\/web\/"},{"@type":"ListItem","position":2,"name":"Marilyn Manson anuncia nuevo \u00e1lbum We Are Chaos. Mira el video del estreno"}]},{"@type":"WebSite","@id":"https:\/\/radiounodigital.com\/web\/#website","url":"https:\/\/radiounodigital.com\/web\/","name":"Radio UNO Digital","description":"Donde la cultura del rock se siente","potentialAction":[{"@type":"SearchAction","target":{"@type":"EntryPoint","urlTemplate":"https:\/\/radiounodigital.com\/web\/?s={search_term_string}"},"query-input":{"@type":"PropertyValueSpecification","valueRequired":true,"valueName":"search_term_string"}}],"inLanguage":"es"},{"@type":"Person","@id":"https:\/\/radiounodigital.com\/web\/#\/schema\/person\/00b93151fa54f619ecf9c183d1fc9758","name":"diegoc","image":{"@type":"ImageObject","inLanguage":"es","@id":"https:\/\/secure.gravatar.com\/avatar\/0a67041d44c702fb0660d81a5a32c7ce6007341cf92afeb718b75883bf415864?s=96&d=blank&r=g","url":"https:\/\/secure.gravatar.com\/avatar\/0a67041d44c702fb0660d81a5a32c7ce6007341cf92afeb718b75883bf415864?s=96&d=blank&r=g","contentUrl":"https:\/\/secure.gravatar.com\/avatar\/0a67041d44c702fb0660d81a5a32c7ce6007341cf92afeb718b75883bf415864?s=96&d=blank&r=g","caption":"diegoc"},"url":"https:\/\/radiounodigital.com\/web\/author\/diegoc\/"}]}},"_links":{"self":[{"href":"https:\/\/radiounodigital.com\/web\/wp-json\/wp\/v2\/posts\/4258","targetHints":{"allow":["GET"]}}],"collection":[{"href":"https:\/\/radiounodigital.com\/web\/wp-json\/wp\/v2\/posts"}],"about":[{"href":"https:\/\/radiounodigital.com\/web\/wp-json\/wp\/v2\/types\/post"}],"author":[{"embeddable":true,"href":"https:\/\/radiounodigital.com\/web\/wp-json\/wp\/v2\/users\/1"}],"replies":[{"embeddable":true,"href":"https:\/\/radiounodigital.com\/web\/wp-json\/wp\/v2\/comments?post=4258"}],"version-history":[{"count":1,"href":"https:\/\/radiounodigital.com\/web\/wp-json\/wp\/v2\/posts\/4258\/revisions"}],"predecessor-version":[{"id":4262,"href":"https:\/\/radiounodigital.com\/web\/wp-json\/wp\/v2\/posts\/4258\/revisions\/4262"}],"wp:featuredmedia":[{"embeddable":true,"href":"https:\/\/radiounodigital.com\/web\/wp-json\/wp\/v2\/media\/4261"}],"wp:attachment":[{"href":"https:\/\/radiounodigital.com\/web\/wp-json\/wp\/v2\/media?parent=4258"}],"wp:term":[{"taxonomy":"category","embeddable":true,"href":"https:\/\/radiounodigital.com\/web\/wp-json\/wp\/v2\/categories?post=4258"},{"taxonomy":"post_tag","embeddable":true,"href":"https:\/\/radiounodigital.com\/web\/wp-json\/wp\/v2\/tags?post=4258"}],"curies":[{"name":"wp","href":"https:\/\/api.w.org\/{rel}","templated":true}]}}