{"id":4267,"date":"2020-07-31T19:21:35","date_gmt":"2020-07-31T22:21:35","guid":{"rendered":"https:\/\/radiounodigital.com\/web\/?p=4267"},"modified":"2020-08-01T11:25:17","modified_gmt":"2020-08-01T14:25:17","slug":"la-hija-de-chris-cornell-y-una-increible-version-de-black-de-pearl-jam","status":"publish","type":"post","link":"https:\/\/radiounodigital.com\/web\/2020\/07\/31\/la-hija-de-chris-cornell-y-una-increible-version-de-black-de-pearl-jam\/","title":{"rendered":"La hija de Chris Cornell y una incre\u00edble versi\u00f3n de Black de Pearl Jam"},"content":{"rendered":"<h3>La hija de Chris Cornell, Toni, ofrece una incre\u00edble versi\u00f3n del Black de Pearl Jam<\/h3>\n<p><iframe loading=\"lazy\" title=\"Toni Cornell - Black (Lollapalooza 2020) livestream\" width=\"960\" height=\"540\" src=\"https:\/\/www.youtube.com\/embed\/yarf6ahlYt0?feature=oembed\" frameborder=\"0\" allow=\"accelerometer; autoplay; encrypted-media; gyroscope; picture-in-picture\" allowfullscreen><\/iframe><\/p>\n<p>Anoche, la hija de Chris Cornell, Toni Cornell, particip\u00f3 en la transmisi\u00f3n en vivo de Lollapalooza donde cubri\u00f3 el Black de Pearl Jam.<\/p>\n<p>El festival se inici\u00f3 en l\u00ednea por primera vez, con la aparici\u00f3n de Toni despu\u00e9s de las actuaciones de archivo de Alabama Shakes y Run The Jewels. Despu\u00e9s de la transmisi\u00f3n, Toni dedic\u00f3 su actuaci\u00f3n a su padre, quien muri\u00f3 en mayo de 2017.<\/p>\n<p>En abril de este a\u00f1o, Toni cubri\u00f3 la huelga de hambre del Templo del Perro para recaudar fondos para el Fondo de Ayuda MusiCares COVID-19, que est\u00e1 apoyando a artistas que luchan financieramente debido al bloqueo del coronavirus.<\/p>\n<p>Lolla2020 continuar\u00e1 m\u00e1s tarde hoy (31 de julio) a partir de las 5 p.m. CT (11 p.m. BST) en YouTube con una mezcla de presentaciones y apariciones de archivo, con el calendario del viernes con Tenacious D, la Orquesta Kind Heaven, Metallica, Chuck D y m\u00e1s.<\/p>\n<p>El festival virtual tambi\u00e9n se llevar\u00e1 a cabo los s\u00e1bados y domingos, con el calendario completo a continuaci\u00f3n.<\/p>\n<p>Merch se puede comprar a trav\u00e9s de la tienda en l\u00ednea oficial de Lollapalooza, mientras que el festival se est\u00e1 asociando con varias organizaciones ben\u00e9ficas para el evento, incluyendo When We All Vote de Michelle Obama, la Iniciativa de Igualdad de Justicia y el Fondo de Ayuda de Arts for Illinois.<\/p>\n<div class=\"fb-background-color\">\n\t\t\t  <div \n\t\t\t  \tclass = \"fb-comments\" \n\t\t\t  \tdata-href = \"https:\/\/radiounodigital.com\/web\/2020\/07\/31\/la-hija-de-chris-cornell-y-una-increible-version-de-black-de-pearl-jam\/\"\n\t\t\t  \tdata-numposts = \"10\"\n\t\t\t  \tdata-lazy = \"true\"\n\t\t\t\tdata-colorscheme = \"dark\"\n\t\t\t\tdata-order-by = \"reverse_time\"\n\t\t\t\tdata-mobile=true>\n\t\t\t  <\/div><\/div>\n\t\t  <style>\n\t\t    .fb-background-color {\n\t\t\t\tbackground: #ffffff !important;\n\t\t\t}\n\t\t\t.fb_iframe_widget_fluid_desktop iframe {\n\t\t\t    width: 100% !important;\n\t\t\t}\n\t\t  <\/style>\n\t\t  ","protected":false},"excerpt":{"rendered":"<p>La hija de Chris Cornell, Toni, ofrece una incre\u00edble versi\u00f3n del Black de Pearl Jam Anoche, la hija de Chris Cornell, Toni Cornell, particip\u00f3 en la transmisi\u00f3n en vivo de Lollapalooza donde cubri\u00f3 el Black de Pearl Jam. El festival se inici\u00f3 en l\u00ednea por primera vez, con la aparici\u00f3n de Toni despu\u00e9s de las&#8230; <a href=\"https:\/\/radiounodigital.com\/web\/2020\/07\/31\/la-hija-de-chris-cornell-y-una-increible-version-de-black-de-pearl-jam\/\" class=\"excerpt-read-more\">Read More<\/a><\/p>\n","protected":false},"author":1,"featured_media":4269,"comment_status":"open","ping_status":"open","sticky":false,"template":"","format":"standard","meta":{"footnotes":""},"categories":[184,180,128],"tags":[1153,1122,182,1154,486,1152],"class_list":["post-4267","post","type-post","status-publish","format-standard","has-post-thumbnail","hentry","category-1001-canciones","category-news","category-rock-clasico","tag-black","tag-chris-cornell","tag-cover","tag-hija","tag-pearl-jam","tag-toni-cornell"],"yoast_head":"<!-- This site is optimized with the Yoast SEO plugin v27.4 - https:\/\/yoast.com\/product\/yoast-seo-wordpress\/ -->\n<title>La hija de Chris Cornell y una incre\u00edble versi\u00f3n de Black de Pearl Jam - Radio UNO Digital<\/title>\n<meta name=\"robots\" content=\"index, follow, max-snippet:-1, max-image-preview:large, max-video-preview:-1\" \/>\n<link rel=\"canonical\" href=\"https:\/\/radiounodigital.com\/web\/2020\/07\/31\/la-hija-de-chris-cornell-y-una-increible-version-de-black-de-pearl-jam\/\" \/>\n<meta property=\"og:locale\" content=\"es_ES\" \/>\n<meta property=\"og:type\" content=\"article\" \/>\n<meta property=\"og:title\" content=\"La hija de Chris Cornell y una incre\u00edble versi\u00f3n de Black de Pearl Jam - Radio UNO Digital\" \/>\n<meta property=\"og:description\" content=\"La hija de Chris Cornell, Toni, ofrece una incre\u00edble versi\u00f3n del Black de Pearl Jam Anoche, la hija de Chris Cornell, Toni Cornell, particip\u00f3 en la transmisi\u00f3n en vivo de Lollapalooza donde cubri\u00f3 el Black de Pearl Jam. El festival se inici\u00f3 en l\u00ednea por primera vez, con la aparici\u00f3n de Toni despu\u00e9s de las... Read More\" \/>\n<meta property=\"og:url\" content=\"https:\/\/radiounodigital.com\/web\/2020\/07\/31\/la-hija-de-chris-cornell-y-una-increible-version-de-black-de-pearl-jam\/\" \/>\n<meta property=\"og:site_name\" content=\"Radio UNO Digital\" \/>\n<meta property=\"article:published_time\" content=\"2020-07-31T22:21:35+00:00\" \/>\n<meta property=\"article:modified_time\" content=\"2020-08-01T14:25:17+00:00\" \/>\n<meta property=\"og:image\" content=\"https:\/\/radiounodigital.com\/web\/wp-content\/uploads\/2020\/08\/Captura-de-pantalla-2020-08-01-a-las-11.24.33.png\" \/>\n\t<meta property=\"og:image:width\" content=\"1920\" \/>\n\t<meta property=\"og:image:height\" content=\"1080\" \/>\n\t<meta property=\"og:image:type\" content=\"image\/png\" \/>\n<meta name=\"author\" content=\"diegoc\" \/>\n<meta name=\"twitter:card\" content=\"summary_large_image\" \/>\n<meta name=\"twitter:label1\" content=\"Escrito por\" \/>\n\t<meta name=\"twitter:data1\" content=\"diegoc\" \/>\n\t<meta name=\"twitter:label2\" content=\"Tiempo de lectura\" \/>\n\t<meta name=\"twitter:data2\" content=\"1 minuto\" \/>\n<script type=\"application\/ld+json\" class=\"yoast-schema-graph\">{\"@context\":\"https:\\\/\\\/schema.org\",\"@graph\":[{\"@type\":\"Article\",\"@id\":\"https:\\\/\\\/radiounodigital.com\\\/web\\\/2020\\\/07\\\/31\\\/la-hija-de-chris-cornell-y-una-increible-version-de-black-de-pearl-jam\\\/#article\",\"isPartOf\":{\"@id\":\"https:\\\/\\\/radiounodigital.com\\\/web\\\/2020\\\/07\\\/31\\\/la-hija-de-chris-cornell-y-una-increible-version-de-black-de-pearl-jam\\\/\"},\"author\":{\"name\":\"diegoc\",\"@id\":\"https:\\\/\\\/radiounodigital.com\\\/web\\\/#\\\/schema\\\/person\\\/00b93151fa54f619ecf9c183d1fc9758\"},\"headline\":\"La hija de Chris Cornell y una incre\u00edble versi\u00f3n de Black de Pearl Jam\",\"datePublished\":\"2020-07-31T22:21:35+00:00\",\"dateModified\":\"2020-08-01T14:25:17+00:00\",\"mainEntityOfPage\":{\"@id\":\"https:\\\/\\\/radiounodigital.com\\\/web\\\/2020\\\/07\\\/31\\\/la-hija-de-chris-cornell-y-una-increible-version-de-black-de-pearl-jam\\\/\"},\"wordCount\":282,\"commentCount\":0,\"image\":{\"@id\":\"https:\\\/\\\/radiounodigital.com\\\/web\\\/2020\\\/07\\\/31\\\/la-hija-de-chris-cornell-y-una-increible-version-de-black-de-pearl-jam\\\/#primaryimage\"},\"thumbnailUrl\":\"https:\\\/\\\/radiounodigital.com\\\/web\\\/wp-content\\\/uploads\\\/2020\\\/08\\\/Captura-de-pantalla-2020-08-01-a-las-11.24.33.png\",\"keywords\":[\"black\",\"chris cornell\",\"cover\",\"hija\",\"pearl jam\",\"toni cornell\"],\"articleSection\":[\"1001 Canciones\",\"news\",\"Rock Clasico\"],\"inLanguage\":\"es\",\"potentialAction\":[{\"@type\":\"CommentAction\",\"name\":\"Comment\",\"target\":[\"https:\\\/\\\/radiounodigital.com\\\/web\\\/2020\\\/07\\\/31\\\/la-hija-de-chris-cornell-y-una-increible-version-de-black-de-pearl-jam\\\/#respond\"]}]},{\"@type\":\"WebPage\",\"@id\":\"https:\\\/\\\/radiounodigital.com\\\/web\\\/2020\\\/07\\\/31\\\/la-hija-de-chris-cornell-y-una-increible-version-de-black-de-pearl-jam\\\/\",\"url\":\"https:\\\/\\\/radiounodigital.com\\\/web\\\/2020\\\/07\\\/31\\\/la-hija-de-chris-cornell-y-una-increible-version-de-black-de-pearl-jam\\\/\",\"name\":\"La hija de Chris Cornell y una incre\u00edble versi\u00f3n de Black de Pearl Jam - Radio UNO Digital\",\"isPartOf\":{\"@id\":\"https:\\\/\\\/radiounodigital.com\\\/web\\\/#website\"},\"primaryImageOfPage\":{\"@id\":\"https:\\\/\\\/radiounodigital.com\\\/web\\\/2020\\\/07\\\/31\\\/la-hija-de-chris-cornell-y-una-increible-version-de-black-de-pearl-jam\\\/#primaryimage\"},\"image\":{\"@id\":\"https:\\\/\\\/radiounodigital.com\\\/web\\\/2020\\\/07\\\/31\\\/la-hija-de-chris-cornell-y-una-increible-version-de-black-de-pearl-jam\\\/#primaryimage\"},\"thumbnailUrl\":\"https:\\\/\\\/radiounodigital.com\\\/web\\\/wp-content\\\/uploads\\\/2020\\\/08\\\/Captura-de-pantalla-2020-08-01-a-las-11.24.33.png\",\"datePublished\":\"2020-07-31T22:21:35+00:00\",\"dateModified\":\"2020-08-01T14:25:17+00:00\",\"author\":{\"@id\":\"https:\\\/\\\/radiounodigital.com\\\/web\\\/#\\\/schema\\\/person\\\/00b93151fa54f619ecf9c183d1fc9758\"},\"breadcrumb\":{\"@id\":\"https:\\\/\\\/radiounodigital.com\\\/web\\\/2020\\\/07\\\/31\\\/la-hija-de-chris-cornell-y-una-increible-version-de-black-de-pearl-jam\\\/#breadcrumb\"},\"inLanguage\":\"es\",\"potentialAction\":[{\"@type\":\"ReadAction\",\"target\":[\"https:\\\/\\\/radiounodigital.com\\\/web\\\/2020\\\/07\\\/31\\\/la-hija-de-chris-cornell-y-una-increible-version-de-black-de-pearl-jam\\\/\"]}]},{\"@type\":\"ImageObject\",\"inLanguage\":\"es\",\"@id\":\"https:\\\/\\\/radiounodigital.com\\\/web\\\/2020\\\/07\\\/31\\\/la-hija-de-chris-cornell-y-una-increible-version-de-black-de-pearl-jam\\\/#primaryimage\",\"url\":\"https:\\\/\\\/radiounodigital.com\\\/web\\\/wp-content\\\/uploads\\\/2020\\\/08\\\/Captura-de-pantalla-2020-08-01-a-las-11.24.33.png\",\"contentUrl\":\"https:\\\/\\\/radiounodigital.com\\\/web\\\/wp-content\\\/uploads\\\/2020\\\/08\\\/Captura-de-pantalla-2020-08-01-a-las-11.24.33.png\",\"width\":1920,\"height\":1080},{\"@type\":\"BreadcrumbList\",\"@id\":\"https:\\\/\\\/radiounodigital.com\\\/web\\\/2020\\\/07\\\/31\\\/la-hija-de-chris-cornell-y-una-increible-version-de-black-de-pearl-jam\\\/#breadcrumb\",\"itemListElement\":[{\"@type\":\"ListItem\",\"position\":1,\"name\":\"Home\",\"item\":\"https:\\\/\\\/radiounodigital.com\\\/web\\\/\"},{\"@type\":\"ListItem\",\"position\":2,\"name\":\"La hija de Chris Cornell y una incre\u00edble versi\u00f3n de Black de Pearl Jam\"}]},{\"@type\":\"WebSite\",\"@id\":\"https:\\\/\\\/radiounodigital.com\\\/web\\\/#website\",\"url\":\"https:\\\/\\\/radiounodigital.com\\\/web\\\/\",\"name\":\"Radio UNO Digital\",\"description\":\"Donde la cultura del rock se siente\",\"potentialAction\":[{\"@type\":\"SearchAction\",\"target\":{\"@type\":\"EntryPoint\",\"urlTemplate\":\"https:\\\/\\\/radiounodigital.com\\\/web\\\/?s={search_term_string}\"},\"query-input\":{\"@type\":\"PropertyValueSpecification\",\"valueRequired\":true,\"valueName\":\"search_term_string\"}}],\"inLanguage\":\"es\"},{\"@type\":\"Person\",\"@id\":\"https:\\\/\\\/radiounodigital.com\\\/web\\\/#\\\/schema\\\/person\\\/00b93151fa54f619ecf9c183d1fc9758\",\"name\":\"diegoc\",\"image\":{\"@type\":\"ImageObject\",\"inLanguage\":\"es\",\"@id\":\"https:\\\/\\\/secure.gravatar.com\\\/avatar\\\/0a67041d44c702fb0660d81a5a32c7ce6007341cf92afeb718b75883bf415864?s=96&d=blank&r=g\",\"url\":\"https:\\\/\\\/secure.gravatar.com\\\/avatar\\\/0a67041d44c702fb0660d81a5a32c7ce6007341cf92afeb718b75883bf415864?s=96&d=blank&r=g\",\"contentUrl\":\"https:\\\/\\\/secure.gravatar.com\\\/avatar\\\/0a67041d44c702fb0660d81a5a32c7ce6007341cf92afeb718b75883bf415864?s=96&d=blank&r=g\",\"caption\":\"diegoc\"},\"url\":\"https:\\\/\\\/radiounodigital.com\\\/web\\\/author\\\/diegoc\\\/\"}]}<\/script>\n<!-- \/ Yoast SEO plugin. -->","yoast_head_json":{"title":"La hija de Chris Cornell y una incre\u00edble versi\u00f3n de Black de Pearl Jam - Radio UNO Digital","robots":{"index":"index","follow":"follow","max-snippet":"max-snippet:-1","max-image-preview":"max-image-preview:large","max-video-preview":"max-video-preview:-1"},"canonical":"https:\/\/radiounodigital.com\/web\/2020\/07\/31\/la-hija-de-chris-cornell-y-una-increible-version-de-black-de-pearl-jam\/","og_locale":"es_ES","og_type":"article","og_title":"La hija de Chris Cornell y una incre\u00edble versi\u00f3n de Black de Pearl Jam - Radio UNO Digital","og_description":"La hija de Chris Cornell, Toni, ofrece una incre\u00edble versi\u00f3n del Black de Pearl Jam Anoche, la hija de Chris Cornell, Toni Cornell, particip\u00f3 en la transmisi\u00f3n en vivo de Lollapalooza donde cubri\u00f3 el Black de Pearl Jam. El festival se inici\u00f3 en l\u00ednea por primera vez, con la aparici\u00f3n de Toni despu\u00e9s de las... Read More","og_url":"https:\/\/radiounodigital.com\/web\/2020\/07\/31\/la-hija-de-chris-cornell-y-una-increible-version-de-black-de-pearl-jam\/","og_site_name":"Radio UNO Digital","article_published_time":"2020-07-31T22:21:35+00:00","article_modified_time":"2020-08-01T14:25:17+00:00","og_image":[{"width":1920,"height":1080,"url":"https:\/\/radiounodigital.com\/web\/wp-content\/uploads\/2020\/08\/Captura-de-pantalla-2020-08-01-a-las-11.24.33.png","type":"image\/png"}],"author":"diegoc","twitter_card":"summary_large_image","twitter_misc":{"Escrito por":"diegoc","Tiempo de lectura":"1 minuto"},"schema":{"@context":"https:\/\/schema.org","@graph":[{"@type":"Article","@id":"https:\/\/radiounodigital.com\/web\/2020\/07\/31\/la-hija-de-chris-cornell-y-una-increible-version-de-black-de-pearl-jam\/#article","isPartOf":{"@id":"https:\/\/radiounodigital.com\/web\/2020\/07\/31\/la-hija-de-chris-cornell-y-una-increible-version-de-black-de-pearl-jam\/"},"author":{"name":"diegoc","@id":"https:\/\/radiounodigital.com\/web\/#\/schema\/person\/00b93151fa54f619ecf9c183d1fc9758"},"headline":"La hija de Chris Cornell y una incre\u00edble versi\u00f3n de Black de Pearl Jam","datePublished":"2020-07-31T22:21:35+00:00","dateModified":"2020-08-01T14:25:17+00:00","mainEntityOfPage":{"@id":"https:\/\/radiounodigital.com\/web\/2020\/07\/31\/la-hija-de-chris-cornell-y-una-increible-version-de-black-de-pearl-jam\/"},"wordCount":282,"commentCount":0,"image":{"@id":"https:\/\/radiounodigital.com\/web\/2020\/07\/31\/la-hija-de-chris-cornell-y-una-increible-version-de-black-de-pearl-jam\/#primaryimage"},"thumbnailUrl":"https:\/\/radiounodigital.com\/web\/wp-content\/uploads\/2020\/08\/Captura-de-pantalla-2020-08-01-a-las-11.24.33.png","keywords":["black","chris cornell","cover","hija","pearl jam","toni cornell"],"articleSection":["1001 Canciones","news","Rock Clasico"],"inLanguage":"es","potentialAction":[{"@type":"CommentAction","name":"Comment","target":["https:\/\/radiounodigital.com\/web\/2020\/07\/31\/la-hija-de-chris-cornell-y-una-increible-version-de-black-de-pearl-jam\/#respond"]}]},{"@type":"WebPage","@id":"https:\/\/radiounodigital.com\/web\/2020\/07\/31\/la-hija-de-chris-cornell-y-una-increible-version-de-black-de-pearl-jam\/","url":"https:\/\/radiounodigital.com\/web\/2020\/07\/31\/la-hija-de-chris-cornell-y-una-increible-version-de-black-de-pearl-jam\/","name":"La hija de Chris Cornell y una incre\u00edble versi\u00f3n de Black de Pearl Jam - Radio UNO Digital","isPartOf":{"@id":"https:\/\/radiounodigital.com\/web\/#website"},"primaryImageOfPage":{"@id":"https:\/\/radiounodigital.com\/web\/2020\/07\/31\/la-hija-de-chris-cornell-y-una-increible-version-de-black-de-pearl-jam\/#primaryimage"},"image":{"@id":"https:\/\/radiounodigital.com\/web\/2020\/07\/31\/la-hija-de-chris-cornell-y-una-increible-version-de-black-de-pearl-jam\/#primaryimage"},"thumbnailUrl":"https:\/\/radiounodigital.com\/web\/wp-content\/uploads\/2020\/08\/Captura-de-pantalla-2020-08-01-a-las-11.24.33.png","datePublished":"2020-07-31T22:21:35+00:00","dateModified":"2020-08-01T14:25:17+00:00","author":{"@id":"https:\/\/radiounodigital.com\/web\/#\/schema\/person\/00b93151fa54f619ecf9c183d1fc9758"},"breadcrumb":{"@id":"https:\/\/radiounodigital.com\/web\/2020\/07\/31\/la-hija-de-chris-cornell-y-una-increible-version-de-black-de-pearl-jam\/#breadcrumb"},"inLanguage":"es","potentialAction":[{"@type":"ReadAction","target":["https:\/\/radiounodigital.com\/web\/2020\/07\/31\/la-hija-de-chris-cornell-y-una-increible-version-de-black-de-pearl-jam\/"]}]},{"@type":"ImageObject","inLanguage":"es","@id":"https:\/\/radiounodigital.com\/web\/2020\/07\/31\/la-hija-de-chris-cornell-y-una-increible-version-de-black-de-pearl-jam\/#primaryimage","url":"https:\/\/radiounodigital.com\/web\/wp-content\/uploads\/2020\/08\/Captura-de-pantalla-2020-08-01-a-las-11.24.33.png","contentUrl":"https:\/\/radiounodigital.com\/web\/wp-content\/uploads\/2020\/08\/Captura-de-pantalla-2020-08-01-a-las-11.24.33.png","width":1920,"height":1080},{"@type":"BreadcrumbList","@id":"https:\/\/radiounodigital.com\/web\/2020\/07\/31\/la-hija-de-chris-cornell-y-una-increible-version-de-black-de-pearl-jam\/#breadcrumb","itemListElement":[{"@type":"ListItem","position":1,"name":"Home","item":"https:\/\/radiounodigital.com\/web\/"},{"@type":"ListItem","position":2,"name":"La hija de Chris Cornell y una incre\u00edble versi\u00f3n de Black de Pearl Jam"}]},{"@type":"WebSite","@id":"https:\/\/radiounodigital.com\/web\/#website","url":"https:\/\/radiounodigital.com\/web\/","name":"Radio UNO Digital","description":"Donde la cultura del rock se siente","potentialAction":[{"@type":"SearchAction","target":{"@type":"EntryPoint","urlTemplate":"https:\/\/radiounodigital.com\/web\/?s={search_term_string}"},"query-input":{"@type":"PropertyValueSpecification","valueRequired":true,"valueName":"search_term_string"}}],"inLanguage":"es"},{"@type":"Person","@id":"https:\/\/radiounodigital.com\/web\/#\/schema\/person\/00b93151fa54f619ecf9c183d1fc9758","name":"diegoc","image":{"@type":"ImageObject","inLanguage":"es","@id":"https:\/\/secure.gravatar.com\/avatar\/0a67041d44c702fb0660d81a5a32c7ce6007341cf92afeb718b75883bf415864?s=96&d=blank&r=g","url":"https:\/\/secure.gravatar.com\/avatar\/0a67041d44c702fb0660d81a5a32c7ce6007341cf92afeb718b75883bf415864?s=96&d=blank&r=g","contentUrl":"https:\/\/secure.gravatar.com\/avatar\/0a67041d44c702fb0660d81a5a32c7ce6007341cf92afeb718b75883bf415864?s=96&d=blank&r=g","caption":"diegoc"},"url":"https:\/\/radiounodigital.com\/web\/author\/diegoc\/"}]}},"_links":{"self":[{"href":"https:\/\/radiounodigital.com\/web\/wp-json\/wp\/v2\/posts\/4267","targetHints":{"allow":["GET"]}}],"collection":[{"href":"https:\/\/radiounodigital.com\/web\/wp-json\/wp\/v2\/posts"}],"about":[{"href":"https:\/\/radiounodigital.com\/web\/wp-json\/wp\/v2\/types\/post"}],"author":[{"embeddable":true,"href":"https:\/\/radiounodigital.com\/web\/wp-json\/wp\/v2\/users\/1"}],"replies":[{"embeddable":true,"href":"https:\/\/radiounodigital.com\/web\/wp-json\/wp\/v2\/comments?post=4267"}],"version-history":[{"count":1,"href":"https:\/\/radiounodigital.com\/web\/wp-json\/wp\/v2\/posts\/4267\/revisions"}],"predecessor-version":[{"id":4270,"href":"https:\/\/radiounodigital.com\/web\/wp-json\/wp\/v2\/posts\/4267\/revisions\/4270"}],"wp:featuredmedia":[{"embeddable":true,"href":"https:\/\/radiounodigital.com\/web\/wp-json\/wp\/v2\/media\/4269"}],"wp:attachment":[{"href":"https:\/\/radiounodigital.com\/web\/wp-json\/wp\/v2\/media?parent=4267"}],"wp:term":[{"taxonomy":"category","embeddable":true,"href":"https:\/\/radiounodigital.com\/web\/wp-json\/wp\/v2\/categories?post=4267"},{"taxonomy":"post_tag","embeddable":true,"href":"https:\/\/radiounodigital.com\/web\/wp-json\/wp\/v2\/tags?post=4267"}],"curies":[{"name":"wp","href":"https:\/\/api.w.org\/{rel}","templated":true}]}}