{"id":4271,"date":"2020-08-01T11:38:07","date_gmt":"2020-08-01T14:38:07","guid":{"rendered":"https:\/\/radiounodigital.com\/web\/?p=4271"},"modified":"2020-08-01T11:41:02","modified_gmt":"2020-08-01T14:41:02","slug":"pearl-jam-y-gary-clark-jr-lo-destacado-hoy-en-lolla-2020-virtual-desde-19-horas","status":"publish","type":"post","link":"https:\/\/radiounodigital.com\/web\/2020\/08\/01\/pearl-jam-y-gary-clark-jr-lo-destacado-hoy-en-lolla-2020-virtual-desde-19-horas\/","title":{"rendered":"Pearl Jam y Gary Clark Jr. lo destacado hoy en Lolla 2020 virtual desde 19 Horas"},"content":{"rendered":"<h3>Lollapalooza, el cl\u00e1sico festival del verano en la ciudad de Chicago est\u00e1 celebrando esta celebrado en forma virtual v\u00eda Youtube una nueva edici\u00f3n que podes ver desde la comodidad de tu casa.<\/h3>\n<p>Mira el lineup completo para el d\u00eda de hoy que comienza nada m\u00e1s ni menos que con Gary clark Jr. a partir de las 19 horas (Horario de Buenos Aires y Montevideo)<\/p>\n<p><img loading=\"lazy\" decoding=\"async\" class=\"alignnone size-full wp-image-4272 aligncenter\" src=\"https:\/\/radiounodigital.com\/web\/wp-content\/uploads\/2020\/08\/lolla2020-Agosto1\u00ba.jpg\" alt=\"\" width=\"650\" height=\"813\" srcset=\"https:\/\/radiounodigital.com\/web\/wp-content\/uploads\/2020\/08\/lolla2020-Agosto1\u00ba.jpg 650w, https:\/\/radiounodigital.com\/web\/wp-content\/uploads\/2020\/08\/lolla2020-Agosto1\u00ba-240x300.jpg 240w, https:\/\/radiounodigital.com\/web\/wp-content\/uploads\/2020\/08\/lolla2020-Agosto1\u00ba-440x550.jpg 440w\" sizes=\"auto, (max-width: 650px) 100vw, 650px\" \/><\/p>\n<div class=\"fb-background-color\">\n\t\t\t  <div \n\t\t\t  \tclass = \"fb-comments\" \n\t\t\t  \tdata-href = \"https:\/\/radiounodigital.com\/web\/2020\/08\/01\/pearl-jam-y-gary-clark-jr-lo-destacado-hoy-en-lolla-2020-virtual-desde-19-horas\/\"\n\t\t\t  \tdata-numposts = \"10\"\n\t\t\t  \tdata-lazy = \"true\"\n\t\t\t\tdata-colorscheme = \"dark\"\n\t\t\t\tdata-order-by = \"reverse_time\"\n\t\t\t\tdata-mobile=true>\n\t\t\t  <\/div><\/div>\n\t\t  <style>\n\t\t    .fb-background-color {\n\t\t\t\tbackground: #ffffff !important;\n\t\t\t}\n\t\t\t.fb_iframe_widget_fluid_desktop iframe {\n\t\t\t    width: 100% !important;\n\t\t\t}\n\t\t  <\/style>\n\t\t  ","protected":false},"excerpt":{"rendered":"<p>Lollapalooza, el cl\u00e1sico festival del verano en la ciudad de Chicago est\u00e1 celebrando esta celebrado en forma virtual v\u00eda Youtube una nueva edici\u00f3n que podes ver desde la comodidad de tu casa. Mira el lineup completo para el d\u00eda de hoy que comienza nada m\u00e1s ni menos que con Gary clark Jr. a partir de&#8230; <a href=\"https:\/\/radiounodigital.com\/web\/2020\/08\/01\/pearl-jam-y-gary-clark-jr-lo-destacado-hoy-en-lolla-2020-virtual-desde-19-horas\/\" class=\"excerpt-read-more\">Read More<\/a><\/p>\n","protected":false},"author":1,"featured_media":4274,"comment_status":"open","ping_status":"open","sticky":false,"template":"","format":"standard","meta":{"footnotes":""},"categories":[180,127],"tags":[100,77,1155,858,466],"class_list":["post-4271","post","type-post","status-publish","format-standard","has-post-thumbnail","hentry","category-news","category-rock","tag-100","tag-live","tag-lollapalooza","tag-virtual","tag-youtube"],"yoast_head":"<!-- This site is optimized with the Yoast SEO plugin v27.4 - https:\/\/yoast.com\/product\/yoast-seo-wordpress\/ -->\n<title>Pearl Jam y Gary Clark Jr. lo destacado hoy en Lolla 2020 virtual desde 19 Horas - Radio UNO Digital<\/title>\n<meta name=\"robots\" content=\"index, follow, max-snippet:-1, max-image-preview:large, max-video-preview:-1\" \/>\n<link rel=\"canonical\" href=\"https:\/\/radiounodigital.com\/web\/2020\/08\/01\/pearl-jam-y-gary-clark-jr-lo-destacado-hoy-en-lolla-2020-virtual-desde-19-horas\/\" \/>\n<meta property=\"og:locale\" content=\"es_ES\" \/>\n<meta property=\"og:type\" content=\"article\" \/>\n<meta property=\"og:title\" content=\"Pearl Jam y Gary Clark Jr. lo destacado hoy en Lolla 2020 virtual desde 19 Horas - Radio UNO Digital\" \/>\n<meta property=\"og:description\" content=\"Lollapalooza, el cl\u00e1sico festival del verano en la ciudad de Chicago est\u00e1 celebrando esta celebrado en forma virtual v\u00eda Youtube una nueva edici\u00f3n que podes ver desde la comodidad de tu casa. Mira el lineup completo para el d\u00eda de hoy que comienza nada m\u00e1s ni menos que con Gary clark Jr. a partir de... Read More\" \/>\n<meta property=\"og:url\" content=\"https:\/\/radiounodigital.com\/web\/2020\/08\/01\/pearl-jam-y-gary-clark-jr-lo-destacado-hoy-en-lolla-2020-virtual-desde-19-horas\/\" \/>\n<meta property=\"og:site_name\" content=\"Radio UNO Digital\" \/>\n<meta property=\"article:published_time\" content=\"2020-08-01T14:38:07+00:00\" \/>\n<meta property=\"article:modified_time\" content=\"2020-08-01T14:41:02+00:00\" \/>\n<meta property=\"og:image\" content=\"https:\/\/radiounodigital.com\/web\/wp-content\/uploads\/2020\/08\/lollapalooza-2020.jpg\" \/>\n\t<meta property=\"og:image:width\" content=\"1100\" \/>\n\t<meta property=\"og:image:height\" content=\"619\" \/>\n\t<meta property=\"og:image:type\" content=\"image\/jpeg\" \/>\n<meta name=\"author\" content=\"diegoc\" \/>\n<meta name=\"twitter:card\" content=\"summary_large_image\" \/>\n<meta name=\"twitter:label1\" content=\"Escrito por\" \/>\n\t<meta name=\"twitter:data1\" content=\"diegoc\" \/>\n<script type=\"application\/ld+json\" class=\"yoast-schema-graph\">{\"@context\":\"https:\\\/\\\/schema.org\",\"@graph\":[{\"@type\":\"Article\",\"@id\":\"https:\\\/\\\/radiounodigital.com\\\/web\\\/2020\\\/08\\\/01\\\/pearl-jam-y-gary-clark-jr-lo-destacado-hoy-en-lolla-2020-virtual-desde-19-horas\\\/#article\",\"isPartOf\":{\"@id\":\"https:\\\/\\\/radiounodigital.com\\\/web\\\/2020\\\/08\\\/01\\\/pearl-jam-y-gary-clark-jr-lo-destacado-hoy-en-lolla-2020-virtual-desde-19-horas\\\/\"},\"author\":{\"name\":\"diegoc\",\"@id\":\"https:\\\/\\\/radiounodigital.com\\\/web\\\/#\\\/schema\\\/person\\\/00b93151fa54f619ecf9c183d1fc9758\"},\"headline\":\"Pearl Jam y Gary Clark Jr. lo destacado hoy en Lolla 2020 virtual desde 19 Horas\",\"datePublished\":\"2020-08-01T14:38:07+00:00\",\"dateModified\":\"2020-08-01T14:41:02+00:00\",\"mainEntityOfPage\":{\"@id\":\"https:\\\/\\\/radiounodigital.com\\\/web\\\/2020\\\/08\\\/01\\\/pearl-jam-y-gary-clark-jr-lo-destacado-hoy-en-lolla-2020-virtual-desde-19-horas\\\/\"},\"wordCount\":82,\"commentCount\":0,\"image\":{\"@id\":\"https:\\\/\\\/radiounodigital.com\\\/web\\\/2020\\\/08\\\/01\\\/pearl-jam-y-gary-clark-jr-lo-destacado-hoy-en-lolla-2020-virtual-desde-19-horas\\\/#primaryimage\"},\"thumbnailUrl\":\"https:\\\/\\\/radiounodigital.com\\\/web\\\/wp-content\\\/uploads\\\/2020\\\/08\\\/lollapalooza-2020.jpg\",\"keywords\":[\"2020\",\"live\",\"lollapalooza\",\"virtual\",\"youtube\"],\"articleSection\":[\"news\",\"Rock\"],\"inLanguage\":\"es\",\"potentialAction\":[{\"@type\":\"CommentAction\",\"name\":\"Comment\",\"target\":[\"https:\\\/\\\/radiounodigital.com\\\/web\\\/2020\\\/08\\\/01\\\/pearl-jam-y-gary-clark-jr-lo-destacado-hoy-en-lolla-2020-virtual-desde-19-horas\\\/#respond\"]}]},{\"@type\":\"WebPage\",\"@id\":\"https:\\\/\\\/radiounodigital.com\\\/web\\\/2020\\\/08\\\/01\\\/pearl-jam-y-gary-clark-jr-lo-destacado-hoy-en-lolla-2020-virtual-desde-19-horas\\\/\",\"url\":\"https:\\\/\\\/radiounodigital.com\\\/web\\\/2020\\\/08\\\/01\\\/pearl-jam-y-gary-clark-jr-lo-destacado-hoy-en-lolla-2020-virtual-desde-19-horas\\\/\",\"name\":\"Pearl Jam y Gary Clark Jr. lo destacado hoy en Lolla 2020 virtual desde 19 Horas - Radio UNO Digital\",\"isPartOf\":{\"@id\":\"https:\\\/\\\/radiounodigital.com\\\/web\\\/#website\"},\"primaryImageOfPage\":{\"@id\":\"https:\\\/\\\/radiounodigital.com\\\/web\\\/2020\\\/08\\\/01\\\/pearl-jam-y-gary-clark-jr-lo-destacado-hoy-en-lolla-2020-virtual-desde-19-horas\\\/#primaryimage\"},\"image\":{\"@id\":\"https:\\\/\\\/radiounodigital.com\\\/web\\\/2020\\\/08\\\/01\\\/pearl-jam-y-gary-clark-jr-lo-destacado-hoy-en-lolla-2020-virtual-desde-19-horas\\\/#primaryimage\"},\"thumbnailUrl\":\"https:\\\/\\\/radiounodigital.com\\\/web\\\/wp-content\\\/uploads\\\/2020\\\/08\\\/lollapalooza-2020.jpg\",\"datePublished\":\"2020-08-01T14:38:07+00:00\",\"dateModified\":\"2020-08-01T14:41:02+00:00\",\"author\":{\"@id\":\"https:\\\/\\\/radiounodigital.com\\\/web\\\/#\\\/schema\\\/person\\\/00b93151fa54f619ecf9c183d1fc9758\"},\"breadcrumb\":{\"@id\":\"https:\\\/\\\/radiounodigital.com\\\/web\\\/2020\\\/08\\\/01\\\/pearl-jam-y-gary-clark-jr-lo-destacado-hoy-en-lolla-2020-virtual-desde-19-horas\\\/#breadcrumb\"},\"inLanguage\":\"es\",\"potentialAction\":[{\"@type\":\"ReadAction\",\"target\":[\"https:\\\/\\\/radiounodigital.com\\\/web\\\/2020\\\/08\\\/01\\\/pearl-jam-y-gary-clark-jr-lo-destacado-hoy-en-lolla-2020-virtual-desde-19-horas\\\/\"]}]},{\"@type\":\"ImageObject\",\"inLanguage\":\"es\",\"@id\":\"https:\\\/\\\/radiounodigital.com\\\/web\\\/2020\\\/08\\\/01\\\/pearl-jam-y-gary-clark-jr-lo-destacado-hoy-en-lolla-2020-virtual-desde-19-horas\\\/#primaryimage\",\"url\":\"https:\\\/\\\/radiounodigital.com\\\/web\\\/wp-content\\\/uploads\\\/2020\\\/08\\\/lollapalooza-2020.jpg\",\"contentUrl\":\"https:\\\/\\\/radiounodigital.com\\\/web\\\/wp-content\\\/uploads\\\/2020\\\/08\\\/lollapalooza-2020.jpg\",\"width\":1100,\"height\":619},{\"@type\":\"BreadcrumbList\",\"@id\":\"https:\\\/\\\/radiounodigital.com\\\/web\\\/2020\\\/08\\\/01\\\/pearl-jam-y-gary-clark-jr-lo-destacado-hoy-en-lolla-2020-virtual-desde-19-horas\\\/#breadcrumb\",\"itemListElement\":[{\"@type\":\"ListItem\",\"position\":1,\"name\":\"Home\",\"item\":\"https:\\\/\\\/radiounodigital.com\\\/web\\\/\"},{\"@type\":\"ListItem\",\"position\":2,\"name\":\"Pearl Jam y Gary Clark Jr. lo destacado hoy en Lolla 2020 virtual desde 19 Horas\"}]},{\"@type\":\"WebSite\",\"@id\":\"https:\\\/\\\/radiounodigital.com\\\/web\\\/#website\",\"url\":\"https:\\\/\\\/radiounodigital.com\\\/web\\\/\",\"name\":\"Radio UNO Digital\",\"description\":\"Donde la cultura del rock se siente\",\"potentialAction\":[{\"@type\":\"SearchAction\",\"target\":{\"@type\":\"EntryPoint\",\"urlTemplate\":\"https:\\\/\\\/radiounodigital.com\\\/web\\\/?s={search_term_string}\"},\"query-input\":{\"@type\":\"PropertyValueSpecification\",\"valueRequired\":true,\"valueName\":\"search_term_string\"}}],\"inLanguage\":\"es\"},{\"@type\":\"Person\",\"@id\":\"https:\\\/\\\/radiounodigital.com\\\/web\\\/#\\\/schema\\\/person\\\/00b93151fa54f619ecf9c183d1fc9758\",\"name\":\"diegoc\",\"image\":{\"@type\":\"ImageObject\",\"inLanguage\":\"es\",\"@id\":\"https:\\\/\\\/secure.gravatar.com\\\/avatar\\\/0a67041d44c702fb0660d81a5a32c7ce6007341cf92afeb718b75883bf415864?s=96&d=blank&r=g\",\"url\":\"https:\\\/\\\/secure.gravatar.com\\\/avatar\\\/0a67041d44c702fb0660d81a5a32c7ce6007341cf92afeb718b75883bf415864?s=96&d=blank&r=g\",\"contentUrl\":\"https:\\\/\\\/secure.gravatar.com\\\/avatar\\\/0a67041d44c702fb0660d81a5a32c7ce6007341cf92afeb718b75883bf415864?s=96&d=blank&r=g\",\"caption\":\"diegoc\"},\"url\":\"https:\\\/\\\/radiounodigital.com\\\/web\\\/author\\\/diegoc\\\/\"}]}<\/script>\n<!-- \/ Yoast SEO plugin. -->","yoast_head_json":{"title":"Pearl Jam y Gary Clark Jr. lo destacado hoy en Lolla 2020 virtual desde 19 Horas - Radio UNO Digital","robots":{"index":"index","follow":"follow","max-snippet":"max-snippet:-1","max-image-preview":"max-image-preview:large","max-video-preview":"max-video-preview:-1"},"canonical":"https:\/\/radiounodigital.com\/web\/2020\/08\/01\/pearl-jam-y-gary-clark-jr-lo-destacado-hoy-en-lolla-2020-virtual-desde-19-horas\/","og_locale":"es_ES","og_type":"article","og_title":"Pearl Jam y Gary Clark Jr. lo destacado hoy en Lolla 2020 virtual desde 19 Horas - Radio UNO Digital","og_description":"Lollapalooza, el cl\u00e1sico festival del verano en la ciudad de Chicago est\u00e1 celebrando esta celebrado en forma virtual v\u00eda Youtube una nueva edici\u00f3n que podes ver desde la comodidad de tu casa. Mira el lineup completo para el d\u00eda de hoy que comienza nada m\u00e1s ni menos que con Gary clark Jr. a partir de... Read More","og_url":"https:\/\/radiounodigital.com\/web\/2020\/08\/01\/pearl-jam-y-gary-clark-jr-lo-destacado-hoy-en-lolla-2020-virtual-desde-19-horas\/","og_site_name":"Radio UNO Digital","article_published_time":"2020-08-01T14:38:07+00:00","article_modified_time":"2020-08-01T14:41:02+00:00","og_image":[{"width":1100,"height":619,"url":"https:\/\/radiounodigital.com\/web\/wp-content\/uploads\/2020\/08\/lollapalooza-2020.jpg","type":"image\/jpeg"}],"author":"diegoc","twitter_card":"summary_large_image","twitter_misc":{"Escrito por":"diegoc"},"schema":{"@context":"https:\/\/schema.org","@graph":[{"@type":"Article","@id":"https:\/\/radiounodigital.com\/web\/2020\/08\/01\/pearl-jam-y-gary-clark-jr-lo-destacado-hoy-en-lolla-2020-virtual-desde-19-horas\/#article","isPartOf":{"@id":"https:\/\/radiounodigital.com\/web\/2020\/08\/01\/pearl-jam-y-gary-clark-jr-lo-destacado-hoy-en-lolla-2020-virtual-desde-19-horas\/"},"author":{"name":"diegoc","@id":"https:\/\/radiounodigital.com\/web\/#\/schema\/person\/00b93151fa54f619ecf9c183d1fc9758"},"headline":"Pearl Jam y Gary Clark Jr. lo destacado hoy en Lolla 2020 virtual desde 19 Horas","datePublished":"2020-08-01T14:38:07+00:00","dateModified":"2020-08-01T14:41:02+00:00","mainEntityOfPage":{"@id":"https:\/\/radiounodigital.com\/web\/2020\/08\/01\/pearl-jam-y-gary-clark-jr-lo-destacado-hoy-en-lolla-2020-virtual-desde-19-horas\/"},"wordCount":82,"commentCount":0,"image":{"@id":"https:\/\/radiounodigital.com\/web\/2020\/08\/01\/pearl-jam-y-gary-clark-jr-lo-destacado-hoy-en-lolla-2020-virtual-desde-19-horas\/#primaryimage"},"thumbnailUrl":"https:\/\/radiounodigital.com\/web\/wp-content\/uploads\/2020\/08\/lollapalooza-2020.jpg","keywords":["2020","live","lollapalooza","virtual","youtube"],"articleSection":["news","Rock"],"inLanguage":"es","potentialAction":[{"@type":"CommentAction","name":"Comment","target":["https:\/\/radiounodigital.com\/web\/2020\/08\/01\/pearl-jam-y-gary-clark-jr-lo-destacado-hoy-en-lolla-2020-virtual-desde-19-horas\/#respond"]}]},{"@type":"WebPage","@id":"https:\/\/radiounodigital.com\/web\/2020\/08\/01\/pearl-jam-y-gary-clark-jr-lo-destacado-hoy-en-lolla-2020-virtual-desde-19-horas\/","url":"https:\/\/radiounodigital.com\/web\/2020\/08\/01\/pearl-jam-y-gary-clark-jr-lo-destacado-hoy-en-lolla-2020-virtual-desde-19-horas\/","name":"Pearl Jam y Gary Clark Jr. lo destacado hoy en Lolla 2020 virtual desde 19 Horas - Radio UNO Digital","isPartOf":{"@id":"https:\/\/radiounodigital.com\/web\/#website"},"primaryImageOfPage":{"@id":"https:\/\/radiounodigital.com\/web\/2020\/08\/01\/pearl-jam-y-gary-clark-jr-lo-destacado-hoy-en-lolla-2020-virtual-desde-19-horas\/#primaryimage"},"image":{"@id":"https:\/\/radiounodigital.com\/web\/2020\/08\/01\/pearl-jam-y-gary-clark-jr-lo-destacado-hoy-en-lolla-2020-virtual-desde-19-horas\/#primaryimage"},"thumbnailUrl":"https:\/\/radiounodigital.com\/web\/wp-content\/uploads\/2020\/08\/lollapalooza-2020.jpg","datePublished":"2020-08-01T14:38:07+00:00","dateModified":"2020-08-01T14:41:02+00:00","author":{"@id":"https:\/\/radiounodigital.com\/web\/#\/schema\/person\/00b93151fa54f619ecf9c183d1fc9758"},"breadcrumb":{"@id":"https:\/\/radiounodigital.com\/web\/2020\/08\/01\/pearl-jam-y-gary-clark-jr-lo-destacado-hoy-en-lolla-2020-virtual-desde-19-horas\/#breadcrumb"},"inLanguage":"es","potentialAction":[{"@type":"ReadAction","target":["https:\/\/radiounodigital.com\/web\/2020\/08\/01\/pearl-jam-y-gary-clark-jr-lo-destacado-hoy-en-lolla-2020-virtual-desde-19-horas\/"]}]},{"@type":"ImageObject","inLanguage":"es","@id":"https:\/\/radiounodigital.com\/web\/2020\/08\/01\/pearl-jam-y-gary-clark-jr-lo-destacado-hoy-en-lolla-2020-virtual-desde-19-horas\/#primaryimage","url":"https:\/\/radiounodigital.com\/web\/wp-content\/uploads\/2020\/08\/lollapalooza-2020.jpg","contentUrl":"https:\/\/radiounodigital.com\/web\/wp-content\/uploads\/2020\/08\/lollapalooza-2020.jpg","width":1100,"height":619},{"@type":"BreadcrumbList","@id":"https:\/\/radiounodigital.com\/web\/2020\/08\/01\/pearl-jam-y-gary-clark-jr-lo-destacado-hoy-en-lolla-2020-virtual-desde-19-horas\/#breadcrumb","itemListElement":[{"@type":"ListItem","position":1,"name":"Home","item":"https:\/\/radiounodigital.com\/web\/"},{"@type":"ListItem","position":2,"name":"Pearl Jam y Gary Clark Jr. lo destacado hoy en Lolla 2020 virtual desde 19 Horas"}]},{"@type":"WebSite","@id":"https:\/\/radiounodigital.com\/web\/#website","url":"https:\/\/radiounodigital.com\/web\/","name":"Radio UNO Digital","description":"Donde la cultura del rock se siente","potentialAction":[{"@type":"SearchAction","target":{"@type":"EntryPoint","urlTemplate":"https:\/\/radiounodigital.com\/web\/?s={search_term_string}"},"query-input":{"@type":"PropertyValueSpecification","valueRequired":true,"valueName":"search_term_string"}}],"inLanguage":"es"},{"@type":"Person","@id":"https:\/\/radiounodigital.com\/web\/#\/schema\/person\/00b93151fa54f619ecf9c183d1fc9758","name":"diegoc","image":{"@type":"ImageObject","inLanguage":"es","@id":"https:\/\/secure.gravatar.com\/avatar\/0a67041d44c702fb0660d81a5a32c7ce6007341cf92afeb718b75883bf415864?s=96&d=blank&r=g","url":"https:\/\/secure.gravatar.com\/avatar\/0a67041d44c702fb0660d81a5a32c7ce6007341cf92afeb718b75883bf415864?s=96&d=blank&r=g","contentUrl":"https:\/\/secure.gravatar.com\/avatar\/0a67041d44c702fb0660d81a5a32c7ce6007341cf92afeb718b75883bf415864?s=96&d=blank&r=g","caption":"diegoc"},"url":"https:\/\/radiounodigital.com\/web\/author\/diegoc\/"}]}},"_links":{"self":[{"href":"https:\/\/radiounodigital.com\/web\/wp-json\/wp\/v2\/posts\/4271","targetHints":{"allow":["GET"]}}],"collection":[{"href":"https:\/\/radiounodigital.com\/web\/wp-json\/wp\/v2\/posts"}],"about":[{"href":"https:\/\/radiounodigital.com\/web\/wp-json\/wp\/v2\/types\/post"}],"author":[{"embeddable":true,"href":"https:\/\/radiounodigital.com\/web\/wp-json\/wp\/v2\/users\/1"}],"replies":[{"embeddable":true,"href":"https:\/\/radiounodigital.com\/web\/wp-json\/wp\/v2\/comments?post=4271"}],"version-history":[{"count":1,"href":"https:\/\/radiounodigital.com\/web\/wp-json\/wp\/v2\/posts\/4271\/revisions"}],"predecessor-version":[{"id":4273,"href":"https:\/\/radiounodigital.com\/web\/wp-json\/wp\/v2\/posts\/4271\/revisions\/4273"}],"wp:featuredmedia":[{"embeddable":true,"href":"https:\/\/radiounodigital.com\/web\/wp-json\/wp\/v2\/media\/4274"}],"wp:attachment":[{"href":"https:\/\/radiounodigital.com\/web\/wp-json\/wp\/v2\/media?parent=4271"}],"wp:term":[{"taxonomy":"category","embeddable":true,"href":"https:\/\/radiounodigital.com\/web\/wp-json\/wp\/v2\/categories?post=4271"},{"taxonomy":"post_tag","embeddable":true,"href":"https:\/\/radiounodigital.com\/web\/wp-json\/wp\/v2\/tags?post=4271"}],"curies":[{"name":"wp","href":"https:\/\/api.w.org\/{rel}","templated":true}]}}