{"id":4310,"date":"2020-08-07T10:32:56","date_gmt":"2020-08-07T13:32:56","guid":{"rendered":"https:\/\/radiounodigital.com\/web\/?p=4310"},"modified":"2020-08-07T10:33:10","modified_gmt":"2020-08-07T13:33:10","slug":"joe-bonamassa-lanza-la-reedicion-de-su-album-debut-a-new-day-yesterday","status":"publish","type":"post","link":"https:\/\/radiounodigital.com\/web\/2020\/08\/07\/joe-bonamassa-lanza-la-reedicion-de-su-album-debut-a-new-day-yesterday\/","title":{"rendered":"Joe Bonamassa lanza la reedici\u00f3n de su \u00e1lbum debut \u00abA New Day Yesterday\u00bb"},"content":{"rendered":"<h3>La reedici\u00f3n del vig\u00e9simo aniversario del \u00e1lbum debut de Joe Bonamassa, llamado A New Day Now, ha sido re-cantada, remezclada y remasterizada.<\/h3>\n<p>El nuevo \u00e1lbum de Joe Bonamassa en 2000, A New Day Yesterday, ha sido reeditado para conmemorar su vig\u00e9simo aniversario.<\/p>\n<p>Lanzado hoy y titulado A New Day Now, el \u00e1lbum ha sido completamente re-interpretado por Bonamassa, mientras que el productor Kevin Shirley ha remezclado y remasterizado el disco en su totalidad.<\/p>\n<p>\u00abLa raz\u00f3n por la que volvimos y lo remezclamos, volvimos a cantarlo y nos separamos de los maestros originales fue porque nunca sent\u00ed que merec\u00eda un tipo como Tom Dowd para producir mi primer \u00e1lbum\u00bb, dice Bonamassa sobre la reedici\u00f3n. \u00abYo era un beb\u00e9 en cuanto a ser artista.<\/p>\n<p>\u00abTom vio un peque\u00f1o guijarro en un arroyo que podr\u00eda viajar hacia abajo y eventualmente convertirse en esta pepita de oro, si quieres llamarlo as\u00ed, y tuvo una visi\u00f3n para m\u00ed que no vi. Aprecio eso y quer\u00eda para rendirle homenaje como un hombre que me gui\u00f3 durante ese tiempo.<\/p>\n<p>\u00abTom Dowd era un maestro de todo lo que se esforz\u00f3. No hubo un segundo nivel; no hubo compromiso en la calidad de las absoluciones y los resultados. Yo no estaba lo suficientemente desarrollado como m\u00fasico para elevarme a su nivel. todo y aprovech\u00e9 la ocasi\u00f3n calificando en la curva del m\u00fasico que soy hoy, el m\u00fasico que Tom siempre supo que estaba dentro de mi alma.<\/p>\n<p><iframe loading=\"lazy\" title=\"Joe Bonamassa - &quot;Colour and Shape&quot; - 20th Anniversary Edition\" width=\"960\" height=\"540\" src=\"https:\/\/www.youtube.com\/embed\/aTXV5g0jB4s?feature=oembed\" frameborder=\"0\" allow=\"accelerometer; autoplay; encrypted-media; gyroscope; picture-in-picture\" allowfullscreen><\/iframe><\/p>\n<p>\u00abDecid\u00ed contar con la ayuda de otro productor y mentor que ha impactado significativamente mi vida tanto a nivel personal como profesional, el Sr. Kevin Shirley para ayudar a remezclar, volver a cantar y finalmente rendir homenaje a Tom como lo intent\u00e9 tanto cuando \u00e9l estaba vivo. He sido extremadamente afortunado en mi vida de haber estado rodeado de dos de los mejores productores discogr\u00e1ficos m\u00e1s brillantes con los que alguien podr\u00eda haber so\u00f1ado.<\/p>\n<p>\u00abIncluimos algunas demostraciones y grabaciones crudas que hice en 75 Campbell Ave cuando era solo un adolescente y versiones alternativas de canciones con las que est\u00e1s familiarizado, en parte porque algunas de las cintas maestras se han perdido\u00bb.<\/p>\n<div class=\"tlid-input input\">\n<div class=\"source-wrap\">\n<div class=\"input-full-height-wrapper tlid-input-full-height-wrapper\">\n<div class=\"source-input\">\n<div class=\"source-footer-wrap source-or-target-footer\">\n<div class=\"character-count tlid-character-count\">\n<div class=\"cc-ctr normal\"><span title=\"\">\u00abCon el paso del tiempo, el estilo vocal de Joe, en particular, ha cambiado enormemente\u00bb, dice Shirley.<\/span> <span title=\"\">\u00abHa pasado de ser un grito adolescente a ser un cantante muy maduro y conmovedor. Desde el principio de nuestra relaci\u00f3n laboral, Joe ha mencionado que realmente le gustar\u00eda tener otra oportunidad con esas voces, y pregunt\u00f3 si las rehacer\u00eda, \u00bflo har\u00eda?<\/span> <span title=\"\">remezcla su primer \u00e1lbum en solitario.<\/span><\/div>\n<\/div>\n<\/div>\n<\/div>\n<\/div>\n<\/div>\n<\/div>\n<div class=\"tlid-results-container results-container\">\n<div class=\"tlid-result result-dict-wrapper\">\n<div class=\"result tlid-copy-target\">\n<div class=\"text-wrap tlid-copy-target\">\n<div class=\"result-shield-container tlid-copy-target\" tabindex=\"0\"><span class=\"tlid-translation translation\" lang=\"es\"><span title=\"\">\u00abSe agregaron a este \u00e1lbum tres canciones adicionales que Stevie Van Zandt produjo para Joe. Son una excelente visi\u00f3n de d\u00f3nde ven\u00eda Joe, qu\u00e9 estaba buscando y c\u00f3mo se ha desarrollado a lo largo de los a\u00f1os\u00bb.<\/span><br \/>\n<span class=\"\" title=\"\">Las canciones adicionales a las que Shirley hace referencia son demostraciones in\u00e9ditas e in\u00e9ditas de una sesi\u00f3n de estudio de 1997 que tuvo lugar antes de que se firmara Bonamassa, cuando Van Zandt fue uno de sus primeros grandes admiradores.<\/span><\/span><\/div>\n<\/div>\n<\/div>\n<\/div>\n<\/div>\n<div class=\"fb-background-color\">\n\t\t\t  <div \n\t\t\t  \tclass = \"fb-comments\" \n\t\t\t  \tdata-href = \"https:\/\/radiounodigital.com\/web\/2020\/08\/07\/joe-bonamassa-lanza-la-reedicion-de-su-album-debut-a-new-day-yesterday\/\"\n\t\t\t  \tdata-numposts = \"10\"\n\t\t\t  \tdata-lazy = \"true\"\n\t\t\t\tdata-colorscheme = \"dark\"\n\t\t\t\tdata-order-by = \"reverse_time\"\n\t\t\t\tdata-mobile=true>\n\t\t\t  <\/div><\/div>\n\t\t  <style>\n\t\t    .fb-background-color {\n\t\t\t\tbackground: #ffffff !important;\n\t\t\t}\n\t\t\t.fb_iframe_widget_fluid_desktop iframe {\n\t\t\t    width: 100% !important;\n\t\t\t}\n\t\t  <\/style>\n\t\t  ","protected":false},"excerpt":{"rendered":"<p>La reedici\u00f3n del vig\u00e9simo aniversario del \u00e1lbum debut de Joe Bonamassa, llamado A New Day Now, ha sido re-cantada, remezclada y remasterizada. El nuevo \u00e1lbum de Joe Bonamassa en 2000, A New Day Yesterday, ha sido reeditado para conmemorar su vig\u00e9simo aniversario. Lanzado hoy y titulado A New Day Now, el \u00e1lbum ha sido completamente&#8230; <a href=\"https:\/\/radiounodigital.com\/web\/2020\/08\/07\/joe-bonamassa-lanza-la-reedicion-de-su-album-debut-a-new-day-yesterday\/\" class=\"excerpt-read-more\">Read More<\/a><\/p>\n","protected":false},"author":1,"featured_media":4312,"comment_status":"open","ping_status":"open","sticky":false,"template":"","format":"standard","meta":{"footnotes":""},"categories":[126,180],"tags":[1175,301,823,272],"class_list":["post-4310","post","type-post","status-publish","format-standard","has-post-thumbnail","hentry","category-blues","category-news","tag-a-new-day-now","tag-aniversario","tag-joe-bonamassa","tag-reedicion"],"yoast_head":"<!-- This site is optimized with the Yoast SEO plugin v27.4 - https:\/\/yoast.com\/product\/yoast-seo-wordpress\/ -->\n<title>Joe Bonamassa lanza la reedici\u00f3n de su \u00e1lbum debut &quot;A New Day Yesterday&quot; - Radio UNO Digital<\/title>\n<meta name=\"robots\" content=\"index, follow, max-snippet:-1, max-image-preview:large, max-video-preview:-1\" \/>\n<link rel=\"canonical\" href=\"https:\/\/radiounodigital.com\/web\/2020\/08\/07\/joe-bonamassa-lanza-la-reedicion-de-su-album-debut-a-new-day-yesterday\/\" \/>\n<meta property=\"og:locale\" content=\"es_ES\" \/>\n<meta property=\"og:type\" content=\"article\" \/>\n<meta property=\"og:title\" content=\"Joe Bonamassa lanza la reedici\u00f3n de su \u00e1lbum debut &quot;A New Day Yesterday&quot; - Radio UNO Digital\" \/>\n<meta property=\"og:description\" content=\"La reedici\u00f3n del vig\u00e9simo aniversario del \u00e1lbum debut de Joe Bonamassa, llamado A New Day Now, ha sido re-cantada, remezclada y remasterizada. El nuevo \u00e1lbum de Joe Bonamassa en 2000, A New Day Yesterday, ha sido reeditado para conmemorar su vig\u00e9simo aniversario. Lanzado hoy y titulado A New Day Now, el \u00e1lbum ha sido completamente... Read More\" \/>\n<meta property=\"og:url\" content=\"https:\/\/radiounodigital.com\/web\/2020\/08\/07\/joe-bonamassa-lanza-la-reedicion-de-su-album-debut-a-new-day-yesterday\/\" \/>\n<meta property=\"og:site_name\" content=\"Radio UNO Digital\" \/>\n<meta property=\"article:published_time\" content=\"2020-08-07T13:32:56+00:00\" \/>\n<meta property=\"article:modified_time\" content=\"2020-08-07T13:33:10+00:00\" \/>\n<meta property=\"og:image\" content=\"https:\/\/radiounodigital.com\/web\/wp-content\/uploads\/2020\/08\/joe-bonamassa-a-new-day-now.jpg\" \/>\n\t<meta property=\"og:image:width\" content=\"650\" \/>\n\t<meta property=\"og:image:height\" content=\"366\" \/>\n\t<meta property=\"og:image:type\" content=\"image\/jpeg\" \/>\n<meta name=\"author\" content=\"diegoc\" \/>\n<meta name=\"twitter:card\" content=\"summary_large_image\" \/>\n<meta name=\"twitter:label1\" content=\"Escrito por\" \/>\n\t<meta name=\"twitter:data1\" content=\"diegoc\" \/>\n\t<meta name=\"twitter:label2\" content=\"Tiempo de lectura\" \/>\n\t<meta name=\"twitter:data2\" content=\"3 minutos\" \/>\n<script type=\"application\/ld+json\" class=\"yoast-schema-graph\">{\"@context\":\"https:\\\/\\\/schema.org\",\"@graph\":[{\"@type\":\"Article\",\"@id\":\"https:\\\/\\\/radiounodigital.com\\\/web\\\/2020\\\/08\\\/07\\\/joe-bonamassa-lanza-la-reedicion-de-su-album-debut-a-new-day-yesterday\\\/#article\",\"isPartOf\":{\"@id\":\"https:\\\/\\\/radiounodigital.com\\\/web\\\/2020\\\/08\\\/07\\\/joe-bonamassa-lanza-la-reedicion-de-su-album-debut-a-new-day-yesterday\\\/\"},\"author\":{\"name\":\"diegoc\",\"@id\":\"https:\\\/\\\/radiounodigital.com\\\/web\\\/#\\\/schema\\\/person\\\/00b93151fa54f619ecf9c183d1fc9758\"},\"headline\":\"Joe Bonamassa lanza la reedici\u00f3n de su \u00e1lbum debut \u00abA New Day Yesterday\u00bb\",\"datePublished\":\"2020-08-07T13:32:56+00:00\",\"dateModified\":\"2020-08-07T13:33:10+00:00\",\"mainEntityOfPage\":{\"@id\":\"https:\\\/\\\/radiounodigital.com\\\/web\\\/2020\\\/08\\\/07\\\/joe-bonamassa-lanza-la-reedicion-de-su-album-debut-a-new-day-yesterday\\\/\"},\"wordCount\":552,\"commentCount\":0,\"image\":{\"@id\":\"https:\\\/\\\/radiounodigital.com\\\/web\\\/2020\\\/08\\\/07\\\/joe-bonamassa-lanza-la-reedicion-de-su-album-debut-a-new-day-yesterday\\\/#primaryimage\"},\"thumbnailUrl\":\"https:\\\/\\\/radiounodigital.com\\\/web\\\/wp-content\\\/uploads\\\/2020\\\/08\\\/joe-bonamassa-a-new-day-now.jpg\",\"keywords\":[\"a new day now\",\"aniversario\",\"Joe Bonamassa\",\"reedicion\"],\"articleSection\":[\"Blues\",\"news\"],\"inLanguage\":\"es\",\"potentialAction\":[{\"@type\":\"CommentAction\",\"name\":\"Comment\",\"target\":[\"https:\\\/\\\/radiounodigital.com\\\/web\\\/2020\\\/08\\\/07\\\/joe-bonamassa-lanza-la-reedicion-de-su-album-debut-a-new-day-yesterday\\\/#respond\"]}]},{\"@type\":\"WebPage\",\"@id\":\"https:\\\/\\\/radiounodigital.com\\\/web\\\/2020\\\/08\\\/07\\\/joe-bonamassa-lanza-la-reedicion-de-su-album-debut-a-new-day-yesterday\\\/\",\"url\":\"https:\\\/\\\/radiounodigital.com\\\/web\\\/2020\\\/08\\\/07\\\/joe-bonamassa-lanza-la-reedicion-de-su-album-debut-a-new-day-yesterday\\\/\",\"name\":\"Joe Bonamassa lanza la reedici\u00f3n de su \u00e1lbum debut \\\"A New Day Yesterday\\\" - Radio UNO Digital\",\"isPartOf\":{\"@id\":\"https:\\\/\\\/radiounodigital.com\\\/web\\\/#website\"},\"primaryImageOfPage\":{\"@id\":\"https:\\\/\\\/radiounodigital.com\\\/web\\\/2020\\\/08\\\/07\\\/joe-bonamassa-lanza-la-reedicion-de-su-album-debut-a-new-day-yesterday\\\/#primaryimage\"},\"image\":{\"@id\":\"https:\\\/\\\/radiounodigital.com\\\/web\\\/2020\\\/08\\\/07\\\/joe-bonamassa-lanza-la-reedicion-de-su-album-debut-a-new-day-yesterday\\\/#primaryimage\"},\"thumbnailUrl\":\"https:\\\/\\\/radiounodigital.com\\\/web\\\/wp-content\\\/uploads\\\/2020\\\/08\\\/joe-bonamassa-a-new-day-now.jpg\",\"datePublished\":\"2020-08-07T13:32:56+00:00\",\"dateModified\":\"2020-08-07T13:33:10+00:00\",\"author\":{\"@id\":\"https:\\\/\\\/radiounodigital.com\\\/web\\\/#\\\/schema\\\/person\\\/00b93151fa54f619ecf9c183d1fc9758\"},\"breadcrumb\":{\"@id\":\"https:\\\/\\\/radiounodigital.com\\\/web\\\/2020\\\/08\\\/07\\\/joe-bonamassa-lanza-la-reedicion-de-su-album-debut-a-new-day-yesterday\\\/#breadcrumb\"},\"inLanguage\":\"es\",\"potentialAction\":[{\"@type\":\"ReadAction\",\"target\":[\"https:\\\/\\\/radiounodigital.com\\\/web\\\/2020\\\/08\\\/07\\\/joe-bonamassa-lanza-la-reedicion-de-su-album-debut-a-new-day-yesterday\\\/\"]}]},{\"@type\":\"ImageObject\",\"inLanguage\":\"es\",\"@id\":\"https:\\\/\\\/radiounodigital.com\\\/web\\\/2020\\\/08\\\/07\\\/joe-bonamassa-lanza-la-reedicion-de-su-album-debut-a-new-day-yesterday\\\/#primaryimage\",\"url\":\"https:\\\/\\\/radiounodigital.com\\\/web\\\/wp-content\\\/uploads\\\/2020\\\/08\\\/joe-bonamassa-a-new-day-now.jpg\",\"contentUrl\":\"https:\\\/\\\/radiounodigital.com\\\/web\\\/wp-content\\\/uploads\\\/2020\\\/08\\\/joe-bonamassa-a-new-day-now.jpg\",\"width\":650,\"height\":366,\"caption\":\"(Image credit: Robert Sutton)\"},{\"@type\":\"BreadcrumbList\",\"@id\":\"https:\\\/\\\/radiounodigital.com\\\/web\\\/2020\\\/08\\\/07\\\/joe-bonamassa-lanza-la-reedicion-de-su-album-debut-a-new-day-yesterday\\\/#breadcrumb\",\"itemListElement\":[{\"@type\":\"ListItem\",\"position\":1,\"name\":\"Home\",\"item\":\"https:\\\/\\\/radiounodigital.com\\\/web\\\/\"},{\"@type\":\"ListItem\",\"position\":2,\"name\":\"Joe Bonamassa lanza la reedici\u00f3n de su \u00e1lbum debut \u00abA New Day Yesterday\u00bb\"}]},{\"@type\":\"WebSite\",\"@id\":\"https:\\\/\\\/radiounodigital.com\\\/web\\\/#website\",\"url\":\"https:\\\/\\\/radiounodigital.com\\\/web\\\/\",\"name\":\"Radio UNO Digital\",\"description\":\"Donde la cultura del rock se siente\",\"potentialAction\":[{\"@type\":\"SearchAction\",\"target\":{\"@type\":\"EntryPoint\",\"urlTemplate\":\"https:\\\/\\\/radiounodigital.com\\\/web\\\/?s={search_term_string}\"},\"query-input\":{\"@type\":\"PropertyValueSpecification\",\"valueRequired\":true,\"valueName\":\"search_term_string\"}}],\"inLanguage\":\"es\"},{\"@type\":\"Person\",\"@id\":\"https:\\\/\\\/radiounodigital.com\\\/web\\\/#\\\/schema\\\/person\\\/00b93151fa54f619ecf9c183d1fc9758\",\"name\":\"diegoc\",\"image\":{\"@type\":\"ImageObject\",\"inLanguage\":\"es\",\"@id\":\"https:\\\/\\\/secure.gravatar.com\\\/avatar\\\/0a67041d44c702fb0660d81a5a32c7ce6007341cf92afeb718b75883bf415864?s=96&d=blank&r=g\",\"url\":\"https:\\\/\\\/secure.gravatar.com\\\/avatar\\\/0a67041d44c702fb0660d81a5a32c7ce6007341cf92afeb718b75883bf415864?s=96&d=blank&r=g\",\"contentUrl\":\"https:\\\/\\\/secure.gravatar.com\\\/avatar\\\/0a67041d44c702fb0660d81a5a32c7ce6007341cf92afeb718b75883bf415864?s=96&d=blank&r=g\",\"caption\":\"diegoc\"},\"url\":\"https:\\\/\\\/radiounodigital.com\\\/web\\\/author\\\/diegoc\\\/\"}]}<\/script>\n<!-- \/ Yoast SEO plugin. -->","yoast_head_json":{"title":"Joe Bonamassa lanza la reedici\u00f3n de su \u00e1lbum debut \"A New Day Yesterday\" - Radio UNO Digital","robots":{"index":"index","follow":"follow","max-snippet":"max-snippet:-1","max-image-preview":"max-image-preview:large","max-video-preview":"max-video-preview:-1"},"canonical":"https:\/\/radiounodigital.com\/web\/2020\/08\/07\/joe-bonamassa-lanza-la-reedicion-de-su-album-debut-a-new-day-yesterday\/","og_locale":"es_ES","og_type":"article","og_title":"Joe Bonamassa lanza la reedici\u00f3n de su \u00e1lbum debut \"A New Day Yesterday\" - Radio UNO Digital","og_description":"La reedici\u00f3n del vig\u00e9simo aniversario del \u00e1lbum debut de Joe Bonamassa, llamado A New Day Now, ha sido re-cantada, remezclada y remasterizada. El nuevo \u00e1lbum de Joe Bonamassa en 2000, A New Day Yesterday, ha sido reeditado para conmemorar su vig\u00e9simo aniversario. Lanzado hoy y titulado A New Day Now, el \u00e1lbum ha sido completamente... Read More","og_url":"https:\/\/radiounodigital.com\/web\/2020\/08\/07\/joe-bonamassa-lanza-la-reedicion-de-su-album-debut-a-new-day-yesterday\/","og_site_name":"Radio UNO Digital","article_published_time":"2020-08-07T13:32:56+00:00","article_modified_time":"2020-08-07T13:33:10+00:00","og_image":[{"width":650,"height":366,"url":"https:\/\/radiounodigital.com\/web\/wp-content\/uploads\/2020\/08\/joe-bonamassa-a-new-day-now.jpg","type":"image\/jpeg"}],"author":"diegoc","twitter_card":"summary_large_image","twitter_misc":{"Escrito por":"diegoc","Tiempo de lectura":"3 minutos"},"schema":{"@context":"https:\/\/schema.org","@graph":[{"@type":"Article","@id":"https:\/\/radiounodigital.com\/web\/2020\/08\/07\/joe-bonamassa-lanza-la-reedicion-de-su-album-debut-a-new-day-yesterday\/#article","isPartOf":{"@id":"https:\/\/radiounodigital.com\/web\/2020\/08\/07\/joe-bonamassa-lanza-la-reedicion-de-su-album-debut-a-new-day-yesterday\/"},"author":{"name":"diegoc","@id":"https:\/\/radiounodigital.com\/web\/#\/schema\/person\/00b93151fa54f619ecf9c183d1fc9758"},"headline":"Joe Bonamassa lanza la reedici\u00f3n de su \u00e1lbum debut \u00abA New Day Yesterday\u00bb","datePublished":"2020-08-07T13:32:56+00:00","dateModified":"2020-08-07T13:33:10+00:00","mainEntityOfPage":{"@id":"https:\/\/radiounodigital.com\/web\/2020\/08\/07\/joe-bonamassa-lanza-la-reedicion-de-su-album-debut-a-new-day-yesterday\/"},"wordCount":552,"commentCount":0,"image":{"@id":"https:\/\/radiounodigital.com\/web\/2020\/08\/07\/joe-bonamassa-lanza-la-reedicion-de-su-album-debut-a-new-day-yesterday\/#primaryimage"},"thumbnailUrl":"https:\/\/radiounodigital.com\/web\/wp-content\/uploads\/2020\/08\/joe-bonamassa-a-new-day-now.jpg","keywords":["a new day now","aniversario","Joe Bonamassa","reedicion"],"articleSection":["Blues","news"],"inLanguage":"es","potentialAction":[{"@type":"CommentAction","name":"Comment","target":["https:\/\/radiounodigital.com\/web\/2020\/08\/07\/joe-bonamassa-lanza-la-reedicion-de-su-album-debut-a-new-day-yesterday\/#respond"]}]},{"@type":"WebPage","@id":"https:\/\/radiounodigital.com\/web\/2020\/08\/07\/joe-bonamassa-lanza-la-reedicion-de-su-album-debut-a-new-day-yesterday\/","url":"https:\/\/radiounodigital.com\/web\/2020\/08\/07\/joe-bonamassa-lanza-la-reedicion-de-su-album-debut-a-new-day-yesterday\/","name":"Joe Bonamassa lanza la reedici\u00f3n de su \u00e1lbum debut \"A New Day Yesterday\" - Radio UNO Digital","isPartOf":{"@id":"https:\/\/radiounodigital.com\/web\/#website"},"primaryImageOfPage":{"@id":"https:\/\/radiounodigital.com\/web\/2020\/08\/07\/joe-bonamassa-lanza-la-reedicion-de-su-album-debut-a-new-day-yesterday\/#primaryimage"},"image":{"@id":"https:\/\/radiounodigital.com\/web\/2020\/08\/07\/joe-bonamassa-lanza-la-reedicion-de-su-album-debut-a-new-day-yesterday\/#primaryimage"},"thumbnailUrl":"https:\/\/radiounodigital.com\/web\/wp-content\/uploads\/2020\/08\/joe-bonamassa-a-new-day-now.jpg","datePublished":"2020-08-07T13:32:56+00:00","dateModified":"2020-08-07T13:33:10+00:00","author":{"@id":"https:\/\/radiounodigital.com\/web\/#\/schema\/person\/00b93151fa54f619ecf9c183d1fc9758"},"breadcrumb":{"@id":"https:\/\/radiounodigital.com\/web\/2020\/08\/07\/joe-bonamassa-lanza-la-reedicion-de-su-album-debut-a-new-day-yesterday\/#breadcrumb"},"inLanguage":"es","potentialAction":[{"@type":"ReadAction","target":["https:\/\/radiounodigital.com\/web\/2020\/08\/07\/joe-bonamassa-lanza-la-reedicion-de-su-album-debut-a-new-day-yesterday\/"]}]},{"@type":"ImageObject","inLanguage":"es","@id":"https:\/\/radiounodigital.com\/web\/2020\/08\/07\/joe-bonamassa-lanza-la-reedicion-de-su-album-debut-a-new-day-yesterday\/#primaryimage","url":"https:\/\/radiounodigital.com\/web\/wp-content\/uploads\/2020\/08\/joe-bonamassa-a-new-day-now.jpg","contentUrl":"https:\/\/radiounodigital.com\/web\/wp-content\/uploads\/2020\/08\/joe-bonamassa-a-new-day-now.jpg","width":650,"height":366,"caption":"(Image credit: Robert Sutton)"},{"@type":"BreadcrumbList","@id":"https:\/\/radiounodigital.com\/web\/2020\/08\/07\/joe-bonamassa-lanza-la-reedicion-de-su-album-debut-a-new-day-yesterday\/#breadcrumb","itemListElement":[{"@type":"ListItem","position":1,"name":"Home","item":"https:\/\/radiounodigital.com\/web\/"},{"@type":"ListItem","position":2,"name":"Joe Bonamassa lanza la reedici\u00f3n de su \u00e1lbum debut \u00abA New Day Yesterday\u00bb"}]},{"@type":"WebSite","@id":"https:\/\/radiounodigital.com\/web\/#website","url":"https:\/\/radiounodigital.com\/web\/","name":"Radio UNO Digital","description":"Donde la cultura del rock se siente","potentialAction":[{"@type":"SearchAction","target":{"@type":"EntryPoint","urlTemplate":"https:\/\/radiounodigital.com\/web\/?s={search_term_string}"},"query-input":{"@type":"PropertyValueSpecification","valueRequired":true,"valueName":"search_term_string"}}],"inLanguage":"es"},{"@type":"Person","@id":"https:\/\/radiounodigital.com\/web\/#\/schema\/person\/00b93151fa54f619ecf9c183d1fc9758","name":"diegoc","image":{"@type":"ImageObject","inLanguage":"es","@id":"https:\/\/secure.gravatar.com\/avatar\/0a67041d44c702fb0660d81a5a32c7ce6007341cf92afeb718b75883bf415864?s=96&d=blank&r=g","url":"https:\/\/secure.gravatar.com\/avatar\/0a67041d44c702fb0660d81a5a32c7ce6007341cf92afeb718b75883bf415864?s=96&d=blank&r=g","contentUrl":"https:\/\/secure.gravatar.com\/avatar\/0a67041d44c702fb0660d81a5a32c7ce6007341cf92afeb718b75883bf415864?s=96&d=blank&r=g","caption":"diegoc"},"url":"https:\/\/radiounodigital.com\/web\/author\/diegoc\/"}]}},"_links":{"self":[{"href":"https:\/\/radiounodigital.com\/web\/wp-json\/wp\/v2\/posts\/4310","targetHints":{"allow":["GET"]}}],"collection":[{"href":"https:\/\/radiounodigital.com\/web\/wp-json\/wp\/v2\/posts"}],"about":[{"href":"https:\/\/radiounodigital.com\/web\/wp-json\/wp\/v2\/types\/post"}],"author":[{"embeddable":true,"href":"https:\/\/radiounodigital.com\/web\/wp-json\/wp\/v2\/users\/1"}],"replies":[{"embeddable":true,"href":"https:\/\/radiounodigital.com\/web\/wp-json\/wp\/v2\/comments?post=4310"}],"version-history":[{"count":1,"href":"https:\/\/radiounodigital.com\/web\/wp-json\/wp\/v2\/posts\/4310\/revisions"}],"predecessor-version":[{"id":4313,"href":"https:\/\/radiounodigital.com\/web\/wp-json\/wp\/v2\/posts\/4310\/revisions\/4313"}],"wp:featuredmedia":[{"embeddable":true,"href":"https:\/\/radiounodigital.com\/web\/wp-json\/wp\/v2\/media\/4312"}],"wp:attachment":[{"href":"https:\/\/radiounodigital.com\/web\/wp-json\/wp\/v2\/media?parent=4310"}],"wp:term":[{"taxonomy":"category","embeddable":true,"href":"https:\/\/radiounodigital.com\/web\/wp-json\/wp\/v2\/categories?post=4310"},{"taxonomy":"post_tag","embeddable":true,"href":"https:\/\/radiounodigital.com\/web\/wp-json\/wp\/v2\/tags?post=4310"}],"curies":[{"name":"wp","href":"https:\/\/api.w.org\/{rel}","templated":true}]}}