{"id":4342,"date":"2020-08-15T12:02:03","date_gmt":"2020-08-15T15:02:03","guid":{"rendered":"https:\/\/radiounodigital.com\/web\/?p=4342"},"modified":"2020-08-16T12:05:27","modified_gmt":"2020-08-16T15:05:27","slug":"escucha-el-nuevo-single-de-evanescence-use-my-voice","status":"publish","type":"post","link":"https:\/\/radiounodigital.com\/web\/2020\/08\/15\/escucha-el-nuevo-single-de-evanescence-use-my-voice\/","title":{"rendered":"Escucha el nuevo single de Evanescence, Use My Voice"},"content":{"rendered":"<h3>Evanescence lanza su nuevo single Use My Voice con Lzzy Hale, Taylor Momsen, Sharon den Adel y m\u00e1s<\/h3>\n<p><iframe loading=\"lazy\" title=\"Evanescence - Use My Voice (Official Audio)\" width=\"960\" height=\"540\" src=\"https:\/\/www.youtube.com\/embed\/X-OwbYctFNE?feature=oembed\" frameborder=\"0\" allow=\"accelerometer; autoplay; encrypted-media; gyroscope; picture-in-picture\" allowfullscreen><\/iframe><\/p>\n<p>La canci\u00f3n aparecer\u00e1 en el pr\u00f3ximo \u00e1lbum de estudio de la banda, The Bitter Truth, y Evanescence comparti\u00f3 previamente un breve videoclip de la canci\u00f3n en sus canales de redes sociales.<\/p>\n<p>Use My Voice cuenta con varios artistas invitados, incluidos Lzzy Hale de Halestorm, Sharon den Adel de Within Temptation, Taylor Momsen de The Pretty Reckless, la violinista Lindsey Stirling y Amy McLawhorn, la esposa del guitarrista de Evanescence Troy McLawhorn.<\/p>\n<p>Tambi\u00e9n aparecen en la canci\u00f3n las hermanas de Amy Lee, Carrie South y Lori Lee Bulloch, y la amiga de Lee y coautora de la canci\u00f3n Deena Jakoub de Veridia.<\/p>\n<p>Lee dice: \u201cEsta es una era de despertar y llena de poderosa belleza. Espero inspirar a otros a buscar la verdad, encontrar sus propias voces y usarlas mientras yo paso a usar la m\u00eda. No dejes que nadie hable por ti. S\u00f3lo t\u00fa puedes hacerlo.\u00bb<\/p>\n<p>Use My Voice es la tercera canci\u00f3n de The Bitter Truth y sigue a The Game Is Over and Wasted On You.<\/p>\n<p>La semana pasada, se inform\u00f3 que Evanescence se hab\u00eda asociado con la organizaci\u00f3n de registro de votantes HeadCount para la campa\u00f1a Use My Voice, que alienta a los ciudadanos estadounidenses a verificar o actualizar su estado de registro de votantes antes de las elecciones de noviembre.<\/p>\n<p>Los fan\u00e1ticos que se registren o verifiquen su estado de votaci\u00f3n a trav\u00e9s del sitio web Use My Voice recibir\u00e1n un boleto electr\u00f3nico para asistir a una actuaci\u00f3n en l\u00ednea privada y gratuita de Evanescence a finales de este a\u00f1o.<\/p>\n<p>Amy Lee apareci\u00f3 recientemente en la reelaboraci\u00f3n de Halestorm de su tema Break In de 2012, mientras que Evanescence har\u00e1 una gira por el Reino Unido y Europa en 2021 con Within Temptation.<\/p>\n<div class=\"fb-background-color\">\n\t\t\t  <div \n\t\t\t  \tclass = \"fb-comments\" \n\t\t\t  \tdata-href = \"https:\/\/radiounodigital.com\/web\/2020\/08\/15\/escucha-el-nuevo-single-de-evanescence-use-my-voice\/\"\n\t\t\t  \tdata-numposts = \"10\"\n\t\t\t  \tdata-lazy = \"true\"\n\t\t\t\tdata-colorscheme = \"dark\"\n\t\t\t\tdata-order-by = \"reverse_time\"\n\t\t\t\tdata-mobile=true>\n\t\t\t  <\/div><\/div>\n\t\t  <style>\n\t\t    .fb-background-color {\n\t\t\t\tbackground: #ffffff !important;\n\t\t\t}\n\t\t\t.fb_iframe_widget_fluid_desktop iframe {\n\t\t\t    width: 100% !important;\n\t\t\t}\n\t\t  <\/style>\n\t\t  ","protected":false},"excerpt":{"rendered":"<p>Evanescence lanza su nuevo single Use My Voice con Lzzy Hale, Taylor Momsen, Sharon den Adel y m\u00e1s La canci\u00f3n aparecer\u00e1 en el pr\u00f3ximo \u00e1lbum de estudio de la banda, The Bitter Truth, y Evanescence comparti\u00f3 previamente un breve videoclip de la canci\u00f3n en sus canales de redes sociales. Use My Voice cuenta con varios&#8230; <a href=\"https:\/\/radiounodigital.com\/web\/2020\/08\/15\/escucha-el-nuevo-single-de-evanescence-use-my-voice\/\" class=\"excerpt-read-more\">Read More<\/a><\/p>\n","protected":false},"author":1,"featured_media":4344,"comment_status":"open","ping_status":"open","sticky":false,"template":"","format":"standard","meta":{"footnotes":""},"categories":[1097,180],"tags":[1193,132,537,502,1194],"class_list":["post-4342","post","type-post","status-publish","format-standard","has-post-thumbnail","hentry","category-lo-nuevo","category-news","tag-evanescense","tag-nuevo","tag-sencillo","tag-single","tag-use-my-voice"],"yoast_head":"<!-- This site is optimized with the Yoast SEO plugin v27.4 - https:\/\/yoast.com\/product\/yoast-seo-wordpress\/ -->\n<title>Escucha el nuevo single de Evanescence, Use My Voice - Radio UNO Digital<\/title>\n<meta name=\"robots\" content=\"index, follow, max-snippet:-1, max-image-preview:large, max-video-preview:-1\" \/>\n<link rel=\"canonical\" href=\"https:\/\/radiounodigital.com\/web\/2020\/08\/15\/escucha-el-nuevo-single-de-evanescence-use-my-voice\/\" \/>\n<meta property=\"og:locale\" content=\"es_ES\" \/>\n<meta property=\"og:type\" content=\"article\" \/>\n<meta property=\"og:title\" content=\"Escucha el nuevo single de Evanescence, Use My Voice - Radio UNO Digital\" \/>\n<meta property=\"og:description\" content=\"Evanescence lanza su nuevo single Use My Voice con Lzzy Hale, Taylor Momsen, Sharon den Adel y m\u00e1s La canci\u00f3n aparecer\u00e1 en el pr\u00f3ximo \u00e1lbum de estudio de la banda, The Bitter Truth, y Evanescence comparti\u00f3 previamente un breve videoclip de la canci\u00f3n en sus canales de redes sociales. Use My Voice cuenta con varios... Read More\" \/>\n<meta property=\"og:url\" content=\"https:\/\/radiounodigital.com\/web\/2020\/08\/15\/escucha-el-nuevo-single-de-evanescence-use-my-voice\/\" \/>\n<meta property=\"og:site_name\" content=\"Radio UNO Digital\" \/>\n<meta property=\"article:published_time\" content=\"2020-08-15T15:02:03+00:00\" \/>\n<meta property=\"article:modified_time\" content=\"2020-08-16T15:05:27+00:00\" \/>\n<meta property=\"og:image\" content=\"https:\/\/radiounodigital.com\/web\/wp-content\/uploads\/2020\/08\/evansecense-use-my-voice.jpg\" \/>\n\t<meta property=\"og:image:width\" content=\"1280\" \/>\n\t<meta property=\"og:image:height\" content=\"720\" \/>\n\t<meta property=\"og:image:type\" content=\"image\/jpeg\" \/>\n<meta name=\"author\" content=\"diegoc\" \/>\n<meta name=\"twitter:card\" content=\"summary_large_image\" \/>\n<meta name=\"twitter:label1\" content=\"Escrito por\" \/>\n\t<meta name=\"twitter:data1\" content=\"diegoc\" \/>\n\t<meta name=\"twitter:label2\" content=\"Tiempo de lectura\" \/>\n\t<meta name=\"twitter:data2\" content=\"2 minutos\" \/>\n<script type=\"application\/ld+json\" class=\"yoast-schema-graph\">{\"@context\":\"https:\\\/\\\/schema.org\",\"@graph\":[{\"@type\":\"Article\",\"@id\":\"https:\\\/\\\/radiounodigital.com\\\/web\\\/2020\\\/08\\\/15\\\/escucha-el-nuevo-single-de-evanescence-use-my-voice\\\/#article\",\"isPartOf\":{\"@id\":\"https:\\\/\\\/radiounodigital.com\\\/web\\\/2020\\\/08\\\/15\\\/escucha-el-nuevo-single-de-evanescence-use-my-voice\\\/\"},\"author\":{\"name\":\"diegoc\",\"@id\":\"https:\\\/\\\/radiounodigital.com\\\/web\\\/#\\\/schema\\\/person\\\/00b93151fa54f619ecf9c183d1fc9758\"},\"headline\":\"Escucha el nuevo single de Evanescence, Use My Voice\",\"datePublished\":\"2020-08-15T15:02:03+00:00\",\"dateModified\":\"2020-08-16T15:05:27+00:00\",\"mainEntityOfPage\":{\"@id\":\"https:\\\/\\\/radiounodigital.com\\\/web\\\/2020\\\/08\\\/15\\\/escucha-el-nuevo-single-de-evanescence-use-my-voice\\\/\"},\"wordCount\":338,\"commentCount\":0,\"image\":{\"@id\":\"https:\\\/\\\/radiounodigital.com\\\/web\\\/2020\\\/08\\\/15\\\/escucha-el-nuevo-single-de-evanescence-use-my-voice\\\/#primaryimage\"},\"thumbnailUrl\":\"https:\\\/\\\/radiounodigital.com\\\/web\\\/wp-content\\\/uploads\\\/2020\\\/08\\\/evansecense-use-my-voice.jpg\",\"keywords\":[\"evanescense\",\"nuevo\",\"sencillo\",\"single\",\"use my voice\"],\"articleSection\":[\"lo nuevo\",\"news\"],\"inLanguage\":\"es\",\"potentialAction\":[{\"@type\":\"CommentAction\",\"name\":\"Comment\",\"target\":[\"https:\\\/\\\/radiounodigital.com\\\/web\\\/2020\\\/08\\\/15\\\/escucha-el-nuevo-single-de-evanescence-use-my-voice\\\/#respond\"]}]},{\"@type\":\"WebPage\",\"@id\":\"https:\\\/\\\/radiounodigital.com\\\/web\\\/2020\\\/08\\\/15\\\/escucha-el-nuevo-single-de-evanescence-use-my-voice\\\/\",\"url\":\"https:\\\/\\\/radiounodigital.com\\\/web\\\/2020\\\/08\\\/15\\\/escucha-el-nuevo-single-de-evanescence-use-my-voice\\\/\",\"name\":\"Escucha el nuevo single de Evanescence, Use My Voice - Radio UNO Digital\",\"isPartOf\":{\"@id\":\"https:\\\/\\\/radiounodigital.com\\\/web\\\/#website\"},\"primaryImageOfPage\":{\"@id\":\"https:\\\/\\\/radiounodigital.com\\\/web\\\/2020\\\/08\\\/15\\\/escucha-el-nuevo-single-de-evanescence-use-my-voice\\\/#primaryimage\"},\"image\":{\"@id\":\"https:\\\/\\\/radiounodigital.com\\\/web\\\/2020\\\/08\\\/15\\\/escucha-el-nuevo-single-de-evanescence-use-my-voice\\\/#primaryimage\"},\"thumbnailUrl\":\"https:\\\/\\\/radiounodigital.com\\\/web\\\/wp-content\\\/uploads\\\/2020\\\/08\\\/evansecense-use-my-voice.jpg\",\"datePublished\":\"2020-08-15T15:02:03+00:00\",\"dateModified\":\"2020-08-16T15:05:27+00:00\",\"author\":{\"@id\":\"https:\\\/\\\/radiounodigital.com\\\/web\\\/#\\\/schema\\\/person\\\/00b93151fa54f619ecf9c183d1fc9758\"},\"breadcrumb\":{\"@id\":\"https:\\\/\\\/radiounodigital.com\\\/web\\\/2020\\\/08\\\/15\\\/escucha-el-nuevo-single-de-evanescence-use-my-voice\\\/#breadcrumb\"},\"inLanguage\":\"es\",\"potentialAction\":[{\"@type\":\"ReadAction\",\"target\":[\"https:\\\/\\\/radiounodigital.com\\\/web\\\/2020\\\/08\\\/15\\\/escucha-el-nuevo-single-de-evanescence-use-my-voice\\\/\"]}]},{\"@type\":\"ImageObject\",\"inLanguage\":\"es\",\"@id\":\"https:\\\/\\\/radiounodigital.com\\\/web\\\/2020\\\/08\\\/15\\\/escucha-el-nuevo-single-de-evanescence-use-my-voice\\\/#primaryimage\",\"url\":\"https:\\\/\\\/radiounodigital.com\\\/web\\\/wp-content\\\/uploads\\\/2020\\\/08\\\/evansecense-use-my-voice.jpg\",\"contentUrl\":\"https:\\\/\\\/radiounodigital.com\\\/web\\\/wp-content\\\/uploads\\\/2020\\\/08\\\/evansecense-use-my-voice.jpg\",\"width\":1280,\"height\":720},{\"@type\":\"BreadcrumbList\",\"@id\":\"https:\\\/\\\/radiounodigital.com\\\/web\\\/2020\\\/08\\\/15\\\/escucha-el-nuevo-single-de-evanescence-use-my-voice\\\/#breadcrumb\",\"itemListElement\":[{\"@type\":\"ListItem\",\"position\":1,\"name\":\"Home\",\"item\":\"https:\\\/\\\/radiounodigital.com\\\/web\\\/\"},{\"@type\":\"ListItem\",\"position\":2,\"name\":\"Escucha el nuevo single de Evanescence, Use My Voice\"}]},{\"@type\":\"WebSite\",\"@id\":\"https:\\\/\\\/radiounodigital.com\\\/web\\\/#website\",\"url\":\"https:\\\/\\\/radiounodigital.com\\\/web\\\/\",\"name\":\"Radio UNO Digital\",\"description\":\"Donde la cultura del rock se siente\",\"potentialAction\":[{\"@type\":\"SearchAction\",\"target\":{\"@type\":\"EntryPoint\",\"urlTemplate\":\"https:\\\/\\\/radiounodigital.com\\\/web\\\/?s={search_term_string}\"},\"query-input\":{\"@type\":\"PropertyValueSpecification\",\"valueRequired\":true,\"valueName\":\"search_term_string\"}}],\"inLanguage\":\"es\"},{\"@type\":\"Person\",\"@id\":\"https:\\\/\\\/radiounodigital.com\\\/web\\\/#\\\/schema\\\/person\\\/00b93151fa54f619ecf9c183d1fc9758\",\"name\":\"diegoc\",\"image\":{\"@type\":\"ImageObject\",\"inLanguage\":\"es\",\"@id\":\"https:\\\/\\\/secure.gravatar.com\\\/avatar\\\/0a67041d44c702fb0660d81a5a32c7ce6007341cf92afeb718b75883bf415864?s=96&d=blank&r=g\",\"url\":\"https:\\\/\\\/secure.gravatar.com\\\/avatar\\\/0a67041d44c702fb0660d81a5a32c7ce6007341cf92afeb718b75883bf415864?s=96&d=blank&r=g\",\"contentUrl\":\"https:\\\/\\\/secure.gravatar.com\\\/avatar\\\/0a67041d44c702fb0660d81a5a32c7ce6007341cf92afeb718b75883bf415864?s=96&d=blank&r=g\",\"caption\":\"diegoc\"},\"url\":\"https:\\\/\\\/radiounodigital.com\\\/web\\\/author\\\/diegoc\\\/\"}]}<\/script>\n<!-- \/ Yoast SEO plugin. -->","yoast_head_json":{"title":"Escucha el nuevo single de Evanescence, Use My Voice - Radio UNO Digital","robots":{"index":"index","follow":"follow","max-snippet":"max-snippet:-1","max-image-preview":"max-image-preview:large","max-video-preview":"max-video-preview:-1"},"canonical":"https:\/\/radiounodigital.com\/web\/2020\/08\/15\/escucha-el-nuevo-single-de-evanescence-use-my-voice\/","og_locale":"es_ES","og_type":"article","og_title":"Escucha el nuevo single de Evanescence, Use My Voice - Radio UNO Digital","og_description":"Evanescence lanza su nuevo single Use My Voice con Lzzy Hale, Taylor Momsen, Sharon den Adel y m\u00e1s La canci\u00f3n aparecer\u00e1 en el pr\u00f3ximo \u00e1lbum de estudio de la banda, The Bitter Truth, y Evanescence comparti\u00f3 previamente un breve videoclip de la canci\u00f3n en sus canales de redes sociales. Use My Voice cuenta con varios... Read More","og_url":"https:\/\/radiounodigital.com\/web\/2020\/08\/15\/escucha-el-nuevo-single-de-evanescence-use-my-voice\/","og_site_name":"Radio UNO Digital","article_published_time":"2020-08-15T15:02:03+00:00","article_modified_time":"2020-08-16T15:05:27+00:00","og_image":[{"width":1280,"height":720,"url":"https:\/\/radiounodigital.com\/web\/wp-content\/uploads\/2020\/08\/evansecense-use-my-voice.jpg","type":"image\/jpeg"}],"author":"diegoc","twitter_card":"summary_large_image","twitter_misc":{"Escrito por":"diegoc","Tiempo de lectura":"2 minutos"},"schema":{"@context":"https:\/\/schema.org","@graph":[{"@type":"Article","@id":"https:\/\/radiounodigital.com\/web\/2020\/08\/15\/escucha-el-nuevo-single-de-evanescence-use-my-voice\/#article","isPartOf":{"@id":"https:\/\/radiounodigital.com\/web\/2020\/08\/15\/escucha-el-nuevo-single-de-evanescence-use-my-voice\/"},"author":{"name":"diegoc","@id":"https:\/\/radiounodigital.com\/web\/#\/schema\/person\/00b93151fa54f619ecf9c183d1fc9758"},"headline":"Escucha el nuevo single de Evanescence, Use My Voice","datePublished":"2020-08-15T15:02:03+00:00","dateModified":"2020-08-16T15:05:27+00:00","mainEntityOfPage":{"@id":"https:\/\/radiounodigital.com\/web\/2020\/08\/15\/escucha-el-nuevo-single-de-evanescence-use-my-voice\/"},"wordCount":338,"commentCount":0,"image":{"@id":"https:\/\/radiounodigital.com\/web\/2020\/08\/15\/escucha-el-nuevo-single-de-evanescence-use-my-voice\/#primaryimage"},"thumbnailUrl":"https:\/\/radiounodigital.com\/web\/wp-content\/uploads\/2020\/08\/evansecense-use-my-voice.jpg","keywords":["evanescense","nuevo","sencillo","single","use my voice"],"articleSection":["lo nuevo","news"],"inLanguage":"es","potentialAction":[{"@type":"CommentAction","name":"Comment","target":["https:\/\/radiounodigital.com\/web\/2020\/08\/15\/escucha-el-nuevo-single-de-evanescence-use-my-voice\/#respond"]}]},{"@type":"WebPage","@id":"https:\/\/radiounodigital.com\/web\/2020\/08\/15\/escucha-el-nuevo-single-de-evanescence-use-my-voice\/","url":"https:\/\/radiounodigital.com\/web\/2020\/08\/15\/escucha-el-nuevo-single-de-evanescence-use-my-voice\/","name":"Escucha el nuevo single de Evanescence, Use My Voice - Radio UNO Digital","isPartOf":{"@id":"https:\/\/radiounodigital.com\/web\/#website"},"primaryImageOfPage":{"@id":"https:\/\/radiounodigital.com\/web\/2020\/08\/15\/escucha-el-nuevo-single-de-evanescence-use-my-voice\/#primaryimage"},"image":{"@id":"https:\/\/radiounodigital.com\/web\/2020\/08\/15\/escucha-el-nuevo-single-de-evanescence-use-my-voice\/#primaryimage"},"thumbnailUrl":"https:\/\/radiounodigital.com\/web\/wp-content\/uploads\/2020\/08\/evansecense-use-my-voice.jpg","datePublished":"2020-08-15T15:02:03+00:00","dateModified":"2020-08-16T15:05:27+00:00","author":{"@id":"https:\/\/radiounodigital.com\/web\/#\/schema\/person\/00b93151fa54f619ecf9c183d1fc9758"},"breadcrumb":{"@id":"https:\/\/radiounodigital.com\/web\/2020\/08\/15\/escucha-el-nuevo-single-de-evanescence-use-my-voice\/#breadcrumb"},"inLanguage":"es","potentialAction":[{"@type":"ReadAction","target":["https:\/\/radiounodigital.com\/web\/2020\/08\/15\/escucha-el-nuevo-single-de-evanescence-use-my-voice\/"]}]},{"@type":"ImageObject","inLanguage":"es","@id":"https:\/\/radiounodigital.com\/web\/2020\/08\/15\/escucha-el-nuevo-single-de-evanescence-use-my-voice\/#primaryimage","url":"https:\/\/radiounodigital.com\/web\/wp-content\/uploads\/2020\/08\/evansecense-use-my-voice.jpg","contentUrl":"https:\/\/radiounodigital.com\/web\/wp-content\/uploads\/2020\/08\/evansecense-use-my-voice.jpg","width":1280,"height":720},{"@type":"BreadcrumbList","@id":"https:\/\/radiounodigital.com\/web\/2020\/08\/15\/escucha-el-nuevo-single-de-evanescence-use-my-voice\/#breadcrumb","itemListElement":[{"@type":"ListItem","position":1,"name":"Home","item":"https:\/\/radiounodigital.com\/web\/"},{"@type":"ListItem","position":2,"name":"Escucha el nuevo single de Evanescence, Use My Voice"}]},{"@type":"WebSite","@id":"https:\/\/radiounodigital.com\/web\/#website","url":"https:\/\/radiounodigital.com\/web\/","name":"Radio UNO Digital","description":"Donde la cultura del rock se siente","potentialAction":[{"@type":"SearchAction","target":{"@type":"EntryPoint","urlTemplate":"https:\/\/radiounodigital.com\/web\/?s={search_term_string}"},"query-input":{"@type":"PropertyValueSpecification","valueRequired":true,"valueName":"search_term_string"}}],"inLanguage":"es"},{"@type":"Person","@id":"https:\/\/radiounodigital.com\/web\/#\/schema\/person\/00b93151fa54f619ecf9c183d1fc9758","name":"diegoc","image":{"@type":"ImageObject","inLanguage":"es","@id":"https:\/\/secure.gravatar.com\/avatar\/0a67041d44c702fb0660d81a5a32c7ce6007341cf92afeb718b75883bf415864?s=96&d=blank&r=g","url":"https:\/\/secure.gravatar.com\/avatar\/0a67041d44c702fb0660d81a5a32c7ce6007341cf92afeb718b75883bf415864?s=96&d=blank&r=g","contentUrl":"https:\/\/secure.gravatar.com\/avatar\/0a67041d44c702fb0660d81a5a32c7ce6007341cf92afeb718b75883bf415864?s=96&d=blank&r=g","caption":"diegoc"},"url":"https:\/\/radiounodigital.com\/web\/author\/diegoc\/"}]}},"_links":{"self":[{"href":"https:\/\/radiounodigital.com\/web\/wp-json\/wp\/v2\/posts\/4342","targetHints":{"allow":["GET"]}}],"collection":[{"href":"https:\/\/radiounodigital.com\/web\/wp-json\/wp\/v2\/posts"}],"about":[{"href":"https:\/\/radiounodigital.com\/web\/wp-json\/wp\/v2\/types\/post"}],"author":[{"embeddable":true,"href":"https:\/\/radiounodigital.com\/web\/wp-json\/wp\/v2\/users\/1"}],"replies":[{"embeddable":true,"href":"https:\/\/radiounodigital.com\/web\/wp-json\/wp\/v2\/comments?post=4342"}],"version-history":[{"count":1,"href":"https:\/\/radiounodigital.com\/web\/wp-json\/wp\/v2\/posts\/4342\/revisions"}],"predecessor-version":[{"id":4345,"href":"https:\/\/radiounodigital.com\/web\/wp-json\/wp\/v2\/posts\/4342\/revisions\/4345"}],"wp:featuredmedia":[{"embeddable":true,"href":"https:\/\/radiounodigital.com\/web\/wp-json\/wp\/v2\/media\/4344"}],"wp:attachment":[{"href":"https:\/\/radiounodigital.com\/web\/wp-json\/wp\/v2\/media?parent=4342"}],"wp:term":[{"taxonomy":"category","embeddable":true,"href":"https:\/\/radiounodigital.com\/web\/wp-json\/wp\/v2\/categories?post=4342"},{"taxonomy":"post_tag","embeddable":true,"href":"https:\/\/radiounodigital.com\/web\/wp-json\/wp\/v2\/tags?post=4342"}],"curies":[{"name":"wp","href":"https:\/\/api.w.org\/{rel}","templated":true}]}}