{"id":4439,"date":"2020-09-04T10:41:37","date_gmt":"2020-09-04T13:41:37","guid":{"rendered":"https:\/\/radiounodigital.com\/web\/?p=4439"},"modified":"2020-09-04T10:41:37","modified_gmt":"2020-09-04T13:41:37","slug":"oasis-celebra-25-anos-de-whats-the-story-morning-glory-con-una-reedicion-especial-en-vinilo","status":"publish","type":"post","link":"https:\/\/radiounodigital.com\/web\/2020\/09\/04\/oasis-celebra-25-anos-de-whats-the-story-morning-glory-con-una-reedicion-especial-en-vinilo\/","title":{"rendered":"Oasis celebra 25 a\u00f1os de \u00ab(What\u2019s The Story) Morning Glory?\u00bb con una reedici\u00f3n especial en vinilo"},"content":{"rendered":"<h4>El paquete de reedici\u00f3n tambi\u00e9n promete \u00abcontenido nuevo y original de Oasis\u00bb de la \u00e9poca.<\/h4>\n<p>El segundo \u00e1lbum de Oasis \u00ab(What\u2019s The Story) Morning Glory?\u00bb Cumplir\u00e1 25 a\u00f1os el pr\u00f3ximo mes, y Big Brother Recordings ha anunciado una reedici\u00f3n especial en vinilo para conmemorar la ocasi\u00f3n.<\/p>\n<p>Una edici\u00f3n de vinilo remasterizada del disco de 1995 est\u00e1 en camino, en formatos de disco de im\u00e1genes y LP de doble color plateado, y tambi\u00e9n se promete un \u201ccontenido nuevo y original de Oasis\u201d de la \u00e9poca.<\/p>\n<p>Las nuevas reediciones de edici\u00f3n limitada aterrizan el 2 de octubre, exactamente 25 a\u00f1os desde que la banda lanz\u00f3 la secuela de su \u00e1lbum debut \u00abDefinitely Maybe\u00bb.<\/p>\n<p>Todos los formatos nuevos del \u00e1lbum se pueden reservar a trav\u00e9s del sitio web de Oasis aqu\u00ed, y vendr\u00e1n con una r\u00e9plica de la letra manuscrita de \u00abWonderwall\u00bb de Noel Gallagher.<\/p>\n<p>Mire un avance de la nueva reedici\u00f3n de \u00ab(What\u2019s The Story) Morning Glory?\u00bb A continuaci\u00f3n.<\/p>\n<p><iframe loading=\"lazy\" title=\"Oasis -  (What&#039;s The Story) Morning Glory? - 25th Anniversary Trailer\" width=\"960\" height=\"540\" src=\"https:\/\/www.youtube.com\/embed\/mgcRuUVuGTE?feature=oembed\" frameborder=\"0\" allow=\"accelerometer; autoplay; encrypted-media; gyroscope; picture-in-picture\" allowfullscreen><\/iframe><\/p>\n<p>Se dice que el nuevo contenido prometido como parte del paquete de reedici\u00f3n llegar\u00e1 \u201ca lo largo de septiembre y principios de octubre\u201d, y se alienta a los fan\u00e1ticos a seguir el hashtag # MorningGlory25 para mantenerse al d\u00eda.<\/p>\n<p>Vea la lista de canciones para la edici\u00f3n remasterizada de vinilo doble del \u00e1lbum a continuaci\u00f3n<\/p>\n<p>A1 Hello (Remastered)<br \/>\nA2 Roll With It (Remastered)<br \/>\nA3 Wonderwall (Remastered)<\/p>\n<p>B1 Don\u2019t Look Back In Anger (Remastered)<br \/>\nB2 Hey Now! (Remastered)<br \/>\nB3 [Untitled] (Remastered)<br \/>\nB4 Bonehead\u2019s Bank Holiday (Remastered)<\/p>\n<p>C1 Some Might Say (Remastered)<br \/>\nC2 Cast No Shadow (Remastered)<br \/>\nC3 She\u2019s Electric (Remastered)<\/p>\n<p>D1 Morning Glory (Remastered)<br \/>\nD2 [Untitled] (Remastered)<br \/>\nD3 Champagne Supernova (Remastered)<\/p>\n<p><img loading=\"lazy\" decoding=\"async\" class=\"aligncenter size-full wp-image-4441\" src=\"https:\/\/radiounodigital.com\/web\/wp-content\/uploads\/2020\/09\/WTSMG-Silver-Vinyl.jpg\" alt=\"\" width=\"960\" height=\"960\" srcset=\"https:\/\/radiounodigital.com\/web\/wp-content\/uploads\/2020\/09\/WTSMG-Silver-Vinyl.jpg 960w, https:\/\/radiounodigital.com\/web\/wp-content\/uploads\/2020\/09\/WTSMG-Silver-Vinyl-300x300.jpg 300w, https:\/\/radiounodigital.com\/web\/wp-content\/uploads\/2020\/09\/WTSMG-Silver-Vinyl-150x150.jpg 150w, https:\/\/radiounodigital.com\/web\/wp-content\/uploads\/2020\/09\/WTSMG-Silver-Vinyl-768x768.jpg 768w\" sizes=\"auto, (max-width: 960px) 100vw, 960px\" \/><\/p>\n<p>Esto se produce despu\u00e9s de que \u00abWonderwall\u00bb de Oasis fuera revelada recientemente como la canci\u00f3n de pop brit\u00e1nico m\u00e1s vendida de los 90, en una lista dominada por la banda de los hermanos Gallagher.<\/p>\n<p>Mientras tanto, despu\u00e9s de ser anunciado como cabeza de cartel del Reading &amp; Leeds Festival, Liam Gallagher se ha burlado de que su tercer \u00e1lbum en solitario llegar\u00e1 en 2021 con el primer sencillo que se lanzar\u00e1 este a\u00f1o.<\/p>\n<div class=\"fb-background-color\">\n\t\t\t  <div \n\t\t\t  \tclass = \"fb-comments\" \n\t\t\t  \tdata-href = \"https:\/\/radiounodigital.com\/web\/2020\/09\/04\/oasis-celebra-25-anos-de-whats-the-story-morning-glory-con-una-reedicion-especial-en-vinilo\/\"\n\t\t\t  \tdata-numposts = \"10\"\n\t\t\t  \tdata-lazy = \"true\"\n\t\t\t\tdata-colorscheme = \"dark\"\n\t\t\t\tdata-order-by = \"reverse_time\"\n\t\t\t\tdata-mobile=true>\n\t\t\t  <\/div><\/div>\n\t\t  <style>\n\t\t    .fb-background-color {\n\t\t\t\tbackground: #ffffff !important;\n\t\t\t}\n\t\t\t.fb_iframe_widget_fluid_desktop iframe {\n\t\t\t    width: 100% !important;\n\t\t\t}\n\t\t  <\/style>\n\t\t  ","protected":false},"excerpt":{"rendered":"<p>El paquete de reedici\u00f3n tambi\u00e9n promete \u00abcontenido nuevo y original de Oasis\u00bb de la \u00e9poca. El segundo \u00e1lbum de Oasis \u00ab(What\u2019s The Story) Morning Glory?\u00bb Cumplir\u00e1 25 a\u00f1os el pr\u00f3ximo mes, y Big Brother Recordings ha anunciado una reedici\u00f3n especial en vinilo para conmemorar la ocasi\u00f3n. Una edici\u00f3n de vinilo remasterizada del disco de 1995&#8230; <a href=\"https:\/\/radiounodigital.com\/web\/2020\/09\/04\/oasis-celebra-25-anos-de-whats-the-story-morning-glory-con-una-reedicion-especial-en-vinilo\/\" class=\"excerpt-read-more\">Read More<\/a><\/p>\n","protected":false},"author":1,"featured_media":4442,"comment_status":"open","ping_status":"open","sticky":false,"template":"","format":"standard","meta":{"footnotes":""},"categories":[180,127],"tags":[1228,346,267,1227],"class_list":["post-4439","post","type-post","status-publish","format-standard","has-post-thumbnail","hentry","category-news","category-rock","tag-25-anos","tag-oasis","tag-vinilo","tag-whats-the-morning-gloty"],"yoast_head":"<!-- This site is optimized with the Yoast SEO plugin v27.4 - https:\/\/yoast.com\/product\/yoast-seo-wordpress\/ -->\n<title>Oasis celebra 25 a\u00f1os de &quot;(What\u2019s The Story) Morning Glory?&quot; con una reedici\u00f3n especial en vinilo - Radio UNO Digital<\/title>\n<meta name=\"robots\" content=\"index, follow, max-snippet:-1, max-image-preview:large, max-video-preview:-1\" \/>\n<link rel=\"canonical\" href=\"https:\/\/radiounodigital.com\/web\/2020\/09\/04\/oasis-celebra-25-anos-de-whats-the-story-morning-glory-con-una-reedicion-especial-en-vinilo\/\" \/>\n<meta property=\"og:locale\" content=\"es_ES\" \/>\n<meta property=\"og:type\" content=\"article\" \/>\n<meta property=\"og:title\" content=\"Oasis celebra 25 a\u00f1os de &quot;(What\u2019s The Story) Morning Glory?&quot; con una reedici\u00f3n especial en vinilo - Radio UNO Digital\" \/>\n<meta property=\"og:description\" content=\"El paquete de reedici\u00f3n tambi\u00e9n promete \u00abcontenido nuevo y original de Oasis\u00bb de la \u00e9poca. El segundo \u00e1lbum de Oasis \u00ab(What\u2019s The Story) Morning Glory?\u00bb Cumplir\u00e1 25 a\u00f1os el pr\u00f3ximo mes, y Big Brother Recordings ha anunciado una reedici\u00f3n especial en vinilo para conmemorar la ocasi\u00f3n. Una edici\u00f3n de vinilo remasterizada del disco de 1995... Read More\" \/>\n<meta property=\"og:url\" content=\"https:\/\/radiounodigital.com\/web\/2020\/09\/04\/oasis-celebra-25-anos-de-whats-the-story-morning-glory-con-una-reedicion-especial-en-vinilo\/\" \/>\n<meta property=\"og:site_name\" content=\"Radio UNO Digital\" \/>\n<meta property=\"article:published_time\" content=\"2020-09-04T13:41:37+00:00\" \/>\n<meta property=\"og:image\" content=\"https:\/\/radiounodigital.com\/web\/wp-content\/uploads\/2020\/09\/oasis-what-s-the-story-morning-glory-music-print-poster-canvas.-sizes-a3-a2-a1-2978-p-1024x724-1.jpg\" \/>\n\t<meta property=\"og:image:width\" content=\"1024\" \/>\n\t<meta property=\"og:image:height\" content=\"724\" \/>\n\t<meta property=\"og:image:type\" content=\"image\/jpeg\" \/>\n<meta name=\"author\" content=\"diegoc\" \/>\n<meta name=\"twitter:card\" content=\"summary_large_image\" \/>\n<meta name=\"twitter:label1\" content=\"Escrito por\" \/>\n\t<meta name=\"twitter:data1\" content=\"diegoc\" \/>\n\t<meta name=\"twitter:label2\" content=\"Tiempo de lectura\" \/>\n\t<meta name=\"twitter:data2\" content=\"2 minutos\" \/>\n<script type=\"application\/ld+json\" class=\"yoast-schema-graph\">{\"@context\":\"https:\\\/\\\/schema.org\",\"@graph\":[{\"@type\":\"Article\",\"@id\":\"https:\\\/\\\/radiounodigital.com\\\/web\\\/2020\\\/09\\\/04\\\/oasis-celebra-25-anos-de-whats-the-story-morning-glory-con-una-reedicion-especial-en-vinilo\\\/#article\",\"isPartOf\":{\"@id\":\"https:\\\/\\\/radiounodigital.com\\\/web\\\/2020\\\/09\\\/04\\\/oasis-celebra-25-anos-de-whats-the-story-morning-glory-con-una-reedicion-especial-en-vinilo\\\/\"},\"author\":{\"name\":\"diegoc\",\"@id\":\"https:\\\/\\\/radiounodigital.com\\\/web\\\/#\\\/schema\\\/person\\\/00b93151fa54f619ecf9c183d1fc9758\"},\"headline\":\"Oasis celebra 25 a\u00f1os de \u00ab(What\u2019s The Story) Morning Glory?\u00bb con una reedici\u00f3n especial en vinilo\",\"datePublished\":\"2020-09-04T13:41:37+00:00\",\"mainEntityOfPage\":{\"@id\":\"https:\\\/\\\/radiounodigital.com\\\/web\\\/2020\\\/09\\\/04\\\/oasis-celebra-25-anos-de-whats-the-story-morning-glory-con-una-reedicion-especial-en-vinilo\\\/\"},\"wordCount\":387,\"commentCount\":0,\"image\":{\"@id\":\"https:\\\/\\\/radiounodigital.com\\\/web\\\/2020\\\/09\\\/04\\\/oasis-celebra-25-anos-de-whats-the-story-morning-glory-con-una-reedicion-especial-en-vinilo\\\/#primaryimage\"},\"thumbnailUrl\":\"https:\\\/\\\/radiounodigital.com\\\/web\\\/wp-content\\\/uploads\\\/2020\\\/09\\\/oasis-what-s-the-story-morning-glory-music-print-poster-canvas.-sizes-a3-a2-a1-2978-p-1024x724-1.jpg\",\"keywords\":[\"25 A\u00d1OS\",\"oasis\",\"vinilo\",\"WHAT\u00b4S THE MORNING GLOTY\"],\"articleSection\":[\"news\",\"Rock\"],\"inLanguage\":\"es\",\"potentialAction\":[{\"@type\":\"CommentAction\",\"name\":\"Comment\",\"target\":[\"https:\\\/\\\/radiounodigital.com\\\/web\\\/2020\\\/09\\\/04\\\/oasis-celebra-25-anos-de-whats-the-story-morning-glory-con-una-reedicion-especial-en-vinilo\\\/#respond\"]}]},{\"@type\":\"WebPage\",\"@id\":\"https:\\\/\\\/radiounodigital.com\\\/web\\\/2020\\\/09\\\/04\\\/oasis-celebra-25-anos-de-whats-the-story-morning-glory-con-una-reedicion-especial-en-vinilo\\\/\",\"url\":\"https:\\\/\\\/radiounodigital.com\\\/web\\\/2020\\\/09\\\/04\\\/oasis-celebra-25-anos-de-whats-the-story-morning-glory-con-una-reedicion-especial-en-vinilo\\\/\",\"name\":\"Oasis celebra 25 a\u00f1os de \\\"(What\u2019s The Story) Morning Glory?\\\" con una reedici\u00f3n especial en vinilo - Radio UNO Digital\",\"isPartOf\":{\"@id\":\"https:\\\/\\\/radiounodigital.com\\\/web\\\/#website\"},\"primaryImageOfPage\":{\"@id\":\"https:\\\/\\\/radiounodigital.com\\\/web\\\/2020\\\/09\\\/04\\\/oasis-celebra-25-anos-de-whats-the-story-morning-glory-con-una-reedicion-especial-en-vinilo\\\/#primaryimage\"},\"image\":{\"@id\":\"https:\\\/\\\/radiounodigital.com\\\/web\\\/2020\\\/09\\\/04\\\/oasis-celebra-25-anos-de-whats-the-story-morning-glory-con-una-reedicion-especial-en-vinilo\\\/#primaryimage\"},\"thumbnailUrl\":\"https:\\\/\\\/radiounodigital.com\\\/web\\\/wp-content\\\/uploads\\\/2020\\\/09\\\/oasis-what-s-the-story-morning-glory-music-print-poster-canvas.-sizes-a3-a2-a1-2978-p-1024x724-1.jpg\",\"datePublished\":\"2020-09-04T13:41:37+00:00\",\"author\":{\"@id\":\"https:\\\/\\\/radiounodigital.com\\\/web\\\/#\\\/schema\\\/person\\\/00b93151fa54f619ecf9c183d1fc9758\"},\"breadcrumb\":{\"@id\":\"https:\\\/\\\/radiounodigital.com\\\/web\\\/2020\\\/09\\\/04\\\/oasis-celebra-25-anos-de-whats-the-story-morning-glory-con-una-reedicion-especial-en-vinilo\\\/#breadcrumb\"},\"inLanguage\":\"es\",\"potentialAction\":[{\"@type\":\"ReadAction\",\"target\":[\"https:\\\/\\\/radiounodigital.com\\\/web\\\/2020\\\/09\\\/04\\\/oasis-celebra-25-anos-de-whats-the-story-morning-glory-con-una-reedicion-especial-en-vinilo\\\/\"]}]},{\"@type\":\"ImageObject\",\"inLanguage\":\"es\",\"@id\":\"https:\\\/\\\/radiounodigital.com\\\/web\\\/2020\\\/09\\\/04\\\/oasis-celebra-25-anos-de-whats-the-story-morning-glory-con-una-reedicion-especial-en-vinilo\\\/#primaryimage\",\"url\":\"https:\\\/\\\/radiounodigital.com\\\/web\\\/wp-content\\\/uploads\\\/2020\\\/09\\\/oasis-what-s-the-story-morning-glory-music-print-poster-canvas.-sizes-a3-a2-a1-2978-p-1024x724-1.jpg\",\"contentUrl\":\"https:\\\/\\\/radiounodigital.com\\\/web\\\/wp-content\\\/uploads\\\/2020\\\/09\\\/oasis-what-s-the-story-morning-glory-music-print-poster-canvas.-sizes-a3-a2-a1-2978-p-1024x724-1.jpg\",\"width\":1024,\"height\":724},{\"@type\":\"BreadcrumbList\",\"@id\":\"https:\\\/\\\/radiounodigital.com\\\/web\\\/2020\\\/09\\\/04\\\/oasis-celebra-25-anos-de-whats-the-story-morning-glory-con-una-reedicion-especial-en-vinilo\\\/#breadcrumb\",\"itemListElement\":[{\"@type\":\"ListItem\",\"position\":1,\"name\":\"Home\",\"item\":\"https:\\\/\\\/radiounodigital.com\\\/web\\\/\"},{\"@type\":\"ListItem\",\"position\":2,\"name\":\"Oasis celebra 25 a\u00f1os de \u00ab(What\u2019s The Story) Morning Glory?\u00bb con una reedici\u00f3n especial en vinilo\"}]},{\"@type\":\"WebSite\",\"@id\":\"https:\\\/\\\/radiounodigital.com\\\/web\\\/#website\",\"url\":\"https:\\\/\\\/radiounodigital.com\\\/web\\\/\",\"name\":\"Radio UNO Digital\",\"description\":\"Donde la cultura del rock se siente\",\"potentialAction\":[{\"@type\":\"SearchAction\",\"target\":{\"@type\":\"EntryPoint\",\"urlTemplate\":\"https:\\\/\\\/radiounodigital.com\\\/web\\\/?s={search_term_string}\"},\"query-input\":{\"@type\":\"PropertyValueSpecification\",\"valueRequired\":true,\"valueName\":\"search_term_string\"}}],\"inLanguage\":\"es\"},{\"@type\":\"Person\",\"@id\":\"https:\\\/\\\/radiounodigital.com\\\/web\\\/#\\\/schema\\\/person\\\/00b93151fa54f619ecf9c183d1fc9758\",\"name\":\"diegoc\",\"image\":{\"@type\":\"ImageObject\",\"inLanguage\":\"es\",\"@id\":\"https:\\\/\\\/secure.gravatar.com\\\/avatar\\\/0a67041d44c702fb0660d81a5a32c7ce6007341cf92afeb718b75883bf415864?s=96&d=blank&r=g\",\"url\":\"https:\\\/\\\/secure.gravatar.com\\\/avatar\\\/0a67041d44c702fb0660d81a5a32c7ce6007341cf92afeb718b75883bf415864?s=96&d=blank&r=g\",\"contentUrl\":\"https:\\\/\\\/secure.gravatar.com\\\/avatar\\\/0a67041d44c702fb0660d81a5a32c7ce6007341cf92afeb718b75883bf415864?s=96&d=blank&r=g\",\"caption\":\"diegoc\"},\"url\":\"https:\\\/\\\/radiounodigital.com\\\/web\\\/author\\\/diegoc\\\/\"}]}<\/script>\n<!-- \/ Yoast SEO plugin. -->","yoast_head_json":{"title":"Oasis celebra 25 a\u00f1os de \"(What\u2019s The Story) Morning Glory?\" con una reedici\u00f3n especial en vinilo - Radio UNO Digital","robots":{"index":"index","follow":"follow","max-snippet":"max-snippet:-1","max-image-preview":"max-image-preview:large","max-video-preview":"max-video-preview:-1"},"canonical":"https:\/\/radiounodigital.com\/web\/2020\/09\/04\/oasis-celebra-25-anos-de-whats-the-story-morning-glory-con-una-reedicion-especial-en-vinilo\/","og_locale":"es_ES","og_type":"article","og_title":"Oasis celebra 25 a\u00f1os de \"(What\u2019s The Story) Morning Glory?\" con una reedici\u00f3n especial en vinilo - Radio UNO Digital","og_description":"El paquete de reedici\u00f3n tambi\u00e9n promete \u00abcontenido nuevo y original de Oasis\u00bb de la \u00e9poca. El segundo \u00e1lbum de Oasis \u00ab(What\u2019s The Story) Morning Glory?\u00bb Cumplir\u00e1 25 a\u00f1os el pr\u00f3ximo mes, y Big Brother Recordings ha anunciado una reedici\u00f3n especial en vinilo para conmemorar la ocasi\u00f3n. Una edici\u00f3n de vinilo remasterizada del disco de 1995... Read More","og_url":"https:\/\/radiounodigital.com\/web\/2020\/09\/04\/oasis-celebra-25-anos-de-whats-the-story-morning-glory-con-una-reedicion-especial-en-vinilo\/","og_site_name":"Radio UNO Digital","article_published_time":"2020-09-04T13:41:37+00:00","og_image":[{"width":1024,"height":724,"url":"https:\/\/radiounodigital.com\/web\/wp-content\/uploads\/2020\/09\/oasis-what-s-the-story-morning-glory-music-print-poster-canvas.-sizes-a3-a2-a1-2978-p-1024x724-1.jpg","type":"image\/jpeg"}],"author":"diegoc","twitter_card":"summary_large_image","twitter_misc":{"Escrito por":"diegoc","Tiempo de lectura":"2 minutos"},"schema":{"@context":"https:\/\/schema.org","@graph":[{"@type":"Article","@id":"https:\/\/radiounodigital.com\/web\/2020\/09\/04\/oasis-celebra-25-anos-de-whats-the-story-morning-glory-con-una-reedicion-especial-en-vinilo\/#article","isPartOf":{"@id":"https:\/\/radiounodigital.com\/web\/2020\/09\/04\/oasis-celebra-25-anos-de-whats-the-story-morning-glory-con-una-reedicion-especial-en-vinilo\/"},"author":{"name":"diegoc","@id":"https:\/\/radiounodigital.com\/web\/#\/schema\/person\/00b93151fa54f619ecf9c183d1fc9758"},"headline":"Oasis celebra 25 a\u00f1os de \u00ab(What\u2019s The Story) Morning Glory?\u00bb con una reedici\u00f3n especial en vinilo","datePublished":"2020-09-04T13:41:37+00:00","mainEntityOfPage":{"@id":"https:\/\/radiounodigital.com\/web\/2020\/09\/04\/oasis-celebra-25-anos-de-whats-the-story-morning-glory-con-una-reedicion-especial-en-vinilo\/"},"wordCount":387,"commentCount":0,"image":{"@id":"https:\/\/radiounodigital.com\/web\/2020\/09\/04\/oasis-celebra-25-anos-de-whats-the-story-morning-glory-con-una-reedicion-especial-en-vinilo\/#primaryimage"},"thumbnailUrl":"https:\/\/radiounodigital.com\/web\/wp-content\/uploads\/2020\/09\/oasis-what-s-the-story-morning-glory-music-print-poster-canvas.-sizes-a3-a2-a1-2978-p-1024x724-1.jpg","keywords":["25 A\u00d1OS","oasis","vinilo","WHAT\u00b4S THE MORNING GLOTY"],"articleSection":["news","Rock"],"inLanguage":"es","potentialAction":[{"@type":"CommentAction","name":"Comment","target":["https:\/\/radiounodigital.com\/web\/2020\/09\/04\/oasis-celebra-25-anos-de-whats-the-story-morning-glory-con-una-reedicion-especial-en-vinilo\/#respond"]}]},{"@type":"WebPage","@id":"https:\/\/radiounodigital.com\/web\/2020\/09\/04\/oasis-celebra-25-anos-de-whats-the-story-morning-glory-con-una-reedicion-especial-en-vinilo\/","url":"https:\/\/radiounodigital.com\/web\/2020\/09\/04\/oasis-celebra-25-anos-de-whats-the-story-morning-glory-con-una-reedicion-especial-en-vinilo\/","name":"Oasis celebra 25 a\u00f1os de \"(What\u2019s The Story) Morning Glory?\" con una reedici\u00f3n especial en vinilo - Radio UNO Digital","isPartOf":{"@id":"https:\/\/radiounodigital.com\/web\/#website"},"primaryImageOfPage":{"@id":"https:\/\/radiounodigital.com\/web\/2020\/09\/04\/oasis-celebra-25-anos-de-whats-the-story-morning-glory-con-una-reedicion-especial-en-vinilo\/#primaryimage"},"image":{"@id":"https:\/\/radiounodigital.com\/web\/2020\/09\/04\/oasis-celebra-25-anos-de-whats-the-story-morning-glory-con-una-reedicion-especial-en-vinilo\/#primaryimage"},"thumbnailUrl":"https:\/\/radiounodigital.com\/web\/wp-content\/uploads\/2020\/09\/oasis-what-s-the-story-morning-glory-music-print-poster-canvas.-sizes-a3-a2-a1-2978-p-1024x724-1.jpg","datePublished":"2020-09-04T13:41:37+00:00","author":{"@id":"https:\/\/radiounodigital.com\/web\/#\/schema\/person\/00b93151fa54f619ecf9c183d1fc9758"},"breadcrumb":{"@id":"https:\/\/radiounodigital.com\/web\/2020\/09\/04\/oasis-celebra-25-anos-de-whats-the-story-morning-glory-con-una-reedicion-especial-en-vinilo\/#breadcrumb"},"inLanguage":"es","potentialAction":[{"@type":"ReadAction","target":["https:\/\/radiounodigital.com\/web\/2020\/09\/04\/oasis-celebra-25-anos-de-whats-the-story-morning-glory-con-una-reedicion-especial-en-vinilo\/"]}]},{"@type":"ImageObject","inLanguage":"es","@id":"https:\/\/radiounodigital.com\/web\/2020\/09\/04\/oasis-celebra-25-anos-de-whats-the-story-morning-glory-con-una-reedicion-especial-en-vinilo\/#primaryimage","url":"https:\/\/radiounodigital.com\/web\/wp-content\/uploads\/2020\/09\/oasis-what-s-the-story-morning-glory-music-print-poster-canvas.-sizes-a3-a2-a1-2978-p-1024x724-1.jpg","contentUrl":"https:\/\/radiounodigital.com\/web\/wp-content\/uploads\/2020\/09\/oasis-what-s-the-story-morning-glory-music-print-poster-canvas.-sizes-a3-a2-a1-2978-p-1024x724-1.jpg","width":1024,"height":724},{"@type":"BreadcrumbList","@id":"https:\/\/radiounodigital.com\/web\/2020\/09\/04\/oasis-celebra-25-anos-de-whats-the-story-morning-glory-con-una-reedicion-especial-en-vinilo\/#breadcrumb","itemListElement":[{"@type":"ListItem","position":1,"name":"Home","item":"https:\/\/radiounodigital.com\/web\/"},{"@type":"ListItem","position":2,"name":"Oasis celebra 25 a\u00f1os de \u00ab(What\u2019s The Story) Morning Glory?\u00bb con una reedici\u00f3n especial en vinilo"}]},{"@type":"WebSite","@id":"https:\/\/radiounodigital.com\/web\/#website","url":"https:\/\/radiounodigital.com\/web\/","name":"Radio UNO Digital","description":"Donde la cultura del rock se siente","potentialAction":[{"@type":"SearchAction","target":{"@type":"EntryPoint","urlTemplate":"https:\/\/radiounodigital.com\/web\/?s={search_term_string}"},"query-input":{"@type":"PropertyValueSpecification","valueRequired":true,"valueName":"search_term_string"}}],"inLanguage":"es"},{"@type":"Person","@id":"https:\/\/radiounodigital.com\/web\/#\/schema\/person\/00b93151fa54f619ecf9c183d1fc9758","name":"diegoc","image":{"@type":"ImageObject","inLanguage":"es","@id":"https:\/\/secure.gravatar.com\/avatar\/0a67041d44c702fb0660d81a5a32c7ce6007341cf92afeb718b75883bf415864?s=96&d=blank&r=g","url":"https:\/\/secure.gravatar.com\/avatar\/0a67041d44c702fb0660d81a5a32c7ce6007341cf92afeb718b75883bf415864?s=96&d=blank&r=g","contentUrl":"https:\/\/secure.gravatar.com\/avatar\/0a67041d44c702fb0660d81a5a32c7ce6007341cf92afeb718b75883bf415864?s=96&d=blank&r=g","caption":"diegoc"},"url":"https:\/\/radiounodigital.com\/web\/author\/diegoc\/"}]}},"_links":{"self":[{"href":"https:\/\/radiounodigital.com\/web\/wp-json\/wp\/v2\/posts\/4439","targetHints":{"allow":["GET"]}}],"collection":[{"href":"https:\/\/radiounodigital.com\/web\/wp-json\/wp\/v2\/posts"}],"about":[{"href":"https:\/\/radiounodigital.com\/web\/wp-json\/wp\/v2\/types\/post"}],"author":[{"embeddable":true,"href":"https:\/\/radiounodigital.com\/web\/wp-json\/wp\/v2\/users\/1"}],"replies":[{"embeddable":true,"href":"https:\/\/radiounodigital.com\/web\/wp-json\/wp\/v2\/comments?post=4439"}],"version-history":[{"count":1,"href":"https:\/\/radiounodigital.com\/web\/wp-json\/wp\/v2\/posts\/4439\/revisions"}],"predecessor-version":[{"id":4443,"href":"https:\/\/radiounodigital.com\/web\/wp-json\/wp\/v2\/posts\/4439\/revisions\/4443"}],"wp:featuredmedia":[{"embeddable":true,"href":"https:\/\/radiounodigital.com\/web\/wp-json\/wp\/v2\/media\/4442"}],"wp:attachment":[{"href":"https:\/\/radiounodigital.com\/web\/wp-json\/wp\/v2\/media?parent=4439"}],"wp:term":[{"taxonomy":"category","embeddable":true,"href":"https:\/\/radiounodigital.com\/web\/wp-json\/wp\/v2\/categories?post=4439"},{"taxonomy":"post_tag","embeddable":true,"href":"https:\/\/radiounodigital.com\/web\/wp-json\/wp\/v2\/tags?post=4439"}],"curies":[{"name":"wp","href":"https:\/\/api.w.org\/{rel}","templated":true}]}}