{"id":4449,"date":"2021-09-06T10:52:39","date_gmt":"2021-09-06T13:52:39","guid":{"rendered":"https:\/\/radiounodigital.com\/web\/?p=4449"},"modified":"2021-09-07T14:03:05","modified_gmt":"2021-09-07T17:03:05","slug":"roger-waters-78-anos-y-sigue-rockeando","status":"publish","type":"post","link":"https:\/\/radiounodigital.com\/web\/2021\/09\/06\/roger-waters-78-anos-y-sigue-rockeando\/","title":{"rendered":"Roger Waters: 78 a\u00f1os y sigue rockeando"},"content":{"rendered":"<h3>Roger Waters, al igual que Paul McCartney y los integrantes de los Rolling Stones est\u00e1s m\u00e1s para jubilarse (por su edad) que para otra cosa, sin embargo contin\u00faan en actividad como referentes en el mundo de la m\u00fasica.<\/h3>\n<p><img loading=\"lazy\" decoding=\"async\" class=\"aligncenter size-full wp-image-4450\" src=\"https:\/\/radiounodigital.com\/web\/wp-content\/uploads\/2020\/09\/roger-waters-foto-facebook_152_0_807_502.jpg\" alt=\"\" width=\"958\" height=\"596\" srcset=\"https:\/\/radiounodigital.com\/web\/wp-content\/uploads\/2020\/09\/roger-waters-foto-facebook_152_0_807_502.jpg 958w, https:\/\/radiounodigital.com\/web\/wp-content\/uploads\/2020\/09\/roger-waters-foto-facebook_152_0_807_502-300x187.jpg 300w, https:\/\/radiounodigital.com\/web\/wp-content\/uploads\/2020\/09\/roger-waters-foto-facebook_152_0_807_502-768x478.jpg 768w\" sizes=\"auto, (max-width: 958px) 100vw, 958px\" \/><\/p>\n<p>Realmente es admirable que sigan en actividad y en buena forma despu\u00e9s de los 70. Y es debido a que la m\u00fasica es para sus vidas como la nuestra, que alimenta el alma y nos hace sentir vivitos y coleando a pesar del paso del tiempo.<\/p>\n<p>La m\u00fasica es lo que le permite a Roger Waters mantenerse vivo y tan fresco como hace m\u00e1s de cinco d\u00e9cadas cuando se incorpor\u00f3 a Pink Floyd. A\u00fan mantenemos fresco el recuerdo de hace dos a\u00f1os cuando nos visito en el Estadio Centenario, el que fue sin lugar a dudas el mejor espect\u00e1culo musical que hemos visto por esta regi\u00f3n.<\/p>\n<p>Keep rockin Roger !!<\/p>\n<p><iframe loading=\"lazy\" title=\"Roger Waters - Pigs (Three Different Ones) (Live)\" width=\"960\" height=\"540\" src=\"https:\/\/www.youtube.com\/embed\/QWLBtMz5OuY?feature=oembed\" frameborder=\"0\" allow=\"accelerometer; autoplay; clipboard-write; encrypted-media; gyroscope; picture-in-picture\" allowfullscreen><\/iframe><\/p>\n<div class=\"fb-background-color\">\n\t\t\t  <div \n\t\t\t  \tclass = \"fb-comments\" \n\t\t\t  \tdata-href = \"https:\/\/radiounodigital.com\/web\/2021\/09\/06\/roger-waters-78-anos-y-sigue-rockeando\/\"\n\t\t\t  \tdata-numposts = \"10\"\n\t\t\t  \tdata-lazy = \"true\"\n\t\t\t\tdata-colorscheme = \"dark\"\n\t\t\t\tdata-order-by = \"reverse_time\"\n\t\t\t\tdata-mobile=true>\n\t\t\t  <\/div><\/div>\n\t\t  <style>\n\t\t    .fb-background-color {\n\t\t\t\tbackground: #ffffff !important;\n\t\t\t}\n\t\t\t.fb_iframe_widget_fluid_desktop iframe {\n\t\t\t    width: 100% !important;\n\t\t\t}\n\t\t  <\/style>\n\t\t  ","protected":false},"excerpt":{"rendered":"<p>Roger Waters, al igual que Paul McCartney y los integrantes de los Rolling Stones est\u00e1s m\u00e1s para jubilarse (por su edad) que para otra cosa, sin embargo contin\u00faan en actividad como referentes en el mundo de la m\u00fasica. Realmente es admirable que sigan en actividad y en buena forma despu\u00e9s de los 70. Y es&#8230; <a href=\"https:\/\/radiounodigital.com\/web\/2021\/09\/06\/roger-waters-78-anos-y-sigue-rockeando\/\" class=\"excerpt-read-more\">Read More<\/a><\/p>\n","protected":false},"author":1,"featured_media":4451,"comment_status":"open","ping_status":"open","sticky":false,"template":"","format":"standard","meta":{"footnotes":""},"categories":[180,128],"tags":[1232,301,472,952],"class_list":["post-4449","post","type-post","status-publish","format-standard","has-post-thumbnail","hentry","category-news","category-rock-clasico","tag-1232","tag-aniversario","tag-cumpleanos","tag-roger-waters"],"yoast_head":"<!-- This site is optimized with the Yoast SEO plugin v27.4 - https:\/\/yoast.com\/product\/yoast-seo-wordpress\/ -->\n<title>Roger Waters: 78 a\u00f1os y sigue rockeando - Radio UNO Digital<\/title>\n<meta name=\"robots\" content=\"index, follow, max-snippet:-1, max-image-preview:large, max-video-preview:-1\" \/>\n<link rel=\"canonical\" href=\"https:\/\/radiounodigital.com\/web\/2021\/09\/06\/roger-waters-78-anos-y-sigue-rockeando\/\" \/>\n<meta property=\"og:locale\" content=\"es_ES\" \/>\n<meta property=\"og:type\" content=\"article\" \/>\n<meta property=\"og:title\" content=\"Roger Waters: 78 a\u00f1os y sigue rockeando - Radio UNO Digital\" \/>\n<meta property=\"og:description\" content=\"Roger Waters, al igual que Paul McCartney y los integrantes de los Rolling Stones est\u00e1s m\u00e1s para jubilarse (por su edad) que para otra cosa, sin embargo contin\u00faan en actividad como referentes en el mundo de la m\u00fasica. Realmente es admirable que sigan en actividad y en buena forma despu\u00e9s de los 70. Y es... Read More\" \/>\n<meta property=\"og:url\" content=\"https:\/\/radiounodigital.com\/web\/2021\/09\/06\/roger-waters-78-anos-y-sigue-rockeando\/\" \/>\n<meta property=\"og:site_name\" content=\"Radio UNO Digital\" \/>\n<meta property=\"article:published_time\" content=\"2021-09-06T13:52:39+00:00\" \/>\n<meta property=\"article:modified_time\" content=\"2021-09-07T17:03:05+00:00\" \/>\n<meta property=\"og:image\" content=\"https:\/\/radiounodigital.com\/web\/wp-content\/uploads\/2020\/09\/image01-500x280-1.jpg\" \/>\n\t<meta property=\"og:image:width\" content=\"500\" \/>\n\t<meta property=\"og:image:height\" content=\"280\" \/>\n\t<meta property=\"og:image:type\" content=\"image\/jpeg\" \/>\n<meta name=\"author\" content=\"diegoc\" \/>\n<meta name=\"twitter:card\" content=\"summary_large_image\" \/>\n<meta name=\"twitter:label1\" content=\"Escrito por\" \/>\n\t<meta name=\"twitter:data1\" content=\"diegoc\" \/>\n\t<meta name=\"twitter:label2\" content=\"Tiempo de lectura\" \/>\n\t<meta name=\"twitter:data2\" content=\"1 minuto\" \/>\n<script type=\"application\/ld+json\" class=\"yoast-schema-graph\">{\"@context\":\"https:\\\/\\\/schema.org\",\"@graph\":[{\"@type\":\"Article\",\"@id\":\"https:\\\/\\\/radiounodigital.com\\\/web\\\/2021\\\/09\\\/06\\\/roger-waters-78-anos-y-sigue-rockeando\\\/#article\",\"isPartOf\":{\"@id\":\"https:\\\/\\\/radiounodigital.com\\\/web\\\/2021\\\/09\\\/06\\\/roger-waters-78-anos-y-sigue-rockeando\\\/\"},\"author\":{\"name\":\"diegoc\",\"@id\":\"https:\\\/\\\/radiounodigital.com\\\/web\\\/#\\\/schema\\\/person\\\/00b93151fa54f619ecf9c183d1fc9758\"},\"headline\":\"Roger Waters: 78 a\u00f1os y sigue rockeando\",\"datePublished\":\"2021-09-06T13:52:39+00:00\",\"dateModified\":\"2021-09-07T17:03:05+00:00\",\"mainEntityOfPage\":{\"@id\":\"https:\\\/\\\/radiounodigital.com\\\/web\\\/2021\\\/09\\\/06\\\/roger-waters-78-anos-y-sigue-rockeando\\\/\"},\"wordCount\":174,\"commentCount\":0,\"image\":{\"@id\":\"https:\\\/\\\/radiounodigital.com\\\/web\\\/2021\\\/09\\\/06\\\/roger-waters-78-anos-y-sigue-rockeando\\\/#primaryimage\"},\"thumbnailUrl\":\"https:\\\/\\\/radiounodigital.com\\\/web\\\/wp-content\\\/uploads\\\/2020\\\/09\\\/image01-500x280-1.jpg\",\"keywords\":[\"76\",\"aniversario\",\"cumplea\u00f1os\",\"roger waters\"],\"articleSection\":[\"news\",\"Rock Clasico\"],\"inLanguage\":\"es\",\"potentialAction\":[{\"@type\":\"CommentAction\",\"name\":\"Comment\",\"target\":[\"https:\\\/\\\/radiounodigital.com\\\/web\\\/2021\\\/09\\\/06\\\/roger-waters-78-anos-y-sigue-rockeando\\\/#respond\"]}]},{\"@type\":\"WebPage\",\"@id\":\"https:\\\/\\\/radiounodigital.com\\\/web\\\/2021\\\/09\\\/06\\\/roger-waters-78-anos-y-sigue-rockeando\\\/\",\"url\":\"https:\\\/\\\/radiounodigital.com\\\/web\\\/2021\\\/09\\\/06\\\/roger-waters-78-anos-y-sigue-rockeando\\\/\",\"name\":\"Roger Waters: 78 a\u00f1os y sigue rockeando - Radio UNO Digital\",\"isPartOf\":{\"@id\":\"https:\\\/\\\/radiounodigital.com\\\/web\\\/#website\"},\"primaryImageOfPage\":{\"@id\":\"https:\\\/\\\/radiounodigital.com\\\/web\\\/2021\\\/09\\\/06\\\/roger-waters-78-anos-y-sigue-rockeando\\\/#primaryimage\"},\"image\":{\"@id\":\"https:\\\/\\\/radiounodigital.com\\\/web\\\/2021\\\/09\\\/06\\\/roger-waters-78-anos-y-sigue-rockeando\\\/#primaryimage\"},\"thumbnailUrl\":\"https:\\\/\\\/radiounodigital.com\\\/web\\\/wp-content\\\/uploads\\\/2020\\\/09\\\/image01-500x280-1.jpg\",\"datePublished\":\"2021-09-06T13:52:39+00:00\",\"dateModified\":\"2021-09-07T17:03:05+00:00\",\"author\":{\"@id\":\"https:\\\/\\\/radiounodigital.com\\\/web\\\/#\\\/schema\\\/person\\\/00b93151fa54f619ecf9c183d1fc9758\"},\"breadcrumb\":{\"@id\":\"https:\\\/\\\/radiounodigital.com\\\/web\\\/2021\\\/09\\\/06\\\/roger-waters-78-anos-y-sigue-rockeando\\\/#breadcrumb\"},\"inLanguage\":\"es\",\"potentialAction\":[{\"@type\":\"ReadAction\",\"target\":[\"https:\\\/\\\/radiounodigital.com\\\/web\\\/2021\\\/09\\\/06\\\/roger-waters-78-anos-y-sigue-rockeando\\\/\"]}]},{\"@type\":\"ImageObject\",\"inLanguage\":\"es\",\"@id\":\"https:\\\/\\\/radiounodigital.com\\\/web\\\/2021\\\/09\\\/06\\\/roger-waters-78-anos-y-sigue-rockeando\\\/#primaryimage\",\"url\":\"https:\\\/\\\/radiounodigital.com\\\/web\\\/wp-content\\\/uploads\\\/2020\\\/09\\\/image01-500x280-1.jpg\",\"contentUrl\":\"https:\\\/\\\/radiounodigital.com\\\/web\\\/wp-content\\\/uploads\\\/2020\\\/09\\\/image01-500x280-1.jpg\",\"width\":500,\"height\":280},{\"@type\":\"BreadcrumbList\",\"@id\":\"https:\\\/\\\/radiounodigital.com\\\/web\\\/2021\\\/09\\\/06\\\/roger-waters-78-anos-y-sigue-rockeando\\\/#breadcrumb\",\"itemListElement\":[{\"@type\":\"ListItem\",\"position\":1,\"name\":\"Home\",\"item\":\"https:\\\/\\\/radiounodigital.com\\\/web\\\/\"},{\"@type\":\"ListItem\",\"position\":2,\"name\":\"Roger Waters: 78 a\u00f1os y sigue rockeando\"}]},{\"@type\":\"WebSite\",\"@id\":\"https:\\\/\\\/radiounodigital.com\\\/web\\\/#website\",\"url\":\"https:\\\/\\\/radiounodigital.com\\\/web\\\/\",\"name\":\"Radio UNO Digital\",\"description\":\"Donde la cultura del rock se siente\",\"potentialAction\":[{\"@type\":\"SearchAction\",\"target\":{\"@type\":\"EntryPoint\",\"urlTemplate\":\"https:\\\/\\\/radiounodigital.com\\\/web\\\/?s={search_term_string}\"},\"query-input\":{\"@type\":\"PropertyValueSpecification\",\"valueRequired\":true,\"valueName\":\"search_term_string\"}}],\"inLanguage\":\"es\"},{\"@type\":\"Person\",\"@id\":\"https:\\\/\\\/radiounodigital.com\\\/web\\\/#\\\/schema\\\/person\\\/00b93151fa54f619ecf9c183d1fc9758\",\"name\":\"diegoc\",\"image\":{\"@type\":\"ImageObject\",\"inLanguage\":\"es\",\"@id\":\"https:\\\/\\\/secure.gravatar.com\\\/avatar\\\/0a67041d44c702fb0660d81a5a32c7ce6007341cf92afeb718b75883bf415864?s=96&d=blank&r=g\",\"url\":\"https:\\\/\\\/secure.gravatar.com\\\/avatar\\\/0a67041d44c702fb0660d81a5a32c7ce6007341cf92afeb718b75883bf415864?s=96&d=blank&r=g\",\"contentUrl\":\"https:\\\/\\\/secure.gravatar.com\\\/avatar\\\/0a67041d44c702fb0660d81a5a32c7ce6007341cf92afeb718b75883bf415864?s=96&d=blank&r=g\",\"caption\":\"diegoc\"},\"url\":\"https:\\\/\\\/radiounodigital.com\\\/web\\\/author\\\/diegoc\\\/\"}]}<\/script>\n<!-- \/ Yoast SEO plugin. -->","yoast_head_json":{"title":"Roger Waters: 78 a\u00f1os y sigue rockeando - Radio UNO Digital","robots":{"index":"index","follow":"follow","max-snippet":"max-snippet:-1","max-image-preview":"max-image-preview:large","max-video-preview":"max-video-preview:-1"},"canonical":"https:\/\/radiounodigital.com\/web\/2021\/09\/06\/roger-waters-78-anos-y-sigue-rockeando\/","og_locale":"es_ES","og_type":"article","og_title":"Roger Waters: 78 a\u00f1os y sigue rockeando - Radio UNO Digital","og_description":"Roger Waters, al igual que Paul McCartney y los integrantes de los Rolling Stones est\u00e1s m\u00e1s para jubilarse (por su edad) que para otra cosa, sin embargo contin\u00faan en actividad como referentes en el mundo de la m\u00fasica. Realmente es admirable que sigan en actividad y en buena forma despu\u00e9s de los 70. Y es... Read More","og_url":"https:\/\/radiounodigital.com\/web\/2021\/09\/06\/roger-waters-78-anos-y-sigue-rockeando\/","og_site_name":"Radio UNO Digital","article_published_time":"2021-09-06T13:52:39+00:00","article_modified_time":"2021-09-07T17:03:05+00:00","og_image":[{"width":500,"height":280,"url":"https:\/\/radiounodigital.com\/web\/wp-content\/uploads\/2020\/09\/image01-500x280-1.jpg","type":"image\/jpeg"}],"author":"diegoc","twitter_card":"summary_large_image","twitter_misc":{"Escrito por":"diegoc","Tiempo de lectura":"1 minuto"},"schema":{"@context":"https:\/\/schema.org","@graph":[{"@type":"Article","@id":"https:\/\/radiounodigital.com\/web\/2021\/09\/06\/roger-waters-78-anos-y-sigue-rockeando\/#article","isPartOf":{"@id":"https:\/\/radiounodigital.com\/web\/2021\/09\/06\/roger-waters-78-anos-y-sigue-rockeando\/"},"author":{"name":"diegoc","@id":"https:\/\/radiounodigital.com\/web\/#\/schema\/person\/00b93151fa54f619ecf9c183d1fc9758"},"headline":"Roger Waters: 78 a\u00f1os y sigue rockeando","datePublished":"2021-09-06T13:52:39+00:00","dateModified":"2021-09-07T17:03:05+00:00","mainEntityOfPage":{"@id":"https:\/\/radiounodigital.com\/web\/2021\/09\/06\/roger-waters-78-anos-y-sigue-rockeando\/"},"wordCount":174,"commentCount":0,"image":{"@id":"https:\/\/radiounodigital.com\/web\/2021\/09\/06\/roger-waters-78-anos-y-sigue-rockeando\/#primaryimage"},"thumbnailUrl":"https:\/\/radiounodigital.com\/web\/wp-content\/uploads\/2020\/09\/image01-500x280-1.jpg","keywords":["76","aniversario","cumplea\u00f1os","roger waters"],"articleSection":["news","Rock Clasico"],"inLanguage":"es","potentialAction":[{"@type":"CommentAction","name":"Comment","target":["https:\/\/radiounodigital.com\/web\/2021\/09\/06\/roger-waters-78-anos-y-sigue-rockeando\/#respond"]}]},{"@type":"WebPage","@id":"https:\/\/radiounodigital.com\/web\/2021\/09\/06\/roger-waters-78-anos-y-sigue-rockeando\/","url":"https:\/\/radiounodigital.com\/web\/2021\/09\/06\/roger-waters-78-anos-y-sigue-rockeando\/","name":"Roger Waters: 78 a\u00f1os y sigue rockeando - Radio UNO Digital","isPartOf":{"@id":"https:\/\/radiounodigital.com\/web\/#website"},"primaryImageOfPage":{"@id":"https:\/\/radiounodigital.com\/web\/2021\/09\/06\/roger-waters-78-anos-y-sigue-rockeando\/#primaryimage"},"image":{"@id":"https:\/\/radiounodigital.com\/web\/2021\/09\/06\/roger-waters-78-anos-y-sigue-rockeando\/#primaryimage"},"thumbnailUrl":"https:\/\/radiounodigital.com\/web\/wp-content\/uploads\/2020\/09\/image01-500x280-1.jpg","datePublished":"2021-09-06T13:52:39+00:00","dateModified":"2021-09-07T17:03:05+00:00","author":{"@id":"https:\/\/radiounodigital.com\/web\/#\/schema\/person\/00b93151fa54f619ecf9c183d1fc9758"},"breadcrumb":{"@id":"https:\/\/radiounodigital.com\/web\/2021\/09\/06\/roger-waters-78-anos-y-sigue-rockeando\/#breadcrumb"},"inLanguage":"es","potentialAction":[{"@type":"ReadAction","target":["https:\/\/radiounodigital.com\/web\/2021\/09\/06\/roger-waters-78-anos-y-sigue-rockeando\/"]}]},{"@type":"ImageObject","inLanguage":"es","@id":"https:\/\/radiounodigital.com\/web\/2021\/09\/06\/roger-waters-78-anos-y-sigue-rockeando\/#primaryimage","url":"https:\/\/radiounodigital.com\/web\/wp-content\/uploads\/2020\/09\/image01-500x280-1.jpg","contentUrl":"https:\/\/radiounodigital.com\/web\/wp-content\/uploads\/2020\/09\/image01-500x280-1.jpg","width":500,"height":280},{"@type":"BreadcrumbList","@id":"https:\/\/radiounodigital.com\/web\/2021\/09\/06\/roger-waters-78-anos-y-sigue-rockeando\/#breadcrumb","itemListElement":[{"@type":"ListItem","position":1,"name":"Home","item":"https:\/\/radiounodigital.com\/web\/"},{"@type":"ListItem","position":2,"name":"Roger Waters: 78 a\u00f1os y sigue rockeando"}]},{"@type":"WebSite","@id":"https:\/\/radiounodigital.com\/web\/#website","url":"https:\/\/radiounodigital.com\/web\/","name":"Radio UNO Digital","description":"Donde la cultura del rock se siente","potentialAction":[{"@type":"SearchAction","target":{"@type":"EntryPoint","urlTemplate":"https:\/\/radiounodigital.com\/web\/?s={search_term_string}"},"query-input":{"@type":"PropertyValueSpecification","valueRequired":true,"valueName":"search_term_string"}}],"inLanguage":"es"},{"@type":"Person","@id":"https:\/\/radiounodigital.com\/web\/#\/schema\/person\/00b93151fa54f619ecf9c183d1fc9758","name":"diegoc","image":{"@type":"ImageObject","inLanguage":"es","@id":"https:\/\/secure.gravatar.com\/avatar\/0a67041d44c702fb0660d81a5a32c7ce6007341cf92afeb718b75883bf415864?s=96&d=blank&r=g","url":"https:\/\/secure.gravatar.com\/avatar\/0a67041d44c702fb0660d81a5a32c7ce6007341cf92afeb718b75883bf415864?s=96&d=blank&r=g","contentUrl":"https:\/\/secure.gravatar.com\/avatar\/0a67041d44c702fb0660d81a5a32c7ce6007341cf92afeb718b75883bf415864?s=96&d=blank&r=g","caption":"diegoc"},"url":"https:\/\/radiounodigital.com\/web\/author\/diegoc\/"}]}},"_links":{"self":[{"href":"https:\/\/radiounodigital.com\/web\/wp-json\/wp\/v2\/posts\/4449","targetHints":{"allow":["GET"]}}],"collection":[{"href":"https:\/\/radiounodigital.com\/web\/wp-json\/wp\/v2\/posts"}],"about":[{"href":"https:\/\/radiounodigital.com\/web\/wp-json\/wp\/v2\/types\/post"}],"author":[{"embeddable":true,"href":"https:\/\/radiounodigital.com\/web\/wp-json\/wp\/v2\/users\/1"}],"replies":[{"embeddable":true,"href":"https:\/\/radiounodigital.com\/web\/wp-json\/wp\/v2\/comments?post=4449"}],"version-history":[{"count":4,"href":"https:\/\/radiounodigital.com\/web\/wp-json\/wp\/v2\/posts\/4449\/revisions"}],"predecessor-version":[{"id":6364,"href":"https:\/\/radiounodigital.com\/web\/wp-json\/wp\/v2\/posts\/4449\/revisions\/6364"}],"wp:featuredmedia":[{"embeddable":true,"href":"https:\/\/radiounodigital.com\/web\/wp-json\/wp\/v2\/media\/4451"}],"wp:attachment":[{"href":"https:\/\/radiounodigital.com\/web\/wp-json\/wp\/v2\/media?parent=4449"}],"wp:term":[{"taxonomy":"category","embeddable":true,"href":"https:\/\/radiounodigital.com\/web\/wp-json\/wp\/v2\/categories?post=4449"},{"taxonomy":"post_tag","embeddable":true,"href":"https:\/\/radiounodigital.com\/web\/wp-json\/wp\/v2\/tags?post=4449"}],"curies":[{"name":"wp","href":"https:\/\/api.w.org\/{rel}","templated":true}]}}