{"id":4457,"date":"2020-09-03T08:51:48","date_gmt":"2020-09-03T11:51:48","guid":{"rendered":"https:\/\/radiounodigital.com\/web\/?p=4457"},"modified":"2020-09-08T08:57:22","modified_gmt":"2020-09-08T11:57:22","slug":"adrian-smith-revela-los-origenes-de-la-alineacion-de-tres-guitarras-de-iron-maiden","status":"publish","type":"post","link":"https:\/\/radiounodigital.com\/web\/2020\/09\/03\/adrian-smith-revela-los-origenes-de-la-alineacion-de-tres-guitarras-de-iron-maiden\/","title":{"rendered":"Adrian Smith revela los or\u00edgenes de la alineaci\u00f3n de tres guitarras de Iron Maiden"},"content":{"rendered":"<h3>\u00abPudo haber salido terriblemente mal\u00bb, admite.<\/h3>\n<div id=\"attachment_4458\" style=\"width: 660px\" class=\"wp-caption aligncenter\"><img loading=\"lazy\" decoding=\"async\" aria-describedby=\"caption-attachment-4458\" class=\"size-full wp-image-4458\" src=\"https:\/\/radiounodigital.com\/web\/wp-content\/uploads\/2020\/09\/iron-maiden-guitarristas.jpg\" alt=\"\" width=\"650\" height=\"366\" srcset=\"https:\/\/radiounodigital.com\/web\/wp-content\/uploads\/2020\/09\/iron-maiden-guitarristas.jpg 650w, https:\/\/radiounodigital.com\/web\/wp-content\/uploads\/2020\/09\/iron-maiden-guitarristas-300x169.jpg 300w\" sizes=\"auto, (max-width: 650px) 100vw, 650px\" \/><p id=\"caption-attachment-4458\" class=\"wp-caption-text\">(Image credit: Annamaria DiSanto\/WireImage)<\/p><\/div>\n<p>La alineaci\u00f3n de tres guitarras el\u00e9ctricas de Iron Maiden, compuesta por Dave Murray, Adrian Smith y Janick Gers, se ha fortalecido durante dos d\u00e9cadas. Pero seg\u00fan Smith, quien dej\u00f3 Iron Maiden en 1990 y fue reemplazado por Gers, quien luego se qued\u00f3 cuando Smith se reincorpor\u00f3 en 1999, la idea inicialmente no parec\u00eda tan obvia.<\/p>\n<p>En una nueva entrevista, Smith explic\u00f3, \u201cpodr\u00eda haber salido terriblemente mal, \u00bfno? Quiero decir, imagina eso con tres Yngwies o tres Ritchie Blackmore. No funcionar\u00eda \u00ab.<\/p>\n<p>Continu\u00f3: \u00abDave [Murray] y yo nos remontamos. Al principio, tal vez pens\u00e9 que Jan y yo har\u00edamos medio set cada uno o algo as\u00ed. Pero a Steve [Harris, bajista de Iron Maiden] se le ocurri\u00f3 esta loca idea. \u00c9l Les sugiri\u00f3 que tuvieran tres guitarristas. Me gustar\u00eda haber estado en la sala cuando dijo eso. Pero lo probamos.<\/p>\n<p>\u00abFuimos a Portugal. Empezamos a juntar algunas ideas en este almac\u00e9n. Era como un club de motociclistas; hab\u00eda todas estas motocicletas all\u00ed. Est\u00e1bamos todos de pie y mir\u00e1ndonos, y alguien dijo: &#8216;Cualquiera \u00bfalgunas ideas?&#8217; As\u00ed que dije: &#8216;Tengo un riff&#8217;. Entonces tuve The Wicker Man, y comenzamos a tocarlo, y simplemente hizo clic. As\u00ed que continuamos desde all\u00ed \u00ab.<\/p>\n<p>En cuanto a c\u00f3mo han ido las cosas desde entonces, dijo: \u201cFunciona. Sorprendentemente, funciona. En el material antiguo, hay tantas armon\u00edas, solos al un\u00edsono, riffs, quiero decir, es mucho trabajo. Realmente funciona bien con tres guitarras, especialmente en vivo \u00ab.<\/p>\n<p>Como todas las dem\u00e1s bandas que existen, Iron Maiden cancel\u00f3 todas sus fechas en vivo de 2020 a ra\u00edz de la pandemia de COVID-19. Pero Smith se ha mantenido ocupado, prepar\u00e1ndose para el lanzamiento de su primer libro, Monsters of River &amp; Rock: My Life as Iron Maiden\u2019s Compulsive Angler, y tambi\u00e9n, al parecer, colaborando con Richie Kotzen.<\/p>\n<div class=\"fb-background-color\">\n\t\t\t  <div \n\t\t\t  \tclass = \"fb-comments\" \n\t\t\t  \tdata-href = \"https:\/\/radiounodigital.com\/web\/2020\/09\/03\/adrian-smith-revela-los-origenes-de-la-alineacion-de-tres-guitarras-de-iron-maiden\/\"\n\t\t\t  \tdata-numposts = \"10\"\n\t\t\t  \tdata-lazy = \"true\"\n\t\t\t\tdata-colorscheme = \"dark\"\n\t\t\t\tdata-order-by = \"reverse_time\"\n\t\t\t\tdata-mobile=true>\n\t\t\t  <\/div><\/div>\n\t\t  <style>\n\t\t    .fb-background-color {\n\t\t\t\tbackground: #ffffff !important;\n\t\t\t}\n\t\t\t.fb_iframe_widget_fluid_desktop iframe {\n\t\t\t    width: 100% !important;\n\t\t\t}\n\t\t  <\/style>\n\t\t  ","protected":false},"excerpt":{"rendered":"<p>\u00abPudo haber salido terriblemente mal\u00bb, admite. La alineaci\u00f3n de tres guitarras el\u00e9ctricas de Iron Maiden, compuesta por Dave Murray, Adrian Smith y Janick Gers, se ha fortalecido durante dos d\u00e9cadas. Pero seg\u00fan Smith, quien dej\u00f3 Iron Maiden en 1990 y fue reemplazado por Gers, quien luego se qued\u00f3 cuando Smith se reincorpor\u00f3 en 1999, la&#8230; <a href=\"https:\/\/radiounodigital.com\/web\/2020\/09\/03\/adrian-smith-revela-los-origenes-de-la-alineacion-de-tres-guitarras-de-iron-maiden\/\" class=\"excerpt-read-more\">Read More<\/a><\/p>\n","protected":false},"author":1,"featured_media":4459,"comment_status":"open","ping_status":"open","sticky":false,"template":"","format":"standard","meta":{"footnotes":""},"categories":[180,128],"tags":[1235,297,249],"class_list":["post-4457","post","type-post","status-publish","format-standard","has-post-thumbnail","hentry","category-news","category-rock-clasico","tag-adrian-smith","tag-guitarristas","tag-iron-maiden"],"yoast_head":"<!-- This site is optimized with the Yoast SEO plugin v27.4 - https:\/\/yoast.com\/product\/yoast-seo-wordpress\/ -->\n<title>Adrian Smith revela los or\u00edgenes de la alineaci\u00f3n de tres guitarras de Iron Maiden - Radio UNO Digital<\/title>\n<meta name=\"robots\" content=\"index, follow, max-snippet:-1, max-image-preview:large, max-video-preview:-1\" \/>\n<link rel=\"canonical\" href=\"https:\/\/radiounodigital.com\/web\/2020\/09\/03\/adrian-smith-revela-los-origenes-de-la-alineacion-de-tres-guitarras-de-iron-maiden\/\" \/>\n<meta property=\"og:locale\" content=\"es_ES\" \/>\n<meta property=\"og:type\" content=\"article\" \/>\n<meta property=\"og:title\" content=\"Adrian Smith revela los or\u00edgenes de la alineaci\u00f3n de tres guitarras de Iron Maiden - Radio UNO Digital\" \/>\n<meta property=\"og:description\" content=\"\u00abPudo haber salido terriblemente mal\u00bb, admite. La alineaci\u00f3n de tres guitarras el\u00e9ctricas de Iron Maiden, compuesta por Dave Murray, Adrian Smith y Janick Gers, se ha fortalecido durante dos d\u00e9cadas. Pero seg\u00fan Smith, quien dej\u00f3 Iron Maiden en 1990 y fue reemplazado por Gers, quien luego se qued\u00f3 cuando Smith se reincorpor\u00f3 en 1999, la... Read More\" \/>\n<meta property=\"og:url\" content=\"https:\/\/radiounodigital.com\/web\/2020\/09\/03\/adrian-smith-revela-los-origenes-de-la-alineacion-de-tres-guitarras-de-iron-maiden\/\" \/>\n<meta property=\"og:site_name\" content=\"Radio UNO Digital\" \/>\n<meta property=\"article:published_time\" content=\"2020-09-03T11:51:48+00:00\" \/>\n<meta property=\"article:modified_time\" content=\"2020-09-08T11:57:22+00:00\" \/>\n<meta property=\"og:image\" content=\"https:\/\/radiounodigital.com\/web\/wp-content\/uploads\/2020\/09\/adrian-smith-Iron-Miaden.jpg\" \/>\n\t<meta property=\"og:image:width\" content=\"640\" \/>\n\t<meta property=\"og:image:height\" content=\"480\" \/>\n\t<meta property=\"og:image:type\" content=\"image\/jpeg\" \/>\n<meta name=\"author\" content=\"diegoc\" \/>\n<meta name=\"twitter:card\" content=\"summary_large_image\" \/>\n<meta name=\"twitter:label1\" content=\"Escrito por\" \/>\n\t<meta name=\"twitter:data1\" content=\"diegoc\" \/>\n\t<meta name=\"twitter:label2\" content=\"Tiempo de lectura\" \/>\n\t<meta name=\"twitter:data2\" content=\"2 minutos\" \/>\n<script type=\"application\/ld+json\" class=\"yoast-schema-graph\">{\"@context\":\"https:\\\/\\\/schema.org\",\"@graph\":[{\"@type\":\"Article\",\"@id\":\"https:\\\/\\\/radiounodigital.com\\\/web\\\/2020\\\/09\\\/03\\\/adrian-smith-revela-los-origenes-de-la-alineacion-de-tres-guitarras-de-iron-maiden\\\/#article\",\"isPartOf\":{\"@id\":\"https:\\\/\\\/radiounodigital.com\\\/web\\\/2020\\\/09\\\/03\\\/adrian-smith-revela-los-origenes-de-la-alineacion-de-tres-guitarras-de-iron-maiden\\\/\"},\"author\":{\"name\":\"diegoc\",\"@id\":\"https:\\\/\\\/radiounodigital.com\\\/web\\\/#\\\/schema\\\/person\\\/00b93151fa54f619ecf9c183d1fc9758\"},\"headline\":\"Adrian Smith revela los or\u00edgenes de la alineaci\u00f3n de tres guitarras de Iron Maiden\",\"datePublished\":\"2020-09-03T11:51:48+00:00\",\"dateModified\":\"2020-09-08T11:57:22+00:00\",\"mainEntityOfPage\":{\"@id\":\"https:\\\/\\\/radiounodigital.com\\\/web\\\/2020\\\/09\\\/03\\\/adrian-smith-revela-los-origenes-de-la-alineacion-de-tres-guitarras-de-iron-maiden\\\/\"},\"wordCount\":345,\"commentCount\":0,\"image\":{\"@id\":\"https:\\\/\\\/radiounodigital.com\\\/web\\\/2020\\\/09\\\/03\\\/adrian-smith-revela-los-origenes-de-la-alineacion-de-tres-guitarras-de-iron-maiden\\\/#primaryimage\"},\"thumbnailUrl\":\"https:\\\/\\\/radiounodigital.com\\\/web\\\/wp-content\\\/uploads\\\/2020\\\/09\\\/adrian-smith-Iron-Miaden.jpg\",\"keywords\":[\"adrian smith\",\"guitarristas\",\"iron maiden\"],\"articleSection\":[\"news\",\"Rock Clasico\"],\"inLanguage\":\"es\",\"potentialAction\":[{\"@type\":\"CommentAction\",\"name\":\"Comment\",\"target\":[\"https:\\\/\\\/radiounodigital.com\\\/web\\\/2020\\\/09\\\/03\\\/adrian-smith-revela-los-origenes-de-la-alineacion-de-tres-guitarras-de-iron-maiden\\\/#respond\"]}]},{\"@type\":\"WebPage\",\"@id\":\"https:\\\/\\\/radiounodigital.com\\\/web\\\/2020\\\/09\\\/03\\\/adrian-smith-revela-los-origenes-de-la-alineacion-de-tres-guitarras-de-iron-maiden\\\/\",\"url\":\"https:\\\/\\\/radiounodigital.com\\\/web\\\/2020\\\/09\\\/03\\\/adrian-smith-revela-los-origenes-de-la-alineacion-de-tres-guitarras-de-iron-maiden\\\/\",\"name\":\"Adrian Smith revela los or\u00edgenes de la alineaci\u00f3n de tres guitarras de Iron Maiden - Radio UNO Digital\",\"isPartOf\":{\"@id\":\"https:\\\/\\\/radiounodigital.com\\\/web\\\/#website\"},\"primaryImageOfPage\":{\"@id\":\"https:\\\/\\\/radiounodigital.com\\\/web\\\/2020\\\/09\\\/03\\\/adrian-smith-revela-los-origenes-de-la-alineacion-de-tres-guitarras-de-iron-maiden\\\/#primaryimage\"},\"image\":{\"@id\":\"https:\\\/\\\/radiounodigital.com\\\/web\\\/2020\\\/09\\\/03\\\/adrian-smith-revela-los-origenes-de-la-alineacion-de-tres-guitarras-de-iron-maiden\\\/#primaryimage\"},\"thumbnailUrl\":\"https:\\\/\\\/radiounodigital.com\\\/web\\\/wp-content\\\/uploads\\\/2020\\\/09\\\/adrian-smith-Iron-Miaden.jpg\",\"datePublished\":\"2020-09-03T11:51:48+00:00\",\"dateModified\":\"2020-09-08T11:57:22+00:00\",\"author\":{\"@id\":\"https:\\\/\\\/radiounodigital.com\\\/web\\\/#\\\/schema\\\/person\\\/00b93151fa54f619ecf9c183d1fc9758\"},\"breadcrumb\":{\"@id\":\"https:\\\/\\\/radiounodigital.com\\\/web\\\/2020\\\/09\\\/03\\\/adrian-smith-revela-los-origenes-de-la-alineacion-de-tres-guitarras-de-iron-maiden\\\/#breadcrumb\"},\"inLanguage\":\"es\",\"potentialAction\":[{\"@type\":\"ReadAction\",\"target\":[\"https:\\\/\\\/radiounodigital.com\\\/web\\\/2020\\\/09\\\/03\\\/adrian-smith-revela-los-origenes-de-la-alineacion-de-tres-guitarras-de-iron-maiden\\\/\"]}]},{\"@type\":\"ImageObject\",\"inLanguage\":\"es\",\"@id\":\"https:\\\/\\\/radiounodigital.com\\\/web\\\/2020\\\/09\\\/03\\\/adrian-smith-revela-los-origenes-de-la-alineacion-de-tres-guitarras-de-iron-maiden\\\/#primaryimage\",\"url\":\"https:\\\/\\\/radiounodigital.com\\\/web\\\/wp-content\\\/uploads\\\/2020\\\/09\\\/adrian-smith-Iron-Miaden.jpg\",\"contentUrl\":\"https:\\\/\\\/radiounodigital.com\\\/web\\\/wp-content\\\/uploads\\\/2020\\\/09\\\/adrian-smith-Iron-Miaden.jpg\",\"width\":640,\"height\":480},{\"@type\":\"BreadcrumbList\",\"@id\":\"https:\\\/\\\/radiounodigital.com\\\/web\\\/2020\\\/09\\\/03\\\/adrian-smith-revela-los-origenes-de-la-alineacion-de-tres-guitarras-de-iron-maiden\\\/#breadcrumb\",\"itemListElement\":[{\"@type\":\"ListItem\",\"position\":1,\"name\":\"Home\",\"item\":\"https:\\\/\\\/radiounodigital.com\\\/web\\\/\"},{\"@type\":\"ListItem\",\"position\":2,\"name\":\"Adrian Smith revela los or\u00edgenes de la alineaci\u00f3n de tres guitarras de Iron Maiden\"}]},{\"@type\":\"WebSite\",\"@id\":\"https:\\\/\\\/radiounodigital.com\\\/web\\\/#website\",\"url\":\"https:\\\/\\\/radiounodigital.com\\\/web\\\/\",\"name\":\"Radio UNO Digital\",\"description\":\"Donde la cultura del rock se siente\",\"potentialAction\":[{\"@type\":\"SearchAction\",\"target\":{\"@type\":\"EntryPoint\",\"urlTemplate\":\"https:\\\/\\\/radiounodigital.com\\\/web\\\/?s={search_term_string}\"},\"query-input\":{\"@type\":\"PropertyValueSpecification\",\"valueRequired\":true,\"valueName\":\"search_term_string\"}}],\"inLanguage\":\"es\"},{\"@type\":\"Person\",\"@id\":\"https:\\\/\\\/radiounodigital.com\\\/web\\\/#\\\/schema\\\/person\\\/00b93151fa54f619ecf9c183d1fc9758\",\"name\":\"diegoc\",\"image\":{\"@type\":\"ImageObject\",\"inLanguage\":\"es\",\"@id\":\"https:\\\/\\\/secure.gravatar.com\\\/avatar\\\/0a67041d44c702fb0660d81a5a32c7ce6007341cf92afeb718b75883bf415864?s=96&d=blank&r=g\",\"url\":\"https:\\\/\\\/secure.gravatar.com\\\/avatar\\\/0a67041d44c702fb0660d81a5a32c7ce6007341cf92afeb718b75883bf415864?s=96&d=blank&r=g\",\"contentUrl\":\"https:\\\/\\\/secure.gravatar.com\\\/avatar\\\/0a67041d44c702fb0660d81a5a32c7ce6007341cf92afeb718b75883bf415864?s=96&d=blank&r=g\",\"caption\":\"diegoc\"},\"url\":\"https:\\\/\\\/radiounodigital.com\\\/web\\\/author\\\/diegoc\\\/\"}]}<\/script>\n<!-- \/ Yoast SEO plugin. -->","yoast_head_json":{"title":"Adrian Smith revela los or\u00edgenes de la alineaci\u00f3n de tres guitarras de Iron Maiden - Radio UNO Digital","robots":{"index":"index","follow":"follow","max-snippet":"max-snippet:-1","max-image-preview":"max-image-preview:large","max-video-preview":"max-video-preview:-1"},"canonical":"https:\/\/radiounodigital.com\/web\/2020\/09\/03\/adrian-smith-revela-los-origenes-de-la-alineacion-de-tres-guitarras-de-iron-maiden\/","og_locale":"es_ES","og_type":"article","og_title":"Adrian Smith revela los or\u00edgenes de la alineaci\u00f3n de tres guitarras de Iron Maiden - Radio UNO Digital","og_description":"\u00abPudo haber salido terriblemente mal\u00bb, admite. La alineaci\u00f3n de tres guitarras el\u00e9ctricas de Iron Maiden, compuesta por Dave Murray, Adrian Smith y Janick Gers, se ha fortalecido durante dos d\u00e9cadas. Pero seg\u00fan Smith, quien dej\u00f3 Iron Maiden en 1990 y fue reemplazado por Gers, quien luego se qued\u00f3 cuando Smith se reincorpor\u00f3 en 1999, la... Read More","og_url":"https:\/\/radiounodigital.com\/web\/2020\/09\/03\/adrian-smith-revela-los-origenes-de-la-alineacion-de-tres-guitarras-de-iron-maiden\/","og_site_name":"Radio UNO Digital","article_published_time":"2020-09-03T11:51:48+00:00","article_modified_time":"2020-09-08T11:57:22+00:00","og_image":[{"width":640,"height":480,"url":"https:\/\/radiounodigital.com\/web\/wp-content\/uploads\/2020\/09\/adrian-smith-Iron-Miaden.jpg","type":"image\/jpeg"}],"author":"diegoc","twitter_card":"summary_large_image","twitter_misc":{"Escrito por":"diegoc","Tiempo de lectura":"2 minutos"},"schema":{"@context":"https:\/\/schema.org","@graph":[{"@type":"Article","@id":"https:\/\/radiounodigital.com\/web\/2020\/09\/03\/adrian-smith-revela-los-origenes-de-la-alineacion-de-tres-guitarras-de-iron-maiden\/#article","isPartOf":{"@id":"https:\/\/radiounodigital.com\/web\/2020\/09\/03\/adrian-smith-revela-los-origenes-de-la-alineacion-de-tres-guitarras-de-iron-maiden\/"},"author":{"name":"diegoc","@id":"https:\/\/radiounodigital.com\/web\/#\/schema\/person\/00b93151fa54f619ecf9c183d1fc9758"},"headline":"Adrian Smith revela los or\u00edgenes de la alineaci\u00f3n de tres guitarras de Iron Maiden","datePublished":"2020-09-03T11:51:48+00:00","dateModified":"2020-09-08T11:57:22+00:00","mainEntityOfPage":{"@id":"https:\/\/radiounodigital.com\/web\/2020\/09\/03\/adrian-smith-revela-los-origenes-de-la-alineacion-de-tres-guitarras-de-iron-maiden\/"},"wordCount":345,"commentCount":0,"image":{"@id":"https:\/\/radiounodigital.com\/web\/2020\/09\/03\/adrian-smith-revela-los-origenes-de-la-alineacion-de-tres-guitarras-de-iron-maiden\/#primaryimage"},"thumbnailUrl":"https:\/\/radiounodigital.com\/web\/wp-content\/uploads\/2020\/09\/adrian-smith-Iron-Miaden.jpg","keywords":["adrian smith","guitarristas","iron maiden"],"articleSection":["news","Rock Clasico"],"inLanguage":"es","potentialAction":[{"@type":"CommentAction","name":"Comment","target":["https:\/\/radiounodigital.com\/web\/2020\/09\/03\/adrian-smith-revela-los-origenes-de-la-alineacion-de-tres-guitarras-de-iron-maiden\/#respond"]}]},{"@type":"WebPage","@id":"https:\/\/radiounodigital.com\/web\/2020\/09\/03\/adrian-smith-revela-los-origenes-de-la-alineacion-de-tres-guitarras-de-iron-maiden\/","url":"https:\/\/radiounodigital.com\/web\/2020\/09\/03\/adrian-smith-revela-los-origenes-de-la-alineacion-de-tres-guitarras-de-iron-maiden\/","name":"Adrian Smith revela los or\u00edgenes de la alineaci\u00f3n de tres guitarras de Iron Maiden - Radio UNO Digital","isPartOf":{"@id":"https:\/\/radiounodigital.com\/web\/#website"},"primaryImageOfPage":{"@id":"https:\/\/radiounodigital.com\/web\/2020\/09\/03\/adrian-smith-revela-los-origenes-de-la-alineacion-de-tres-guitarras-de-iron-maiden\/#primaryimage"},"image":{"@id":"https:\/\/radiounodigital.com\/web\/2020\/09\/03\/adrian-smith-revela-los-origenes-de-la-alineacion-de-tres-guitarras-de-iron-maiden\/#primaryimage"},"thumbnailUrl":"https:\/\/radiounodigital.com\/web\/wp-content\/uploads\/2020\/09\/adrian-smith-Iron-Miaden.jpg","datePublished":"2020-09-03T11:51:48+00:00","dateModified":"2020-09-08T11:57:22+00:00","author":{"@id":"https:\/\/radiounodigital.com\/web\/#\/schema\/person\/00b93151fa54f619ecf9c183d1fc9758"},"breadcrumb":{"@id":"https:\/\/radiounodigital.com\/web\/2020\/09\/03\/adrian-smith-revela-los-origenes-de-la-alineacion-de-tres-guitarras-de-iron-maiden\/#breadcrumb"},"inLanguage":"es","potentialAction":[{"@type":"ReadAction","target":["https:\/\/radiounodigital.com\/web\/2020\/09\/03\/adrian-smith-revela-los-origenes-de-la-alineacion-de-tres-guitarras-de-iron-maiden\/"]}]},{"@type":"ImageObject","inLanguage":"es","@id":"https:\/\/radiounodigital.com\/web\/2020\/09\/03\/adrian-smith-revela-los-origenes-de-la-alineacion-de-tres-guitarras-de-iron-maiden\/#primaryimage","url":"https:\/\/radiounodigital.com\/web\/wp-content\/uploads\/2020\/09\/adrian-smith-Iron-Miaden.jpg","contentUrl":"https:\/\/radiounodigital.com\/web\/wp-content\/uploads\/2020\/09\/adrian-smith-Iron-Miaden.jpg","width":640,"height":480},{"@type":"BreadcrumbList","@id":"https:\/\/radiounodigital.com\/web\/2020\/09\/03\/adrian-smith-revela-los-origenes-de-la-alineacion-de-tres-guitarras-de-iron-maiden\/#breadcrumb","itemListElement":[{"@type":"ListItem","position":1,"name":"Home","item":"https:\/\/radiounodigital.com\/web\/"},{"@type":"ListItem","position":2,"name":"Adrian Smith revela los or\u00edgenes de la alineaci\u00f3n de tres guitarras de Iron Maiden"}]},{"@type":"WebSite","@id":"https:\/\/radiounodigital.com\/web\/#website","url":"https:\/\/radiounodigital.com\/web\/","name":"Radio UNO Digital","description":"Donde la cultura del rock se siente","potentialAction":[{"@type":"SearchAction","target":{"@type":"EntryPoint","urlTemplate":"https:\/\/radiounodigital.com\/web\/?s={search_term_string}"},"query-input":{"@type":"PropertyValueSpecification","valueRequired":true,"valueName":"search_term_string"}}],"inLanguage":"es"},{"@type":"Person","@id":"https:\/\/radiounodigital.com\/web\/#\/schema\/person\/00b93151fa54f619ecf9c183d1fc9758","name":"diegoc","image":{"@type":"ImageObject","inLanguage":"es","@id":"https:\/\/secure.gravatar.com\/avatar\/0a67041d44c702fb0660d81a5a32c7ce6007341cf92afeb718b75883bf415864?s=96&d=blank&r=g","url":"https:\/\/secure.gravatar.com\/avatar\/0a67041d44c702fb0660d81a5a32c7ce6007341cf92afeb718b75883bf415864?s=96&d=blank&r=g","contentUrl":"https:\/\/secure.gravatar.com\/avatar\/0a67041d44c702fb0660d81a5a32c7ce6007341cf92afeb718b75883bf415864?s=96&d=blank&r=g","caption":"diegoc"},"url":"https:\/\/radiounodigital.com\/web\/author\/diegoc\/"}]}},"_links":{"self":[{"href":"https:\/\/radiounodigital.com\/web\/wp-json\/wp\/v2\/posts\/4457","targetHints":{"allow":["GET"]}}],"collection":[{"href":"https:\/\/radiounodigital.com\/web\/wp-json\/wp\/v2\/posts"}],"about":[{"href":"https:\/\/radiounodigital.com\/web\/wp-json\/wp\/v2\/types\/post"}],"author":[{"embeddable":true,"href":"https:\/\/radiounodigital.com\/web\/wp-json\/wp\/v2\/users\/1"}],"replies":[{"embeddable":true,"href":"https:\/\/radiounodigital.com\/web\/wp-json\/wp\/v2\/comments?post=4457"}],"version-history":[{"count":1,"href":"https:\/\/radiounodigital.com\/web\/wp-json\/wp\/v2\/posts\/4457\/revisions"}],"predecessor-version":[{"id":4460,"href":"https:\/\/radiounodigital.com\/web\/wp-json\/wp\/v2\/posts\/4457\/revisions\/4460"}],"wp:featuredmedia":[{"embeddable":true,"href":"https:\/\/radiounodigital.com\/web\/wp-json\/wp\/v2\/media\/4459"}],"wp:attachment":[{"href":"https:\/\/radiounodigital.com\/web\/wp-json\/wp\/v2\/media?parent=4457"}],"wp:term":[{"taxonomy":"category","embeddable":true,"href":"https:\/\/radiounodigital.com\/web\/wp-json\/wp\/v2\/categories?post=4457"},{"taxonomy":"post_tag","embeddable":true,"href":"https:\/\/radiounodigital.com\/web\/wp-json\/wp\/v2\/tags?post=4457"}],"curies":[{"name":"wp","href":"https:\/\/api.w.org\/{rel}","templated":true}]}}