{"id":4492,"date":"2020-09-13T20:01:45","date_gmt":"2020-09-13T23:01:45","guid":{"rendered":"https:\/\/radiounodigital.com\/web\/?p=4492"},"modified":"2020-09-13T20:01:45","modified_gmt":"2020-09-13T23:01:45","slug":"carlos-santana-guitarras-pedales-amps-y-toda-su-plataforma-en-vivo","status":"publish","type":"post","link":"https:\/\/radiounodigital.com\/web\/2020\/09\/13\/carlos-santana-guitarras-pedales-amps-y-toda-su-plataforma-en-vivo\/","title":{"rendered":"Carlos Santana: Guitarras, pedales, amps y toda su plataforma en vivo"},"content":{"rendered":"<h3>Hoy te mostramos la plataforma completa de Carlos Santana sobre un escenario, desde sus guitarras, pedales, amplificadores y toda la configuraci\u00f3n que el m\u00fasico usa en sus actuaciones en vivo.<\/h3>\n<p><iframe loading=\"lazy\" title=\"Rig Rundown - Carlos Santana\" width=\"960\" height=\"540\" src=\"https:\/\/www.youtube.com\/embed\/MBNm0Ax4Vzc?feature=oembed\" frameborder=\"0\" allow=\"accelerometer; autoplay; encrypted-media; gyroscope; picture-in-picture\" allowfullscreen><\/iframe><\/p>\n<p>El 23 de abril de 2014, Premier Guitar se reuni\u00f3 con el t\u00e9cnico de guitarra de Carlos Santana, Ed Adair, antes de un espect\u00e1culo en el Ryman Auditorium en Nashville. Adair nos mostr\u00f3 la colecci\u00f3n de guitarras PRS personalizadas de Santana, una pedalera surtida por Pete Cornish y Teese, y una colecci\u00f3n de amplificadores del santo grial.<\/p>\n<h4>Guitarras<\/h4>\n<p><img loading=\"lazy\" decoding=\"async\" class=\"aligncenter size-full wp-image-4493\" src=\"https:\/\/radiounodigital.com\/web\/wp-content\/uploads\/2020\/09\/May14_RR_SantanaGuitars_WEB.jpg\" alt=\"\" width=\"630\" height=\"315\" srcset=\"https:\/\/radiounodigital.com\/web\/wp-content\/uploads\/2020\/09\/May14_RR_SantanaGuitars_WEB.jpg 630w, https:\/\/radiounodigital.com\/web\/wp-content\/uploads\/2020\/09\/May14_RR_SantanaGuitars_WEB-300x150.jpg 300w\" sizes=\"auto, (max-width: 630px) 100vw, 630px\" \/><\/p>\n<p>Santana viaja con un estante lleno de sus modelos PRS caracter\u00edsticos. Aunque tiene muchos respaldos, Santana tiende a tocar la misma guitarra toda la noche. Por el momento, \u201cSalmon\u201d e \u201cSon of Salmon\u201d est\u00e1n en rotaci\u00f3n alta. Seg\u00fan Adair, cada guitarra tiene algunas modificaciones: \u201cLos sillines de bloqueo son la tercera generaci\u00f3n de un dise\u00f1o que idearon Paul Reed Smith y su equipo. Paul ten\u00eda un dibujo de dise\u00f1o en unos pocos d\u00edas y lo instalamos en el &#8216;Salmon&#8217; poco tiempo despu\u00e9s \u00ab. Cuando Santana quiere tocar una guitarra espa\u00f1ola de la vieja escuela, recurre a su modelo Jazz Electric Nylon construido por el luthier Toru Nittono.<\/p>\n<p><iframe loading=\"lazy\" title=\"Santana - Samba Pa Ti (Live at Montreux 2011)\" width=\"960\" height=\"540\" src=\"https:\/\/www.youtube.com\/embed\/DWO_eojWezg?feature=oembed\" frameborder=\"0\" allow=\"accelerometer; autoplay; encrypted-media; gyroscope; picture-in-picture\" allowfullscreen><\/iframe><\/p>\n<h4>Amplificadores<\/h4>\n<p><img loading=\"lazy\" decoding=\"async\" class=\"aligncenter size-full wp-image-4494\" src=\"https:\/\/radiounodigital.com\/web\/wp-content\/uploads\/2020\/09\/May14_RR_SantanaAmps_WEB.jpg\" alt=\"\" width=\"250\" height=\"500\" srcset=\"https:\/\/radiounodigital.com\/web\/wp-content\/uploads\/2020\/09\/May14_RR_SantanaAmps_WEB.jpg 250w, https:\/\/radiounodigital.com\/web\/wp-content\/uploads\/2020\/09\/May14_RR_SantanaAmps_WEB-150x300.jpg 150w\" sizes=\"auto, (max-width: 250px) 100vw, 250px\" \/><\/p>\n<p>Despu\u00e9s de estar retirado de su uso por alg\u00fan tiempo, el Mesa \/ Boogie original de Santana, cubierto de piel de serpiente, de 100 vatios est\u00e1 de vuelta en el escenario con el maestro. Santana tambi\u00e9n juega a trav\u00e9s de un par de Dumble Overdrive Reverbs y un par de Bludotone Universal Tone heads, uno de los cuales es un prototipo. Los amplificadores impulsan un par de cabinas PRS 4&#215;12 cubiertas de cachemir. Una cabina est\u00e1 cargada con cuatro Celestion Vintage 30, la otra tiene dos Celestion Vintage 30 y dos Celestion G12-65.<\/p>\n<h4>Efectos<\/h4>\n<p><img loading=\"lazy\" decoding=\"async\" class=\"aligncenter size-full wp-image-4495\" src=\"https:\/\/radiounodigital.com\/web\/wp-content\/uploads\/2020\/09\/May14_SantanaRR_Pedals_WEB.jpg\" alt=\"\" width=\"630\" height=\"473\" srcset=\"https:\/\/radiounodigital.com\/web\/wp-content\/uploads\/2020\/09\/May14_SantanaRR_Pedals_WEB.jpg 630w, https:\/\/radiounodigital.com\/web\/wp-content\/uploads\/2020\/09\/May14_SantanaRR_Pedals_WEB-300x225.jpg 300w, https:\/\/radiounodigital.com\/web\/wp-content\/uploads\/2020\/09\/May14_SantanaRR_Pedals_WEB-400x300.jpg 400w\" sizes=\"auto, (max-width: 630px) 100vw, 630px\" \/><\/p>\n<p>La pedalera de Santana es tan m\u00ednima como parece. Comienza con un cable Canare GS-6 de 50 &#8216;con conectores Switchcraft y Neutrik. Esto se encuentra con un controlador de l\u00ednea Pete Cornish LD1 y luego con un pedal Wah Real McCoy Custom RMC4 fabricado por Geoffrey Teese. Desde all\u00ed, la se\u00f1al pasa a un divisor \/ silenciador de se\u00f1al de 3 v\u00edas alimentado por CA de Pete Cornish. El divisor funciona en conjunto con dos unidades de rack de selector de amplificador 2X personalizadas fabricadas por John Suhr. Tambi\u00e9n en el estante, junto al Peterson Strobe Tuner, hay un retardo TC Electronic D-Two, que se ejecuta a trav\u00e9s de los bucles de efectos de los dos cabezales Bludotone.<\/p>\n<p><iframe loading=\"lazy\" title=\"Santana - Africa Bamba (Official Video)\" width=\"960\" height=\"720\" src=\"https:\/\/www.youtube.com\/embed\/LALAhQEhN6E?feature=oembed\" frameborder=\"0\" allow=\"accelerometer; autoplay; encrypted-media; gyroscope; picture-in-picture\" allowfullscreen><\/iframe><\/p>\n<div class=\"fb-background-color\">\n\t\t\t  <div \n\t\t\t  \tclass = \"fb-comments\" \n\t\t\t  \tdata-href = \"https:\/\/radiounodigital.com\/web\/2020\/09\/13\/carlos-santana-guitarras-pedales-amps-y-toda-su-plataforma-en-vivo\/\"\n\t\t\t  \tdata-numposts = \"10\"\n\t\t\t  \tdata-lazy = \"true\"\n\t\t\t\tdata-colorscheme = \"dark\"\n\t\t\t\tdata-order-by = \"reverse_time\"\n\t\t\t\tdata-mobile=true>\n\t\t\t  <\/div><\/div>\n\t\t  <style>\n\t\t    .fb-background-color {\n\t\t\t\tbackground: #ffffff !important;\n\t\t\t}\n\t\t\t.fb_iframe_widget_fluid_desktop iframe {\n\t\t\t    width: 100% !important;\n\t\t\t}\n\t\t  <\/style>\n\t\t  ","protected":false},"excerpt":{"rendered":"<p>Hoy te mostramos la plataforma completa de Carlos Santana sobre un escenario, desde sus guitarras, pedales, amplificadores y toda la configuraci\u00f3n que el m\u00fasico usa en sus actuaciones en vivo. El 23 de abril de 2014, Premier Guitar se reuni\u00f3 con el t\u00e9cnico de guitarra de Carlos Santana, Ed Adair, antes de un espect\u00e1culo en&#8230; <a href=\"https:\/\/radiounodigital.com\/web\/2020\/09\/13\/carlos-santana-guitarras-pedales-amps-y-toda-su-plataforma-en-vivo\/\" class=\"excerpt-read-more\">Read More<\/a><\/p>\n","protected":false},"author":1,"featured_media":4496,"comment_status":"open","ping_status":"open","sticky":false,"template":"","format":"standard","meta":{"footnotes":""},"categories":[126,180,1249,128],"tags":[833,1250,67,1251,1252],"class_list":["post-4492","post","type-post","status-publish","format-standard","has-post-thumbnail","hentry","category-blues","category-news","category-plataforma-guitarristas","category-rock-clasico","tag-amplificadores","tag-carlos-santana","tag-guitarras","tag-pedales","tag-plataforma"],"yoast_head":"<!-- This site is optimized with the Yoast SEO plugin v27.5 - https:\/\/yoast.com\/product\/yoast-seo-wordpress\/ -->\n<title>Carlos Santana: Guitarras, pedales, amps y toda su plataforma en vivo - Radio UNO Digital<\/title>\n<meta name=\"robots\" content=\"index, follow, max-snippet:-1, max-image-preview:large, max-video-preview:-1\" \/>\n<link rel=\"canonical\" href=\"https:\/\/radiounodigital.com\/web\/2020\/09\/13\/carlos-santana-guitarras-pedales-amps-y-toda-su-plataforma-en-vivo\/\" \/>\n<meta property=\"og:locale\" content=\"es_ES\" \/>\n<meta property=\"og:type\" content=\"article\" \/>\n<meta property=\"og:title\" content=\"Carlos Santana: Guitarras, pedales, amps y toda su plataforma en vivo - Radio UNO Digital\" \/>\n<meta property=\"og:description\" content=\"Hoy te mostramos la plataforma completa de Carlos Santana sobre un escenario, desde sus guitarras, pedales, amplificadores y toda la configuraci\u00f3n que el m\u00fasico usa en sus actuaciones en vivo. El 23 de abril de 2014, Premier Guitar se reuni\u00f3 con el t\u00e9cnico de guitarra de Carlos Santana, Ed Adair, antes de un espect\u00e1culo en... Read More\" \/>\n<meta property=\"og:url\" content=\"https:\/\/radiounodigital.com\/web\/2020\/09\/13\/carlos-santana-guitarras-pedales-amps-y-toda-su-plataforma-en-vivo\/\" \/>\n<meta property=\"og:site_name\" content=\"Radio UNO Digital\" \/>\n<meta property=\"article:published_time\" content=\"2020-09-13T23:01:45+00:00\" \/>\n<meta property=\"og:image\" content=\"https:\/\/radiounodigital.com\/web\/wp-content\/uploads\/2020\/09\/carlos-santana.jpg\" \/>\n\t<meta property=\"og:image:width\" content=\"1024\" \/>\n\t<meta property=\"og:image:height\" content=\"768\" \/>\n\t<meta property=\"og:image:type\" content=\"image\/jpeg\" \/>\n<meta name=\"author\" content=\"diegoc\" \/>\n<meta name=\"twitter:card\" content=\"summary_large_image\" \/>\n<meta name=\"twitter:label1\" content=\"Escrito por\" \/>\n\t<meta name=\"twitter:data1\" content=\"diegoc\" \/>\n\t<meta name=\"twitter:label2\" content=\"Tiempo de lectura\" \/>\n\t<meta name=\"twitter:data2\" content=\"2 minutos\" \/>\n<script type=\"application\/ld+json\" class=\"yoast-schema-graph\">{\"@context\":\"https:\\\/\\\/schema.org\",\"@graph\":[{\"@type\":\"Article\",\"@id\":\"https:\\\/\\\/radiounodigital.com\\\/web\\\/2020\\\/09\\\/13\\\/carlos-santana-guitarras-pedales-amps-y-toda-su-plataforma-en-vivo\\\/#article\",\"isPartOf\":{\"@id\":\"https:\\\/\\\/radiounodigital.com\\\/web\\\/2020\\\/09\\\/13\\\/carlos-santana-guitarras-pedales-amps-y-toda-su-plataforma-en-vivo\\\/\"},\"author\":{\"name\":\"diegoc\",\"@id\":\"https:\\\/\\\/radiounodigital.com\\\/web\\\/#\\\/schema\\\/person\\\/00b93151fa54f619ecf9c183d1fc9758\"},\"headline\":\"Carlos Santana: Guitarras, pedales, amps y toda su plataforma en vivo\",\"datePublished\":\"2020-09-13T23:01:45+00:00\",\"mainEntityOfPage\":{\"@id\":\"https:\\\/\\\/radiounodigital.com\\\/web\\\/2020\\\/09\\\/13\\\/carlos-santana-guitarras-pedales-amps-y-toda-su-plataforma-en-vivo\\\/\"},\"wordCount\":466,\"commentCount\":0,\"image\":{\"@id\":\"https:\\\/\\\/radiounodigital.com\\\/web\\\/2020\\\/09\\\/13\\\/carlos-santana-guitarras-pedales-amps-y-toda-su-plataforma-en-vivo\\\/#primaryimage\"},\"thumbnailUrl\":\"https:\\\/\\\/radiounodigital.com\\\/web\\\/wp-content\\\/uploads\\\/2020\\\/09\\\/carlos-santana.jpg\",\"keywords\":[\"amplificadores\",\"carlos santana\",\"guitarras\",\"pedales\",\"plataforma\"],\"articleSection\":[\"Blues\",\"news\",\"plataforma-guitarristas\",\"Rock Clasico\"],\"inLanguage\":\"es\",\"potentialAction\":[{\"@type\":\"CommentAction\",\"name\":\"Comment\",\"target\":[\"https:\\\/\\\/radiounodigital.com\\\/web\\\/2020\\\/09\\\/13\\\/carlos-santana-guitarras-pedales-amps-y-toda-su-plataforma-en-vivo\\\/#respond\"]}]},{\"@type\":\"WebPage\",\"@id\":\"https:\\\/\\\/radiounodigital.com\\\/web\\\/2020\\\/09\\\/13\\\/carlos-santana-guitarras-pedales-amps-y-toda-su-plataforma-en-vivo\\\/\",\"url\":\"https:\\\/\\\/radiounodigital.com\\\/web\\\/2020\\\/09\\\/13\\\/carlos-santana-guitarras-pedales-amps-y-toda-su-plataforma-en-vivo\\\/\",\"name\":\"Carlos Santana: Guitarras, pedales, amps y toda su plataforma en vivo - Radio UNO Digital\",\"isPartOf\":{\"@id\":\"https:\\\/\\\/radiounodigital.com\\\/web\\\/#website\"},\"primaryImageOfPage\":{\"@id\":\"https:\\\/\\\/radiounodigital.com\\\/web\\\/2020\\\/09\\\/13\\\/carlos-santana-guitarras-pedales-amps-y-toda-su-plataforma-en-vivo\\\/#primaryimage\"},\"image\":{\"@id\":\"https:\\\/\\\/radiounodigital.com\\\/web\\\/2020\\\/09\\\/13\\\/carlos-santana-guitarras-pedales-amps-y-toda-su-plataforma-en-vivo\\\/#primaryimage\"},\"thumbnailUrl\":\"https:\\\/\\\/radiounodigital.com\\\/web\\\/wp-content\\\/uploads\\\/2020\\\/09\\\/carlos-santana.jpg\",\"datePublished\":\"2020-09-13T23:01:45+00:00\",\"author\":{\"@id\":\"https:\\\/\\\/radiounodigital.com\\\/web\\\/#\\\/schema\\\/person\\\/00b93151fa54f619ecf9c183d1fc9758\"},\"breadcrumb\":{\"@id\":\"https:\\\/\\\/radiounodigital.com\\\/web\\\/2020\\\/09\\\/13\\\/carlos-santana-guitarras-pedales-amps-y-toda-su-plataforma-en-vivo\\\/#breadcrumb\"},\"inLanguage\":\"es\",\"potentialAction\":[{\"@type\":\"ReadAction\",\"target\":[\"https:\\\/\\\/radiounodigital.com\\\/web\\\/2020\\\/09\\\/13\\\/carlos-santana-guitarras-pedales-amps-y-toda-su-plataforma-en-vivo\\\/\"]}]},{\"@type\":\"ImageObject\",\"inLanguage\":\"es\",\"@id\":\"https:\\\/\\\/radiounodigital.com\\\/web\\\/2020\\\/09\\\/13\\\/carlos-santana-guitarras-pedales-amps-y-toda-su-plataforma-en-vivo\\\/#primaryimage\",\"url\":\"https:\\\/\\\/radiounodigital.com\\\/web\\\/wp-content\\\/uploads\\\/2020\\\/09\\\/carlos-santana.jpg\",\"contentUrl\":\"https:\\\/\\\/radiounodigital.com\\\/web\\\/wp-content\\\/uploads\\\/2020\\\/09\\\/carlos-santana.jpg\",\"width\":1024,\"height\":768},{\"@type\":\"BreadcrumbList\",\"@id\":\"https:\\\/\\\/radiounodigital.com\\\/web\\\/2020\\\/09\\\/13\\\/carlos-santana-guitarras-pedales-amps-y-toda-su-plataforma-en-vivo\\\/#breadcrumb\",\"itemListElement\":[{\"@type\":\"ListItem\",\"position\":1,\"name\":\"Home\",\"item\":\"https:\\\/\\\/radiounodigital.com\\\/web\\\/\"},{\"@type\":\"ListItem\",\"position\":2,\"name\":\"Carlos Santana: Guitarras, pedales, amps y toda su plataforma en vivo\"}]},{\"@type\":\"WebSite\",\"@id\":\"https:\\\/\\\/radiounodigital.com\\\/web\\\/#website\",\"url\":\"https:\\\/\\\/radiounodigital.com\\\/web\\\/\",\"name\":\"Radio UNO Digital\",\"description\":\"Donde la cultura del rock se siente\",\"potentialAction\":[{\"@type\":\"SearchAction\",\"target\":{\"@type\":\"EntryPoint\",\"urlTemplate\":\"https:\\\/\\\/radiounodigital.com\\\/web\\\/?s={search_term_string}\"},\"query-input\":{\"@type\":\"PropertyValueSpecification\",\"valueRequired\":true,\"valueName\":\"search_term_string\"}}],\"inLanguage\":\"es\"},{\"@type\":\"Person\",\"@id\":\"https:\\\/\\\/radiounodigital.com\\\/web\\\/#\\\/schema\\\/person\\\/00b93151fa54f619ecf9c183d1fc9758\",\"name\":\"diegoc\",\"image\":{\"@type\":\"ImageObject\",\"inLanguage\":\"es\",\"@id\":\"https:\\\/\\\/secure.gravatar.com\\\/avatar\\\/0a67041d44c702fb0660d81a5a32c7ce6007341cf92afeb718b75883bf415864?s=96&d=blank&r=g\",\"url\":\"https:\\\/\\\/secure.gravatar.com\\\/avatar\\\/0a67041d44c702fb0660d81a5a32c7ce6007341cf92afeb718b75883bf415864?s=96&d=blank&r=g\",\"contentUrl\":\"https:\\\/\\\/secure.gravatar.com\\\/avatar\\\/0a67041d44c702fb0660d81a5a32c7ce6007341cf92afeb718b75883bf415864?s=96&d=blank&r=g\",\"caption\":\"diegoc\"},\"url\":\"https:\\\/\\\/radiounodigital.com\\\/web\\\/author\\\/diegoc\\\/\"}]}<\/script>\n<!-- \/ Yoast SEO plugin. -->","yoast_head_json":{"title":"Carlos Santana: Guitarras, pedales, amps y toda su plataforma en vivo - Radio UNO Digital","robots":{"index":"index","follow":"follow","max-snippet":"max-snippet:-1","max-image-preview":"max-image-preview:large","max-video-preview":"max-video-preview:-1"},"canonical":"https:\/\/radiounodigital.com\/web\/2020\/09\/13\/carlos-santana-guitarras-pedales-amps-y-toda-su-plataforma-en-vivo\/","og_locale":"es_ES","og_type":"article","og_title":"Carlos Santana: Guitarras, pedales, amps y toda su plataforma en vivo - Radio UNO Digital","og_description":"Hoy te mostramos la plataforma completa de Carlos Santana sobre un escenario, desde sus guitarras, pedales, amplificadores y toda la configuraci\u00f3n que el m\u00fasico usa en sus actuaciones en vivo. El 23 de abril de 2014, Premier Guitar se reuni\u00f3 con el t\u00e9cnico de guitarra de Carlos Santana, Ed Adair, antes de un espect\u00e1culo en... Read More","og_url":"https:\/\/radiounodigital.com\/web\/2020\/09\/13\/carlos-santana-guitarras-pedales-amps-y-toda-su-plataforma-en-vivo\/","og_site_name":"Radio UNO Digital","article_published_time":"2020-09-13T23:01:45+00:00","og_image":[{"width":1024,"height":768,"url":"https:\/\/radiounodigital.com\/web\/wp-content\/uploads\/2020\/09\/carlos-santana.jpg","type":"image\/jpeg"}],"author":"diegoc","twitter_card":"summary_large_image","twitter_misc":{"Escrito por":"diegoc","Tiempo de lectura":"2 minutos"},"schema":{"@context":"https:\/\/schema.org","@graph":[{"@type":"Article","@id":"https:\/\/radiounodigital.com\/web\/2020\/09\/13\/carlos-santana-guitarras-pedales-amps-y-toda-su-plataforma-en-vivo\/#article","isPartOf":{"@id":"https:\/\/radiounodigital.com\/web\/2020\/09\/13\/carlos-santana-guitarras-pedales-amps-y-toda-su-plataforma-en-vivo\/"},"author":{"name":"diegoc","@id":"https:\/\/radiounodigital.com\/web\/#\/schema\/person\/00b93151fa54f619ecf9c183d1fc9758"},"headline":"Carlos Santana: Guitarras, pedales, amps y toda su plataforma en vivo","datePublished":"2020-09-13T23:01:45+00:00","mainEntityOfPage":{"@id":"https:\/\/radiounodigital.com\/web\/2020\/09\/13\/carlos-santana-guitarras-pedales-amps-y-toda-su-plataforma-en-vivo\/"},"wordCount":466,"commentCount":0,"image":{"@id":"https:\/\/radiounodigital.com\/web\/2020\/09\/13\/carlos-santana-guitarras-pedales-amps-y-toda-su-plataforma-en-vivo\/#primaryimage"},"thumbnailUrl":"https:\/\/radiounodigital.com\/web\/wp-content\/uploads\/2020\/09\/carlos-santana.jpg","keywords":["amplificadores","carlos santana","guitarras","pedales","plataforma"],"articleSection":["Blues","news","plataforma-guitarristas","Rock Clasico"],"inLanguage":"es","potentialAction":[{"@type":"CommentAction","name":"Comment","target":["https:\/\/radiounodigital.com\/web\/2020\/09\/13\/carlos-santana-guitarras-pedales-amps-y-toda-su-plataforma-en-vivo\/#respond"]}]},{"@type":"WebPage","@id":"https:\/\/radiounodigital.com\/web\/2020\/09\/13\/carlos-santana-guitarras-pedales-amps-y-toda-su-plataforma-en-vivo\/","url":"https:\/\/radiounodigital.com\/web\/2020\/09\/13\/carlos-santana-guitarras-pedales-amps-y-toda-su-plataforma-en-vivo\/","name":"Carlos Santana: Guitarras, pedales, amps y toda su plataforma en vivo - Radio UNO Digital","isPartOf":{"@id":"https:\/\/radiounodigital.com\/web\/#website"},"primaryImageOfPage":{"@id":"https:\/\/radiounodigital.com\/web\/2020\/09\/13\/carlos-santana-guitarras-pedales-amps-y-toda-su-plataforma-en-vivo\/#primaryimage"},"image":{"@id":"https:\/\/radiounodigital.com\/web\/2020\/09\/13\/carlos-santana-guitarras-pedales-amps-y-toda-su-plataforma-en-vivo\/#primaryimage"},"thumbnailUrl":"https:\/\/radiounodigital.com\/web\/wp-content\/uploads\/2020\/09\/carlos-santana.jpg","datePublished":"2020-09-13T23:01:45+00:00","author":{"@id":"https:\/\/radiounodigital.com\/web\/#\/schema\/person\/00b93151fa54f619ecf9c183d1fc9758"},"breadcrumb":{"@id":"https:\/\/radiounodigital.com\/web\/2020\/09\/13\/carlos-santana-guitarras-pedales-amps-y-toda-su-plataforma-en-vivo\/#breadcrumb"},"inLanguage":"es","potentialAction":[{"@type":"ReadAction","target":["https:\/\/radiounodigital.com\/web\/2020\/09\/13\/carlos-santana-guitarras-pedales-amps-y-toda-su-plataforma-en-vivo\/"]}]},{"@type":"ImageObject","inLanguage":"es","@id":"https:\/\/radiounodigital.com\/web\/2020\/09\/13\/carlos-santana-guitarras-pedales-amps-y-toda-su-plataforma-en-vivo\/#primaryimage","url":"https:\/\/radiounodigital.com\/web\/wp-content\/uploads\/2020\/09\/carlos-santana.jpg","contentUrl":"https:\/\/radiounodigital.com\/web\/wp-content\/uploads\/2020\/09\/carlos-santana.jpg","width":1024,"height":768},{"@type":"BreadcrumbList","@id":"https:\/\/radiounodigital.com\/web\/2020\/09\/13\/carlos-santana-guitarras-pedales-amps-y-toda-su-plataforma-en-vivo\/#breadcrumb","itemListElement":[{"@type":"ListItem","position":1,"name":"Home","item":"https:\/\/radiounodigital.com\/web\/"},{"@type":"ListItem","position":2,"name":"Carlos Santana: Guitarras, pedales, amps y toda su plataforma en vivo"}]},{"@type":"WebSite","@id":"https:\/\/radiounodigital.com\/web\/#website","url":"https:\/\/radiounodigital.com\/web\/","name":"Radio UNO Digital","description":"Donde la cultura del rock se siente","potentialAction":[{"@type":"SearchAction","target":{"@type":"EntryPoint","urlTemplate":"https:\/\/radiounodigital.com\/web\/?s={search_term_string}"},"query-input":{"@type":"PropertyValueSpecification","valueRequired":true,"valueName":"search_term_string"}}],"inLanguage":"es"},{"@type":"Person","@id":"https:\/\/radiounodigital.com\/web\/#\/schema\/person\/00b93151fa54f619ecf9c183d1fc9758","name":"diegoc","image":{"@type":"ImageObject","inLanguage":"es","@id":"https:\/\/secure.gravatar.com\/avatar\/0a67041d44c702fb0660d81a5a32c7ce6007341cf92afeb718b75883bf415864?s=96&d=blank&r=g","url":"https:\/\/secure.gravatar.com\/avatar\/0a67041d44c702fb0660d81a5a32c7ce6007341cf92afeb718b75883bf415864?s=96&d=blank&r=g","contentUrl":"https:\/\/secure.gravatar.com\/avatar\/0a67041d44c702fb0660d81a5a32c7ce6007341cf92afeb718b75883bf415864?s=96&d=blank&r=g","caption":"diegoc"},"url":"https:\/\/radiounodigital.com\/web\/author\/diegoc\/"}]}},"_links":{"self":[{"href":"https:\/\/radiounodigital.com\/web\/wp-json\/wp\/v2\/posts\/4492","targetHints":{"allow":["GET"]}}],"collection":[{"href":"https:\/\/radiounodigital.com\/web\/wp-json\/wp\/v2\/posts"}],"about":[{"href":"https:\/\/radiounodigital.com\/web\/wp-json\/wp\/v2\/types\/post"}],"author":[{"embeddable":true,"href":"https:\/\/radiounodigital.com\/web\/wp-json\/wp\/v2\/users\/1"}],"replies":[{"embeddable":true,"href":"https:\/\/radiounodigital.com\/web\/wp-json\/wp\/v2\/comments?post=4492"}],"version-history":[{"count":1,"href":"https:\/\/radiounodigital.com\/web\/wp-json\/wp\/v2\/posts\/4492\/revisions"}],"predecessor-version":[{"id":4498,"href":"https:\/\/radiounodigital.com\/web\/wp-json\/wp\/v2\/posts\/4492\/revisions\/4498"}],"wp:featuredmedia":[{"embeddable":true,"href":"https:\/\/radiounodigital.com\/web\/wp-json\/wp\/v2\/media\/4496"}],"wp:attachment":[{"href":"https:\/\/radiounodigital.com\/web\/wp-json\/wp\/v2\/media?parent=4492"}],"wp:term":[{"taxonomy":"category","embeddable":true,"href":"https:\/\/radiounodigital.com\/web\/wp-json\/wp\/v2\/categories?post=4492"},{"taxonomy":"post_tag","embeddable":true,"href":"https:\/\/radiounodigital.com\/web\/wp-json\/wp\/v2\/tags?post=4492"}],"curies":[{"name":"wp","href":"https:\/\/api.w.org\/{rel}","templated":true}]}}