{"id":4599,"date":"2020-09-29T10:55:08","date_gmt":"2020-09-29T13:55:08","guid":{"rendered":"https:\/\/radiounodigital.com\/web\/?p=4599"},"modified":"2020-09-29T10:55:08","modified_gmt":"2020-09-29T13:55:08","slug":"ac-dc-anuncia-su-regreso-con-electrizantes-publicaciones-en-las-redes-sociales","status":"publish","type":"post","link":"https:\/\/radiounodigital.com\/web\/2020\/09\/29\/ac-dc-anuncia-su-regreso-con-electrizantes-publicaciones-en-las-redes-sociales\/","title":{"rendered":"AC\/DC anuncia su regreso con electrizantes publicaciones en las redes sociales"},"content":{"rendered":"<h3>AC\/DC ha dado los primeros indicios oficiales de que est\u00e1n en camino de regreso.<\/h3>\n<p>Despu\u00e9s de una filtraci\u00f3n accidental de fotograf\u00edas de lo que parec\u00eda ser un nuevo video en el sitio web oficial de la banda a principios de este mes, im\u00e1genes que fueron eliminadas r\u00e1pidamente, pero no antes de que fueran tomadas por un sitio de fans brasile\u00f1o de AC \/ DC, hoy (septiembre 28) ha habido una nueva actividad en las p\u00e1ginas de redes sociales de la banda.<\/p>\n<p>Aunque no hay una declaraci\u00f3n oficial sobre el regreso de la banda de Angus Young, se ha publicado un video menos que cr\u00edptico en los canales de redes sociales, que muestra la iluminaci\u00f3n de una luz de ne\u00f3n con la forma del ic\u00f3nico logotipo del rayo de la banda, con la banda sonora del inconfundible zumbido de amplificadores de guitarra.<\/p>\n<p>No es mucho, pero es suficiente para entusiasmarnos.<\/p>\n<p>Las recientes fotograf\u00edas filtradas parecen haber confirmado los rumores, que circularon por primera vez en 2018, sobre el regreso del vocalista Brian Johnson y el baterista Phil Rudd al mundo de DC. El l\u00edder de la banda desde 1980, Johnson se retir\u00f3 de la banda en 2016 despu\u00e9s de experimentar una p\u00e9rdida de audici\u00f3n, mientras que Rudd fue reemplazado por un Chris Slade que regres\u00f3 en la gira Rock or Bust despu\u00e9s de que fue declarado culpable de posesi\u00f3n de drogas y amenazas de muerte en 2015.<\/p>\n<p>For those about to rock, estamos aqu\u00ed para ti.<\/p>\n<blockquote class=\"twitter-tweet\">\n<p dir=\"ltr\" lang=\"und\"><a href=\"https:\/\/t.co\/0WKzNSi3ix\">pic.twitter.com\/0WKzNSi3ix<\/a><\/p>\n<p>\u2014 AC\/DC (@acdc) <a href=\"https:\/\/twitter.com\/acdc\/status\/1310549824593252353?ref_src=twsrc%5Etfw\">September 28, 2020<\/a><\/p><\/blockquote>\n<p><script async src=\"https:\/\/platform.twitter.com\/widgets.js\" charset=\"utf-8\"><\/script><\/p>\n<p>Hablando en el programa Trunk Nation de Sirius XM en febrero, el ex l\u00edder de Twisted Sister, Dee Snider, revel\u00f3 que Brian Johnson le cont\u00f3 sobre los planes de regreso de la banda.<\/p>\n<p>Snider dijo: \u201cMe dijo muchas cosas, y muchas cosas que no quiero decir. Pero sabemos por las fotos, y Brian lo confirm\u00f3, han estado en el estudio, han estado grabando. El original: no digo los chicos &#8216;originales&#8217;, porque muchos de ellos se han ido, pero digo que la alineaci\u00f3n &#8216;cl\u00e1sica&#8217; est\u00e1 de nuevo junta y hay algunas sorpresas, de las que no puedo hablar, con respecto a Malcolm. Joven que acaba de tener mi mand\u00edbula en el suelo. Dir\u00e9 que estar\u00e1 presente. As\u00ed que esto es AC\/ DC como los conocemos y los amamos \u00ab.<\/p>\n<div class=\"fb-background-color\">\n\t\t\t  <div \n\t\t\t  \tclass = \"fb-comments\" \n\t\t\t  \tdata-href = \"https:\/\/radiounodigital.com\/web\/2020\/09\/29\/ac-dc-anuncia-su-regreso-con-electrizantes-publicaciones-en-las-redes-sociales\/\"\n\t\t\t  \tdata-numposts = \"10\"\n\t\t\t  \tdata-lazy = \"true\"\n\t\t\t\tdata-colorscheme = \"dark\"\n\t\t\t\tdata-order-by = \"reverse_time\"\n\t\t\t\tdata-mobile=true>\n\t\t\t  <\/div><\/div>\n\t\t  <style>\n\t\t    .fb-background-color {\n\t\t\t\tbackground: #ffffff !important;\n\t\t\t}\n\t\t\t.fb_iframe_widget_fluid_desktop iframe {\n\t\t\t    width: 100% !important;\n\t\t\t}\n\t\t  <\/style>\n\t\t  ","protected":false},"excerpt":{"rendered":"<p>AC\/DC ha dado los primeros indicios oficiales de que est\u00e1n en camino de regreso. Despu\u00e9s de una filtraci\u00f3n accidental de fotograf\u00edas de lo que parec\u00eda ser un nuevo video en el sitio web oficial de la banda a principios de este mes, im\u00e1genes que fueron eliminadas r\u00e1pidamente, pero no antes de que fueran tomadas por&#8230; <a href=\"https:\/\/radiounodigital.com\/web\/2020\/09\/29\/ac-dc-anuncia-su-regreso-con-electrizantes-publicaciones-en-las-redes-sociales\/\" class=\"excerpt-read-more\">Read More<\/a><\/p>\n","protected":false},"author":1,"featured_media":4600,"comment_status":"open","ping_status":"open","sticky":false,"template":"","format":"standard","meta":{"footnotes":""},"categories":[180,128],"tags":[100,148,119,132,627],"class_list":["post-4599","post","type-post","status-publish","format-standard","has-post-thumbnail","hentry","category-news","category-rock-clasico","tag-100","tag-ac-dc","tag-disco","tag-nuevo","tag-regreso"],"yoast_head":"<!-- This site is optimized with the Yoast SEO plugin v27.4 - https:\/\/yoast.com\/product\/yoast-seo-wordpress\/ -->\n<title>AC\/DC anuncia oficialmente su regreso - Radio UNO Digital<\/title>\n<meta name=\"description\" content=\"AC\/DC ha dado los primeros indicios oficiales de que est\u00e1n en camino de regreso, despu\u00e9s de una filtracion accidental hace unos d\u00edas.\" \/>\n<meta name=\"robots\" content=\"index, follow, max-snippet:-1, max-image-preview:large, max-video-preview:-1\" \/>\n<link rel=\"canonical\" href=\"https:\/\/radiounodigital.com\/web\/2020\/09\/29\/ac-dc-anuncia-su-regreso-con-electrizantes-publicaciones-en-las-redes-sociales\/\" \/>\n<meta property=\"og:locale\" content=\"es_ES\" \/>\n<meta property=\"og:type\" content=\"article\" \/>\n<meta property=\"og:title\" content=\"AC\/DC anuncia oficialmente su regreso - Radio UNO Digital\" \/>\n<meta property=\"og:description\" content=\"AC\/DC ha dado los primeros indicios oficiales de que est\u00e1n en camino de regreso, despu\u00e9s de una filtracion accidental hace unos d\u00edas.\" \/>\n<meta property=\"og:url\" content=\"https:\/\/radiounodigital.com\/web\/2020\/09\/29\/ac-dc-anuncia-su-regreso-con-electrizantes-publicaciones-en-las-redes-sociales\/\" \/>\n<meta property=\"og:site_name\" content=\"Radio UNO Digital\" \/>\n<meta property=\"article:published_time\" content=\"2020-09-29T13:55:08+00:00\" \/>\n<meta property=\"og:image\" content=\"https:\/\/radiounodigital.com\/web\/wp-content\/uploads\/2020\/09\/ACDC2.jpg\" \/>\n\t<meta property=\"og:image:width\" content=\"980\" \/>\n\t<meta property=\"og:image:height\" content=\"653\" \/>\n\t<meta property=\"og:image:type\" content=\"image\/jpeg\" \/>\n<meta name=\"author\" content=\"diegoc\" \/>\n<meta name=\"twitter:card\" content=\"summary_large_image\" \/>\n<meta name=\"twitter:label1\" content=\"Escrito por\" \/>\n\t<meta name=\"twitter:data1\" content=\"diegoc\" \/>\n\t<meta name=\"twitter:label2\" content=\"Tiempo de lectura\" \/>\n\t<meta name=\"twitter:data2\" content=\"2 minutos\" \/>\n<script type=\"application\/ld+json\" class=\"yoast-schema-graph\">{\"@context\":\"https:\\\/\\\/schema.org\",\"@graph\":[{\"@type\":\"Article\",\"@id\":\"https:\\\/\\\/radiounodigital.com\\\/web\\\/2020\\\/09\\\/29\\\/ac-dc-anuncia-su-regreso-con-electrizantes-publicaciones-en-las-redes-sociales\\\/#article\",\"isPartOf\":{\"@id\":\"https:\\\/\\\/radiounodigital.com\\\/web\\\/2020\\\/09\\\/29\\\/ac-dc-anuncia-su-regreso-con-electrizantes-publicaciones-en-las-redes-sociales\\\/\"},\"author\":{\"name\":\"diegoc\",\"@id\":\"https:\\\/\\\/radiounodigital.com\\\/web\\\/#\\\/schema\\\/person\\\/00b93151fa54f619ecf9c183d1fc9758\"},\"headline\":\"AC\\\/DC anuncia su regreso con electrizantes publicaciones en las redes sociales\",\"datePublished\":\"2020-09-29T13:55:08+00:00\",\"mainEntityOfPage\":{\"@id\":\"https:\\\/\\\/radiounodigital.com\\\/web\\\/2020\\\/09\\\/29\\\/ac-dc-anuncia-su-regreso-con-electrizantes-publicaciones-en-las-redes-sociales\\\/\"},\"wordCount\":413,\"commentCount\":0,\"image\":{\"@id\":\"https:\\\/\\\/radiounodigital.com\\\/web\\\/2020\\\/09\\\/29\\\/ac-dc-anuncia-su-regreso-con-electrizantes-publicaciones-en-las-redes-sociales\\\/#primaryimage\"},\"thumbnailUrl\":\"https:\\\/\\\/radiounodigital.com\\\/web\\\/wp-content\\\/uploads\\\/2020\\\/09\\\/ACDC2.jpg\",\"keywords\":[\"2020\",\"AC\\\/DC\",\"disco\",\"nuevo\",\"regreso\"],\"articleSection\":[\"news\",\"Rock Clasico\"],\"inLanguage\":\"es\",\"potentialAction\":[{\"@type\":\"CommentAction\",\"name\":\"Comment\",\"target\":[\"https:\\\/\\\/radiounodigital.com\\\/web\\\/2020\\\/09\\\/29\\\/ac-dc-anuncia-su-regreso-con-electrizantes-publicaciones-en-las-redes-sociales\\\/#respond\"]}]},{\"@type\":\"WebPage\",\"@id\":\"https:\\\/\\\/radiounodigital.com\\\/web\\\/2020\\\/09\\\/29\\\/ac-dc-anuncia-su-regreso-con-electrizantes-publicaciones-en-las-redes-sociales\\\/\",\"url\":\"https:\\\/\\\/radiounodigital.com\\\/web\\\/2020\\\/09\\\/29\\\/ac-dc-anuncia-su-regreso-con-electrizantes-publicaciones-en-las-redes-sociales\\\/\",\"name\":\"AC\\\/DC anuncia oficialmente su regreso - Radio UNO Digital\",\"isPartOf\":{\"@id\":\"https:\\\/\\\/radiounodigital.com\\\/web\\\/#website\"},\"primaryImageOfPage\":{\"@id\":\"https:\\\/\\\/radiounodigital.com\\\/web\\\/2020\\\/09\\\/29\\\/ac-dc-anuncia-su-regreso-con-electrizantes-publicaciones-en-las-redes-sociales\\\/#primaryimage\"},\"image\":{\"@id\":\"https:\\\/\\\/radiounodigital.com\\\/web\\\/2020\\\/09\\\/29\\\/ac-dc-anuncia-su-regreso-con-electrizantes-publicaciones-en-las-redes-sociales\\\/#primaryimage\"},\"thumbnailUrl\":\"https:\\\/\\\/radiounodigital.com\\\/web\\\/wp-content\\\/uploads\\\/2020\\\/09\\\/ACDC2.jpg\",\"datePublished\":\"2020-09-29T13:55:08+00:00\",\"author\":{\"@id\":\"https:\\\/\\\/radiounodigital.com\\\/web\\\/#\\\/schema\\\/person\\\/00b93151fa54f619ecf9c183d1fc9758\"},\"description\":\"AC\\\/DC ha dado los primeros indicios oficiales de que est\u00e1n en camino de regreso, despu\u00e9s de una filtracion accidental hace unos d\u00edas.\",\"breadcrumb\":{\"@id\":\"https:\\\/\\\/radiounodigital.com\\\/web\\\/2020\\\/09\\\/29\\\/ac-dc-anuncia-su-regreso-con-electrizantes-publicaciones-en-las-redes-sociales\\\/#breadcrumb\"},\"inLanguage\":\"es\",\"potentialAction\":[{\"@type\":\"ReadAction\",\"target\":[\"https:\\\/\\\/radiounodigital.com\\\/web\\\/2020\\\/09\\\/29\\\/ac-dc-anuncia-su-regreso-con-electrizantes-publicaciones-en-las-redes-sociales\\\/\"]}]},{\"@type\":\"ImageObject\",\"inLanguage\":\"es\",\"@id\":\"https:\\\/\\\/radiounodigital.com\\\/web\\\/2020\\\/09\\\/29\\\/ac-dc-anuncia-su-regreso-con-electrizantes-publicaciones-en-las-redes-sociales\\\/#primaryimage\",\"url\":\"https:\\\/\\\/radiounodigital.com\\\/web\\\/wp-content\\\/uploads\\\/2020\\\/09\\\/ACDC2.jpg\",\"contentUrl\":\"https:\\\/\\\/radiounodigital.com\\\/web\\\/wp-content\\\/uploads\\\/2020\\\/09\\\/ACDC2.jpg\",\"width\":980,\"height\":653},{\"@type\":\"BreadcrumbList\",\"@id\":\"https:\\\/\\\/radiounodigital.com\\\/web\\\/2020\\\/09\\\/29\\\/ac-dc-anuncia-su-regreso-con-electrizantes-publicaciones-en-las-redes-sociales\\\/#breadcrumb\",\"itemListElement\":[{\"@type\":\"ListItem\",\"position\":1,\"name\":\"Home\",\"item\":\"https:\\\/\\\/radiounodigital.com\\\/web\\\/\"},{\"@type\":\"ListItem\",\"position\":2,\"name\":\"AC\\\/DC anuncia su regreso con electrizantes publicaciones en las redes sociales\"}]},{\"@type\":\"WebSite\",\"@id\":\"https:\\\/\\\/radiounodigital.com\\\/web\\\/#website\",\"url\":\"https:\\\/\\\/radiounodigital.com\\\/web\\\/\",\"name\":\"Radio UNO Digital\",\"description\":\"Donde la cultura del rock se siente\",\"potentialAction\":[{\"@type\":\"SearchAction\",\"target\":{\"@type\":\"EntryPoint\",\"urlTemplate\":\"https:\\\/\\\/radiounodigital.com\\\/web\\\/?s={search_term_string}\"},\"query-input\":{\"@type\":\"PropertyValueSpecification\",\"valueRequired\":true,\"valueName\":\"search_term_string\"}}],\"inLanguage\":\"es\"},{\"@type\":\"Person\",\"@id\":\"https:\\\/\\\/radiounodigital.com\\\/web\\\/#\\\/schema\\\/person\\\/00b93151fa54f619ecf9c183d1fc9758\",\"name\":\"diegoc\",\"image\":{\"@type\":\"ImageObject\",\"inLanguage\":\"es\",\"@id\":\"https:\\\/\\\/secure.gravatar.com\\\/avatar\\\/0a67041d44c702fb0660d81a5a32c7ce6007341cf92afeb718b75883bf415864?s=96&d=blank&r=g\",\"url\":\"https:\\\/\\\/secure.gravatar.com\\\/avatar\\\/0a67041d44c702fb0660d81a5a32c7ce6007341cf92afeb718b75883bf415864?s=96&d=blank&r=g\",\"contentUrl\":\"https:\\\/\\\/secure.gravatar.com\\\/avatar\\\/0a67041d44c702fb0660d81a5a32c7ce6007341cf92afeb718b75883bf415864?s=96&d=blank&r=g\",\"caption\":\"diegoc\"},\"url\":\"https:\\\/\\\/radiounodigital.com\\\/web\\\/author\\\/diegoc\\\/\"}]}<\/script>\n<!-- \/ Yoast SEO plugin. -->","yoast_head_json":{"title":"AC\/DC anuncia oficialmente su regreso - Radio UNO Digital","description":"AC\/DC ha dado los primeros indicios oficiales de que est\u00e1n en camino de regreso, despu\u00e9s de una filtracion accidental hace unos d\u00edas.","robots":{"index":"index","follow":"follow","max-snippet":"max-snippet:-1","max-image-preview":"max-image-preview:large","max-video-preview":"max-video-preview:-1"},"canonical":"https:\/\/radiounodigital.com\/web\/2020\/09\/29\/ac-dc-anuncia-su-regreso-con-electrizantes-publicaciones-en-las-redes-sociales\/","og_locale":"es_ES","og_type":"article","og_title":"AC\/DC anuncia oficialmente su regreso - Radio UNO Digital","og_description":"AC\/DC ha dado los primeros indicios oficiales de que est\u00e1n en camino de regreso, despu\u00e9s de una filtracion accidental hace unos d\u00edas.","og_url":"https:\/\/radiounodigital.com\/web\/2020\/09\/29\/ac-dc-anuncia-su-regreso-con-electrizantes-publicaciones-en-las-redes-sociales\/","og_site_name":"Radio UNO Digital","article_published_time":"2020-09-29T13:55:08+00:00","og_image":[{"width":980,"height":653,"url":"https:\/\/radiounodigital.com\/web\/wp-content\/uploads\/2020\/09\/ACDC2.jpg","type":"image\/jpeg"}],"author":"diegoc","twitter_card":"summary_large_image","twitter_misc":{"Escrito por":"diegoc","Tiempo de lectura":"2 minutos"},"schema":{"@context":"https:\/\/schema.org","@graph":[{"@type":"Article","@id":"https:\/\/radiounodigital.com\/web\/2020\/09\/29\/ac-dc-anuncia-su-regreso-con-electrizantes-publicaciones-en-las-redes-sociales\/#article","isPartOf":{"@id":"https:\/\/radiounodigital.com\/web\/2020\/09\/29\/ac-dc-anuncia-su-regreso-con-electrizantes-publicaciones-en-las-redes-sociales\/"},"author":{"name":"diegoc","@id":"https:\/\/radiounodigital.com\/web\/#\/schema\/person\/00b93151fa54f619ecf9c183d1fc9758"},"headline":"AC\/DC anuncia su regreso con electrizantes publicaciones en las redes sociales","datePublished":"2020-09-29T13:55:08+00:00","mainEntityOfPage":{"@id":"https:\/\/radiounodigital.com\/web\/2020\/09\/29\/ac-dc-anuncia-su-regreso-con-electrizantes-publicaciones-en-las-redes-sociales\/"},"wordCount":413,"commentCount":0,"image":{"@id":"https:\/\/radiounodigital.com\/web\/2020\/09\/29\/ac-dc-anuncia-su-regreso-con-electrizantes-publicaciones-en-las-redes-sociales\/#primaryimage"},"thumbnailUrl":"https:\/\/radiounodigital.com\/web\/wp-content\/uploads\/2020\/09\/ACDC2.jpg","keywords":["2020","AC\/DC","disco","nuevo","regreso"],"articleSection":["news","Rock Clasico"],"inLanguage":"es","potentialAction":[{"@type":"CommentAction","name":"Comment","target":["https:\/\/radiounodigital.com\/web\/2020\/09\/29\/ac-dc-anuncia-su-regreso-con-electrizantes-publicaciones-en-las-redes-sociales\/#respond"]}]},{"@type":"WebPage","@id":"https:\/\/radiounodigital.com\/web\/2020\/09\/29\/ac-dc-anuncia-su-regreso-con-electrizantes-publicaciones-en-las-redes-sociales\/","url":"https:\/\/radiounodigital.com\/web\/2020\/09\/29\/ac-dc-anuncia-su-regreso-con-electrizantes-publicaciones-en-las-redes-sociales\/","name":"AC\/DC anuncia oficialmente su regreso - Radio UNO Digital","isPartOf":{"@id":"https:\/\/radiounodigital.com\/web\/#website"},"primaryImageOfPage":{"@id":"https:\/\/radiounodigital.com\/web\/2020\/09\/29\/ac-dc-anuncia-su-regreso-con-electrizantes-publicaciones-en-las-redes-sociales\/#primaryimage"},"image":{"@id":"https:\/\/radiounodigital.com\/web\/2020\/09\/29\/ac-dc-anuncia-su-regreso-con-electrizantes-publicaciones-en-las-redes-sociales\/#primaryimage"},"thumbnailUrl":"https:\/\/radiounodigital.com\/web\/wp-content\/uploads\/2020\/09\/ACDC2.jpg","datePublished":"2020-09-29T13:55:08+00:00","author":{"@id":"https:\/\/radiounodigital.com\/web\/#\/schema\/person\/00b93151fa54f619ecf9c183d1fc9758"},"description":"AC\/DC ha dado los primeros indicios oficiales de que est\u00e1n en camino de regreso, despu\u00e9s de una filtracion accidental hace unos d\u00edas.","breadcrumb":{"@id":"https:\/\/radiounodigital.com\/web\/2020\/09\/29\/ac-dc-anuncia-su-regreso-con-electrizantes-publicaciones-en-las-redes-sociales\/#breadcrumb"},"inLanguage":"es","potentialAction":[{"@type":"ReadAction","target":["https:\/\/radiounodigital.com\/web\/2020\/09\/29\/ac-dc-anuncia-su-regreso-con-electrizantes-publicaciones-en-las-redes-sociales\/"]}]},{"@type":"ImageObject","inLanguage":"es","@id":"https:\/\/radiounodigital.com\/web\/2020\/09\/29\/ac-dc-anuncia-su-regreso-con-electrizantes-publicaciones-en-las-redes-sociales\/#primaryimage","url":"https:\/\/radiounodigital.com\/web\/wp-content\/uploads\/2020\/09\/ACDC2.jpg","contentUrl":"https:\/\/radiounodigital.com\/web\/wp-content\/uploads\/2020\/09\/ACDC2.jpg","width":980,"height":653},{"@type":"BreadcrumbList","@id":"https:\/\/radiounodigital.com\/web\/2020\/09\/29\/ac-dc-anuncia-su-regreso-con-electrizantes-publicaciones-en-las-redes-sociales\/#breadcrumb","itemListElement":[{"@type":"ListItem","position":1,"name":"Home","item":"https:\/\/radiounodigital.com\/web\/"},{"@type":"ListItem","position":2,"name":"AC\/DC anuncia su regreso con electrizantes publicaciones en las redes sociales"}]},{"@type":"WebSite","@id":"https:\/\/radiounodigital.com\/web\/#website","url":"https:\/\/radiounodigital.com\/web\/","name":"Radio UNO Digital","description":"Donde la cultura del rock se siente","potentialAction":[{"@type":"SearchAction","target":{"@type":"EntryPoint","urlTemplate":"https:\/\/radiounodigital.com\/web\/?s={search_term_string}"},"query-input":{"@type":"PropertyValueSpecification","valueRequired":true,"valueName":"search_term_string"}}],"inLanguage":"es"},{"@type":"Person","@id":"https:\/\/radiounodigital.com\/web\/#\/schema\/person\/00b93151fa54f619ecf9c183d1fc9758","name":"diegoc","image":{"@type":"ImageObject","inLanguage":"es","@id":"https:\/\/secure.gravatar.com\/avatar\/0a67041d44c702fb0660d81a5a32c7ce6007341cf92afeb718b75883bf415864?s=96&d=blank&r=g","url":"https:\/\/secure.gravatar.com\/avatar\/0a67041d44c702fb0660d81a5a32c7ce6007341cf92afeb718b75883bf415864?s=96&d=blank&r=g","contentUrl":"https:\/\/secure.gravatar.com\/avatar\/0a67041d44c702fb0660d81a5a32c7ce6007341cf92afeb718b75883bf415864?s=96&d=blank&r=g","caption":"diegoc"},"url":"https:\/\/radiounodigital.com\/web\/author\/diegoc\/"}]}},"_links":{"self":[{"href":"https:\/\/radiounodigital.com\/web\/wp-json\/wp\/v2\/posts\/4599","targetHints":{"allow":["GET"]}}],"collection":[{"href":"https:\/\/radiounodigital.com\/web\/wp-json\/wp\/v2\/posts"}],"about":[{"href":"https:\/\/radiounodigital.com\/web\/wp-json\/wp\/v2\/types\/post"}],"author":[{"embeddable":true,"href":"https:\/\/radiounodigital.com\/web\/wp-json\/wp\/v2\/users\/1"}],"replies":[{"embeddable":true,"href":"https:\/\/radiounodigital.com\/web\/wp-json\/wp\/v2\/comments?post=4599"}],"version-history":[{"count":1,"href":"https:\/\/radiounodigital.com\/web\/wp-json\/wp\/v2\/posts\/4599\/revisions"}],"predecessor-version":[{"id":4601,"href":"https:\/\/radiounodigital.com\/web\/wp-json\/wp\/v2\/posts\/4599\/revisions\/4601"}],"wp:featuredmedia":[{"embeddable":true,"href":"https:\/\/radiounodigital.com\/web\/wp-json\/wp\/v2\/media\/4600"}],"wp:attachment":[{"href":"https:\/\/radiounodigital.com\/web\/wp-json\/wp\/v2\/media?parent=4599"}],"wp:term":[{"taxonomy":"category","embeddable":true,"href":"https:\/\/radiounodigital.com\/web\/wp-json\/wp\/v2\/categories?post=4599"},{"taxonomy":"post_tag","embeddable":true,"href":"https:\/\/radiounodigital.com\/web\/wp-json\/wp\/v2\/tags?post=4599"}],"curies":[{"name":"wp","href":"https:\/\/api.w.org\/{rel}","templated":true}]}}