{"id":4602,"date":"2020-09-30T10:52:44","date_gmt":"2020-09-30T13:52:44","guid":{"rendered":"https:\/\/radiounodigital.com\/web\/?p=4602"},"modified":"2020-09-30T10:52:44","modified_gmt":"2020-09-30T13:52:44","slug":"ac-dc-confirma-alineacion-y-publica-la-primera-foto-de-la-banda-reunida","status":"publish","type":"post","link":"https:\/\/radiounodigital.com\/web\/2020\/09\/30\/ac-dc-confirma-alineacion-y-publica-la-primera-foto-de-la-banda-reunida\/","title":{"rendered":"AC\/DC confirma alineaci\u00f3n y publica la primera foto de la banda reunida"},"content":{"rendered":"<h3>Brian Johnson, Cliff Williams y Phil Rudd est\u00e1n oficialmente de regreso en AC\/DC.<\/h3>\n<p><img loading=\"lazy\" decoding=\"async\" class=\"aligncenter size-full wp-image-4603\" src=\"https:\/\/radiounodigital.com\/web\/wp-content\/uploads\/2020\/09\/acdc-pwrup.jpg\" alt=\"\" width=\"650\" height=\"650\" srcset=\"https:\/\/radiounodigital.com\/web\/wp-content\/uploads\/2020\/09\/acdc-pwrup.jpg 650w, https:\/\/radiounodigital.com\/web\/wp-content\/uploads\/2020\/09\/acdc-pwrup-300x300.jpg 300w, https:\/\/radiounodigital.com\/web\/wp-content\/uploads\/2020\/09\/acdc-pwrup-150x150.jpg 150w\" sizes=\"auto, (max-width: 650px) 100vw, 650px\" \/><\/p>\n<p>El vocalista Brian Johnson, el bajista Cliff Williams y el baterista Phil Rudd est\u00e1n oficialmente de regreso en AC \/ DC, como muestra la primera foto oficial de la banda reunida.<\/p>\n<p>La foto confirm\u00f3 rumores de larga data, que circularon por primera vez en 2018, sobre el regreso del tr\u00edo al redil de DC. El l\u00edder de la banda desde 1980, Johnson dej\u00f3 la banda en 2016 despu\u00e9s de experimentar una p\u00e9rdida de audici\u00f3n, mientras que Rudd fue reemplazado por un Chris Slade que regres\u00f3 en la gira Rock or Bust despu\u00e9s de que fue declarado culpable de posesi\u00f3n de drogas y amenazas de muerte en 2015. El bajista Williams se retir\u00f3 oficialmente de la banda en 2017.<\/p>\n<p>Despu\u00e9s de un largo per\u00edodo de silencio, pr\u00e1ctica est\u00e1ndar en el mundo de DC, ha habido una gran actividad en el campamento de la banda la semana pasada.<\/p>\n<p>Los lectores de peri\u00f3dicos locales en Teeside, Newcastle, Glasgow, Manchester y Birmingham fueron recibidos con anuncios inesperados de AC \/ DC mientras consultaban las ediciones de ayer.<\/p>\n<p>Los anuncios de media p\u00e1gina presentan la pregunta \u00ab\u00bfEst\u00e1s listo?\u00bb encima del mismo logotipo misterioso de PWR-UP que apareci\u00f3 a principios de esta semana en un cartel fuera de la antigua escuela secundaria de Angus Young, Ashfield Boys, en el suroeste de Sydney.<\/p>\n<p>Despu\u00e9s de haber reactivado sus canales de redes sociales el lunes al publicar un video corto del ic\u00f3nico logotipo del rayo de la banda encendi\u00e9ndose, los gigantes del rock australianos quiz\u00e1s hayan dado una gran pista sobre el t\u00edtulo de su continuaci\u00f3n del \u00e1lbum Rock Or Bust de 2014.<\/p>\n<div class=\"fb-background-color\">\n\t\t\t  <div \n\t\t\t  \tclass = \"fb-comments\" \n\t\t\t  \tdata-href = \"https:\/\/radiounodigital.com\/web\/2020\/09\/30\/ac-dc-confirma-alineacion-y-publica-la-primera-foto-de-la-banda-reunida\/\"\n\t\t\t  \tdata-numposts = \"10\"\n\t\t\t  \tdata-lazy = \"true\"\n\t\t\t\tdata-colorscheme = \"dark\"\n\t\t\t\tdata-order-by = \"reverse_time\"\n\t\t\t\tdata-mobile=true>\n\t\t\t  <\/div><\/div>\n\t\t  <style>\n\t\t    .fb-background-color {\n\t\t\t\tbackground: #ffffff !important;\n\t\t\t}\n\t\t\t.fb_iframe_widget_fluid_desktop iframe {\n\t\t\t    width: 100% !important;\n\t\t\t}\n\t\t  <\/style>\n\t\t  ","protected":false},"excerpt":{"rendered":"<p>Brian Johnson, Cliff Williams y Phil Rudd est\u00e1n oficialmente de regreso en AC\/DC. El vocalista Brian Johnson, el bajista Cliff Williams y el baterista Phil Rudd est\u00e1n oficialmente de regreso en AC \/ DC, como muestra la primera foto oficial de la banda reunida. La foto confirm\u00f3 rumores de larga data, que circularon por primera&#8230; <a href=\"https:\/\/radiounodigital.com\/web\/2020\/09\/30\/ac-dc-confirma-alineacion-y-publica-la-primera-foto-de-la-banda-reunida\/\" class=\"excerpt-read-more\">Read More<\/a><\/p>\n","protected":false},"author":1,"featured_media":4604,"comment_status":"open","ping_status":"open","sticky":false,"template":"","format":"standard","meta":{"footnotes":""},"categories":[180,128],"tags":[100,148,1292],"class_list":["post-4602","post","type-post","status-publish","format-standard","has-post-thumbnail","hentry","category-news","category-rock-clasico","tag-100","tag-ac-dc","tag-integracion"],"yoast_head":"<!-- This site is optimized with the Yoast SEO plugin v27.4 - https:\/\/yoast.com\/product\/yoast-seo-wordpress\/ -->\n<title>AC\/DC confirma alineaci\u00f3n y publica la primera foto de la banda reunida - Radio UNO Digital<\/title>\n<meta name=\"robots\" content=\"index, follow, max-snippet:-1, max-image-preview:large, max-video-preview:-1\" \/>\n<link rel=\"canonical\" href=\"https:\/\/radiounodigital.com\/web\/2020\/09\/30\/ac-dc-confirma-alineacion-y-publica-la-primera-foto-de-la-banda-reunida\/\" \/>\n<meta property=\"og:locale\" content=\"es_ES\" \/>\n<meta property=\"og:type\" content=\"article\" \/>\n<meta property=\"og:title\" content=\"AC\/DC confirma alineaci\u00f3n y publica la primera foto de la banda reunida - Radio UNO Digital\" \/>\n<meta property=\"og:description\" content=\"Brian Johnson, Cliff Williams y Phil Rudd est\u00e1n oficialmente de regreso en AC\/DC. El vocalista Brian Johnson, el bajista Cliff Williams y el baterista Phil Rudd est\u00e1n oficialmente de regreso en AC \/ DC, como muestra la primera foto oficial de la banda reunida. La foto confirm\u00f3 rumores de larga data, que circularon por primera... Read More\" \/>\n<meta property=\"og:url\" content=\"https:\/\/radiounodigital.com\/web\/2020\/09\/30\/ac-dc-confirma-alineacion-y-publica-la-primera-foto-de-la-banda-reunida\/\" \/>\n<meta property=\"og:site_name\" content=\"Radio UNO Digital\" \/>\n<meta property=\"article:published_time\" content=\"2020-09-30T13:52:44+00:00\" \/>\n<meta property=\"og:image\" content=\"https:\/\/radiounodigital.com\/web\/wp-content\/uploads\/2020\/09\/acdc-lineup-2020.jpeg\" \/>\n\t<meta property=\"og:image:width\" content=\"650\" \/>\n\t<meta property=\"og:image:height\" content=\"366\" \/>\n\t<meta property=\"og:image:type\" content=\"image\/jpeg\" \/>\n<meta name=\"author\" content=\"diegoc\" \/>\n<meta name=\"twitter:card\" content=\"summary_large_image\" \/>\n<meta name=\"twitter:label1\" content=\"Escrito por\" \/>\n\t<meta name=\"twitter:data1\" content=\"diegoc\" \/>\n\t<meta name=\"twitter:label2\" content=\"Tiempo de lectura\" \/>\n\t<meta name=\"twitter:data2\" content=\"1 minuto\" \/>\n<script type=\"application\/ld+json\" class=\"yoast-schema-graph\">{\"@context\":\"https:\\\/\\\/schema.org\",\"@graph\":[{\"@type\":\"Article\",\"@id\":\"https:\\\/\\\/radiounodigital.com\\\/web\\\/2020\\\/09\\\/30\\\/ac-dc-confirma-alineacion-y-publica-la-primera-foto-de-la-banda-reunida\\\/#article\",\"isPartOf\":{\"@id\":\"https:\\\/\\\/radiounodigital.com\\\/web\\\/2020\\\/09\\\/30\\\/ac-dc-confirma-alineacion-y-publica-la-primera-foto-de-la-banda-reunida\\\/\"},\"author\":{\"name\":\"diegoc\",\"@id\":\"https:\\\/\\\/radiounodigital.com\\\/web\\\/#\\\/schema\\\/person\\\/00b93151fa54f619ecf9c183d1fc9758\"},\"headline\":\"AC\\\/DC confirma alineaci\u00f3n y publica la primera foto de la banda reunida\",\"datePublished\":\"2020-09-30T13:52:44+00:00\",\"mainEntityOfPage\":{\"@id\":\"https:\\\/\\\/radiounodigital.com\\\/web\\\/2020\\\/09\\\/30\\\/ac-dc-confirma-alineacion-y-publica-la-primera-foto-de-la-banda-reunida\\\/\"},\"wordCount\":307,\"commentCount\":0,\"image\":{\"@id\":\"https:\\\/\\\/radiounodigital.com\\\/web\\\/2020\\\/09\\\/30\\\/ac-dc-confirma-alineacion-y-publica-la-primera-foto-de-la-banda-reunida\\\/#primaryimage\"},\"thumbnailUrl\":\"https:\\\/\\\/radiounodigital.com\\\/web\\\/wp-content\\\/uploads\\\/2020\\\/09\\\/acdc-lineup-2020.jpeg\",\"keywords\":[\"2020\",\"AC\\\/DC\",\"integracion\"],\"articleSection\":[\"news\",\"Rock Clasico\"],\"inLanguage\":\"es\",\"potentialAction\":[{\"@type\":\"CommentAction\",\"name\":\"Comment\",\"target\":[\"https:\\\/\\\/radiounodigital.com\\\/web\\\/2020\\\/09\\\/30\\\/ac-dc-confirma-alineacion-y-publica-la-primera-foto-de-la-banda-reunida\\\/#respond\"]}]},{\"@type\":\"WebPage\",\"@id\":\"https:\\\/\\\/radiounodigital.com\\\/web\\\/2020\\\/09\\\/30\\\/ac-dc-confirma-alineacion-y-publica-la-primera-foto-de-la-banda-reunida\\\/\",\"url\":\"https:\\\/\\\/radiounodigital.com\\\/web\\\/2020\\\/09\\\/30\\\/ac-dc-confirma-alineacion-y-publica-la-primera-foto-de-la-banda-reunida\\\/\",\"name\":\"AC\\\/DC confirma alineaci\u00f3n y publica la primera foto de la banda reunida - Radio UNO Digital\",\"isPartOf\":{\"@id\":\"https:\\\/\\\/radiounodigital.com\\\/web\\\/#website\"},\"primaryImageOfPage\":{\"@id\":\"https:\\\/\\\/radiounodigital.com\\\/web\\\/2020\\\/09\\\/30\\\/ac-dc-confirma-alineacion-y-publica-la-primera-foto-de-la-banda-reunida\\\/#primaryimage\"},\"image\":{\"@id\":\"https:\\\/\\\/radiounodigital.com\\\/web\\\/2020\\\/09\\\/30\\\/ac-dc-confirma-alineacion-y-publica-la-primera-foto-de-la-banda-reunida\\\/#primaryimage\"},\"thumbnailUrl\":\"https:\\\/\\\/radiounodigital.com\\\/web\\\/wp-content\\\/uploads\\\/2020\\\/09\\\/acdc-lineup-2020.jpeg\",\"datePublished\":\"2020-09-30T13:52:44+00:00\",\"author\":{\"@id\":\"https:\\\/\\\/radiounodigital.com\\\/web\\\/#\\\/schema\\\/person\\\/00b93151fa54f619ecf9c183d1fc9758\"},\"breadcrumb\":{\"@id\":\"https:\\\/\\\/radiounodigital.com\\\/web\\\/2020\\\/09\\\/30\\\/ac-dc-confirma-alineacion-y-publica-la-primera-foto-de-la-banda-reunida\\\/#breadcrumb\"},\"inLanguage\":\"es\",\"potentialAction\":[{\"@type\":\"ReadAction\",\"target\":[\"https:\\\/\\\/radiounodigital.com\\\/web\\\/2020\\\/09\\\/30\\\/ac-dc-confirma-alineacion-y-publica-la-primera-foto-de-la-banda-reunida\\\/\"]}]},{\"@type\":\"ImageObject\",\"inLanguage\":\"es\",\"@id\":\"https:\\\/\\\/radiounodigital.com\\\/web\\\/2020\\\/09\\\/30\\\/ac-dc-confirma-alineacion-y-publica-la-primera-foto-de-la-banda-reunida\\\/#primaryimage\",\"url\":\"https:\\\/\\\/radiounodigital.com\\\/web\\\/wp-content\\\/uploads\\\/2020\\\/09\\\/acdc-lineup-2020.jpeg\",\"contentUrl\":\"https:\\\/\\\/radiounodigital.com\\\/web\\\/wp-content\\\/uploads\\\/2020\\\/09\\\/acdc-lineup-2020.jpeg\",\"width\":650,\"height\":366},{\"@type\":\"BreadcrumbList\",\"@id\":\"https:\\\/\\\/radiounodigital.com\\\/web\\\/2020\\\/09\\\/30\\\/ac-dc-confirma-alineacion-y-publica-la-primera-foto-de-la-banda-reunida\\\/#breadcrumb\",\"itemListElement\":[{\"@type\":\"ListItem\",\"position\":1,\"name\":\"Home\",\"item\":\"https:\\\/\\\/radiounodigital.com\\\/web\\\/\"},{\"@type\":\"ListItem\",\"position\":2,\"name\":\"AC\\\/DC confirma alineaci\u00f3n y publica la primera foto de la banda reunida\"}]},{\"@type\":\"WebSite\",\"@id\":\"https:\\\/\\\/radiounodigital.com\\\/web\\\/#website\",\"url\":\"https:\\\/\\\/radiounodigital.com\\\/web\\\/\",\"name\":\"Radio UNO Digital\",\"description\":\"Donde la cultura del rock se siente\",\"potentialAction\":[{\"@type\":\"SearchAction\",\"target\":{\"@type\":\"EntryPoint\",\"urlTemplate\":\"https:\\\/\\\/radiounodigital.com\\\/web\\\/?s={search_term_string}\"},\"query-input\":{\"@type\":\"PropertyValueSpecification\",\"valueRequired\":true,\"valueName\":\"search_term_string\"}}],\"inLanguage\":\"es\"},{\"@type\":\"Person\",\"@id\":\"https:\\\/\\\/radiounodigital.com\\\/web\\\/#\\\/schema\\\/person\\\/00b93151fa54f619ecf9c183d1fc9758\",\"name\":\"diegoc\",\"image\":{\"@type\":\"ImageObject\",\"inLanguage\":\"es\",\"@id\":\"https:\\\/\\\/secure.gravatar.com\\\/avatar\\\/0a67041d44c702fb0660d81a5a32c7ce6007341cf92afeb718b75883bf415864?s=96&d=blank&r=g\",\"url\":\"https:\\\/\\\/secure.gravatar.com\\\/avatar\\\/0a67041d44c702fb0660d81a5a32c7ce6007341cf92afeb718b75883bf415864?s=96&d=blank&r=g\",\"contentUrl\":\"https:\\\/\\\/secure.gravatar.com\\\/avatar\\\/0a67041d44c702fb0660d81a5a32c7ce6007341cf92afeb718b75883bf415864?s=96&d=blank&r=g\",\"caption\":\"diegoc\"},\"url\":\"https:\\\/\\\/radiounodigital.com\\\/web\\\/author\\\/diegoc\\\/\"}]}<\/script>\n<!-- \/ Yoast SEO plugin. -->","yoast_head_json":{"title":"AC\/DC confirma alineaci\u00f3n y publica la primera foto de la banda reunida - Radio UNO Digital","robots":{"index":"index","follow":"follow","max-snippet":"max-snippet:-1","max-image-preview":"max-image-preview:large","max-video-preview":"max-video-preview:-1"},"canonical":"https:\/\/radiounodigital.com\/web\/2020\/09\/30\/ac-dc-confirma-alineacion-y-publica-la-primera-foto-de-la-banda-reunida\/","og_locale":"es_ES","og_type":"article","og_title":"AC\/DC confirma alineaci\u00f3n y publica la primera foto de la banda reunida - Radio UNO Digital","og_description":"Brian Johnson, Cliff Williams y Phil Rudd est\u00e1n oficialmente de regreso en AC\/DC. El vocalista Brian Johnson, el bajista Cliff Williams y el baterista Phil Rudd est\u00e1n oficialmente de regreso en AC \/ DC, como muestra la primera foto oficial de la banda reunida. La foto confirm\u00f3 rumores de larga data, que circularon por primera... Read More","og_url":"https:\/\/radiounodigital.com\/web\/2020\/09\/30\/ac-dc-confirma-alineacion-y-publica-la-primera-foto-de-la-banda-reunida\/","og_site_name":"Radio UNO Digital","article_published_time":"2020-09-30T13:52:44+00:00","og_image":[{"width":650,"height":366,"url":"https:\/\/radiounodigital.com\/web\/wp-content\/uploads\/2020\/09\/acdc-lineup-2020.jpeg","type":"image\/jpeg"}],"author":"diegoc","twitter_card":"summary_large_image","twitter_misc":{"Escrito por":"diegoc","Tiempo de lectura":"1 minuto"},"schema":{"@context":"https:\/\/schema.org","@graph":[{"@type":"Article","@id":"https:\/\/radiounodigital.com\/web\/2020\/09\/30\/ac-dc-confirma-alineacion-y-publica-la-primera-foto-de-la-banda-reunida\/#article","isPartOf":{"@id":"https:\/\/radiounodigital.com\/web\/2020\/09\/30\/ac-dc-confirma-alineacion-y-publica-la-primera-foto-de-la-banda-reunida\/"},"author":{"name":"diegoc","@id":"https:\/\/radiounodigital.com\/web\/#\/schema\/person\/00b93151fa54f619ecf9c183d1fc9758"},"headline":"AC\/DC confirma alineaci\u00f3n y publica la primera foto de la banda reunida","datePublished":"2020-09-30T13:52:44+00:00","mainEntityOfPage":{"@id":"https:\/\/radiounodigital.com\/web\/2020\/09\/30\/ac-dc-confirma-alineacion-y-publica-la-primera-foto-de-la-banda-reunida\/"},"wordCount":307,"commentCount":0,"image":{"@id":"https:\/\/radiounodigital.com\/web\/2020\/09\/30\/ac-dc-confirma-alineacion-y-publica-la-primera-foto-de-la-banda-reunida\/#primaryimage"},"thumbnailUrl":"https:\/\/radiounodigital.com\/web\/wp-content\/uploads\/2020\/09\/acdc-lineup-2020.jpeg","keywords":["2020","AC\/DC","integracion"],"articleSection":["news","Rock Clasico"],"inLanguage":"es","potentialAction":[{"@type":"CommentAction","name":"Comment","target":["https:\/\/radiounodigital.com\/web\/2020\/09\/30\/ac-dc-confirma-alineacion-y-publica-la-primera-foto-de-la-banda-reunida\/#respond"]}]},{"@type":"WebPage","@id":"https:\/\/radiounodigital.com\/web\/2020\/09\/30\/ac-dc-confirma-alineacion-y-publica-la-primera-foto-de-la-banda-reunida\/","url":"https:\/\/radiounodigital.com\/web\/2020\/09\/30\/ac-dc-confirma-alineacion-y-publica-la-primera-foto-de-la-banda-reunida\/","name":"AC\/DC confirma alineaci\u00f3n y publica la primera foto de la banda reunida - Radio UNO Digital","isPartOf":{"@id":"https:\/\/radiounodigital.com\/web\/#website"},"primaryImageOfPage":{"@id":"https:\/\/radiounodigital.com\/web\/2020\/09\/30\/ac-dc-confirma-alineacion-y-publica-la-primera-foto-de-la-banda-reunida\/#primaryimage"},"image":{"@id":"https:\/\/radiounodigital.com\/web\/2020\/09\/30\/ac-dc-confirma-alineacion-y-publica-la-primera-foto-de-la-banda-reunida\/#primaryimage"},"thumbnailUrl":"https:\/\/radiounodigital.com\/web\/wp-content\/uploads\/2020\/09\/acdc-lineup-2020.jpeg","datePublished":"2020-09-30T13:52:44+00:00","author":{"@id":"https:\/\/radiounodigital.com\/web\/#\/schema\/person\/00b93151fa54f619ecf9c183d1fc9758"},"breadcrumb":{"@id":"https:\/\/radiounodigital.com\/web\/2020\/09\/30\/ac-dc-confirma-alineacion-y-publica-la-primera-foto-de-la-banda-reunida\/#breadcrumb"},"inLanguage":"es","potentialAction":[{"@type":"ReadAction","target":["https:\/\/radiounodigital.com\/web\/2020\/09\/30\/ac-dc-confirma-alineacion-y-publica-la-primera-foto-de-la-banda-reunida\/"]}]},{"@type":"ImageObject","inLanguage":"es","@id":"https:\/\/radiounodigital.com\/web\/2020\/09\/30\/ac-dc-confirma-alineacion-y-publica-la-primera-foto-de-la-banda-reunida\/#primaryimage","url":"https:\/\/radiounodigital.com\/web\/wp-content\/uploads\/2020\/09\/acdc-lineup-2020.jpeg","contentUrl":"https:\/\/radiounodigital.com\/web\/wp-content\/uploads\/2020\/09\/acdc-lineup-2020.jpeg","width":650,"height":366},{"@type":"BreadcrumbList","@id":"https:\/\/radiounodigital.com\/web\/2020\/09\/30\/ac-dc-confirma-alineacion-y-publica-la-primera-foto-de-la-banda-reunida\/#breadcrumb","itemListElement":[{"@type":"ListItem","position":1,"name":"Home","item":"https:\/\/radiounodigital.com\/web\/"},{"@type":"ListItem","position":2,"name":"AC\/DC confirma alineaci\u00f3n y publica la primera foto de la banda reunida"}]},{"@type":"WebSite","@id":"https:\/\/radiounodigital.com\/web\/#website","url":"https:\/\/radiounodigital.com\/web\/","name":"Radio UNO Digital","description":"Donde la cultura del rock se siente","potentialAction":[{"@type":"SearchAction","target":{"@type":"EntryPoint","urlTemplate":"https:\/\/radiounodigital.com\/web\/?s={search_term_string}"},"query-input":{"@type":"PropertyValueSpecification","valueRequired":true,"valueName":"search_term_string"}}],"inLanguage":"es"},{"@type":"Person","@id":"https:\/\/radiounodigital.com\/web\/#\/schema\/person\/00b93151fa54f619ecf9c183d1fc9758","name":"diegoc","image":{"@type":"ImageObject","inLanguage":"es","@id":"https:\/\/secure.gravatar.com\/avatar\/0a67041d44c702fb0660d81a5a32c7ce6007341cf92afeb718b75883bf415864?s=96&d=blank&r=g","url":"https:\/\/secure.gravatar.com\/avatar\/0a67041d44c702fb0660d81a5a32c7ce6007341cf92afeb718b75883bf415864?s=96&d=blank&r=g","contentUrl":"https:\/\/secure.gravatar.com\/avatar\/0a67041d44c702fb0660d81a5a32c7ce6007341cf92afeb718b75883bf415864?s=96&d=blank&r=g","caption":"diegoc"},"url":"https:\/\/radiounodigital.com\/web\/author\/diegoc\/"}]}},"_links":{"self":[{"href":"https:\/\/radiounodigital.com\/web\/wp-json\/wp\/v2\/posts\/4602","targetHints":{"allow":["GET"]}}],"collection":[{"href":"https:\/\/radiounodigital.com\/web\/wp-json\/wp\/v2\/posts"}],"about":[{"href":"https:\/\/radiounodigital.com\/web\/wp-json\/wp\/v2\/types\/post"}],"author":[{"embeddable":true,"href":"https:\/\/radiounodigital.com\/web\/wp-json\/wp\/v2\/users\/1"}],"replies":[{"embeddable":true,"href":"https:\/\/radiounodigital.com\/web\/wp-json\/wp\/v2\/comments?post=4602"}],"version-history":[{"count":1,"href":"https:\/\/radiounodigital.com\/web\/wp-json\/wp\/v2\/posts\/4602\/revisions"}],"predecessor-version":[{"id":4605,"href":"https:\/\/radiounodigital.com\/web\/wp-json\/wp\/v2\/posts\/4602\/revisions\/4605"}],"wp:featuredmedia":[{"embeddable":true,"href":"https:\/\/radiounodigital.com\/web\/wp-json\/wp\/v2\/media\/4604"}],"wp:attachment":[{"href":"https:\/\/radiounodigital.com\/web\/wp-json\/wp\/v2\/media?parent=4602"}],"wp:term":[{"taxonomy":"category","embeddable":true,"href":"https:\/\/radiounodigital.com\/web\/wp-json\/wp\/v2\/categories?post=4602"},{"taxonomy":"post_tag","embeddable":true,"href":"https:\/\/radiounodigital.com\/web\/wp-json\/wp\/v2\/tags?post=4602"}],"curies":[{"name":"wp","href":"https:\/\/api.w.org\/{rel}","templated":true}]}}