{"id":4678,"date":"2020-10-06T11:39:30","date_gmt":"2020-10-06T14:39:30","guid":{"rendered":"https:\/\/radiounodigital.com\/web\/?p=4678"},"modified":"2020-10-06T11:39:46","modified_gmt":"2020-10-06T14:39:46","slug":"el-album-pwr-up-de-ac-dc-tiene-fecha-de-lanzamiento-para-el-13-de-noviembre","status":"publish","type":"post","link":"https:\/\/radiounodigital.com\/web\/2020\/10\/06\/el-album-pwr-up-de-ac-dc-tiene-fecha-de-lanzamiento-para-el-13-de-noviembre\/","title":{"rendered":"El \u00e1lbum PWR\/UP de AC\/DC tiene fecha de lanzamiento para el 13 de noviembre"},"content":{"rendered":"<h3>El \u00e1lbum PWR \/ UP de AC\/DC llegar\u00e1 en noviembre: \u00abLo hicimos\u00bb, dice el vocalista Brian Johnson.<\/h3>\n<p>l tan esperado \u00e1lbum de estudio n\u00famero 17 de AC \/ DC ha recibido una fecha de lanzamiento oficial, y los miembros que regresan Brian Johnson (voz) y Cliff Williams (bajo) han hablado de su entusiasmo por estar nuevamente en el redil.<\/p>\n<p>PWR \/ UP se lanzar\u00e1 el 13 de noviembre, y el primer single del \u00e1lbum, Shot In The Dark, se lanzar\u00e1 a las 12.00 hora de New York el mi\u00e9rcoles 7 de octubre. La banda lanz\u00f3 un segundo video teaser para el single ayer (5 de octubre). .<\/p>\n<h4>PWR \/ UP encuentra a Brian Johnson y la secci\u00f3n de ritmo \u00abcl\u00e1sico\u00bb de AC\/DC &#8211; el bajista Cliff Williams y el baterista Phil Rudd. En una nueva entrevista con la estaci\u00f3n de radio Rock 100.5 Atlanta, Johnson describi\u00f3 la experiencia de hacer el \u00e1lbum como \u00abun gran momento\u00bb.<\/h4>\n<p>\u00abTan pronto como entramos, hubo esta electricidad, este v\u00ednculo que se hab\u00eda construido durante 40 a\u00f1os desde que me un\u00ed\u00bb, dijo el vocalista. \u201cY, por supuesto, cuando los chicos se conectaron, o encendieron, si me disculpan el juego de palabras, y empezaron a jugar, eso fue todo. Fue un gran momento.\u00bb<\/p>\n<p>Cuando se le pregunt\u00f3 qu\u00e9 pueden esperar los fans de AC \/ DC de la continuaci\u00f3n de Rock Or Bust de 2014, Brian Johnson dijo: \u201cHay muchos [rumores] sobre la guitarra [de Young] de [el difunto l\u00edder de AC\/DC] Malcolm [que est\u00e1 en el \u00e1lbum ]\u2026 Bueno, por supuesto, eso no es cierto. Pero lo cierto es el hecho de que Angus y Malcolm hab\u00edan hecho riffs juntos toda su vida y realmente ten\u00edan una gran caja de ellos. Y Angus dijo que b\u00e1sicamente los revis\u00f3 todos y dijo: \u00abOh, ese es uno bueno. Este es uno bueno \u00bb. Y los sac\u00f3. Entonces, es realmente cierto que Malcolm est\u00e1 ah\u00ed, b\u00e1sicamente, en esp\u00edritu y todo eso. Y es un personaje tan fuerte en la vida. Y creo que todos en la banda todav\u00eda sent\u00edan, especialmente Angus, su hermano, [que Malcolm] est\u00e1 en todo. Siempre somos conscientes de eso, de que \u00e9l est\u00e1 vigilando: \u00abSer\u00e1 mejor que lo hagas bien. Ser\u00e1 mejor que lo hagas al estilo AC\/DC o simplemente no lo hagas en absoluto \u00bb. Y llegaron las canciones: Angus entr\u00f3 con ellas y todo, y trabaj\u00f3 con Brendan O&#8217;Brien, el productor, y yo entr\u00e9 solo una peque\u00f1a sala de control normal, y simplemente lo hicimos \u00ab.<\/p>\n<h4>Cliff Williams tambi\u00e9n habl\u00f3 con la estaci\u00f3n, confirmando su regreso a la banda.<\/h4>\n<p>El bajista ingl\u00e9s, que se retir\u00f3 oficialmente tras la finalizaci\u00f3n de la gira Rock Or Bust de AC\/DC, admiti\u00f3 estar \u00abrealmente emocionado\u00bb de reunirse con la banda.<\/p>\n<p>\u201cRock Or Bust iba a ser mi \u00faltima aventura\u201d, dijo, \u201cy fue una gira dif\u00edcil de terminar. Pero cuando me enter\u00e9 de que Brian y Phil hab\u00edan vuelto, estaba muy emocionado de unirme \u00ab.<\/p>\n<p>Angus Young mantuvo las noticias del regreso de Brian Johnson, Cliff Williams y Phil Rudd a AC\/DC tan cerca de su pecho que al ingeniero de grabaci\u00f3n de la banda, Mike Fraser, no se le inform\u00f3 sobre su participaci\u00f3n en el nuevo \u00e1lbum hasta que lleg\u00f3 a Vancouver&#8217;s Warehouse. studio para comenzar a rodar las cintas.<\/p>\n<p>&nbsp;<\/p>\n<div class=\"fb-background-color\">\n\t\t\t  <div \n\t\t\t  \tclass = \"fb-comments\" \n\t\t\t  \tdata-href = \"https:\/\/radiounodigital.com\/web\/2020\/10\/06\/el-album-pwr-up-de-ac-dc-tiene-fecha-de-lanzamiento-para-el-13-de-noviembre\/\"\n\t\t\t  \tdata-numposts = \"10\"\n\t\t\t  \tdata-lazy = \"true\"\n\t\t\t\tdata-colorscheme = \"dark\"\n\t\t\t\tdata-order-by = \"reverse_time\"\n\t\t\t\tdata-mobile=true>\n\t\t\t  <\/div><\/div>\n\t\t  <style>\n\t\t    .fb-background-color {\n\t\t\t\tbackground: #ffffff !important;\n\t\t\t}\n\t\t\t.fb_iframe_widget_fluid_desktop iframe {\n\t\t\t    width: 100% !important;\n\t\t\t}\n\t\t  <\/style>\n\t\t  ","protected":false},"excerpt":{"rendered":"<p>El \u00e1lbum PWR \/ UP de AC\/DC llegar\u00e1 en noviembre: \u00abLo hicimos\u00bb, dice el vocalista Brian Johnson. l tan esperado \u00e1lbum de estudio n\u00famero 17 de AC \/ DC ha recibido una fecha de lanzamiento oficial, y los miembros que regresan Brian Johnson (voz) y Cliff Williams (bajo) han hablado de su entusiasmo por estar&#8230; <a href=\"https:\/\/radiounodigital.com\/web\/2020\/10\/06\/el-album-pwr-up-de-ac-dc-tiene-fecha-de-lanzamiento-para-el-13-de-noviembre\/\" class=\"excerpt-read-more\">Read More<\/a><\/p>\n","protected":false},"author":1,"featured_media":4679,"comment_status":"open","ping_status":"open","sticky":false,"template":"","format":"standard","meta":{"footnotes":""},"categories":[1097,180,128],"tags":[148,121,119,1306,529,1307,132],"class_list":["post-4678","post","type-post","status-publish","format-standard","has-post-thumbnail","hentry","category-lo-nuevo","category-news","category-rock-clasico","tag-ac-dc","tag-album","tag-disco","tag-fecha","tag-lanzamiento","tag-noviembre-13","tag-nuevo"],"yoast_head":"<!-- This site is optimized with the Yoast SEO plugin v27.5 - https:\/\/yoast.com\/product\/yoast-seo-wordpress\/ -->\n<title>El \u00e1lbum PWR\/UP de AC\/DC tiene fecha de lanzamiento para el 13 de noviembre - Radio UNO Digital<\/title>\n<meta name=\"description\" content=\"El \u00e1lbum PWR \/ UP de AC\/DC llegar\u00e1 en noviembre: &quot;Lo hicimos&quot;, dijo el vocalista Brian Johnson visiblemente emocionado.\" \/>\n<meta name=\"robots\" content=\"index, follow, max-snippet:-1, max-image-preview:large, max-video-preview:-1\" \/>\n<link rel=\"canonical\" href=\"https:\/\/radiounodigital.com\/web\/2020\/10\/06\/el-album-pwr-up-de-ac-dc-tiene-fecha-de-lanzamiento-para-el-13-de-noviembre\/\" \/>\n<meta property=\"og:locale\" content=\"es_ES\" \/>\n<meta property=\"og:type\" content=\"article\" \/>\n<meta property=\"og:title\" content=\"El \u00e1lbum PWR\/UP de AC\/DC tiene fecha de lanzamiento para el 13 de noviembre - Radio UNO Digital\" \/>\n<meta property=\"og:description\" content=\"El \u00e1lbum PWR \/ UP de AC\/DC llegar\u00e1 en noviembre: &quot;Lo hicimos&quot;, dijo el vocalista Brian Johnson visiblemente emocionado.\" \/>\n<meta property=\"og:url\" content=\"https:\/\/radiounodigital.com\/web\/2020\/10\/06\/el-album-pwr-up-de-ac-dc-tiene-fecha-de-lanzamiento-para-el-13-de-noviembre\/\" \/>\n<meta property=\"og:site_name\" content=\"Radio UNO Digital\" \/>\n<meta property=\"article:published_time\" content=\"2020-10-06T14:39:30+00:00\" \/>\n<meta property=\"article:modified_time\" content=\"2020-10-06T14:39:46+00:00\" \/>\n<meta property=\"og:image\" content=\"https:\/\/radiounodigital.com\/web\/wp-content\/uploads\/2020\/10\/acdc-pwrup.jpeg\" \/>\n\t<meta property=\"og:image:width\" content=\"1024\" \/>\n\t<meta property=\"og:image:height\" content=\"576\" \/>\n\t<meta property=\"og:image:type\" content=\"image\/jpeg\" \/>\n<meta name=\"author\" content=\"diegoc\" \/>\n<meta name=\"twitter:card\" content=\"summary_large_image\" \/>\n<meta name=\"twitter:label1\" content=\"Escrito por\" \/>\n\t<meta name=\"twitter:data1\" content=\"diegoc\" \/>\n\t<meta name=\"twitter:label2\" content=\"Tiempo de lectura\" \/>\n\t<meta name=\"twitter:data2\" content=\"3 minutos\" \/>\n<script type=\"application\/ld+json\" class=\"yoast-schema-graph\">{\"@context\":\"https:\\\/\\\/schema.org\",\"@graph\":[{\"@type\":\"Article\",\"@id\":\"https:\\\/\\\/radiounodigital.com\\\/web\\\/2020\\\/10\\\/06\\\/el-album-pwr-up-de-ac-dc-tiene-fecha-de-lanzamiento-para-el-13-de-noviembre\\\/#article\",\"isPartOf\":{\"@id\":\"https:\\\/\\\/radiounodigital.com\\\/web\\\/2020\\\/10\\\/06\\\/el-album-pwr-up-de-ac-dc-tiene-fecha-de-lanzamiento-para-el-13-de-noviembre\\\/\"},\"author\":{\"name\":\"diegoc\",\"@id\":\"https:\\\/\\\/radiounodigital.com\\\/web\\\/#\\\/schema\\\/person\\\/00b93151fa54f619ecf9c183d1fc9758\"},\"headline\":\"El \u00e1lbum PWR\\\/UP de AC\\\/DC tiene fecha de lanzamiento para el 13 de noviembre\",\"datePublished\":\"2020-10-06T14:39:30+00:00\",\"dateModified\":\"2020-10-06T14:39:46+00:00\",\"mainEntityOfPage\":{\"@id\":\"https:\\\/\\\/radiounodigital.com\\\/web\\\/2020\\\/10\\\/06\\\/el-album-pwr-up-de-ac-dc-tiene-fecha-de-lanzamiento-para-el-13-de-noviembre\\\/\"},\"wordCount\":575,\"commentCount\":0,\"image\":{\"@id\":\"https:\\\/\\\/radiounodigital.com\\\/web\\\/2020\\\/10\\\/06\\\/el-album-pwr-up-de-ac-dc-tiene-fecha-de-lanzamiento-para-el-13-de-noviembre\\\/#primaryimage\"},\"thumbnailUrl\":\"https:\\\/\\\/radiounodigital.com\\\/web\\\/wp-content\\\/uploads\\\/2020\\\/10\\\/acdc-pwrup.jpeg\",\"keywords\":[\"AC\\\/DC\",\"album\",\"disco\",\"fecha\",\"lanzamiento\",\"noviembre 13\",\"nuevo\"],\"articleSection\":[\"lo nuevo\",\"news\",\"Rock Clasico\"],\"inLanguage\":\"es\",\"potentialAction\":[{\"@type\":\"CommentAction\",\"name\":\"Comment\",\"target\":[\"https:\\\/\\\/radiounodigital.com\\\/web\\\/2020\\\/10\\\/06\\\/el-album-pwr-up-de-ac-dc-tiene-fecha-de-lanzamiento-para-el-13-de-noviembre\\\/#respond\"]}]},{\"@type\":\"WebPage\",\"@id\":\"https:\\\/\\\/radiounodigital.com\\\/web\\\/2020\\\/10\\\/06\\\/el-album-pwr-up-de-ac-dc-tiene-fecha-de-lanzamiento-para-el-13-de-noviembre\\\/\",\"url\":\"https:\\\/\\\/radiounodigital.com\\\/web\\\/2020\\\/10\\\/06\\\/el-album-pwr-up-de-ac-dc-tiene-fecha-de-lanzamiento-para-el-13-de-noviembre\\\/\",\"name\":\"El \u00e1lbum PWR\\\/UP de AC\\\/DC tiene fecha de lanzamiento para el 13 de noviembre - Radio UNO Digital\",\"isPartOf\":{\"@id\":\"https:\\\/\\\/radiounodigital.com\\\/web\\\/#website\"},\"primaryImageOfPage\":{\"@id\":\"https:\\\/\\\/radiounodigital.com\\\/web\\\/2020\\\/10\\\/06\\\/el-album-pwr-up-de-ac-dc-tiene-fecha-de-lanzamiento-para-el-13-de-noviembre\\\/#primaryimage\"},\"image\":{\"@id\":\"https:\\\/\\\/radiounodigital.com\\\/web\\\/2020\\\/10\\\/06\\\/el-album-pwr-up-de-ac-dc-tiene-fecha-de-lanzamiento-para-el-13-de-noviembre\\\/#primaryimage\"},\"thumbnailUrl\":\"https:\\\/\\\/radiounodigital.com\\\/web\\\/wp-content\\\/uploads\\\/2020\\\/10\\\/acdc-pwrup.jpeg\",\"datePublished\":\"2020-10-06T14:39:30+00:00\",\"dateModified\":\"2020-10-06T14:39:46+00:00\",\"author\":{\"@id\":\"https:\\\/\\\/radiounodigital.com\\\/web\\\/#\\\/schema\\\/person\\\/00b93151fa54f619ecf9c183d1fc9758\"},\"description\":\"El \u00e1lbum PWR \\\/ UP de AC\\\/DC llegar\u00e1 en noviembre: \\\"Lo hicimos\\\", dijo el vocalista Brian Johnson visiblemente emocionado.\",\"breadcrumb\":{\"@id\":\"https:\\\/\\\/radiounodigital.com\\\/web\\\/2020\\\/10\\\/06\\\/el-album-pwr-up-de-ac-dc-tiene-fecha-de-lanzamiento-para-el-13-de-noviembre\\\/#breadcrumb\"},\"inLanguage\":\"es\",\"potentialAction\":[{\"@type\":\"ReadAction\",\"target\":[\"https:\\\/\\\/radiounodigital.com\\\/web\\\/2020\\\/10\\\/06\\\/el-album-pwr-up-de-ac-dc-tiene-fecha-de-lanzamiento-para-el-13-de-noviembre\\\/\"]}]},{\"@type\":\"ImageObject\",\"inLanguage\":\"es\",\"@id\":\"https:\\\/\\\/radiounodigital.com\\\/web\\\/2020\\\/10\\\/06\\\/el-album-pwr-up-de-ac-dc-tiene-fecha-de-lanzamiento-para-el-13-de-noviembre\\\/#primaryimage\",\"url\":\"https:\\\/\\\/radiounodigital.com\\\/web\\\/wp-content\\\/uploads\\\/2020\\\/10\\\/acdc-pwrup.jpeg\",\"contentUrl\":\"https:\\\/\\\/radiounodigital.com\\\/web\\\/wp-content\\\/uploads\\\/2020\\\/10\\\/acdc-pwrup.jpeg\",\"width\":1024,\"height\":576},{\"@type\":\"BreadcrumbList\",\"@id\":\"https:\\\/\\\/radiounodigital.com\\\/web\\\/2020\\\/10\\\/06\\\/el-album-pwr-up-de-ac-dc-tiene-fecha-de-lanzamiento-para-el-13-de-noviembre\\\/#breadcrumb\",\"itemListElement\":[{\"@type\":\"ListItem\",\"position\":1,\"name\":\"Home\",\"item\":\"https:\\\/\\\/radiounodigital.com\\\/web\\\/\"},{\"@type\":\"ListItem\",\"position\":2,\"name\":\"El \u00e1lbum PWR\\\/UP de AC\\\/DC tiene fecha de lanzamiento para el 13 de noviembre\"}]},{\"@type\":\"WebSite\",\"@id\":\"https:\\\/\\\/radiounodigital.com\\\/web\\\/#website\",\"url\":\"https:\\\/\\\/radiounodigital.com\\\/web\\\/\",\"name\":\"Radio UNO Digital\",\"description\":\"Donde la cultura del rock se siente\",\"potentialAction\":[{\"@type\":\"SearchAction\",\"target\":{\"@type\":\"EntryPoint\",\"urlTemplate\":\"https:\\\/\\\/radiounodigital.com\\\/web\\\/?s={search_term_string}\"},\"query-input\":{\"@type\":\"PropertyValueSpecification\",\"valueRequired\":true,\"valueName\":\"search_term_string\"}}],\"inLanguage\":\"es\"},{\"@type\":\"Person\",\"@id\":\"https:\\\/\\\/radiounodigital.com\\\/web\\\/#\\\/schema\\\/person\\\/00b93151fa54f619ecf9c183d1fc9758\",\"name\":\"diegoc\",\"image\":{\"@type\":\"ImageObject\",\"inLanguage\":\"es\",\"@id\":\"https:\\\/\\\/secure.gravatar.com\\\/avatar\\\/0a67041d44c702fb0660d81a5a32c7ce6007341cf92afeb718b75883bf415864?s=96&d=blank&r=g\",\"url\":\"https:\\\/\\\/secure.gravatar.com\\\/avatar\\\/0a67041d44c702fb0660d81a5a32c7ce6007341cf92afeb718b75883bf415864?s=96&d=blank&r=g\",\"contentUrl\":\"https:\\\/\\\/secure.gravatar.com\\\/avatar\\\/0a67041d44c702fb0660d81a5a32c7ce6007341cf92afeb718b75883bf415864?s=96&d=blank&r=g\",\"caption\":\"diegoc\"},\"url\":\"https:\\\/\\\/radiounodigital.com\\\/web\\\/author\\\/diegoc\\\/\"}]}<\/script>\n<!-- \/ Yoast SEO plugin. -->","yoast_head_json":{"title":"El \u00e1lbum PWR\/UP de AC\/DC tiene fecha de lanzamiento para el 13 de noviembre - Radio UNO Digital","description":"El \u00e1lbum PWR \/ UP de AC\/DC llegar\u00e1 en noviembre: \"Lo hicimos\", dijo el vocalista Brian Johnson visiblemente emocionado.","robots":{"index":"index","follow":"follow","max-snippet":"max-snippet:-1","max-image-preview":"max-image-preview:large","max-video-preview":"max-video-preview:-1"},"canonical":"https:\/\/radiounodigital.com\/web\/2020\/10\/06\/el-album-pwr-up-de-ac-dc-tiene-fecha-de-lanzamiento-para-el-13-de-noviembre\/","og_locale":"es_ES","og_type":"article","og_title":"El \u00e1lbum PWR\/UP de AC\/DC tiene fecha de lanzamiento para el 13 de noviembre - Radio UNO Digital","og_description":"El \u00e1lbum PWR \/ UP de AC\/DC llegar\u00e1 en noviembre: \"Lo hicimos\", dijo el vocalista Brian Johnson visiblemente emocionado.","og_url":"https:\/\/radiounodigital.com\/web\/2020\/10\/06\/el-album-pwr-up-de-ac-dc-tiene-fecha-de-lanzamiento-para-el-13-de-noviembre\/","og_site_name":"Radio UNO Digital","article_published_time":"2020-10-06T14:39:30+00:00","article_modified_time":"2020-10-06T14:39:46+00:00","og_image":[{"width":1024,"height":576,"url":"https:\/\/radiounodigital.com\/web\/wp-content\/uploads\/2020\/10\/acdc-pwrup.jpeg","type":"image\/jpeg"}],"author":"diegoc","twitter_card":"summary_large_image","twitter_misc":{"Escrito por":"diegoc","Tiempo de lectura":"3 minutos"},"schema":{"@context":"https:\/\/schema.org","@graph":[{"@type":"Article","@id":"https:\/\/radiounodigital.com\/web\/2020\/10\/06\/el-album-pwr-up-de-ac-dc-tiene-fecha-de-lanzamiento-para-el-13-de-noviembre\/#article","isPartOf":{"@id":"https:\/\/radiounodigital.com\/web\/2020\/10\/06\/el-album-pwr-up-de-ac-dc-tiene-fecha-de-lanzamiento-para-el-13-de-noviembre\/"},"author":{"name":"diegoc","@id":"https:\/\/radiounodigital.com\/web\/#\/schema\/person\/00b93151fa54f619ecf9c183d1fc9758"},"headline":"El \u00e1lbum PWR\/UP de AC\/DC tiene fecha de lanzamiento para el 13 de noviembre","datePublished":"2020-10-06T14:39:30+00:00","dateModified":"2020-10-06T14:39:46+00:00","mainEntityOfPage":{"@id":"https:\/\/radiounodigital.com\/web\/2020\/10\/06\/el-album-pwr-up-de-ac-dc-tiene-fecha-de-lanzamiento-para-el-13-de-noviembre\/"},"wordCount":575,"commentCount":0,"image":{"@id":"https:\/\/radiounodigital.com\/web\/2020\/10\/06\/el-album-pwr-up-de-ac-dc-tiene-fecha-de-lanzamiento-para-el-13-de-noviembre\/#primaryimage"},"thumbnailUrl":"https:\/\/radiounodigital.com\/web\/wp-content\/uploads\/2020\/10\/acdc-pwrup.jpeg","keywords":["AC\/DC","album","disco","fecha","lanzamiento","noviembre 13","nuevo"],"articleSection":["lo nuevo","news","Rock Clasico"],"inLanguage":"es","potentialAction":[{"@type":"CommentAction","name":"Comment","target":["https:\/\/radiounodigital.com\/web\/2020\/10\/06\/el-album-pwr-up-de-ac-dc-tiene-fecha-de-lanzamiento-para-el-13-de-noviembre\/#respond"]}]},{"@type":"WebPage","@id":"https:\/\/radiounodigital.com\/web\/2020\/10\/06\/el-album-pwr-up-de-ac-dc-tiene-fecha-de-lanzamiento-para-el-13-de-noviembre\/","url":"https:\/\/radiounodigital.com\/web\/2020\/10\/06\/el-album-pwr-up-de-ac-dc-tiene-fecha-de-lanzamiento-para-el-13-de-noviembre\/","name":"El \u00e1lbum PWR\/UP de AC\/DC tiene fecha de lanzamiento para el 13 de noviembre - Radio UNO Digital","isPartOf":{"@id":"https:\/\/radiounodigital.com\/web\/#website"},"primaryImageOfPage":{"@id":"https:\/\/radiounodigital.com\/web\/2020\/10\/06\/el-album-pwr-up-de-ac-dc-tiene-fecha-de-lanzamiento-para-el-13-de-noviembre\/#primaryimage"},"image":{"@id":"https:\/\/radiounodigital.com\/web\/2020\/10\/06\/el-album-pwr-up-de-ac-dc-tiene-fecha-de-lanzamiento-para-el-13-de-noviembre\/#primaryimage"},"thumbnailUrl":"https:\/\/radiounodigital.com\/web\/wp-content\/uploads\/2020\/10\/acdc-pwrup.jpeg","datePublished":"2020-10-06T14:39:30+00:00","dateModified":"2020-10-06T14:39:46+00:00","author":{"@id":"https:\/\/radiounodigital.com\/web\/#\/schema\/person\/00b93151fa54f619ecf9c183d1fc9758"},"description":"El \u00e1lbum PWR \/ UP de AC\/DC llegar\u00e1 en noviembre: \"Lo hicimos\", dijo el vocalista Brian Johnson visiblemente emocionado.","breadcrumb":{"@id":"https:\/\/radiounodigital.com\/web\/2020\/10\/06\/el-album-pwr-up-de-ac-dc-tiene-fecha-de-lanzamiento-para-el-13-de-noviembre\/#breadcrumb"},"inLanguage":"es","potentialAction":[{"@type":"ReadAction","target":["https:\/\/radiounodigital.com\/web\/2020\/10\/06\/el-album-pwr-up-de-ac-dc-tiene-fecha-de-lanzamiento-para-el-13-de-noviembre\/"]}]},{"@type":"ImageObject","inLanguage":"es","@id":"https:\/\/radiounodigital.com\/web\/2020\/10\/06\/el-album-pwr-up-de-ac-dc-tiene-fecha-de-lanzamiento-para-el-13-de-noviembre\/#primaryimage","url":"https:\/\/radiounodigital.com\/web\/wp-content\/uploads\/2020\/10\/acdc-pwrup.jpeg","contentUrl":"https:\/\/radiounodigital.com\/web\/wp-content\/uploads\/2020\/10\/acdc-pwrup.jpeg","width":1024,"height":576},{"@type":"BreadcrumbList","@id":"https:\/\/radiounodigital.com\/web\/2020\/10\/06\/el-album-pwr-up-de-ac-dc-tiene-fecha-de-lanzamiento-para-el-13-de-noviembre\/#breadcrumb","itemListElement":[{"@type":"ListItem","position":1,"name":"Home","item":"https:\/\/radiounodigital.com\/web\/"},{"@type":"ListItem","position":2,"name":"El \u00e1lbum PWR\/UP de AC\/DC tiene fecha de lanzamiento para el 13 de noviembre"}]},{"@type":"WebSite","@id":"https:\/\/radiounodigital.com\/web\/#website","url":"https:\/\/radiounodigital.com\/web\/","name":"Radio UNO Digital","description":"Donde la cultura del rock se siente","potentialAction":[{"@type":"SearchAction","target":{"@type":"EntryPoint","urlTemplate":"https:\/\/radiounodigital.com\/web\/?s={search_term_string}"},"query-input":{"@type":"PropertyValueSpecification","valueRequired":true,"valueName":"search_term_string"}}],"inLanguage":"es"},{"@type":"Person","@id":"https:\/\/radiounodigital.com\/web\/#\/schema\/person\/00b93151fa54f619ecf9c183d1fc9758","name":"diegoc","image":{"@type":"ImageObject","inLanguage":"es","@id":"https:\/\/secure.gravatar.com\/avatar\/0a67041d44c702fb0660d81a5a32c7ce6007341cf92afeb718b75883bf415864?s=96&d=blank&r=g","url":"https:\/\/secure.gravatar.com\/avatar\/0a67041d44c702fb0660d81a5a32c7ce6007341cf92afeb718b75883bf415864?s=96&d=blank&r=g","contentUrl":"https:\/\/secure.gravatar.com\/avatar\/0a67041d44c702fb0660d81a5a32c7ce6007341cf92afeb718b75883bf415864?s=96&d=blank&r=g","caption":"diegoc"},"url":"https:\/\/radiounodigital.com\/web\/author\/diegoc\/"}]}},"_links":{"self":[{"href":"https:\/\/radiounodigital.com\/web\/wp-json\/wp\/v2\/posts\/4678","targetHints":{"allow":["GET"]}}],"collection":[{"href":"https:\/\/radiounodigital.com\/web\/wp-json\/wp\/v2\/posts"}],"about":[{"href":"https:\/\/radiounodigital.com\/web\/wp-json\/wp\/v2\/types\/post"}],"author":[{"embeddable":true,"href":"https:\/\/radiounodigital.com\/web\/wp-json\/wp\/v2\/users\/1"}],"replies":[{"embeddable":true,"href":"https:\/\/radiounodigital.com\/web\/wp-json\/wp\/v2\/comments?post=4678"}],"version-history":[{"count":2,"href":"https:\/\/radiounodigital.com\/web\/wp-json\/wp\/v2\/posts\/4678\/revisions"}],"predecessor-version":[{"id":4681,"href":"https:\/\/radiounodigital.com\/web\/wp-json\/wp\/v2\/posts\/4678\/revisions\/4681"}],"wp:featuredmedia":[{"embeddable":true,"href":"https:\/\/radiounodigital.com\/web\/wp-json\/wp\/v2\/media\/4679"}],"wp:attachment":[{"href":"https:\/\/radiounodigital.com\/web\/wp-json\/wp\/v2\/media?parent=4678"}],"wp:term":[{"taxonomy":"category","embeddable":true,"href":"https:\/\/radiounodigital.com\/web\/wp-json\/wp\/v2\/categories?post=4678"},{"taxonomy":"post_tag","embeddable":true,"href":"https:\/\/radiounodigital.com\/web\/wp-json\/wp\/v2\/tags?post=4678"}],"curies":[{"name":"wp","href":"https:\/\/api.w.org\/{rel}","templated":true}]}}