{"id":4683,"date":"2020-10-06T20:37:15","date_gmt":"2020-10-06T23:37:15","guid":{"rendered":"https:\/\/radiounodigital.com\/web\/?p=4683"},"modified":"2020-10-07T08:37:36","modified_gmt":"2020-10-07T11:37:36","slug":"the-sky-is-crying-por-eddie-van-halen","status":"publish","type":"post","link":"https:\/\/radiounodigital.com\/web\/2020\/10\/06\/the-sky-is-crying-por-eddie-van-halen\/","title":{"rendered":"The Sky is crying por Eddie Van Halen"},"content":{"rendered":"<h3>Eddie Van Halen cambi\u00f3 la forma en que los guitarristas se acercaron a su oficio m\u00e1s que cualquier otro m\u00fasico desde Jimi Hendrix. Estos son los mejores solos de este formidable guitarrista.<\/h3>\n<p><iframe loading=\"lazy\" src=\"https:\/\/open.spotify.com\/embed?uri=spotify%3Aplaylist%3A5flvTkMfbYYtuBiTpq1B56\" width=\"600\" height=\"580\" frameborder=\"0\"><span data-mce-type=\"bookmark\" style=\"display: inline-block; width: 0px; overflow: hidden; line-height: 0;\" class=\"mce_SELRES_start\">\ufeff<\/span><span data-mce-type=\"bookmark\" style=\"display: inline-block; width: 0px; overflow: hidden; line-height: 0;\" class=\"mce_SELRES_start\">\ufeff<\/span><\/iframe><\/p>\n<p>&nbsp;<\/p>\n<div class=\"fb-background-color\">\n\t\t\t  <div \n\t\t\t  \tclass = \"fb-comments\" \n\t\t\t  \tdata-href = \"https:\/\/radiounodigital.com\/web\/2020\/10\/06\/the-sky-is-crying-por-eddie-van-halen\/\"\n\t\t\t  \tdata-numposts = \"10\"\n\t\t\t  \tdata-lazy = \"true\"\n\t\t\t\tdata-colorscheme = \"dark\"\n\t\t\t\tdata-order-by = \"reverse_time\"\n\t\t\t\tdata-mobile=true>\n\t\t\t  <\/div><\/div>\n\t\t  <style>\n\t\t    .fb-background-color {\n\t\t\t\tbackground: #ffffff !important;\n\t\t\t}\n\t\t\t.fb_iframe_widget_fluid_desktop iframe {\n\t\t\t    width: 100% !important;\n\t\t\t}\n\t\t  <\/style>\n\t\t  ","protected":false},"excerpt":{"rendered":"<p>Eddie Van Halen cambi\u00f3 la forma en que los guitarristas se acercaron a su oficio m\u00e1s que cualquier otro m\u00fasico desde Jimi Hendrix. Estos son los mejores solos de este formidable guitarrista. \ufeff\ufeff &nbsp;<\/p>\n","protected":false},"author":1,"featured_media":4684,"comment_status":"open","ping_status":"open","sticky":false,"template":"","format":"standard","meta":{"footnotes":""},"categories":[180,128],"tags":[1308,211,84],"class_list":["post-4683","post","type-post","status-publish","format-standard","has-post-thumbnail","hentry","category-news","category-rock-clasico","tag-eddie-van-halen","tag-guitarrista","tag-muerte"],"yoast_head":"<!-- This site is optimized with the Yoast SEO plugin v27.5 - https:\/\/yoast.com\/product\/yoast-seo-wordpress\/ -->\n<title>The Sky is crying por Eddie Van Halen - Radio UNO Digital<\/title>\n<meta name=\"description\" content=\"Eddie Van Halen cambi\u00f3 la forma en que los guitarristas se acercaron a su oficio m\u00e1s que cualquier otro m\u00fasico desde Jimi Hendrix.\" \/>\n<meta name=\"robots\" content=\"index, follow, max-snippet:-1, max-image-preview:large, max-video-preview:-1\" \/>\n<link rel=\"canonical\" href=\"https:\/\/radiounodigital.com\/web\/2020\/10\/06\/the-sky-is-crying-por-eddie-van-halen\/\" \/>\n<meta property=\"og:locale\" content=\"es_ES\" \/>\n<meta property=\"og:type\" content=\"article\" \/>\n<meta property=\"og:title\" content=\"The Sky is crying por Eddie Van Halen - Radio UNO Digital\" \/>\n<meta property=\"og:description\" content=\"Eddie Van Halen cambi\u00f3 la forma en que los guitarristas se acercaron a su oficio m\u00e1s que cualquier otro m\u00fasico desde Jimi Hendrix.\" \/>\n<meta property=\"og:url\" content=\"https:\/\/radiounodigital.com\/web\/2020\/10\/06\/the-sky-is-crying-por-eddie-van-halen\/\" \/>\n<meta property=\"og:site_name\" content=\"Radio UNO Digital\" \/>\n<meta property=\"article:published_time\" content=\"2020-10-06T23:37:15+00:00\" \/>\n<meta property=\"article:modified_time\" content=\"2020-10-07T11:37:36+00:00\" \/>\n<meta property=\"og:image\" content=\"https:\/\/radiounodigital.com\/web\/wp-content\/uploads\/2020\/10\/ad28a5c6-eddie-van-halen..jpg\" \/>\n\t<meta property=\"og:image:width\" content=\"1200\" \/>\n\t<meta property=\"og:image:height\" content=\"800\" \/>\n\t<meta property=\"og:image:type\" content=\"image\/jpeg\" \/>\n<meta name=\"author\" content=\"diegoc\" \/>\n<meta name=\"twitter:card\" content=\"summary_large_image\" \/>\n<meta name=\"twitter:label1\" content=\"Escrito por\" \/>\n\t<meta name=\"twitter:data1\" content=\"diegoc\" \/>\n<script type=\"application\/ld+json\" class=\"yoast-schema-graph\">{\"@context\":\"https:\\\/\\\/schema.org\",\"@graph\":[{\"@type\":\"Article\",\"@id\":\"https:\\\/\\\/radiounodigital.com\\\/web\\\/2020\\\/10\\\/06\\\/the-sky-is-crying-por-eddie-van-halen\\\/#article\",\"isPartOf\":{\"@id\":\"https:\\\/\\\/radiounodigital.com\\\/web\\\/2020\\\/10\\\/06\\\/the-sky-is-crying-por-eddie-van-halen\\\/\"},\"author\":{\"name\":\"diegoc\",\"@id\":\"https:\\\/\\\/radiounodigital.com\\\/web\\\/#\\\/schema\\\/person\\\/00b93151fa54f619ecf9c183d1fc9758\"},\"headline\":\"The Sky is crying por Eddie Van Halen\",\"datePublished\":\"2020-10-06T23:37:15+00:00\",\"dateModified\":\"2020-10-07T11:37:36+00:00\",\"mainEntityOfPage\":{\"@id\":\"https:\\\/\\\/radiounodigital.com\\\/web\\\/2020\\\/10\\\/06\\\/the-sky-is-crying-por-eddie-van-halen\\\/\"},\"wordCount\":43,\"commentCount\":0,\"image\":{\"@id\":\"https:\\\/\\\/radiounodigital.com\\\/web\\\/2020\\\/10\\\/06\\\/the-sky-is-crying-por-eddie-van-halen\\\/#primaryimage\"},\"thumbnailUrl\":\"https:\\\/\\\/radiounodigital.com\\\/web\\\/wp-content\\\/uploads\\\/2020\\\/10\\\/ad28a5c6-eddie-van-halen..jpg\",\"keywords\":[\"eddie van halen\",\"guitarrista\",\"muerte\"],\"articleSection\":[\"news\",\"Rock Clasico\"],\"inLanguage\":\"es\",\"potentialAction\":[{\"@type\":\"CommentAction\",\"name\":\"Comment\",\"target\":[\"https:\\\/\\\/radiounodigital.com\\\/web\\\/2020\\\/10\\\/06\\\/the-sky-is-crying-por-eddie-van-halen\\\/#respond\"]}]},{\"@type\":\"WebPage\",\"@id\":\"https:\\\/\\\/radiounodigital.com\\\/web\\\/2020\\\/10\\\/06\\\/the-sky-is-crying-por-eddie-van-halen\\\/\",\"url\":\"https:\\\/\\\/radiounodigital.com\\\/web\\\/2020\\\/10\\\/06\\\/the-sky-is-crying-por-eddie-van-halen\\\/\",\"name\":\"The Sky is crying por Eddie Van Halen - Radio UNO Digital\",\"isPartOf\":{\"@id\":\"https:\\\/\\\/radiounodigital.com\\\/web\\\/#website\"},\"primaryImageOfPage\":{\"@id\":\"https:\\\/\\\/radiounodigital.com\\\/web\\\/2020\\\/10\\\/06\\\/the-sky-is-crying-por-eddie-van-halen\\\/#primaryimage\"},\"image\":{\"@id\":\"https:\\\/\\\/radiounodigital.com\\\/web\\\/2020\\\/10\\\/06\\\/the-sky-is-crying-por-eddie-van-halen\\\/#primaryimage\"},\"thumbnailUrl\":\"https:\\\/\\\/radiounodigital.com\\\/web\\\/wp-content\\\/uploads\\\/2020\\\/10\\\/ad28a5c6-eddie-van-halen..jpg\",\"datePublished\":\"2020-10-06T23:37:15+00:00\",\"dateModified\":\"2020-10-07T11:37:36+00:00\",\"author\":{\"@id\":\"https:\\\/\\\/radiounodigital.com\\\/web\\\/#\\\/schema\\\/person\\\/00b93151fa54f619ecf9c183d1fc9758\"},\"description\":\"Eddie Van Halen cambi\u00f3 la forma en que los guitarristas se acercaron a su oficio m\u00e1s que cualquier otro m\u00fasico desde Jimi Hendrix.\",\"breadcrumb\":{\"@id\":\"https:\\\/\\\/radiounodigital.com\\\/web\\\/2020\\\/10\\\/06\\\/the-sky-is-crying-por-eddie-van-halen\\\/#breadcrumb\"},\"inLanguage\":\"es\",\"potentialAction\":[{\"@type\":\"ReadAction\",\"target\":[\"https:\\\/\\\/radiounodigital.com\\\/web\\\/2020\\\/10\\\/06\\\/the-sky-is-crying-por-eddie-van-halen\\\/\"]}]},{\"@type\":\"ImageObject\",\"inLanguage\":\"es\",\"@id\":\"https:\\\/\\\/radiounodigital.com\\\/web\\\/2020\\\/10\\\/06\\\/the-sky-is-crying-por-eddie-van-halen\\\/#primaryimage\",\"url\":\"https:\\\/\\\/radiounodigital.com\\\/web\\\/wp-content\\\/uploads\\\/2020\\\/10\\\/ad28a5c6-eddie-van-halen..jpg\",\"contentUrl\":\"https:\\\/\\\/radiounodigital.com\\\/web\\\/wp-content\\\/uploads\\\/2020\\\/10\\\/ad28a5c6-eddie-van-halen..jpg\",\"width\":1200,\"height\":800},{\"@type\":\"BreadcrumbList\",\"@id\":\"https:\\\/\\\/radiounodigital.com\\\/web\\\/2020\\\/10\\\/06\\\/the-sky-is-crying-por-eddie-van-halen\\\/#breadcrumb\",\"itemListElement\":[{\"@type\":\"ListItem\",\"position\":1,\"name\":\"Home\",\"item\":\"https:\\\/\\\/radiounodigital.com\\\/web\\\/\"},{\"@type\":\"ListItem\",\"position\":2,\"name\":\"The Sky is crying por Eddie Van Halen\"}]},{\"@type\":\"WebSite\",\"@id\":\"https:\\\/\\\/radiounodigital.com\\\/web\\\/#website\",\"url\":\"https:\\\/\\\/radiounodigital.com\\\/web\\\/\",\"name\":\"Radio UNO Digital\",\"description\":\"Donde la cultura del rock se siente\",\"potentialAction\":[{\"@type\":\"SearchAction\",\"target\":{\"@type\":\"EntryPoint\",\"urlTemplate\":\"https:\\\/\\\/radiounodigital.com\\\/web\\\/?s={search_term_string}\"},\"query-input\":{\"@type\":\"PropertyValueSpecification\",\"valueRequired\":true,\"valueName\":\"search_term_string\"}}],\"inLanguage\":\"es\"},{\"@type\":\"Person\",\"@id\":\"https:\\\/\\\/radiounodigital.com\\\/web\\\/#\\\/schema\\\/person\\\/00b93151fa54f619ecf9c183d1fc9758\",\"name\":\"diegoc\",\"image\":{\"@type\":\"ImageObject\",\"inLanguage\":\"es\",\"@id\":\"https:\\\/\\\/secure.gravatar.com\\\/avatar\\\/0a67041d44c702fb0660d81a5a32c7ce6007341cf92afeb718b75883bf415864?s=96&d=blank&r=g\",\"url\":\"https:\\\/\\\/secure.gravatar.com\\\/avatar\\\/0a67041d44c702fb0660d81a5a32c7ce6007341cf92afeb718b75883bf415864?s=96&d=blank&r=g\",\"contentUrl\":\"https:\\\/\\\/secure.gravatar.com\\\/avatar\\\/0a67041d44c702fb0660d81a5a32c7ce6007341cf92afeb718b75883bf415864?s=96&d=blank&r=g\",\"caption\":\"diegoc\"},\"url\":\"https:\\\/\\\/radiounodigital.com\\\/web\\\/author\\\/diegoc\\\/\"}]}<\/script>\n<!-- \/ Yoast SEO plugin. -->","yoast_head_json":{"title":"The Sky is crying por Eddie Van Halen - Radio UNO Digital","description":"Eddie Van Halen cambi\u00f3 la forma en que los guitarristas se acercaron a su oficio m\u00e1s que cualquier otro m\u00fasico desde Jimi Hendrix.","robots":{"index":"index","follow":"follow","max-snippet":"max-snippet:-1","max-image-preview":"max-image-preview:large","max-video-preview":"max-video-preview:-1"},"canonical":"https:\/\/radiounodigital.com\/web\/2020\/10\/06\/the-sky-is-crying-por-eddie-van-halen\/","og_locale":"es_ES","og_type":"article","og_title":"The Sky is crying por Eddie Van Halen - Radio UNO Digital","og_description":"Eddie Van Halen cambi\u00f3 la forma en que los guitarristas se acercaron a su oficio m\u00e1s que cualquier otro m\u00fasico desde Jimi Hendrix.","og_url":"https:\/\/radiounodigital.com\/web\/2020\/10\/06\/the-sky-is-crying-por-eddie-van-halen\/","og_site_name":"Radio UNO Digital","article_published_time":"2020-10-06T23:37:15+00:00","article_modified_time":"2020-10-07T11:37:36+00:00","og_image":[{"width":1200,"height":800,"url":"https:\/\/radiounodigital.com\/web\/wp-content\/uploads\/2020\/10\/ad28a5c6-eddie-van-halen..jpg","type":"image\/jpeg"}],"author":"diegoc","twitter_card":"summary_large_image","twitter_misc":{"Escrito por":"diegoc"},"schema":{"@context":"https:\/\/schema.org","@graph":[{"@type":"Article","@id":"https:\/\/radiounodigital.com\/web\/2020\/10\/06\/the-sky-is-crying-por-eddie-van-halen\/#article","isPartOf":{"@id":"https:\/\/radiounodigital.com\/web\/2020\/10\/06\/the-sky-is-crying-por-eddie-van-halen\/"},"author":{"name":"diegoc","@id":"https:\/\/radiounodigital.com\/web\/#\/schema\/person\/00b93151fa54f619ecf9c183d1fc9758"},"headline":"The Sky is crying por Eddie Van Halen","datePublished":"2020-10-06T23:37:15+00:00","dateModified":"2020-10-07T11:37:36+00:00","mainEntityOfPage":{"@id":"https:\/\/radiounodigital.com\/web\/2020\/10\/06\/the-sky-is-crying-por-eddie-van-halen\/"},"wordCount":43,"commentCount":0,"image":{"@id":"https:\/\/radiounodigital.com\/web\/2020\/10\/06\/the-sky-is-crying-por-eddie-van-halen\/#primaryimage"},"thumbnailUrl":"https:\/\/radiounodigital.com\/web\/wp-content\/uploads\/2020\/10\/ad28a5c6-eddie-van-halen..jpg","keywords":["eddie van halen","guitarrista","muerte"],"articleSection":["news","Rock Clasico"],"inLanguage":"es","potentialAction":[{"@type":"CommentAction","name":"Comment","target":["https:\/\/radiounodigital.com\/web\/2020\/10\/06\/the-sky-is-crying-por-eddie-van-halen\/#respond"]}]},{"@type":"WebPage","@id":"https:\/\/radiounodigital.com\/web\/2020\/10\/06\/the-sky-is-crying-por-eddie-van-halen\/","url":"https:\/\/radiounodigital.com\/web\/2020\/10\/06\/the-sky-is-crying-por-eddie-van-halen\/","name":"The Sky is crying por Eddie Van Halen - Radio UNO Digital","isPartOf":{"@id":"https:\/\/radiounodigital.com\/web\/#website"},"primaryImageOfPage":{"@id":"https:\/\/radiounodigital.com\/web\/2020\/10\/06\/the-sky-is-crying-por-eddie-van-halen\/#primaryimage"},"image":{"@id":"https:\/\/radiounodigital.com\/web\/2020\/10\/06\/the-sky-is-crying-por-eddie-van-halen\/#primaryimage"},"thumbnailUrl":"https:\/\/radiounodigital.com\/web\/wp-content\/uploads\/2020\/10\/ad28a5c6-eddie-van-halen..jpg","datePublished":"2020-10-06T23:37:15+00:00","dateModified":"2020-10-07T11:37:36+00:00","author":{"@id":"https:\/\/radiounodigital.com\/web\/#\/schema\/person\/00b93151fa54f619ecf9c183d1fc9758"},"description":"Eddie Van Halen cambi\u00f3 la forma en que los guitarristas se acercaron a su oficio m\u00e1s que cualquier otro m\u00fasico desde Jimi Hendrix.","breadcrumb":{"@id":"https:\/\/radiounodigital.com\/web\/2020\/10\/06\/the-sky-is-crying-por-eddie-van-halen\/#breadcrumb"},"inLanguage":"es","potentialAction":[{"@type":"ReadAction","target":["https:\/\/radiounodigital.com\/web\/2020\/10\/06\/the-sky-is-crying-por-eddie-van-halen\/"]}]},{"@type":"ImageObject","inLanguage":"es","@id":"https:\/\/radiounodigital.com\/web\/2020\/10\/06\/the-sky-is-crying-por-eddie-van-halen\/#primaryimage","url":"https:\/\/radiounodigital.com\/web\/wp-content\/uploads\/2020\/10\/ad28a5c6-eddie-van-halen..jpg","contentUrl":"https:\/\/radiounodigital.com\/web\/wp-content\/uploads\/2020\/10\/ad28a5c6-eddie-van-halen..jpg","width":1200,"height":800},{"@type":"BreadcrumbList","@id":"https:\/\/radiounodigital.com\/web\/2020\/10\/06\/the-sky-is-crying-por-eddie-van-halen\/#breadcrumb","itemListElement":[{"@type":"ListItem","position":1,"name":"Home","item":"https:\/\/radiounodigital.com\/web\/"},{"@type":"ListItem","position":2,"name":"The Sky is crying por Eddie Van Halen"}]},{"@type":"WebSite","@id":"https:\/\/radiounodigital.com\/web\/#website","url":"https:\/\/radiounodigital.com\/web\/","name":"Radio UNO Digital","description":"Donde la cultura del rock se siente","potentialAction":[{"@type":"SearchAction","target":{"@type":"EntryPoint","urlTemplate":"https:\/\/radiounodigital.com\/web\/?s={search_term_string}"},"query-input":{"@type":"PropertyValueSpecification","valueRequired":true,"valueName":"search_term_string"}}],"inLanguage":"es"},{"@type":"Person","@id":"https:\/\/radiounodigital.com\/web\/#\/schema\/person\/00b93151fa54f619ecf9c183d1fc9758","name":"diegoc","image":{"@type":"ImageObject","inLanguage":"es","@id":"https:\/\/secure.gravatar.com\/avatar\/0a67041d44c702fb0660d81a5a32c7ce6007341cf92afeb718b75883bf415864?s=96&d=blank&r=g","url":"https:\/\/secure.gravatar.com\/avatar\/0a67041d44c702fb0660d81a5a32c7ce6007341cf92afeb718b75883bf415864?s=96&d=blank&r=g","contentUrl":"https:\/\/secure.gravatar.com\/avatar\/0a67041d44c702fb0660d81a5a32c7ce6007341cf92afeb718b75883bf415864?s=96&d=blank&r=g","caption":"diegoc"},"url":"https:\/\/radiounodigital.com\/web\/author\/diegoc\/"}]}},"_links":{"self":[{"href":"https:\/\/radiounodigital.com\/web\/wp-json\/wp\/v2\/posts\/4683","targetHints":{"allow":["GET"]}}],"collection":[{"href":"https:\/\/radiounodigital.com\/web\/wp-json\/wp\/v2\/posts"}],"about":[{"href":"https:\/\/radiounodigital.com\/web\/wp-json\/wp\/v2\/types\/post"}],"author":[{"embeddable":true,"href":"https:\/\/radiounodigital.com\/web\/wp-json\/wp\/v2\/users\/1"}],"replies":[{"embeddable":true,"href":"https:\/\/radiounodigital.com\/web\/wp-json\/wp\/v2\/comments?post=4683"}],"version-history":[{"count":1,"href":"https:\/\/radiounodigital.com\/web\/wp-json\/wp\/v2\/posts\/4683\/revisions"}],"predecessor-version":[{"id":4685,"href":"https:\/\/radiounodigital.com\/web\/wp-json\/wp\/v2\/posts\/4683\/revisions\/4685"}],"wp:featuredmedia":[{"embeddable":true,"href":"https:\/\/radiounodigital.com\/web\/wp-json\/wp\/v2\/media\/4684"}],"wp:attachment":[{"href":"https:\/\/radiounodigital.com\/web\/wp-json\/wp\/v2\/media?parent=4683"}],"wp:term":[{"taxonomy":"category","embeddable":true,"href":"https:\/\/radiounodigital.com\/web\/wp-json\/wp\/v2\/categories?post=4683"},{"taxonomy":"post_tag","embeddable":true,"href":"https:\/\/radiounodigital.com\/web\/wp-json\/wp\/v2\/tags?post=4683"}],"curies":[{"name":"wp","href":"https:\/\/api.w.org\/{rel}","templated":true}]}}