{"id":4694,"date":"2020-10-09T13:45:50","date_gmt":"2020-10-09T16:45:50","guid":{"rendered":"https:\/\/radiounodigital.com\/web\/?p=4694"},"modified":"2020-10-09T13:45:50","modified_gmt":"2020-10-09T16:45:50","slug":"greta-van-fleet-regresa-con-la-nueva-cancion-my-way-soon","status":"publish","type":"post","link":"https:\/\/radiounodigital.com\/web\/2020\/10\/09\/greta-van-fleet-regresa-con-la-nueva-cancion-my-way-soon\/","title":{"rendered":"Greta Van Fleet regresa con la nueva canci\u00f3n \u00abMy Way, Soon\u00bb"},"content":{"rendered":"<div class=\"tlid-input input\">\n<div class=\"source-wrap\">\n<div class=\"input-full-height-wrapper tlid-input-full-height-wrapper\">\n<div class=\"source-input\">\n<div class=\"source-footer-wrap source-or-target-footer\">\n<div class=\"character-count tlid-character-count\"><\/div>\n<\/div>\n<\/div>\n<\/div>\n<\/div>\n<\/div>\n<div class=\"tlid-results-container results-container\">\n<div class=\"tlid-result result-dict-wrapper\">\n<div class=\"result tlid-copy-target\">\n<div class=\"result-header\">\n<div class=\"starbutton jfk-button-flat jfk-button unstarred\" tabindex=\"0\" role=\"button\" aria-label=\"Destacar traducci\u00f3n\" data-tooltip=\"Destacar traducci\u00f3n\" data-tooltip-align=\"t,c\">\n<h3 class=\"jfk-button-img\">Greta Van Fleet ha regresado con su primer material nuevo en m\u00e1s de un a\u00f1o en forma de single \u00abMy Way, Soon\u00bb.<\/h3>\n<p><iframe loading=\"lazy\" title=\"Greta Van Fleet - My Way, Soon (Official Video)\" width=\"960\" height=\"540\" src=\"https:\/\/www.youtube.com\/embed\/qGkTzk6SdKs?feature=oembed\" frameborder=\"0\" allow=\"accelerometer; autoplay; clipboard-write; encrypted-media; gyroscope; picture-in-picture\" allowfullscreen><\/iframe><\/p>\n<\/div>\n<\/div>\n<div tabindex=\"0\">\n<p>El \u00faltimo lanzamiento de la banda fue la canci\u00f3n de 2019 \u00abAlways There\u00bb, que apareci\u00f3 en la banda sonora de la pel\u00edcula A Million Little Pieces de Sam Taylor-Johnson.<\/p>\n<p>\u00abMy Way, Soon\u00bb se inspir\u00f3 en \u00ablo que hicieron tres a\u00f1os de gira al abrir tantas puertas\u00bb, seg\u00fan el cantante Josh Kiszka. \u00abEsta es mi verdad, c\u00f3mo me siento acerca de todos nuestros viajes, pero s\u00e9 que se hace eco de las experiencias y cambios de perspectiva de Jake, Sam y Danny tambi\u00e9n\u00bb.<\/p>\n<p>El lanzamiento viene acompa\u00f1ado de un video en el camino y ve a Kiszka cantando: \u00abHice mis maletas y tengo mi libertad \/ He echado las reglas para no tener que seguirlas \/ yo\u00bb Apostar\u00e9 a una oportunidad si solo tengo una \/ Tirar\u00e9 los planes y vivir\u00e9 sin carga \u00ab.<\/p>\n<p>El bajista Sam Kiska agreg\u00f3 en un comunicado: \u201cHemos visto c\u00f3mo vive la gente en diferentes partes del mundo y hemos desarrollado un respeto intr\u00ednseco por diferentes culturas y personas. Hemos pasado de conducir por una carretera a un espect\u00e1culo y ver interminables millas de barrios marginales en Sao Paulo, a tocar en algunos de los lugares m\u00e1s ricos del mundo \u00ab.<\/p>\n<\/div>\n<\/div>\n<\/div>\n<\/div>\n<div class=\"fb-background-color\">\n\t\t\t  <div \n\t\t\t  \tclass = \"fb-comments\" \n\t\t\t  \tdata-href = \"https:\/\/radiounodigital.com\/web\/2020\/10\/09\/greta-van-fleet-regresa-con-la-nueva-cancion-my-way-soon\/\"\n\t\t\t  \tdata-numposts = \"10\"\n\t\t\t  \tdata-lazy = \"true\"\n\t\t\t\tdata-colorscheme = \"dark\"\n\t\t\t\tdata-order-by = \"reverse_time\"\n\t\t\t\tdata-mobile=true>\n\t\t\t  <\/div><\/div>\n\t\t  <style>\n\t\t    .fb-background-color {\n\t\t\t\tbackground: #ffffff !important;\n\t\t\t}\n\t\t\t.fb_iframe_widget_fluid_desktop iframe {\n\t\t\t    width: 100% !important;\n\t\t\t}\n\t\t  <\/style>\n\t\t  ","protected":false},"excerpt":{"rendered":"<p>Greta Van Fleet ha regresado con su primer material nuevo en m\u00e1s de un a\u00f1o en forma de single \u00abMy Way, Soon\u00bb. El \u00faltimo lanzamiento de la banda fue la canci\u00f3n de 2019 \u00abAlways There\u00bb, que apareci\u00f3 en la banda sonora de la pel\u00edcula A Million Little Pieces de Sam Taylor-Johnson. \u00abMy Way, Soon\u00bb se&#8230; <a href=\"https:\/\/radiounodigital.com\/web\/2020\/10\/09\/greta-van-fleet-regresa-con-la-nueva-cancion-my-way-soon\/\" class=\"excerpt-read-more\">Read More<\/a><\/p>\n","protected":false},"author":1,"featured_media":4695,"comment_status":"open","ping_status":"open","sticky":false,"template":"","format":"standard","meta":{"footnotes":""},"categories":[180],"tags":[94,873,1313,93],"class_list":["post-4694","post","type-post","status-publish","format-standard","has-post-thumbnail","hentry","category-news","tag-cancion","tag-greta-van-fleet","tag-my-way-soon","tag-nueva"],"yoast_head":"<!-- This site is optimized with the Yoast SEO plugin v27.5 - https:\/\/yoast.com\/product\/yoast-seo-wordpress\/ -->\n<title>Greta Van Fleet regresa con la nueva canci\u00f3n &quot;My Way, Soon&quot; - Radio UNO Digital<\/title>\n<meta name=\"description\" content=\"Greta Van Fleet ha regresado con su primer material nuevo en m\u00e1s de un a\u00f1o en forma de single &quot;My Way, Soon&quot;.\" \/>\n<meta name=\"robots\" content=\"index, follow, max-snippet:-1, max-image-preview:large, max-video-preview:-1\" \/>\n<link rel=\"canonical\" href=\"https:\/\/radiounodigital.com\/web\/2020\/10\/09\/greta-van-fleet-regresa-con-la-nueva-cancion-my-way-soon\/\" \/>\n<meta property=\"og:locale\" content=\"es_ES\" \/>\n<meta property=\"og:type\" content=\"article\" \/>\n<meta property=\"og:title\" content=\"Greta Van Fleet regresa con la nueva canci\u00f3n &quot;My Way, Soon&quot; - Radio UNO Digital\" \/>\n<meta property=\"og:description\" content=\"Greta Van Fleet ha regresado con su primer material nuevo en m\u00e1s de un a\u00f1o en forma de single &quot;My Way, Soon&quot;.\" \/>\n<meta property=\"og:url\" content=\"https:\/\/radiounodigital.com\/web\/2020\/10\/09\/greta-van-fleet-regresa-con-la-nueva-cancion-my-way-soon\/\" \/>\n<meta property=\"og:site_name\" content=\"Radio UNO Digital\" \/>\n<meta property=\"article:published_time\" content=\"2020-10-09T16:45:50+00:00\" \/>\n<meta property=\"og:image\" content=\"https:\/\/radiounodigital.com\/web\/wp-content\/uploads\/2020\/10\/gretavanfleet-696x442-1.jpg\" \/>\n\t<meta property=\"og:image:width\" content=\"696\" \/>\n\t<meta property=\"og:image:height\" content=\"442\" \/>\n\t<meta property=\"og:image:type\" content=\"image\/jpeg\" \/>\n<meta name=\"author\" content=\"diegoc\" \/>\n<meta name=\"twitter:card\" content=\"summary_large_image\" \/>\n<meta name=\"twitter:label1\" content=\"Escrito por\" \/>\n\t<meta name=\"twitter:data1\" content=\"diegoc\" \/>\n\t<meta name=\"twitter:label2\" content=\"Tiempo de lectura\" \/>\n\t<meta name=\"twitter:data2\" content=\"1 minuto\" \/>\n<script type=\"application\/ld+json\" class=\"yoast-schema-graph\">{\"@context\":\"https:\\\/\\\/schema.org\",\"@graph\":[{\"@type\":\"Article\",\"@id\":\"https:\\\/\\\/radiounodigital.com\\\/web\\\/2020\\\/10\\\/09\\\/greta-van-fleet-regresa-con-la-nueva-cancion-my-way-soon\\\/#article\",\"isPartOf\":{\"@id\":\"https:\\\/\\\/radiounodigital.com\\\/web\\\/2020\\\/10\\\/09\\\/greta-van-fleet-regresa-con-la-nueva-cancion-my-way-soon\\\/\"},\"author\":{\"name\":\"diegoc\",\"@id\":\"https:\\\/\\\/radiounodigital.com\\\/web\\\/#\\\/schema\\\/person\\\/00b93151fa54f619ecf9c183d1fc9758\"},\"headline\":\"Greta Van Fleet regresa con la nueva canci\u00f3n \u00abMy Way, Soon\u00bb\",\"datePublished\":\"2020-10-09T16:45:50+00:00\",\"mainEntityOfPage\":{\"@id\":\"https:\\\/\\\/radiounodigital.com\\\/web\\\/2020\\\/10\\\/09\\\/greta-van-fleet-regresa-con-la-nueva-cancion-my-way-soon\\\/\"},\"wordCount\":241,\"commentCount\":0,\"image\":{\"@id\":\"https:\\\/\\\/radiounodigital.com\\\/web\\\/2020\\\/10\\\/09\\\/greta-van-fleet-regresa-con-la-nueva-cancion-my-way-soon\\\/#primaryimage\"},\"thumbnailUrl\":\"https:\\\/\\\/radiounodigital.com\\\/web\\\/wp-content\\\/uploads\\\/2020\\\/10\\\/gretavanfleet-696x442-1.jpg\",\"keywords\":[\"cancion\",\"greta van fleet\",\"my way soon\",\"nueva\"],\"articleSection\":[\"news\"],\"inLanguage\":\"es\",\"potentialAction\":[{\"@type\":\"CommentAction\",\"name\":\"Comment\",\"target\":[\"https:\\\/\\\/radiounodigital.com\\\/web\\\/2020\\\/10\\\/09\\\/greta-van-fleet-regresa-con-la-nueva-cancion-my-way-soon\\\/#respond\"]}]},{\"@type\":\"WebPage\",\"@id\":\"https:\\\/\\\/radiounodigital.com\\\/web\\\/2020\\\/10\\\/09\\\/greta-van-fleet-regresa-con-la-nueva-cancion-my-way-soon\\\/\",\"url\":\"https:\\\/\\\/radiounodigital.com\\\/web\\\/2020\\\/10\\\/09\\\/greta-van-fleet-regresa-con-la-nueva-cancion-my-way-soon\\\/\",\"name\":\"Greta Van Fleet regresa con la nueva canci\u00f3n \\\"My Way, Soon\\\" - Radio UNO Digital\",\"isPartOf\":{\"@id\":\"https:\\\/\\\/radiounodigital.com\\\/web\\\/#website\"},\"primaryImageOfPage\":{\"@id\":\"https:\\\/\\\/radiounodigital.com\\\/web\\\/2020\\\/10\\\/09\\\/greta-van-fleet-regresa-con-la-nueva-cancion-my-way-soon\\\/#primaryimage\"},\"image\":{\"@id\":\"https:\\\/\\\/radiounodigital.com\\\/web\\\/2020\\\/10\\\/09\\\/greta-van-fleet-regresa-con-la-nueva-cancion-my-way-soon\\\/#primaryimage\"},\"thumbnailUrl\":\"https:\\\/\\\/radiounodigital.com\\\/web\\\/wp-content\\\/uploads\\\/2020\\\/10\\\/gretavanfleet-696x442-1.jpg\",\"datePublished\":\"2020-10-09T16:45:50+00:00\",\"author\":{\"@id\":\"https:\\\/\\\/radiounodigital.com\\\/web\\\/#\\\/schema\\\/person\\\/00b93151fa54f619ecf9c183d1fc9758\"},\"description\":\"Greta Van Fleet ha regresado con su primer material nuevo en m\u00e1s de un a\u00f1o en forma de single \\\"My Way, Soon\\\".\",\"breadcrumb\":{\"@id\":\"https:\\\/\\\/radiounodigital.com\\\/web\\\/2020\\\/10\\\/09\\\/greta-van-fleet-regresa-con-la-nueva-cancion-my-way-soon\\\/#breadcrumb\"},\"inLanguage\":\"es\",\"potentialAction\":[{\"@type\":\"ReadAction\",\"target\":[\"https:\\\/\\\/radiounodigital.com\\\/web\\\/2020\\\/10\\\/09\\\/greta-van-fleet-regresa-con-la-nueva-cancion-my-way-soon\\\/\"]}]},{\"@type\":\"ImageObject\",\"inLanguage\":\"es\",\"@id\":\"https:\\\/\\\/radiounodigital.com\\\/web\\\/2020\\\/10\\\/09\\\/greta-van-fleet-regresa-con-la-nueva-cancion-my-way-soon\\\/#primaryimage\",\"url\":\"https:\\\/\\\/radiounodigital.com\\\/web\\\/wp-content\\\/uploads\\\/2020\\\/10\\\/gretavanfleet-696x442-1.jpg\",\"contentUrl\":\"https:\\\/\\\/radiounodigital.com\\\/web\\\/wp-content\\\/uploads\\\/2020\\\/10\\\/gretavanfleet-696x442-1.jpg\",\"width\":696,\"height\":442},{\"@type\":\"BreadcrumbList\",\"@id\":\"https:\\\/\\\/radiounodigital.com\\\/web\\\/2020\\\/10\\\/09\\\/greta-van-fleet-regresa-con-la-nueva-cancion-my-way-soon\\\/#breadcrumb\",\"itemListElement\":[{\"@type\":\"ListItem\",\"position\":1,\"name\":\"Home\",\"item\":\"https:\\\/\\\/radiounodigital.com\\\/web\\\/\"},{\"@type\":\"ListItem\",\"position\":2,\"name\":\"Greta Van Fleet regresa con la nueva canci\u00f3n \u00abMy Way, Soon\u00bb\"}]},{\"@type\":\"WebSite\",\"@id\":\"https:\\\/\\\/radiounodigital.com\\\/web\\\/#website\",\"url\":\"https:\\\/\\\/radiounodigital.com\\\/web\\\/\",\"name\":\"Radio UNO Digital\",\"description\":\"Donde la cultura del rock se siente\",\"potentialAction\":[{\"@type\":\"SearchAction\",\"target\":{\"@type\":\"EntryPoint\",\"urlTemplate\":\"https:\\\/\\\/radiounodigital.com\\\/web\\\/?s={search_term_string}\"},\"query-input\":{\"@type\":\"PropertyValueSpecification\",\"valueRequired\":true,\"valueName\":\"search_term_string\"}}],\"inLanguage\":\"es\"},{\"@type\":\"Person\",\"@id\":\"https:\\\/\\\/radiounodigital.com\\\/web\\\/#\\\/schema\\\/person\\\/00b93151fa54f619ecf9c183d1fc9758\",\"name\":\"diegoc\",\"image\":{\"@type\":\"ImageObject\",\"inLanguage\":\"es\",\"@id\":\"https:\\\/\\\/secure.gravatar.com\\\/avatar\\\/0a67041d44c702fb0660d81a5a32c7ce6007341cf92afeb718b75883bf415864?s=96&d=blank&r=g\",\"url\":\"https:\\\/\\\/secure.gravatar.com\\\/avatar\\\/0a67041d44c702fb0660d81a5a32c7ce6007341cf92afeb718b75883bf415864?s=96&d=blank&r=g\",\"contentUrl\":\"https:\\\/\\\/secure.gravatar.com\\\/avatar\\\/0a67041d44c702fb0660d81a5a32c7ce6007341cf92afeb718b75883bf415864?s=96&d=blank&r=g\",\"caption\":\"diegoc\"},\"url\":\"https:\\\/\\\/radiounodigital.com\\\/web\\\/author\\\/diegoc\\\/\"}]}<\/script>\n<!-- \/ Yoast SEO plugin. -->","yoast_head_json":{"title":"Greta Van Fleet regresa con la nueva canci\u00f3n \"My Way, Soon\" - Radio UNO Digital","description":"Greta Van Fleet ha regresado con su primer material nuevo en m\u00e1s de un a\u00f1o en forma de single \"My Way, Soon\".","robots":{"index":"index","follow":"follow","max-snippet":"max-snippet:-1","max-image-preview":"max-image-preview:large","max-video-preview":"max-video-preview:-1"},"canonical":"https:\/\/radiounodigital.com\/web\/2020\/10\/09\/greta-van-fleet-regresa-con-la-nueva-cancion-my-way-soon\/","og_locale":"es_ES","og_type":"article","og_title":"Greta Van Fleet regresa con la nueva canci\u00f3n \"My Way, Soon\" - Radio UNO Digital","og_description":"Greta Van Fleet ha regresado con su primer material nuevo en m\u00e1s de un a\u00f1o en forma de single \"My Way, Soon\".","og_url":"https:\/\/radiounodigital.com\/web\/2020\/10\/09\/greta-van-fleet-regresa-con-la-nueva-cancion-my-way-soon\/","og_site_name":"Radio UNO Digital","article_published_time":"2020-10-09T16:45:50+00:00","og_image":[{"width":696,"height":442,"url":"https:\/\/radiounodigital.com\/web\/wp-content\/uploads\/2020\/10\/gretavanfleet-696x442-1.jpg","type":"image\/jpeg"}],"author":"diegoc","twitter_card":"summary_large_image","twitter_misc":{"Escrito por":"diegoc","Tiempo de lectura":"1 minuto"},"schema":{"@context":"https:\/\/schema.org","@graph":[{"@type":"Article","@id":"https:\/\/radiounodigital.com\/web\/2020\/10\/09\/greta-van-fleet-regresa-con-la-nueva-cancion-my-way-soon\/#article","isPartOf":{"@id":"https:\/\/radiounodigital.com\/web\/2020\/10\/09\/greta-van-fleet-regresa-con-la-nueva-cancion-my-way-soon\/"},"author":{"name":"diegoc","@id":"https:\/\/radiounodigital.com\/web\/#\/schema\/person\/00b93151fa54f619ecf9c183d1fc9758"},"headline":"Greta Van Fleet regresa con la nueva canci\u00f3n \u00abMy Way, Soon\u00bb","datePublished":"2020-10-09T16:45:50+00:00","mainEntityOfPage":{"@id":"https:\/\/radiounodigital.com\/web\/2020\/10\/09\/greta-van-fleet-regresa-con-la-nueva-cancion-my-way-soon\/"},"wordCount":241,"commentCount":0,"image":{"@id":"https:\/\/radiounodigital.com\/web\/2020\/10\/09\/greta-van-fleet-regresa-con-la-nueva-cancion-my-way-soon\/#primaryimage"},"thumbnailUrl":"https:\/\/radiounodigital.com\/web\/wp-content\/uploads\/2020\/10\/gretavanfleet-696x442-1.jpg","keywords":["cancion","greta van fleet","my way soon","nueva"],"articleSection":["news"],"inLanguage":"es","potentialAction":[{"@type":"CommentAction","name":"Comment","target":["https:\/\/radiounodigital.com\/web\/2020\/10\/09\/greta-van-fleet-regresa-con-la-nueva-cancion-my-way-soon\/#respond"]}]},{"@type":"WebPage","@id":"https:\/\/radiounodigital.com\/web\/2020\/10\/09\/greta-van-fleet-regresa-con-la-nueva-cancion-my-way-soon\/","url":"https:\/\/radiounodigital.com\/web\/2020\/10\/09\/greta-van-fleet-regresa-con-la-nueva-cancion-my-way-soon\/","name":"Greta Van Fleet regresa con la nueva canci\u00f3n \"My Way, Soon\" - Radio UNO Digital","isPartOf":{"@id":"https:\/\/radiounodigital.com\/web\/#website"},"primaryImageOfPage":{"@id":"https:\/\/radiounodigital.com\/web\/2020\/10\/09\/greta-van-fleet-regresa-con-la-nueva-cancion-my-way-soon\/#primaryimage"},"image":{"@id":"https:\/\/radiounodigital.com\/web\/2020\/10\/09\/greta-van-fleet-regresa-con-la-nueva-cancion-my-way-soon\/#primaryimage"},"thumbnailUrl":"https:\/\/radiounodigital.com\/web\/wp-content\/uploads\/2020\/10\/gretavanfleet-696x442-1.jpg","datePublished":"2020-10-09T16:45:50+00:00","author":{"@id":"https:\/\/radiounodigital.com\/web\/#\/schema\/person\/00b93151fa54f619ecf9c183d1fc9758"},"description":"Greta Van Fleet ha regresado con su primer material nuevo en m\u00e1s de un a\u00f1o en forma de single \"My Way, Soon\".","breadcrumb":{"@id":"https:\/\/radiounodigital.com\/web\/2020\/10\/09\/greta-van-fleet-regresa-con-la-nueva-cancion-my-way-soon\/#breadcrumb"},"inLanguage":"es","potentialAction":[{"@type":"ReadAction","target":["https:\/\/radiounodigital.com\/web\/2020\/10\/09\/greta-van-fleet-regresa-con-la-nueva-cancion-my-way-soon\/"]}]},{"@type":"ImageObject","inLanguage":"es","@id":"https:\/\/radiounodigital.com\/web\/2020\/10\/09\/greta-van-fleet-regresa-con-la-nueva-cancion-my-way-soon\/#primaryimage","url":"https:\/\/radiounodigital.com\/web\/wp-content\/uploads\/2020\/10\/gretavanfleet-696x442-1.jpg","contentUrl":"https:\/\/radiounodigital.com\/web\/wp-content\/uploads\/2020\/10\/gretavanfleet-696x442-1.jpg","width":696,"height":442},{"@type":"BreadcrumbList","@id":"https:\/\/radiounodigital.com\/web\/2020\/10\/09\/greta-van-fleet-regresa-con-la-nueva-cancion-my-way-soon\/#breadcrumb","itemListElement":[{"@type":"ListItem","position":1,"name":"Home","item":"https:\/\/radiounodigital.com\/web\/"},{"@type":"ListItem","position":2,"name":"Greta Van Fleet regresa con la nueva canci\u00f3n \u00abMy Way, Soon\u00bb"}]},{"@type":"WebSite","@id":"https:\/\/radiounodigital.com\/web\/#website","url":"https:\/\/radiounodigital.com\/web\/","name":"Radio UNO Digital","description":"Donde la cultura del rock se siente","potentialAction":[{"@type":"SearchAction","target":{"@type":"EntryPoint","urlTemplate":"https:\/\/radiounodigital.com\/web\/?s={search_term_string}"},"query-input":{"@type":"PropertyValueSpecification","valueRequired":true,"valueName":"search_term_string"}}],"inLanguage":"es"},{"@type":"Person","@id":"https:\/\/radiounodigital.com\/web\/#\/schema\/person\/00b93151fa54f619ecf9c183d1fc9758","name":"diegoc","image":{"@type":"ImageObject","inLanguage":"es","@id":"https:\/\/secure.gravatar.com\/avatar\/0a67041d44c702fb0660d81a5a32c7ce6007341cf92afeb718b75883bf415864?s=96&d=blank&r=g","url":"https:\/\/secure.gravatar.com\/avatar\/0a67041d44c702fb0660d81a5a32c7ce6007341cf92afeb718b75883bf415864?s=96&d=blank&r=g","contentUrl":"https:\/\/secure.gravatar.com\/avatar\/0a67041d44c702fb0660d81a5a32c7ce6007341cf92afeb718b75883bf415864?s=96&d=blank&r=g","caption":"diegoc"},"url":"https:\/\/radiounodigital.com\/web\/author\/diegoc\/"}]}},"_links":{"self":[{"href":"https:\/\/radiounodigital.com\/web\/wp-json\/wp\/v2\/posts\/4694","targetHints":{"allow":["GET"]}}],"collection":[{"href":"https:\/\/radiounodigital.com\/web\/wp-json\/wp\/v2\/posts"}],"about":[{"href":"https:\/\/radiounodigital.com\/web\/wp-json\/wp\/v2\/types\/post"}],"author":[{"embeddable":true,"href":"https:\/\/radiounodigital.com\/web\/wp-json\/wp\/v2\/users\/1"}],"replies":[{"embeddable":true,"href":"https:\/\/radiounodigital.com\/web\/wp-json\/wp\/v2\/comments?post=4694"}],"version-history":[{"count":1,"href":"https:\/\/radiounodigital.com\/web\/wp-json\/wp\/v2\/posts\/4694\/revisions"}],"predecessor-version":[{"id":4697,"href":"https:\/\/radiounodigital.com\/web\/wp-json\/wp\/v2\/posts\/4694\/revisions\/4697"}],"wp:featuredmedia":[{"embeddable":true,"href":"https:\/\/radiounodigital.com\/web\/wp-json\/wp\/v2\/media\/4695"}],"wp:attachment":[{"href":"https:\/\/radiounodigital.com\/web\/wp-json\/wp\/v2\/media?parent=4694"}],"wp:term":[{"taxonomy":"category","embeddable":true,"href":"https:\/\/radiounodigital.com\/web\/wp-json\/wp\/v2\/categories?post=4694"},{"taxonomy":"post_tag","embeddable":true,"href":"https:\/\/radiounodigital.com\/web\/wp-json\/wp\/v2\/tags?post=4694"}],"curies":[{"name":"wp","href":"https:\/\/api.w.org\/{rel}","templated":true}]}}