{"id":4698,"date":"2020-10-09T14:09:13","date_gmt":"2020-10-09T17:09:13","guid":{"rendered":"https:\/\/radiounodigital.com\/web\/?p=4698"},"modified":"2020-10-09T14:09:13","modified_gmt":"2020-10-09T17:09:13","slug":"john-lennon-80-anos-de-vida-a-puro-rock-and-roll","status":"publish","type":"post","link":"https:\/\/radiounodigital.com\/web\/2020\/10\/09\/john-lennon-80-anos-de-vida-a-puro-rock-and-roll\/","title":{"rendered":"John Lennon: 80 a\u00f1os de vida a puro rock and roll"},"content":{"rendered":"<h3>El 80 cumplea\u00f1os de John Lennon se marcar\u00e1 con el lanzamiento de un canal de televisi\u00f3n emergente.<\/h3>\n<p><img loading=\"lazy\" decoding=\"async\" class=\"aligncenter size-full wp-image-4700\" src=\"https:\/\/radiounodigital.com\/web\/wp-content\/uploads\/2020\/10\/lennon-yoko.jpg\" alt=\"\" width=\"2000\" height=\"1270\" srcset=\"https:\/\/radiounodigital.com\/web\/wp-content\/uploads\/2020\/10\/lennon-yoko.jpg 2000w, https:\/\/radiounodigital.com\/web\/wp-content\/uploads\/2020\/10\/lennon-yoko-300x191.jpg 300w, https:\/\/radiounodigital.com\/web\/wp-content\/uploads\/2020\/10\/lennon-yoko-1024x650.jpg 1024w, https:\/\/radiounodigital.com\/web\/wp-content\/uploads\/2020\/10\/lennon-yoko-768x488.jpg 768w, https:\/\/radiounodigital.com\/web\/wp-content\/uploads\/2020\/10\/lennon-yoko-1536x975.jpg 1536w\" sizes=\"auto, (max-width: 2000px) 100vw, 2000px\" \/><\/p>\n<p>Una mezcla de material antiguo y contenido nuevo se emitir\u00e1 a finales de esta semana.<\/p>\n<p>Se est\u00e1 lanzando un nuevo canal de televisi\u00f3n emergente para conmemorar lo que habr\u00eda sido el 80 cumplea\u00f1os de John Lennon esta semana.<\/p>\n<p>Sky, Virgin y Freeview transmitir\u00e1n LENNON80 en honor al cumplea\u00f1os del fallecido Beatle este viernes (9 de octubre), que incluir\u00e1 una mezcla de im\u00e1genes antiguas y contenido nuevo.<\/p>\n<p>Entre los programas que se transmitir\u00e1n en el canal se encuentra el famoso documental Bed Peace, que sigue a la famosa protesta \u00abBed-In for Peace\u00bb de Lennon y Yoko Ono en 1969, as\u00ed como apariciones en Parkinson en 1971 y The Dick Cavett Show en 1971. y 1972.<\/p>\n<p>El canal tambi\u00e9n mostrar\u00e1 tres documentales de Ono: su conferencia de la Tate Gallery de 2004, su actuaci\u00f3n de Onochord y un espect\u00e1culo sobre Imagine Peace Tower en Islandia.<\/p>\n<p>Adem\u00e1s, habr\u00e1 tres nuevos programas presentados por Matt Everitt de BBC 6Music, incluidas las 25 mejores canciones de John Lennon, que contar\u00e1n los mejores Beatles y canciones en solitario escritas por Lennon, con videos musicales remasterizados.<\/p>\n<p><img loading=\"lazy\" decoding=\"async\" class=\"aligncenter size-full wp-image-4701\" src=\"https:\/\/radiounodigital.com\/web\/wp-content\/uploads\/2020\/10\/johnlennon.jpg\" alt=\"\" width=\"2000\" height=\"1270\" srcset=\"https:\/\/radiounodigital.com\/web\/wp-content\/uploads\/2020\/10\/johnlennon.jpg 2000w, https:\/\/radiounodigital.com\/web\/wp-content\/uploads\/2020\/10\/johnlennon-300x191.jpg 300w, https:\/\/radiounodigital.com\/web\/wp-content\/uploads\/2020\/10\/johnlennon-1024x650.jpg 1024w, https:\/\/radiounodigital.com\/web\/wp-content\/uploads\/2020\/10\/johnlennon-768x488.jpg 768w, https:\/\/radiounodigital.com\/web\/wp-content\/uploads\/2020\/10\/johnlennon-1536x975.jpg 1536w\" sizes=\"auto, (max-width: 2000px) 100vw, 2000px\" \/><\/p>\n<p>From The Lennon Archive mostrar\u00e1 algunos videos musicales menos conocidos y gemas raras del archivo de la familia Lennon, mientras que John&#8217;s Jukebox mostrar\u00e1 una serie de canciones de las d\u00e9cadas de 1970 y 1980 que influyeron en Lennon en sus a\u00f1os como solista, incluidas canciones de Sir Elton John, David Bowie y Bruce Springsteen.<\/p>\n<p>LENNON80 estar\u00e1 disponible hasta el 15 de octubre, y ha sido elaborado y coordinado por el director de televisi\u00f3n musical Simon Sadler y el archivero de Lennon \/ Ono Simon Hilton.<\/p>\n<p>\u00abNo hay muchos artistas dignos de un canal dedicado a un solo nombre, pero John Lennon es sin duda uno de ellos\u00bb, dijo Sadler.<\/p>\n<p>\u201cPara conmemorar su 80 cumplea\u00f1os, estamos encantados de haber reunido muchos momentos cl\u00e1sicos de la vida de John, desde su vida en casa, en los programas de chat y las protestas por la paz, adem\u00e1s de traer la m\u00fasica solista de John junto con las canciones que escribi\u00f3 para el Beatles para una rara salida en la televisi\u00f3n \u00ab.<\/p>\n<p>Antes del cumplea\u00f1os de Lennon esta semana, Paul McCartney ha reflexionado sobre c\u00f3mo conoci\u00f3 a Lennon, adem\u00e1s de recordar su asociaci\u00f3n como compositor, para un nuevo programa en BBC Radio 2 presentado por el hijo de Lennon, Sean.<\/p>\n<p><iframe loading=\"lazy\" src=\"https:\/\/open.spotify.com\/embed\/playlist\/37i9dQZF1DX3WXnClxyI5d\" width=\"600\" height=\"1900\" frameborder=\"0\"><span data-mce-type=\"bookmark\" style=\"display: inline-block; width: 0px; overflow: hidden; line-height: 0;\" class=\"mce_SELRES_start\">\ufeff<\/span><span data-mce-type=\"bookmark\" style=\"display: inline-block; width: 0px; overflow: hidden; line-height: 0;\" class=\"mce_SELRES_start\">\ufeff<\/span><span data-mce-type=\"bookmark\" style=\"display: inline-block; width: 0px; overflow: hidden; line-height: 0;\" class=\"mce_SELRES_start\">\ufeff<\/span><span data-mce-type=\"bookmark\" style=\"display: inline-block; width: 0px; overflow: hidden; line-height: 0;\" class=\"mce_SELRES_start\">\ufeff<\/span><\/iframe><\/p>\n<div class=\"fb-background-color\">\n\t\t\t  <div \n\t\t\t  \tclass = \"fb-comments\" \n\t\t\t  \tdata-href = \"https:\/\/radiounodigital.com\/web\/2020\/10\/09\/john-lennon-80-anos-de-vida-a-puro-rock-and-roll\/\"\n\t\t\t  \tdata-numposts = \"10\"\n\t\t\t  \tdata-lazy = \"true\"\n\t\t\t\tdata-colorscheme = \"dark\"\n\t\t\t\tdata-order-by = \"reverse_time\"\n\t\t\t\tdata-mobile=true>\n\t\t\t  <\/div><\/div>\n\t\t  <style>\n\t\t    .fb-background-color {\n\t\t\t\tbackground: #ffffff !important;\n\t\t\t}\n\t\t\t.fb_iframe_widget_fluid_desktop iframe {\n\t\t\t    width: 100% !important;\n\t\t\t}\n\t\t  <\/style>\n\t\t  ","protected":false},"excerpt":{"rendered":"<p>El 80 cumplea\u00f1os de John Lennon se marcar\u00e1 con el lanzamiento de un canal de televisi\u00f3n emergente. Una mezcla de material antiguo y contenido nuevo se emitir\u00e1 a finales de esta semana. Se est\u00e1 lanzando un nuevo canal de televisi\u00f3n emergente para conmemorar lo que habr\u00eda sido el 80 cumplea\u00f1os de John Lennon esta semana&#8230;. <a href=\"https:\/\/radiounodigital.com\/web\/2020\/10\/09\/john-lennon-80-anos-de-vida-a-puro-rock-and-roll\/\" class=\"excerpt-read-more\">Read More<\/a><\/p>\n","protected":false},"author":1,"featured_media":4699,"comment_status":"open","ping_status":"open","sticky":false,"template":"","format":"standard","meta":{"footnotes":""},"categories":[180],"tags":[1315,1314,389],"class_list":["post-4698","post","type-post","status-publish","format-standard","has-post-thumbnail","hentry","category-news","tag-80a-nso","tag-cumpeanos","tag-john-lennon"],"yoast_head":"<!-- This site is optimized with the Yoast SEO plugin v27.4 - https:\/\/yoast.com\/product\/yoast-seo-wordpress\/ -->\n<title>John Lennon: 80 a\u00f1os de vida a puro rock and roll - Radio UNO Digital<\/title>\n<meta name=\"robots\" content=\"index, follow, max-snippet:-1, max-image-preview:large, max-video-preview:-1\" \/>\n<link rel=\"canonical\" href=\"https:\/\/radiounodigital.com\/web\/2020\/10\/09\/john-lennon-80-anos-de-vida-a-puro-rock-and-roll\/\" \/>\n<meta property=\"og:locale\" content=\"es_ES\" \/>\n<meta property=\"og:type\" content=\"article\" \/>\n<meta property=\"og:title\" content=\"John Lennon: 80 a\u00f1os de vida a puro rock and roll - Radio UNO Digital\" \/>\n<meta property=\"og:description\" content=\"El 80 cumplea\u00f1os de John Lennon se marcar\u00e1 con el lanzamiento de un canal de televisi\u00f3n emergente. Una mezcla de material antiguo y contenido nuevo se emitir\u00e1 a finales de esta semana. Se est\u00e1 lanzando un nuevo canal de televisi\u00f3n emergente para conmemorar lo que habr\u00eda sido el 80 cumplea\u00f1os de John Lennon esta semana.... Read More\" \/>\n<meta property=\"og:url\" content=\"https:\/\/radiounodigital.com\/web\/2020\/10\/09\/john-lennon-80-anos-de-vida-a-puro-rock-and-roll\/\" \/>\n<meta property=\"og:site_name\" content=\"Radio UNO Digital\" \/>\n<meta property=\"article:published_time\" content=\"2020-10-09T17:09:13+00:00\" \/>\n<meta property=\"og:image\" content=\"https:\/\/radiounodigital.com\/web\/wp-content\/uploads\/2020\/10\/John-Lennon-696x443-1.jpg\" \/>\n\t<meta property=\"og:image:width\" content=\"696\" \/>\n\t<meta property=\"og:image:height\" content=\"443\" \/>\n\t<meta property=\"og:image:type\" content=\"image\/jpeg\" \/>\n<meta name=\"author\" content=\"diegoc\" \/>\n<meta name=\"twitter:card\" content=\"summary_large_image\" \/>\n<meta name=\"twitter:label1\" content=\"Escrito por\" \/>\n\t<meta name=\"twitter:data1\" content=\"diegoc\" \/>\n\t<meta name=\"twitter:label2\" content=\"Tiempo de lectura\" \/>\n\t<meta name=\"twitter:data2\" content=\"2 minutos\" \/>\n<script type=\"application\/ld+json\" class=\"yoast-schema-graph\">{\"@context\":\"https:\\\/\\\/schema.org\",\"@graph\":[{\"@type\":\"Article\",\"@id\":\"https:\\\/\\\/radiounodigital.com\\\/web\\\/2020\\\/10\\\/09\\\/john-lennon-80-anos-de-vida-a-puro-rock-and-roll\\\/#article\",\"isPartOf\":{\"@id\":\"https:\\\/\\\/radiounodigital.com\\\/web\\\/2020\\\/10\\\/09\\\/john-lennon-80-anos-de-vida-a-puro-rock-and-roll\\\/\"},\"author\":{\"name\":\"diegoc\",\"@id\":\"https:\\\/\\\/radiounodigital.com\\\/web\\\/#\\\/schema\\\/person\\\/00b93151fa54f619ecf9c183d1fc9758\"},\"headline\":\"John Lennon: 80 a\u00f1os de vida a puro rock and roll\",\"datePublished\":\"2020-10-09T17:09:13+00:00\",\"mainEntityOfPage\":{\"@id\":\"https:\\\/\\\/radiounodigital.com\\\/web\\\/2020\\\/10\\\/09\\\/john-lennon-80-anos-de-vida-a-puro-rock-and-roll\\\/\"},\"wordCount\":425,\"commentCount\":0,\"image\":{\"@id\":\"https:\\\/\\\/radiounodigital.com\\\/web\\\/2020\\\/10\\\/09\\\/john-lennon-80-anos-de-vida-a-puro-rock-and-roll\\\/#primaryimage\"},\"thumbnailUrl\":\"https:\\\/\\\/radiounodigital.com\\\/web\\\/wp-content\\\/uploads\\\/2020\\\/10\\\/John-Lennon-696x443-1.jpg\",\"keywords\":[\"80a \u00f1so\",\"cumpea\u00f1os\",\"john lennon\"],\"articleSection\":[\"news\"],\"inLanguage\":\"es\",\"potentialAction\":[{\"@type\":\"CommentAction\",\"name\":\"Comment\",\"target\":[\"https:\\\/\\\/radiounodigital.com\\\/web\\\/2020\\\/10\\\/09\\\/john-lennon-80-anos-de-vida-a-puro-rock-and-roll\\\/#respond\"]}]},{\"@type\":\"WebPage\",\"@id\":\"https:\\\/\\\/radiounodigital.com\\\/web\\\/2020\\\/10\\\/09\\\/john-lennon-80-anos-de-vida-a-puro-rock-and-roll\\\/\",\"url\":\"https:\\\/\\\/radiounodigital.com\\\/web\\\/2020\\\/10\\\/09\\\/john-lennon-80-anos-de-vida-a-puro-rock-and-roll\\\/\",\"name\":\"John Lennon: 80 a\u00f1os de vida a puro rock and roll - Radio UNO Digital\",\"isPartOf\":{\"@id\":\"https:\\\/\\\/radiounodigital.com\\\/web\\\/#website\"},\"primaryImageOfPage\":{\"@id\":\"https:\\\/\\\/radiounodigital.com\\\/web\\\/2020\\\/10\\\/09\\\/john-lennon-80-anos-de-vida-a-puro-rock-and-roll\\\/#primaryimage\"},\"image\":{\"@id\":\"https:\\\/\\\/radiounodigital.com\\\/web\\\/2020\\\/10\\\/09\\\/john-lennon-80-anos-de-vida-a-puro-rock-and-roll\\\/#primaryimage\"},\"thumbnailUrl\":\"https:\\\/\\\/radiounodigital.com\\\/web\\\/wp-content\\\/uploads\\\/2020\\\/10\\\/John-Lennon-696x443-1.jpg\",\"datePublished\":\"2020-10-09T17:09:13+00:00\",\"author\":{\"@id\":\"https:\\\/\\\/radiounodigital.com\\\/web\\\/#\\\/schema\\\/person\\\/00b93151fa54f619ecf9c183d1fc9758\"},\"breadcrumb\":{\"@id\":\"https:\\\/\\\/radiounodigital.com\\\/web\\\/2020\\\/10\\\/09\\\/john-lennon-80-anos-de-vida-a-puro-rock-and-roll\\\/#breadcrumb\"},\"inLanguage\":\"es\",\"potentialAction\":[{\"@type\":\"ReadAction\",\"target\":[\"https:\\\/\\\/radiounodigital.com\\\/web\\\/2020\\\/10\\\/09\\\/john-lennon-80-anos-de-vida-a-puro-rock-and-roll\\\/\"]}]},{\"@type\":\"ImageObject\",\"inLanguage\":\"es\",\"@id\":\"https:\\\/\\\/radiounodigital.com\\\/web\\\/2020\\\/10\\\/09\\\/john-lennon-80-anos-de-vida-a-puro-rock-and-roll\\\/#primaryimage\",\"url\":\"https:\\\/\\\/radiounodigital.com\\\/web\\\/wp-content\\\/uploads\\\/2020\\\/10\\\/John-Lennon-696x443-1.jpg\",\"contentUrl\":\"https:\\\/\\\/radiounodigital.com\\\/web\\\/wp-content\\\/uploads\\\/2020\\\/10\\\/John-Lennon-696x443-1.jpg\",\"width\":696,\"height\":443,\"caption\":\"John Lennon being interviewed by journalist Steve Turner of Beat Instrumental magazine, Apple Records, London, 19th July 1971. (Photo by Michael Putland\\\/Getty Images)\"},{\"@type\":\"BreadcrumbList\",\"@id\":\"https:\\\/\\\/radiounodigital.com\\\/web\\\/2020\\\/10\\\/09\\\/john-lennon-80-anos-de-vida-a-puro-rock-and-roll\\\/#breadcrumb\",\"itemListElement\":[{\"@type\":\"ListItem\",\"position\":1,\"name\":\"Home\",\"item\":\"https:\\\/\\\/radiounodigital.com\\\/web\\\/\"},{\"@type\":\"ListItem\",\"position\":2,\"name\":\"John Lennon: 80 a\u00f1os de vida a puro rock and roll\"}]},{\"@type\":\"WebSite\",\"@id\":\"https:\\\/\\\/radiounodigital.com\\\/web\\\/#website\",\"url\":\"https:\\\/\\\/radiounodigital.com\\\/web\\\/\",\"name\":\"Radio UNO Digital\",\"description\":\"Donde la cultura del rock se siente\",\"potentialAction\":[{\"@type\":\"SearchAction\",\"target\":{\"@type\":\"EntryPoint\",\"urlTemplate\":\"https:\\\/\\\/radiounodigital.com\\\/web\\\/?s={search_term_string}\"},\"query-input\":{\"@type\":\"PropertyValueSpecification\",\"valueRequired\":true,\"valueName\":\"search_term_string\"}}],\"inLanguage\":\"es\"},{\"@type\":\"Person\",\"@id\":\"https:\\\/\\\/radiounodigital.com\\\/web\\\/#\\\/schema\\\/person\\\/00b93151fa54f619ecf9c183d1fc9758\",\"name\":\"diegoc\",\"image\":{\"@type\":\"ImageObject\",\"inLanguage\":\"es\",\"@id\":\"https:\\\/\\\/secure.gravatar.com\\\/avatar\\\/0a67041d44c702fb0660d81a5a32c7ce6007341cf92afeb718b75883bf415864?s=96&d=blank&r=g\",\"url\":\"https:\\\/\\\/secure.gravatar.com\\\/avatar\\\/0a67041d44c702fb0660d81a5a32c7ce6007341cf92afeb718b75883bf415864?s=96&d=blank&r=g\",\"contentUrl\":\"https:\\\/\\\/secure.gravatar.com\\\/avatar\\\/0a67041d44c702fb0660d81a5a32c7ce6007341cf92afeb718b75883bf415864?s=96&d=blank&r=g\",\"caption\":\"diegoc\"},\"url\":\"https:\\\/\\\/radiounodigital.com\\\/web\\\/author\\\/diegoc\\\/\"}]}<\/script>\n<!-- \/ Yoast SEO plugin. -->","yoast_head_json":{"title":"John Lennon: 80 a\u00f1os de vida a puro rock and roll - Radio UNO Digital","robots":{"index":"index","follow":"follow","max-snippet":"max-snippet:-1","max-image-preview":"max-image-preview:large","max-video-preview":"max-video-preview:-1"},"canonical":"https:\/\/radiounodigital.com\/web\/2020\/10\/09\/john-lennon-80-anos-de-vida-a-puro-rock-and-roll\/","og_locale":"es_ES","og_type":"article","og_title":"John Lennon: 80 a\u00f1os de vida a puro rock and roll - Radio UNO Digital","og_description":"El 80 cumplea\u00f1os de John Lennon se marcar\u00e1 con el lanzamiento de un canal de televisi\u00f3n emergente. Una mezcla de material antiguo y contenido nuevo se emitir\u00e1 a finales de esta semana. Se est\u00e1 lanzando un nuevo canal de televisi\u00f3n emergente para conmemorar lo que habr\u00eda sido el 80 cumplea\u00f1os de John Lennon esta semana.... Read More","og_url":"https:\/\/radiounodigital.com\/web\/2020\/10\/09\/john-lennon-80-anos-de-vida-a-puro-rock-and-roll\/","og_site_name":"Radio UNO Digital","article_published_time":"2020-10-09T17:09:13+00:00","og_image":[{"width":696,"height":443,"url":"https:\/\/radiounodigital.com\/web\/wp-content\/uploads\/2020\/10\/John-Lennon-696x443-1.jpg","type":"image\/jpeg"}],"author":"diegoc","twitter_card":"summary_large_image","twitter_misc":{"Escrito por":"diegoc","Tiempo de lectura":"2 minutos"},"schema":{"@context":"https:\/\/schema.org","@graph":[{"@type":"Article","@id":"https:\/\/radiounodigital.com\/web\/2020\/10\/09\/john-lennon-80-anos-de-vida-a-puro-rock-and-roll\/#article","isPartOf":{"@id":"https:\/\/radiounodigital.com\/web\/2020\/10\/09\/john-lennon-80-anos-de-vida-a-puro-rock-and-roll\/"},"author":{"name":"diegoc","@id":"https:\/\/radiounodigital.com\/web\/#\/schema\/person\/00b93151fa54f619ecf9c183d1fc9758"},"headline":"John Lennon: 80 a\u00f1os de vida a puro rock and roll","datePublished":"2020-10-09T17:09:13+00:00","mainEntityOfPage":{"@id":"https:\/\/radiounodigital.com\/web\/2020\/10\/09\/john-lennon-80-anos-de-vida-a-puro-rock-and-roll\/"},"wordCount":425,"commentCount":0,"image":{"@id":"https:\/\/radiounodigital.com\/web\/2020\/10\/09\/john-lennon-80-anos-de-vida-a-puro-rock-and-roll\/#primaryimage"},"thumbnailUrl":"https:\/\/radiounodigital.com\/web\/wp-content\/uploads\/2020\/10\/John-Lennon-696x443-1.jpg","keywords":["80a \u00f1so","cumpea\u00f1os","john lennon"],"articleSection":["news"],"inLanguage":"es","potentialAction":[{"@type":"CommentAction","name":"Comment","target":["https:\/\/radiounodigital.com\/web\/2020\/10\/09\/john-lennon-80-anos-de-vida-a-puro-rock-and-roll\/#respond"]}]},{"@type":"WebPage","@id":"https:\/\/radiounodigital.com\/web\/2020\/10\/09\/john-lennon-80-anos-de-vida-a-puro-rock-and-roll\/","url":"https:\/\/radiounodigital.com\/web\/2020\/10\/09\/john-lennon-80-anos-de-vida-a-puro-rock-and-roll\/","name":"John Lennon: 80 a\u00f1os de vida a puro rock and roll - Radio UNO Digital","isPartOf":{"@id":"https:\/\/radiounodigital.com\/web\/#website"},"primaryImageOfPage":{"@id":"https:\/\/radiounodigital.com\/web\/2020\/10\/09\/john-lennon-80-anos-de-vida-a-puro-rock-and-roll\/#primaryimage"},"image":{"@id":"https:\/\/radiounodigital.com\/web\/2020\/10\/09\/john-lennon-80-anos-de-vida-a-puro-rock-and-roll\/#primaryimage"},"thumbnailUrl":"https:\/\/radiounodigital.com\/web\/wp-content\/uploads\/2020\/10\/John-Lennon-696x443-1.jpg","datePublished":"2020-10-09T17:09:13+00:00","author":{"@id":"https:\/\/radiounodigital.com\/web\/#\/schema\/person\/00b93151fa54f619ecf9c183d1fc9758"},"breadcrumb":{"@id":"https:\/\/radiounodigital.com\/web\/2020\/10\/09\/john-lennon-80-anos-de-vida-a-puro-rock-and-roll\/#breadcrumb"},"inLanguage":"es","potentialAction":[{"@type":"ReadAction","target":["https:\/\/radiounodigital.com\/web\/2020\/10\/09\/john-lennon-80-anos-de-vida-a-puro-rock-and-roll\/"]}]},{"@type":"ImageObject","inLanguage":"es","@id":"https:\/\/radiounodigital.com\/web\/2020\/10\/09\/john-lennon-80-anos-de-vida-a-puro-rock-and-roll\/#primaryimage","url":"https:\/\/radiounodigital.com\/web\/wp-content\/uploads\/2020\/10\/John-Lennon-696x443-1.jpg","contentUrl":"https:\/\/radiounodigital.com\/web\/wp-content\/uploads\/2020\/10\/John-Lennon-696x443-1.jpg","width":696,"height":443,"caption":"John Lennon being interviewed by journalist Steve Turner of Beat Instrumental magazine, Apple Records, London, 19th July 1971. (Photo by Michael Putland\/Getty Images)"},{"@type":"BreadcrumbList","@id":"https:\/\/radiounodigital.com\/web\/2020\/10\/09\/john-lennon-80-anos-de-vida-a-puro-rock-and-roll\/#breadcrumb","itemListElement":[{"@type":"ListItem","position":1,"name":"Home","item":"https:\/\/radiounodigital.com\/web\/"},{"@type":"ListItem","position":2,"name":"John Lennon: 80 a\u00f1os de vida a puro rock and roll"}]},{"@type":"WebSite","@id":"https:\/\/radiounodigital.com\/web\/#website","url":"https:\/\/radiounodigital.com\/web\/","name":"Radio UNO Digital","description":"Donde la cultura del rock se siente","potentialAction":[{"@type":"SearchAction","target":{"@type":"EntryPoint","urlTemplate":"https:\/\/radiounodigital.com\/web\/?s={search_term_string}"},"query-input":{"@type":"PropertyValueSpecification","valueRequired":true,"valueName":"search_term_string"}}],"inLanguage":"es"},{"@type":"Person","@id":"https:\/\/radiounodigital.com\/web\/#\/schema\/person\/00b93151fa54f619ecf9c183d1fc9758","name":"diegoc","image":{"@type":"ImageObject","inLanguage":"es","@id":"https:\/\/secure.gravatar.com\/avatar\/0a67041d44c702fb0660d81a5a32c7ce6007341cf92afeb718b75883bf415864?s=96&d=blank&r=g","url":"https:\/\/secure.gravatar.com\/avatar\/0a67041d44c702fb0660d81a5a32c7ce6007341cf92afeb718b75883bf415864?s=96&d=blank&r=g","contentUrl":"https:\/\/secure.gravatar.com\/avatar\/0a67041d44c702fb0660d81a5a32c7ce6007341cf92afeb718b75883bf415864?s=96&d=blank&r=g","caption":"diegoc"},"url":"https:\/\/radiounodigital.com\/web\/author\/diegoc\/"}]}},"_links":{"self":[{"href":"https:\/\/radiounodigital.com\/web\/wp-json\/wp\/v2\/posts\/4698","targetHints":{"allow":["GET"]}}],"collection":[{"href":"https:\/\/radiounodigital.com\/web\/wp-json\/wp\/v2\/posts"}],"about":[{"href":"https:\/\/radiounodigital.com\/web\/wp-json\/wp\/v2\/types\/post"}],"author":[{"embeddable":true,"href":"https:\/\/radiounodigital.com\/web\/wp-json\/wp\/v2\/users\/1"}],"replies":[{"embeddable":true,"href":"https:\/\/radiounodigital.com\/web\/wp-json\/wp\/v2\/comments?post=4698"}],"version-history":[{"count":1,"href":"https:\/\/radiounodigital.com\/web\/wp-json\/wp\/v2\/posts\/4698\/revisions"}],"predecessor-version":[{"id":4702,"href":"https:\/\/radiounodigital.com\/web\/wp-json\/wp\/v2\/posts\/4698\/revisions\/4702"}],"wp:featuredmedia":[{"embeddable":true,"href":"https:\/\/radiounodigital.com\/web\/wp-json\/wp\/v2\/media\/4699"}],"wp:attachment":[{"href":"https:\/\/radiounodigital.com\/web\/wp-json\/wp\/v2\/media?parent=4698"}],"wp:term":[{"taxonomy":"category","embeddable":true,"href":"https:\/\/radiounodigital.com\/web\/wp-json\/wp\/v2\/categories?post=4698"},{"taxonomy":"post_tag","embeddable":true,"href":"https:\/\/radiounodigital.com\/web\/wp-json\/wp\/v2\/tags?post=4698"}],"curies":[{"name":"wp","href":"https:\/\/api.w.org\/{rel}","templated":true}]}}