{"id":4751,"date":"2020-10-20T10:59:40","date_gmt":"2020-10-20T13:59:40","guid":{"rendered":"https:\/\/radiounodigital.com\/web\/?p=4751"},"modified":"2020-10-20T10:59:49","modified_gmt":"2020-10-20T13:59:49","slug":"brian-johnson-pense-que-malcolm-young-estaba-bromeando-cuando-me-pidio-unirme-a-ac-dc","status":"publish","type":"post","link":"https:\/\/radiounodigital.com\/web\/2020\/10\/20\/brian-johnson-pense-que-malcolm-young-estaba-bromeando-cuando-me-pidio-unirme-a-ac-dc\/","title":{"rendered":"Brian Johnson: \u00abPens\u00e9 que Malcolm Young estaba bromeando cuando me pidi\u00f3 unirme a AC\/DC\u00bb"},"content":{"rendered":"<h3>Brian Johnson y Angus Young hablan de Power Up y mucho, mucho m\u00e1s en la primera entrevista de podcast de AC\/DC.<\/h3>\n<p>Respecto a AC\/DC, desde que se supo que la banda regresar\u00eda con un nuevo \u00e1lbum de estudio, Power Up, los veteranos australianos del hard rock han estado trabajando incansablemente para promocionar el tan esperado \u00e1lbum, que estar\u00e1 disponible el\u00a0 pr\u00f3ximo 13 de noviembre.<\/p>\n<p>En su \u00faltimo impulso promocional, Brian Johnson y Angus Young realizaron su primera entrevista de podcast, hablando en profundidad con el presentador del podcast de Let There Be Talk, Dean Delray, sobre el nuevo \u00e1lbum, el regreso de Johnson, el bajista Cliff Williams y el baterista Phil Rudd, y mucho m\u00e1s. El tr\u00edo tambi\u00e9n habl\u00f3 sobre la audici\u00f3n de Brian Johnson para la banda en 1980, y est\u00e1 claro que Johnson estaba escuchando algunos detalles por primera vez.<\/p>\n<p>Johnson obtuvo el visto bueno para venir a una audici\u00f3n para AC\/DC en marzo de 1980, solo unas semanas despu\u00e9s de la muerte de Bon Scott. En Vanilla Studios, Johnson hizo esperar a Malcolm y Angus Young durante una hora, mientras jugaba al billar, que no ten\u00edan idea de que estaba all\u00ed para hacer una prueba para la banda. Una vez que conoci\u00f3 a la banda, Johnson recibi\u00f3 una botella de Newcastle Brown Ale de Malcolm Young, y luego cant\u00f3 Nutbush City Limits de Ike y Tina Turner y Whole Lotta Rosie y Highway To Hell de AC\/DC con los hermanos Young.<\/p>\n<p>Angus Young revela lo que sucedi\u00f3 a continuaci\u00f3n:<\/p>\n<p>\u00abSe tom\u00f3 una cerveza o dos con Mal, y Mal dijo: &#8216;Si te deprimimos de nuevo en alg\u00fan momento, ya veremos&#8217;. Aproximadamente una semana despu\u00e9s, Brian vino de nuevo y llamamos al resto de los muchachos y lo hicimos\u00bb. un par de canciones. Y Mal y yo nos sentamos all\u00ed y est\u00e1bamos improvisando en un par de ideas y lo grabamos para ver c\u00f3mo estaba, y dijimos: &#8216;Solo l\u00e1rgate, haz lo que se te ocurra &#8230;&#8217; y Mal dijo: &#8216;Lo haremos Definitivamente les har\u00e9 saber tan pronto como sepamos lo que vamos a hacer &#8216;.<\/p>\n<p>\u201cDespu\u00e9s de que se fue, Mal y yo est\u00e1bamos tocando, y tuvimos la idea, la idea de Mal, para la canci\u00f3n de Back In Black, y le suger\u00ed a Mal una pieza m\u00e1s antigua en la que \u00e9l y yo hab\u00edamos trabajado, y le dije: &#8216; \u00bfQu\u00e9 pasa si tomamos esa pieza y no la usamos antes, y tratamos de engancharla en esa canci\u00f3n, y te dar\u00e9 una l\u00ednea para cantar? Le dije a Mal: \u200b\u200b\u00bbSabes, Brian podr\u00eda cantar esas notas, es adecuada para su voz &#8230;\u00bbMutt Lange (productor) tambi\u00e9n hab\u00eda escuchado lo que ten\u00edamos [con Brian], y a Mutt le gust\u00f3 eso. Brian completaba todos los requisitos. Y Malcolm dijo: \u00abD\u00e9jamelo a m\u00ed &#8230;\u00bb<\/p>\n<p>\u201cNo he escuchado ese lado de la historia\u201d, admite Brian Johnson, \u201cy es fascinante. Recuerdo la llamada telef\u00f3nica de Malcolm. Era el cumplea\u00f1os de mi pap\u00e1, en Newcastle, y le hab\u00eda comprado a mi pap\u00e1 una botella de whisky, como regalo de cumplea\u00f1os. Fui a casa con mi mam\u00e1 y mi pap\u00e1, y no hab\u00eda nadie all\u00ed. Eran como las 2 de la tarde, o las 2:30 &#8230; Y entonces son\u00f3 el tel\u00e9fono, porque Malcolm ten\u00eda el n\u00famero de mi mam\u00e1 y mi pap\u00e1. Y esa fue la llamada telef\u00f3nica.<\/p>\n<p>\u00abLe dije a Mal, &#8216;Espera, \u00bfest\u00e1s seguro de que esto no es un enga\u00f1o?&#8217; \u00c9l dijo, &#8216;No&#8217; y yo dije, &#8216;Bueno, \u00bfpodr\u00edas devolvernos la llamada en 10 minutos solo para asegurarte de que no \u00bf Estoy so\u00f1ando esto? &#8216;Y lo hizo, \u00a1Dios lo bendiga! Y me dijo:&#8217; \u00bfQuieres venir a las Bahamas, vamos a hacer un disco? &#8216;Yo dije:&#8217; S\u00ed &#8216;. \u00c9l dijo:&#8217; Llamara a mi gente para que se pongan en contacto contigo. De acuerdo, me voy a ver el Grand National en la tele \u00ab.<\/p>\n<p>\u00abColgu\u00e9 el tel\u00e9fono, abr\u00ed el regalo de cumplea\u00f1os de mi padre y tom\u00e9 un vaso de whisky para celebrar, \u00a1porque no hab\u00eda nadie a quien cont\u00e1rselo!\u00bb<\/p>\n<p>Y el resto, como dicen, es historia\u2026<\/p>\n<p>La entrevista completa del podcast Let There Be Talk est\u00e1 a continuaci\u00f3n:<\/p>\n<p><iframe loading=\"lazy\" title=\"#555:Brian Johnson &amp; Angus Young of AC\/DC #acdc\" width=\"960\" height=\"720\" src=\"https:\/\/www.youtube.com\/embed\/55hqQ9nc0Yk?feature=oembed\" frameborder=\"0\" allow=\"accelerometer; autoplay; clipboard-write; encrypted-media; gyroscope; picture-in-picture\" allowfullscreen><\/iframe><\/p>\n<p>Power Up se lanzar\u00e1 el 13 de noviembre el cual contiene 12 canciones, incluido el single Shot In The Dark presentado hace un par de semana.<\/p>\n<p>El \u00e1lbum estar\u00e1 disponible en los formatos habituales, incluido vinilo plegable de 180 g, incluida una versi\u00f3n en vinilo amarillo exclusiva de la tienda web de AC\/DC, adem\u00e1s de una caja Power Up de lujo de edici\u00f3n limitada, adornada con un bot\u00f3n que los fan\u00e1ticos pueden presionar. Un logotipo de AC\/DC de ne\u00f3n parpadeante se iluminar\u00e1 mientras las barras de apertura de Shot In The Dark explotan en un altavoz incorporado.<\/p>\n<div class=\"fb-background-color\">\n\t\t\t  <div \n\t\t\t  \tclass = \"fb-comments\" \n\t\t\t  \tdata-href = \"https:\/\/radiounodigital.com\/web\/2020\/10\/20\/brian-johnson-pense-que-malcolm-young-estaba-bromeando-cuando-me-pidio-unirme-a-ac-dc\/\"\n\t\t\t  \tdata-numposts = \"10\"\n\t\t\t  \tdata-lazy = \"true\"\n\t\t\t\tdata-colorscheme = \"dark\"\n\t\t\t\tdata-order-by = \"reverse_time\"\n\t\t\t\tdata-mobile=true>\n\t\t\t  <\/div><\/div>\n\t\t  <style>\n\t\t    .fb-background-color {\n\t\t\t\tbackground: #ffffff !important;\n\t\t\t}\n\t\t\t.fb_iframe_widget_fluid_desktop iframe {\n\t\t\t    width: 100% !important;\n\t\t\t}\n\t\t  <\/style>\n\t\t  ","protected":false},"excerpt":{"rendered":"<p>Brian Johnson y Angus Young hablan de Power Up y mucho, mucho m\u00e1s en la primera entrevista de podcast de AC\/DC. Respecto a AC\/DC, desde que se supo que la banda regresar\u00eda con un nuevo \u00e1lbum de estudio, Power Up, los veteranos australianos del hard rock han estado trabajando incansablemente para promocionar el tan esperado&#8230; <a href=\"https:\/\/radiounodigital.com\/web\/2020\/10\/20\/brian-johnson-pense-que-malcolm-young-estaba-bromeando-cuando-me-pidio-unirme-a-ac-dc\/\" class=\"excerpt-read-more\">Read More<\/a><\/p>\n","protected":false},"author":1,"featured_media":4753,"comment_status":"open","ping_status":"open","sticky":false,"template":"","format":"standard","meta":{"footnotes":""},"categories":[180,128],"tags":[148,214,1348],"class_list":["post-4751","post","type-post","status-publish","format-standard","has-post-thumbnail","hentry","category-news","category-rock-clasico","tag-ac-dc","tag-brian-johnson","tag-podcast"],"yoast_head":"<!-- This site is optimized with the Yoast SEO plugin v27.5 - https:\/\/yoast.com\/product\/yoast-seo-wordpress\/ -->\n<title>Brian Johnson: &quot;Pens\u00e9 que Malcolm Young estaba bromeando cuando me pidi\u00f3 unirme a AC\/DC&quot; - Radio UNO Digital<\/title>\n<meta name=\"robots\" content=\"index, follow, max-snippet:-1, max-image-preview:large, max-video-preview:-1\" \/>\n<link rel=\"canonical\" href=\"https:\/\/radiounodigital.com\/web\/2020\/10\/20\/brian-johnson-pense-que-malcolm-young-estaba-bromeando-cuando-me-pidio-unirme-a-ac-dc\/\" \/>\n<meta property=\"og:locale\" content=\"es_ES\" \/>\n<meta property=\"og:type\" content=\"article\" \/>\n<meta property=\"og:title\" content=\"Brian Johnson: &quot;Pens\u00e9 que Malcolm Young estaba bromeando cuando me pidi\u00f3 unirme a AC\/DC&quot; - Radio UNO Digital\" \/>\n<meta property=\"og:description\" content=\"Brian Johnson y Angus Young hablan de Power Up y mucho, mucho m\u00e1s en la primera entrevista de podcast de AC\/DC. Respecto a AC\/DC, desde que se supo que la banda regresar\u00eda con un nuevo \u00e1lbum de estudio, Power Up, los veteranos australianos del hard rock han estado trabajando incansablemente para promocionar el tan esperado... Read More\" \/>\n<meta property=\"og:url\" content=\"https:\/\/radiounodigital.com\/web\/2020\/10\/20\/brian-johnson-pense-que-malcolm-young-estaba-bromeando-cuando-me-pidio-unirme-a-ac-dc\/\" \/>\n<meta property=\"og:site_name\" content=\"Radio UNO Digital\" \/>\n<meta property=\"article:published_time\" content=\"2020-10-20T13:59:40+00:00\" \/>\n<meta property=\"article:modified_time\" content=\"2020-10-20T13:59:49+00:00\" \/>\n<meta property=\"og:image\" content=\"https:\/\/radiounodigital.com\/web\/wp-content\/uploads\/2020\/10\/ACDC-pocast.jpg\" \/>\n\t<meta property=\"og:image:width\" content=\"1200\" \/>\n\t<meta property=\"og:image:height\" content=\"675\" \/>\n\t<meta property=\"og:image:type\" content=\"image\/jpeg\" \/>\n<meta name=\"author\" content=\"diegoc\" \/>\n<meta name=\"twitter:card\" content=\"summary_large_image\" \/>\n<meta name=\"twitter:label1\" content=\"Escrito por\" \/>\n\t<meta name=\"twitter:data1\" content=\"diegoc\" \/>\n\t<meta name=\"twitter:label2\" content=\"Tiempo de lectura\" \/>\n\t<meta name=\"twitter:data2\" content=\"4 minutos\" \/>\n<script type=\"application\/ld+json\" class=\"yoast-schema-graph\">{\"@context\":\"https:\\\/\\\/schema.org\",\"@graph\":[{\"@type\":\"Article\",\"@id\":\"https:\\\/\\\/radiounodigital.com\\\/web\\\/2020\\\/10\\\/20\\\/brian-johnson-pense-que-malcolm-young-estaba-bromeando-cuando-me-pidio-unirme-a-ac-dc\\\/#article\",\"isPartOf\":{\"@id\":\"https:\\\/\\\/radiounodigital.com\\\/web\\\/2020\\\/10\\\/20\\\/brian-johnson-pense-que-malcolm-young-estaba-bromeando-cuando-me-pidio-unirme-a-ac-dc\\\/\"},\"author\":{\"name\":\"diegoc\",\"@id\":\"https:\\\/\\\/radiounodigital.com\\\/web\\\/#\\\/schema\\\/person\\\/00b93151fa54f619ecf9c183d1fc9758\"},\"headline\":\"Brian Johnson: \u00abPens\u00e9 que Malcolm Young estaba bromeando cuando me pidi\u00f3 unirme a AC\\\/DC\u00bb\",\"datePublished\":\"2020-10-20T13:59:40+00:00\",\"dateModified\":\"2020-10-20T13:59:49+00:00\",\"mainEntityOfPage\":{\"@id\":\"https:\\\/\\\/radiounodigital.com\\\/web\\\/2020\\\/10\\\/20\\\/brian-johnson-pense-que-malcolm-young-estaba-bromeando-cuando-me-pidio-unirme-a-ac-dc\\\/\"},\"wordCount\":843,\"commentCount\":0,\"image\":{\"@id\":\"https:\\\/\\\/radiounodigital.com\\\/web\\\/2020\\\/10\\\/20\\\/brian-johnson-pense-que-malcolm-young-estaba-bromeando-cuando-me-pidio-unirme-a-ac-dc\\\/#primaryimage\"},\"thumbnailUrl\":\"https:\\\/\\\/radiounodigital.com\\\/web\\\/wp-content\\\/uploads\\\/2020\\\/10\\\/ACDC-pocast.jpg\",\"keywords\":[\"AC\\\/DC\",\"brian johnson\",\"podcast\"],\"articleSection\":[\"news\",\"Rock Clasico\"],\"inLanguage\":\"es\",\"potentialAction\":[{\"@type\":\"CommentAction\",\"name\":\"Comment\",\"target\":[\"https:\\\/\\\/radiounodigital.com\\\/web\\\/2020\\\/10\\\/20\\\/brian-johnson-pense-que-malcolm-young-estaba-bromeando-cuando-me-pidio-unirme-a-ac-dc\\\/#respond\"]}]},{\"@type\":\"WebPage\",\"@id\":\"https:\\\/\\\/radiounodigital.com\\\/web\\\/2020\\\/10\\\/20\\\/brian-johnson-pense-que-malcolm-young-estaba-bromeando-cuando-me-pidio-unirme-a-ac-dc\\\/\",\"url\":\"https:\\\/\\\/radiounodigital.com\\\/web\\\/2020\\\/10\\\/20\\\/brian-johnson-pense-que-malcolm-young-estaba-bromeando-cuando-me-pidio-unirme-a-ac-dc\\\/\",\"name\":\"Brian Johnson: \\\"Pens\u00e9 que Malcolm Young estaba bromeando cuando me pidi\u00f3 unirme a AC\\\/DC\\\" - Radio UNO Digital\",\"isPartOf\":{\"@id\":\"https:\\\/\\\/radiounodigital.com\\\/web\\\/#website\"},\"primaryImageOfPage\":{\"@id\":\"https:\\\/\\\/radiounodigital.com\\\/web\\\/2020\\\/10\\\/20\\\/brian-johnson-pense-que-malcolm-young-estaba-bromeando-cuando-me-pidio-unirme-a-ac-dc\\\/#primaryimage\"},\"image\":{\"@id\":\"https:\\\/\\\/radiounodigital.com\\\/web\\\/2020\\\/10\\\/20\\\/brian-johnson-pense-que-malcolm-young-estaba-bromeando-cuando-me-pidio-unirme-a-ac-dc\\\/#primaryimage\"},\"thumbnailUrl\":\"https:\\\/\\\/radiounodigital.com\\\/web\\\/wp-content\\\/uploads\\\/2020\\\/10\\\/ACDC-pocast.jpg\",\"datePublished\":\"2020-10-20T13:59:40+00:00\",\"dateModified\":\"2020-10-20T13:59:49+00:00\",\"author\":{\"@id\":\"https:\\\/\\\/radiounodigital.com\\\/web\\\/#\\\/schema\\\/person\\\/00b93151fa54f619ecf9c183d1fc9758\"},\"breadcrumb\":{\"@id\":\"https:\\\/\\\/radiounodigital.com\\\/web\\\/2020\\\/10\\\/20\\\/brian-johnson-pense-que-malcolm-young-estaba-bromeando-cuando-me-pidio-unirme-a-ac-dc\\\/#breadcrumb\"},\"inLanguage\":\"es\",\"potentialAction\":[{\"@type\":\"ReadAction\",\"target\":[\"https:\\\/\\\/radiounodigital.com\\\/web\\\/2020\\\/10\\\/20\\\/brian-johnson-pense-que-malcolm-young-estaba-bromeando-cuando-me-pidio-unirme-a-ac-dc\\\/\"]}]},{\"@type\":\"ImageObject\",\"inLanguage\":\"es\",\"@id\":\"https:\\\/\\\/radiounodigital.com\\\/web\\\/2020\\\/10\\\/20\\\/brian-johnson-pense-que-malcolm-young-estaba-bromeando-cuando-me-pidio-unirme-a-ac-dc\\\/#primaryimage\",\"url\":\"https:\\\/\\\/radiounodigital.com\\\/web\\\/wp-content\\\/uploads\\\/2020\\\/10\\\/ACDC-pocast.jpg\",\"contentUrl\":\"https:\\\/\\\/radiounodigital.com\\\/web\\\/wp-content\\\/uploads\\\/2020\\\/10\\\/ACDC-pocast.jpg\",\"width\":1200,\"height\":675},{\"@type\":\"BreadcrumbList\",\"@id\":\"https:\\\/\\\/radiounodigital.com\\\/web\\\/2020\\\/10\\\/20\\\/brian-johnson-pense-que-malcolm-young-estaba-bromeando-cuando-me-pidio-unirme-a-ac-dc\\\/#breadcrumb\",\"itemListElement\":[{\"@type\":\"ListItem\",\"position\":1,\"name\":\"Home\",\"item\":\"https:\\\/\\\/radiounodigital.com\\\/web\\\/\"},{\"@type\":\"ListItem\",\"position\":2,\"name\":\"Brian Johnson: \u00abPens\u00e9 que Malcolm Young estaba bromeando cuando me pidi\u00f3 unirme a AC\\\/DC\u00bb\"}]},{\"@type\":\"WebSite\",\"@id\":\"https:\\\/\\\/radiounodigital.com\\\/web\\\/#website\",\"url\":\"https:\\\/\\\/radiounodigital.com\\\/web\\\/\",\"name\":\"Radio UNO Digital\",\"description\":\"Donde la cultura del rock se siente\",\"potentialAction\":[{\"@type\":\"SearchAction\",\"target\":{\"@type\":\"EntryPoint\",\"urlTemplate\":\"https:\\\/\\\/radiounodigital.com\\\/web\\\/?s={search_term_string}\"},\"query-input\":{\"@type\":\"PropertyValueSpecification\",\"valueRequired\":true,\"valueName\":\"search_term_string\"}}],\"inLanguage\":\"es\"},{\"@type\":\"Person\",\"@id\":\"https:\\\/\\\/radiounodigital.com\\\/web\\\/#\\\/schema\\\/person\\\/00b93151fa54f619ecf9c183d1fc9758\",\"name\":\"diegoc\",\"image\":{\"@type\":\"ImageObject\",\"inLanguage\":\"es\",\"@id\":\"https:\\\/\\\/secure.gravatar.com\\\/avatar\\\/0a67041d44c702fb0660d81a5a32c7ce6007341cf92afeb718b75883bf415864?s=96&d=blank&r=g\",\"url\":\"https:\\\/\\\/secure.gravatar.com\\\/avatar\\\/0a67041d44c702fb0660d81a5a32c7ce6007341cf92afeb718b75883bf415864?s=96&d=blank&r=g\",\"contentUrl\":\"https:\\\/\\\/secure.gravatar.com\\\/avatar\\\/0a67041d44c702fb0660d81a5a32c7ce6007341cf92afeb718b75883bf415864?s=96&d=blank&r=g\",\"caption\":\"diegoc\"},\"url\":\"https:\\\/\\\/radiounodigital.com\\\/web\\\/author\\\/diegoc\\\/\"}]}<\/script>\n<!-- \/ Yoast SEO plugin. -->","yoast_head_json":{"title":"Brian Johnson: \"Pens\u00e9 que Malcolm Young estaba bromeando cuando me pidi\u00f3 unirme a AC\/DC\" - Radio UNO Digital","robots":{"index":"index","follow":"follow","max-snippet":"max-snippet:-1","max-image-preview":"max-image-preview:large","max-video-preview":"max-video-preview:-1"},"canonical":"https:\/\/radiounodigital.com\/web\/2020\/10\/20\/brian-johnson-pense-que-malcolm-young-estaba-bromeando-cuando-me-pidio-unirme-a-ac-dc\/","og_locale":"es_ES","og_type":"article","og_title":"Brian Johnson: \"Pens\u00e9 que Malcolm Young estaba bromeando cuando me pidi\u00f3 unirme a AC\/DC\" - Radio UNO Digital","og_description":"Brian Johnson y Angus Young hablan de Power Up y mucho, mucho m\u00e1s en la primera entrevista de podcast de AC\/DC. Respecto a AC\/DC, desde que se supo que la banda regresar\u00eda con un nuevo \u00e1lbum de estudio, Power Up, los veteranos australianos del hard rock han estado trabajando incansablemente para promocionar el tan esperado... Read More","og_url":"https:\/\/radiounodigital.com\/web\/2020\/10\/20\/brian-johnson-pense-que-malcolm-young-estaba-bromeando-cuando-me-pidio-unirme-a-ac-dc\/","og_site_name":"Radio UNO Digital","article_published_time":"2020-10-20T13:59:40+00:00","article_modified_time":"2020-10-20T13:59:49+00:00","og_image":[{"width":1200,"height":675,"url":"https:\/\/radiounodigital.com\/web\/wp-content\/uploads\/2020\/10\/ACDC-pocast.jpg","type":"image\/jpeg"}],"author":"diegoc","twitter_card":"summary_large_image","twitter_misc":{"Escrito por":"diegoc","Tiempo de lectura":"4 minutos"},"schema":{"@context":"https:\/\/schema.org","@graph":[{"@type":"Article","@id":"https:\/\/radiounodigital.com\/web\/2020\/10\/20\/brian-johnson-pense-que-malcolm-young-estaba-bromeando-cuando-me-pidio-unirme-a-ac-dc\/#article","isPartOf":{"@id":"https:\/\/radiounodigital.com\/web\/2020\/10\/20\/brian-johnson-pense-que-malcolm-young-estaba-bromeando-cuando-me-pidio-unirme-a-ac-dc\/"},"author":{"name":"diegoc","@id":"https:\/\/radiounodigital.com\/web\/#\/schema\/person\/00b93151fa54f619ecf9c183d1fc9758"},"headline":"Brian Johnson: \u00abPens\u00e9 que Malcolm Young estaba bromeando cuando me pidi\u00f3 unirme a AC\/DC\u00bb","datePublished":"2020-10-20T13:59:40+00:00","dateModified":"2020-10-20T13:59:49+00:00","mainEntityOfPage":{"@id":"https:\/\/radiounodigital.com\/web\/2020\/10\/20\/brian-johnson-pense-que-malcolm-young-estaba-bromeando-cuando-me-pidio-unirme-a-ac-dc\/"},"wordCount":843,"commentCount":0,"image":{"@id":"https:\/\/radiounodigital.com\/web\/2020\/10\/20\/brian-johnson-pense-que-malcolm-young-estaba-bromeando-cuando-me-pidio-unirme-a-ac-dc\/#primaryimage"},"thumbnailUrl":"https:\/\/radiounodigital.com\/web\/wp-content\/uploads\/2020\/10\/ACDC-pocast.jpg","keywords":["AC\/DC","brian johnson","podcast"],"articleSection":["news","Rock Clasico"],"inLanguage":"es","potentialAction":[{"@type":"CommentAction","name":"Comment","target":["https:\/\/radiounodigital.com\/web\/2020\/10\/20\/brian-johnson-pense-que-malcolm-young-estaba-bromeando-cuando-me-pidio-unirme-a-ac-dc\/#respond"]}]},{"@type":"WebPage","@id":"https:\/\/radiounodigital.com\/web\/2020\/10\/20\/brian-johnson-pense-que-malcolm-young-estaba-bromeando-cuando-me-pidio-unirme-a-ac-dc\/","url":"https:\/\/radiounodigital.com\/web\/2020\/10\/20\/brian-johnson-pense-que-malcolm-young-estaba-bromeando-cuando-me-pidio-unirme-a-ac-dc\/","name":"Brian Johnson: \"Pens\u00e9 que Malcolm Young estaba bromeando cuando me pidi\u00f3 unirme a AC\/DC\" - Radio UNO Digital","isPartOf":{"@id":"https:\/\/radiounodigital.com\/web\/#website"},"primaryImageOfPage":{"@id":"https:\/\/radiounodigital.com\/web\/2020\/10\/20\/brian-johnson-pense-que-malcolm-young-estaba-bromeando-cuando-me-pidio-unirme-a-ac-dc\/#primaryimage"},"image":{"@id":"https:\/\/radiounodigital.com\/web\/2020\/10\/20\/brian-johnson-pense-que-malcolm-young-estaba-bromeando-cuando-me-pidio-unirme-a-ac-dc\/#primaryimage"},"thumbnailUrl":"https:\/\/radiounodigital.com\/web\/wp-content\/uploads\/2020\/10\/ACDC-pocast.jpg","datePublished":"2020-10-20T13:59:40+00:00","dateModified":"2020-10-20T13:59:49+00:00","author":{"@id":"https:\/\/radiounodigital.com\/web\/#\/schema\/person\/00b93151fa54f619ecf9c183d1fc9758"},"breadcrumb":{"@id":"https:\/\/radiounodigital.com\/web\/2020\/10\/20\/brian-johnson-pense-que-malcolm-young-estaba-bromeando-cuando-me-pidio-unirme-a-ac-dc\/#breadcrumb"},"inLanguage":"es","potentialAction":[{"@type":"ReadAction","target":["https:\/\/radiounodigital.com\/web\/2020\/10\/20\/brian-johnson-pense-que-malcolm-young-estaba-bromeando-cuando-me-pidio-unirme-a-ac-dc\/"]}]},{"@type":"ImageObject","inLanguage":"es","@id":"https:\/\/radiounodigital.com\/web\/2020\/10\/20\/brian-johnson-pense-que-malcolm-young-estaba-bromeando-cuando-me-pidio-unirme-a-ac-dc\/#primaryimage","url":"https:\/\/radiounodigital.com\/web\/wp-content\/uploads\/2020\/10\/ACDC-pocast.jpg","contentUrl":"https:\/\/radiounodigital.com\/web\/wp-content\/uploads\/2020\/10\/ACDC-pocast.jpg","width":1200,"height":675},{"@type":"BreadcrumbList","@id":"https:\/\/radiounodigital.com\/web\/2020\/10\/20\/brian-johnson-pense-que-malcolm-young-estaba-bromeando-cuando-me-pidio-unirme-a-ac-dc\/#breadcrumb","itemListElement":[{"@type":"ListItem","position":1,"name":"Home","item":"https:\/\/radiounodigital.com\/web\/"},{"@type":"ListItem","position":2,"name":"Brian Johnson: \u00abPens\u00e9 que Malcolm Young estaba bromeando cuando me pidi\u00f3 unirme a AC\/DC\u00bb"}]},{"@type":"WebSite","@id":"https:\/\/radiounodigital.com\/web\/#website","url":"https:\/\/radiounodigital.com\/web\/","name":"Radio UNO Digital","description":"Donde la cultura del rock se siente","potentialAction":[{"@type":"SearchAction","target":{"@type":"EntryPoint","urlTemplate":"https:\/\/radiounodigital.com\/web\/?s={search_term_string}"},"query-input":{"@type":"PropertyValueSpecification","valueRequired":true,"valueName":"search_term_string"}}],"inLanguage":"es"},{"@type":"Person","@id":"https:\/\/radiounodigital.com\/web\/#\/schema\/person\/00b93151fa54f619ecf9c183d1fc9758","name":"diegoc","image":{"@type":"ImageObject","inLanguage":"es","@id":"https:\/\/secure.gravatar.com\/avatar\/0a67041d44c702fb0660d81a5a32c7ce6007341cf92afeb718b75883bf415864?s=96&d=blank&r=g","url":"https:\/\/secure.gravatar.com\/avatar\/0a67041d44c702fb0660d81a5a32c7ce6007341cf92afeb718b75883bf415864?s=96&d=blank&r=g","contentUrl":"https:\/\/secure.gravatar.com\/avatar\/0a67041d44c702fb0660d81a5a32c7ce6007341cf92afeb718b75883bf415864?s=96&d=blank&r=g","caption":"diegoc"},"url":"https:\/\/radiounodigital.com\/web\/author\/diegoc\/"}]}},"_links":{"self":[{"href":"https:\/\/radiounodigital.com\/web\/wp-json\/wp\/v2\/posts\/4751","targetHints":{"allow":["GET"]}}],"collection":[{"href":"https:\/\/radiounodigital.com\/web\/wp-json\/wp\/v2\/posts"}],"about":[{"href":"https:\/\/radiounodigital.com\/web\/wp-json\/wp\/v2\/types\/post"}],"author":[{"embeddable":true,"href":"https:\/\/radiounodigital.com\/web\/wp-json\/wp\/v2\/users\/1"}],"replies":[{"embeddable":true,"href":"https:\/\/radiounodigital.com\/web\/wp-json\/wp\/v2\/comments?post=4751"}],"version-history":[{"count":2,"href":"https:\/\/radiounodigital.com\/web\/wp-json\/wp\/v2\/posts\/4751\/revisions"}],"predecessor-version":[{"id":4755,"href":"https:\/\/radiounodigital.com\/web\/wp-json\/wp\/v2\/posts\/4751\/revisions\/4755"}],"wp:featuredmedia":[{"embeddable":true,"href":"https:\/\/radiounodigital.com\/web\/wp-json\/wp\/v2\/media\/4753"}],"wp:attachment":[{"href":"https:\/\/radiounodigital.com\/web\/wp-json\/wp\/v2\/media?parent=4751"}],"wp:term":[{"taxonomy":"category","embeddable":true,"href":"https:\/\/radiounodigital.com\/web\/wp-json\/wp\/v2\/categories?post=4751"},{"taxonomy":"post_tag","embeddable":true,"href":"https:\/\/radiounodigital.com\/web\/wp-json\/wp\/v2\/tags?post=4751"}],"curies":[{"name":"wp","href":"https:\/\/api.w.org\/{rel}","templated":true}]}}