{"id":4771,"date":"2020-10-23T12:19:59","date_gmt":"2020-10-23T15:19:59","guid":{"rendered":"https:\/\/radiounodigital.com\/web\/?p=4771"},"modified":"2020-10-23T12:19:59","modified_gmt":"2020-10-23T15:19:59","slug":"cliff-williams-de-ac-dc-se-compromete-a-tocar-algunos-shows","status":"publish","type":"post","link":"https:\/\/radiounodigital.com\/web\/2020\/10\/23\/cliff-williams-de-ac-dc-se-compromete-a-tocar-algunos-shows\/","title":{"rendered":"Cliff Williams de AC\/DC se compromete a tocar \u00abalgunos shows\u00bb"},"content":{"rendered":"<h3>El bajista de AC\/DC Cliff Williams anunci\u00f3 inicialmente su retiro de la banda en 2016, citando el deseo de permanecer fuera de la carretera.<\/h3>\n<p>Con la banda nuevamente reunida para el pr\u00f3ximo \u00e1lbum Power Up, Williams ha comentado sobre el futuro de la banda y que est\u00e1 comprometido a tocar \u00abalgunos shows\u00bb.<\/p>\n<p>La \u00faltima carrera de la banda fue la ahora infame gira Rock or Bust. La caminata marc\u00f3 al cantante Brian Johnson con problemas de audici\u00f3n (Axl Rose fue seleccionado m\u00e1s tarde como el cantante interino para terminar la carrera) y vio al baterista Chris Slade intervenir en lugar de Phil Rudd, quien se hab\u00eda visto envuelto en una letan\u00eda de problemas legales adem\u00e1s de Williams. &#8216;retiro inminente una vez concluida la gira.<\/p>\n<p>Por muchas razones, incluida la muerte en 2017 del guitarrista r\u00edtmico Malcolm Young, que hab\u00eda renunciado anteriormente en 2014, se sinti\u00f3 como el final de AC \/ DC, al menos tal como los conoc\u00edamos. Pero el grupo se uni\u00f3 para grabar Power Up, que seg\u00fan Williams se hizo en homenaje a su fallecido e ic\u00f3nico guitarrista.<\/p>\n<p>En el podcast \u00abLet There Be Rock\u00bb con el comediante y headbanger Dean Delray (audio a continuaci\u00f3n), Williams insisti\u00f3 en que su decisi\u00f3n de retirarse se produjo antes de que otros problemas aparecieran en AC \/ DC, a saber, la incapacidad de Johnson para terminar la gira, ya que corr\u00eda el riesgo de ser permanente. p\u00e9rdida de audici\u00f3n si lo hizo.<\/p>\n<p>\u00abFue antes\u00bb, afirm\u00f3 Williams, quien agreg\u00f3: \u00abHabl\u00e9 con Angus [Young] al respecto inicialmente. Estaba en un punto &#8211; y esto es al comienzo de la gira Rock Or Bust &#8211; que simplemente sent\u00ed, por yo, era hora de colgarlo. Sab\u00eda que no quer\u00eda seguir haciendo estas giras de dos a\u00f1os, y no quer\u00eda detenerlas, as\u00ed que les hice saber que este iba a ser mi la \u00faltima ronda. Fue una gira dif\u00edcil de terminar. Dios bendiga a Axl por venir y ayudarnos, terminarlo. Hizo un gran trabajo. Y al final de eso, definitivamente, eso fue todo para m\u00ed . Hecho, reci\u00e9n hecho. Eso complic\u00f3 todo \u00ab.<\/p>\n<p>Respecto a las formas en que el disco Power Up honrar\u00e1 a Malcolm, Williams se\u00f1al\u00f3: \u00abSi Back In Black tiene a Bon Scott por todas partes, para m\u00ed, Power Up tiene a Malcolm Young. Esto es para \u00e9l. Y es la banda con la que tocamos juntos. con m\u00e1s de 40 a\u00f1os. Y quer\u00eda hacer eso, quer\u00eda volver y hacer eso \u00ab.<\/p>\n<p>Malcolm Young est\u00e1 acreditado como escritor en las 12 pistas de Power Up, aunque el \u00e1lbum no presenta ninguna de sus grabaciones de guitarra, sino ideas que se le ocurrieron previamente y que se utilizaron en el proceso de escritura.<\/p>\n<p>A pesar de una alineaci\u00f3n de AC \/ DC reunida, que tambi\u00e9n consta del sobrino de Angus Young, Stevie Young, a la guitarra en ausencia de Malcolm, no planees que el legendario grupo se embarque en otra gira mundial exhaustiva.<\/p>\n<p>\u00abHicimos algunos ensayos a principios de este a\u00f1o antes de que surgiera esta maldita cosa de COVID, y tuvimos grandes ensayos. La banda estaba tocando muy bien. As\u00ed que [me preguntaron], &#8216;\u00bfQuieres hacer algunos shows?&#8217; Seguro &#8216;. A pocos shows. Est\u00e1bamos planeando hacer eso \u00ab, confirm\u00f3 el bajista.<\/p>\n<p>Desafortunadamente, la pandemia de coronavirus suspendi\u00f3 esos planes. \u00abTodos regresan a sus respectivos hogares y, \u00a1caramba !, hemos estado aqu\u00ed desde entonces [debido al cierre relacionado con el coronavirus]\u00bb, lament\u00f3 Williams.<\/p>\n<p>Con respecto a su razonamiento para no querer hacer ninguna gira prolongada, Williams tambi\u00e9n explic\u00f3: \u00abTanto para mi salud [mental como f\u00edsica]\u00bb, dijo. \u00abDefinitivamente tengo algunos problemas f\u00edsicos, de los que no los aburrir\u00e9 con los detalles. Pero, s\u00ed, es dif\u00edcil. Estoy muy agradecido por todo. Ha sido fant\u00e1stico. Pero simplemente no quiero hacer eso m\u00e1s. \u00bb<\/p>\n<p>Power Up de AC\/DC saldr\u00e1 a la venta el 13 de noviembre<\/p>\n<div class=\"fb-background-color\">\n\t\t\t  <div \n\t\t\t  \tclass = \"fb-comments\" \n\t\t\t  \tdata-href = \"https:\/\/radiounodigital.com\/web\/2020\/10\/23\/cliff-williams-de-ac-dc-se-compromete-a-tocar-algunos-shows\/\"\n\t\t\t  \tdata-numposts = \"10\"\n\t\t\t  \tdata-lazy = \"true\"\n\t\t\t\tdata-colorscheme = \"dark\"\n\t\t\t\tdata-order-by = \"reverse_time\"\n\t\t\t\tdata-mobile=true>\n\t\t\t  <\/div><\/div>\n\t\t  <style>\n\t\t    .fb-background-color {\n\t\t\t\tbackground: #ffffff !important;\n\t\t\t}\n\t\t\t.fb_iframe_widget_fluid_desktop iframe {\n\t\t\t    width: 100% !important;\n\t\t\t}\n\t\t  <\/style>\n\t\t  ","protected":false},"excerpt":{"rendered":"<p>El bajista de AC\/DC Cliff Williams anunci\u00f3 inicialmente su retiro de la banda en 2016, citando el deseo de permanecer fuera de la carretera. Con la banda nuevamente reunida para el pr\u00f3ximo \u00e1lbum Power Up, Williams ha comentado sobre el futuro de la banda y que est\u00e1 comprometido a tocar \u00abalgunos shows\u00bb. La \u00faltima carrera&#8230; <a href=\"https:\/\/radiounodigital.com\/web\/2020\/10\/23\/cliff-williams-de-ac-dc-se-compromete-a-tocar-algunos-shows\/\" class=\"excerpt-read-more\">Read More<\/a><\/p>\n","protected":false},"author":1,"featured_media":4772,"comment_status":"open","ping_status":"open","sticky":false,"template":"","format":"standard","meta":{"footnotes":""},"categories":[180,128],"tags":[148,1356],"class_list":["post-4771","post","type-post","status-publish","format-standard","has-post-thumbnail","hentry","category-news","category-rock-clasico","tag-ac-dc","tag-cliff-williams"],"yoast_head":"<!-- This site is optimized with the Yoast SEO plugin v27.5 - https:\/\/yoast.com\/product\/yoast-seo-wordpress\/ -->\n<title>Cliff Williams de AC\/DC se compromete a tocar &quot;algunos shows&quot; - Radio UNO Digital<\/title>\n<meta name=\"robots\" content=\"index, follow, max-snippet:-1, max-image-preview:large, max-video-preview:-1\" \/>\n<link rel=\"canonical\" href=\"https:\/\/radiounodigital.com\/web\/2020\/10\/23\/cliff-williams-de-ac-dc-se-compromete-a-tocar-algunos-shows\/\" \/>\n<meta property=\"og:locale\" content=\"es_ES\" \/>\n<meta property=\"og:type\" content=\"article\" \/>\n<meta property=\"og:title\" content=\"Cliff Williams de AC\/DC se compromete a tocar &quot;algunos shows&quot; - Radio UNO Digital\" \/>\n<meta property=\"og:description\" content=\"El bajista de AC\/DC Cliff Williams anunci\u00f3 inicialmente su retiro de la banda en 2016, citando el deseo de permanecer fuera de la carretera. Con la banda nuevamente reunida para el pr\u00f3ximo \u00e1lbum Power Up, Williams ha comentado sobre el futuro de la banda y que est\u00e1 comprometido a tocar \u00abalgunos shows\u00bb. La \u00faltima carrera... Read More\" \/>\n<meta property=\"og:url\" content=\"https:\/\/radiounodigital.com\/web\/2020\/10\/23\/cliff-williams-de-ac-dc-se-compromete-a-tocar-algunos-shows\/\" \/>\n<meta property=\"og:site_name\" content=\"Radio UNO Digital\" \/>\n<meta property=\"article:published_time\" content=\"2020-10-23T15:19:59+00:00\" \/>\n<meta property=\"og:image\" content=\"https:\/\/radiounodigital.com\/web\/wp-content\/uploads\/2020\/10\/musicacdccliffwilliams-scaled.jpg\" \/>\n\t<meta property=\"og:image:width\" content=\"2560\" \/>\n\t<meta property=\"og:image:height\" content=\"1707\" \/>\n\t<meta property=\"og:image:type\" content=\"image\/jpeg\" \/>\n<meta name=\"author\" content=\"diegoc\" \/>\n<meta name=\"twitter:card\" content=\"summary_large_image\" \/>\n<meta name=\"twitter:label1\" content=\"Escrito por\" \/>\n\t<meta name=\"twitter:data1\" content=\"diegoc\" \/>\n\t<meta name=\"twitter:label2\" content=\"Tiempo de lectura\" \/>\n\t<meta name=\"twitter:data2\" content=\"3 minutos\" \/>\n<script type=\"application\/ld+json\" class=\"yoast-schema-graph\">{\"@context\":\"https:\\\/\\\/schema.org\",\"@graph\":[{\"@type\":\"Article\",\"@id\":\"https:\\\/\\\/radiounodigital.com\\\/web\\\/2020\\\/10\\\/23\\\/cliff-williams-de-ac-dc-se-compromete-a-tocar-algunos-shows\\\/#article\",\"isPartOf\":{\"@id\":\"https:\\\/\\\/radiounodigital.com\\\/web\\\/2020\\\/10\\\/23\\\/cliff-williams-de-ac-dc-se-compromete-a-tocar-algunos-shows\\\/\"},\"author\":{\"name\":\"diegoc\",\"@id\":\"https:\\\/\\\/radiounodigital.com\\\/web\\\/#\\\/schema\\\/person\\\/00b93151fa54f619ecf9c183d1fc9758\"},\"headline\":\"Cliff Williams de AC\\\/DC se compromete a tocar \u00abalgunos shows\u00bb\",\"datePublished\":\"2020-10-23T15:19:59+00:00\",\"mainEntityOfPage\":{\"@id\":\"https:\\\/\\\/radiounodigital.com\\\/web\\\/2020\\\/10\\\/23\\\/cliff-williams-de-ac-dc-se-compromete-a-tocar-algunos-shows\\\/\"},\"wordCount\":671,\"commentCount\":0,\"image\":{\"@id\":\"https:\\\/\\\/radiounodigital.com\\\/web\\\/2020\\\/10\\\/23\\\/cliff-williams-de-ac-dc-se-compromete-a-tocar-algunos-shows\\\/#primaryimage\"},\"thumbnailUrl\":\"https:\\\/\\\/radiounodigital.com\\\/web\\\/wp-content\\\/uploads\\\/2020\\\/10\\\/musicacdccliffwilliams-scaled.jpg\",\"keywords\":[\"AC\\\/DC\",\"cliff williams\"],\"articleSection\":[\"news\",\"Rock Clasico\"],\"inLanguage\":\"es\",\"potentialAction\":[{\"@type\":\"CommentAction\",\"name\":\"Comment\",\"target\":[\"https:\\\/\\\/radiounodigital.com\\\/web\\\/2020\\\/10\\\/23\\\/cliff-williams-de-ac-dc-se-compromete-a-tocar-algunos-shows\\\/#respond\"]}]},{\"@type\":\"WebPage\",\"@id\":\"https:\\\/\\\/radiounodigital.com\\\/web\\\/2020\\\/10\\\/23\\\/cliff-williams-de-ac-dc-se-compromete-a-tocar-algunos-shows\\\/\",\"url\":\"https:\\\/\\\/radiounodigital.com\\\/web\\\/2020\\\/10\\\/23\\\/cliff-williams-de-ac-dc-se-compromete-a-tocar-algunos-shows\\\/\",\"name\":\"Cliff Williams de AC\\\/DC se compromete a tocar \\\"algunos shows\\\" - Radio UNO Digital\",\"isPartOf\":{\"@id\":\"https:\\\/\\\/radiounodigital.com\\\/web\\\/#website\"},\"primaryImageOfPage\":{\"@id\":\"https:\\\/\\\/radiounodigital.com\\\/web\\\/2020\\\/10\\\/23\\\/cliff-williams-de-ac-dc-se-compromete-a-tocar-algunos-shows\\\/#primaryimage\"},\"image\":{\"@id\":\"https:\\\/\\\/radiounodigital.com\\\/web\\\/2020\\\/10\\\/23\\\/cliff-williams-de-ac-dc-se-compromete-a-tocar-algunos-shows\\\/#primaryimage\"},\"thumbnailUrl\":\"https:\\\/\\\/radiounodigital.com\\\/web\\\/wp-content\\\/uploads\\\/2020\\\/10\\\/musicacdccliffwilliams-scaled.jpg\",\"datePublished\":\"2020-10-23T15:19:59+00:00\",\"author\":{\"@id\":\"https:\\\/\\\/radiounodigital.com\\\/web\\\/#\\\/schema\\\/person\\\/00b93151fa54f619ecf9c183d1fc9758\"},\"breadcrumb\":{\"@id\":\"https:\\\/\\\/radiounodigital.com\\\/web\\\/2020\\\/10\\\/23\\\/cliff-williams-de-ac-dc-se-compromete-a-tocar-algunos-shows\\\/#breadcrumb\"},\"inLanguage\":\"es\",\"potentialAction\":[{\"@type\":\"ReadAction\",\"target\":[\"https:\\\/\\\/radiounodigital.com\\\/web\\\/2020\\\/10\\\/23\\\/cliff-williams-de-ac-dc-se-compromete-a-tocar-algunos-shows\\\/\"]}]},{\"@type\":\"ImageObject\",\"inLanguage\":\"es\",\"@id\":\"https:\\\/\\\/radiounodigital.com\\\/web\\\/2020\\\/10\\\/23\\\/cliff-williams-de-ac-dc-se-compromete-a-tocar-algunos-shows\\\/#primaryimage\",\"url\":\"https:\\\/\\\/radiounodigital.com\\\/web\\\/wp-content\\\/uploads\\\/2020\\\/10\\\/musicacdccliffwilliams-scaled.jpg\",\"contentUrl\":\"https:\\\/\\\/radiounodigital.com\\\/web\\\/wp-content\\\/uploads\\\/2020\\\/10\\\/musicacdccliffwilliams-scaled.jpg\",\"width\":2560,\"height\":1707,\"caption\":\"FILE - In this Nov. 13, 2014 file photo, members of the rock band AC\\\/DC, bassist Cliff Williams, left, and guitarist Angus Young pose for a portrait in promotion of their upcoming album, \\\"Rock or Bust\\\" in New York. Williams announced his retirement from the group in a YouTube video posted on Sept. 20, 2016. (Photo by Amy Sussman\\\/Invision\\\/AP, File)\"},{\"@type\":\"BreadcrumbList\",\"@id\":\"https:\\\/\\\/radiounodigital.com\\\/web\\\/2020\\\/10\\\/23\\\/cliff-williams-de-ac-dc-se-compromete-a-tocar-algunos-shows\\\/#breadcrumb\",\"itemListElement\":[{\"@type\":\"ListItem\",\"position\":1,\"name\":\"Home\",\"item\":\"https:\\\/\\\/radiounodigital.com\\\/web\\\/\"},{\"@type\":\"ListItem\",\"position\":2,\"name\":\"Cliff Williams de AC\\\/DC se compromete a tocar \u00abalgunos shows\u00bb\"}]},{\"@type\":\"WebSite\",\"@id\":\"https:\\\/\\\/radiounodigital.com\\\/web\\\/#website\",\"url\":\"https:\\\/\\\/radiounodigital.com\\\/web\\\/\",\"name\":\"Radio UNO Digital\",\"description\":\"Donde la cultura del rock se siente\",\"potentialAction\":[{\"@type\":\"SearchAction\",\"target\":{\"@type\":\"EntryPoint\",\"urlTemplate\":\"https:\\\/\\\/radiounodigital.com\\\/web\\\/?s={search_term_string}\"},\"query-input\":{\"@type\":\"PropertyValueSpecification\",\"valueRequired\":true,\"valueName\":\"search_term_string\"}}],\"inLanguage\":\"es\"},{\"@type\":\"Person\",\"@id\":\"https:\\\/\\\/radiounodigital.com\\\/web\\\/#\\\/schema\\\/person\\\/00b93151fa54f619ecf9c183d1fc9758\",\"name\":\"diegoc\",\"image\":{\"@type\":\"ImageObject\",\"inLanguage\":\"es\",\"@id\":\"https:\\\/\\\/secure.gravatar.com\\\/avatar\\\/0a67041d44c702fb0660d81a5a32c7ce6007341cf92afeb718b75883bf415864?s=96&d=blank&r=g\",\"url\":\"https:\\\/\\\/secure.gravatar.com\\\/avatar\\\/0a67041d44c702fb0660d81a5a32c7ce6007341cf92afeb718b75883bf415864?s=96&d=blank&r=g\",\"contentUrl\":\"https:\\\/\\\/secure.gravatar.com\\\/avatar\\\/0a67041d44c702fb0660d81a5a32c7ce6007341cf92afeb718b75883bf415864?s=96&d=blank&r=g\",\"caption\":\"diegoc\"},\"url\":\"https:\\\/\\\/radiounodigital.com\\\/web\\\/author\\\/diegoc\\\/\"}]}<\/script>\n<!-- \/ Yoast SEO plugin. -->","yoast_head_json":{"title":"Cliff Williams de AC\/DC se compromete a tocar \"algunos shows\" - Radio UNO Digital","robots":{"index":"index","follow":"follow","max-snippet":"max-snippet:-1","max-image-preview":"max-image-preview:large","max-video-preview":"max-video-preview:-1"},"canonical":"https:\/\/radiounodigital.com\/web\/2020\/10\/23\/cliff-williams-de-ac-dc-se-compromete-a-tocar-algunos-shows\/","og_locale":"es_ES","og_type":"article","og_title":"Cliff Williams de AC\/DC se compromete a tocar \"algunos shows\" - Radio UNO Digital","og_description":"El bajista de AC\/DC Cliff Williams anunci\u00f3 inicialmente su retiro de la banda en 2016, citando el deseo de permanecer fuera de la carretera. Con la banda nuevamente reunida para el pr\u00f3ximo \u00e1lbum Power Up, Williams ha comentado sobre el futuro de la banda y que est\u00e1 comprometido a tocar \u00abalgunos shows\u00bb. La \u00faltima carrera... Read More","og_url":"https:\/\/radiounodigital.com\/web\/2020\/10\/23\/cliff-williams-de-ac-dc-se-compromete-a-tocar-algunos-shows\/","og_site_name":"Radio UNO Digital","article_published_time":"2020-10-23T15:19:59+00:00","og_image":[{"width":2560,"height":1707,"url":"https:\/\/radiounodigital.com\/web\/wp-content\/uploads\/2020\/10\/musicacdccliffwilliams-scaled.jpg","type":"image\/jpeg"}],"author":"diegoc","twitter_card":"summary_large_image","twitter_misc":{"Escrito por":"diegoc","Tiempo de lectura":"3 minutos"},"schema":{"@context":"https:\/\/schema.org","@graph":[{"@type":"Article","@id":"https:\/\/radiounodigital.com\/web\/2020\/10\/23\/cliff-williams-de-ac-dc-se-compromete-a-tocar-algunos-shows\/#article","isPartOf":{"@id":"https:\/\/radiounodigital.com\/web\/2020\/10\/23\/cliff-williams-de-ac-dc-se-compromete-a-tocar-algunos-shows\/"},"author":{"name":"diegoc","@id":"https:\/\/radiounodigital.com\/web\/#\/schema\/person\/00b93151fa54f619ecf9c183d1fc9758"},"headline":"Cliff Williams de AC\/DC se compromete a tocar \u00abalgunos shows\u00bb","datePublished":"2020-10-23T15:19:59+00:00","mainEntityOfPage":{"@id":"https:\/\/radiounodigital.com\/web\/2020\/10\/23\/cliff-williams-de-ac-dc-se-compromete-a-tocar-algunos-shows\/"},"wordCount":671,"commentCount":0,"image":{"@id":"https:\/\/radiounodigital.com\/web\/2020\/10\/23\/cliff-williams-de-ac-dc-se-compromete-a-tocar-algunos-shows\/#primaryimage"},"thumbnailUrl":"https:\/\/radiounodigital.com\/web\/wp-content\/uploads\/2020\/10\/musicacdccliffwilliams-scaled.jpg","keywords":["AC\/DC","cliff williams"],"articleSection":["news","Rock Clasico"],"inLanguage":"es","potentialAction":[{"@type":"CommentAction","name":"Comment","target":["https:\/\/radiounodigital.com\/web\/2020\/10\/23\/cliff-williams-de-ac-dc-se-compromete-a-tocar-algunos-shows\/#respond"]}]},{"@type":"WebPage","@id":"https:\/\/radiounodigital.com\/web\/2020\/10\/23\/cliff-williams-de-ac-dc-se-compromete-a-tocar-algunos-shows\/","url":"https:\/\/radiounodigital.com\/web\/2020\/10\/23\/cliff-williams-de-ac-dc-se-compromete-a-tocar-algunos-shows\/","name":"Cliff Williams de AC\/DC se compromete a tocar \"algunos shows\" - Radio UNO Digital","isPartOf":{"@id":"https:\/\/radiounodigital.com\/web\/#website"},"primaryImageOfPage":{"@id":"https:\/\/radiounodigital.com\/web\/2020\/10\/23\/cliff-williams-de-ac-dc-se-compromete-a-tocar-algunos-shows\/#primaryimage"},"image":{"@id":"https:\/\/radiounodigital.com\/web\/2020\/10\/23\/cliff-williams-de-ac-dc-se-compromete-a-tocar-algunos-shows\/#primaryimage"},"thumbnailUrl":"https:\/\/radiounodigital.com\/web\/wp-content\/uploads\/2020\/10\/musicacdccliffwilliams-scaled.jpg","datePublished":"2020-10-23T15:19:59+00:00","author":{"@id":"https:\/\/radiounodigital.com\/web\/#\/schema\/person\/00b93151fa54f619ecf9c183d1fc9758"},"breadcrumb":{"@id":"https:\/\/radiounodigital.com\/web\/2020\/10\/23\/cliff-williams-de-ac-dc-se-compromete-a-tocar-algunos-shows\/#breadcrumb"},"inLanguage":"es","potentialAction":[{"@type":"ReadAction","target":["https:\/\/radiounodigital.com\/web\/2020\/10\/23\/cliff-williams-de-ac-dc-se-compromete-a-tocar-algunos-shows\/"]}]},{"@type":"ImageObject","inLanguage":"es","@id":"https:\/\/radiounodigital.com\/web\/2020\/10\/23\/cliff-williams-de-ac-dc-se-compromete-a-tocar-algunos-shows\/#primaryimage","url":"https:\/\/radiounodigital.com\/web\/wp-content\/uploads\/2020\/10\/musicacdccliffwilliams-scaled.jpg","contentUrl":"https:\/\/radiounodigital.com\/web\/wp-content\/uploads\/2020\/10\/musicacdccliffwilliams-scaled.jpg","width":2560,"height":1707,"caption":"FILE - In this Nov. 13, 2014 file photo, members of the rock band AC\/DC, bassist Cliff Williams, left, and guitarist Angus Young pose for a portrait in promotion of their upcoming album, \"Rock or Bust\" in New York. Williams announced his retirement from the group in a YouTube video posted on Sept. 20, 2016. (Photo by Amy Sussman\/Invision\/AP, File)"},{"@type":"BreadcrumbList","@id":"https:\/\/radiounodigital.com\/web\/2020\/10\/23\/cliff-williams-de-ac-dc-se-compromete-a-tocar-algunos-shows\/#breadcrumb","itemListElement":[{"@type":"ListItem","position":1,"name":"Home","item":"https:\/\/radiounodigital.com\/web\/"},{"@type":"ListItem","position":2,"name":"Cliff Williams de AC\/DC se compromete a tocar \u00abalgunos shows\u00bb"}]},{"@type":"WebSite","@id":"https:\/\/radiounodigital.com\/web\/#website","url":"https:\/\/radiounodigital.com\/web\/","name":"Radio UNO Digital","description":"Donde la cultura del rock se siente","potentialAction":[{"@type":"SearchAction","target":{"@type":"EntryPoint","urlTemplate":"https:\/\/radiounodigital.com\/web\/?s={search_term_string}"},"query-input":{"@type":"PropertyValueSpecification","valueRequired":true,"valueName":"search_term_string"}}],"inLanguage":"es"},{"@type":"Person","@id":"https:\/\/radiounodigital.com\/web\/#\/schema\/person\/00b93151fa54f619ecf9c183d1fc9758","name":"diegoc","image":{"@type":"ImageObject","inLanguage":"es","@id":"https:\/\/secure.gravatar.com\/avatar\/0a67041d44c702fb0660d81a5a32c7ce6007341cf92afeb718b75883bf415864?s=96&d=blank&r=g","url":"https:\/\/secure.gravatar.com\/avatar\/0a67041d44c702fb0660d81a5a32c7ce6007341cf92afeb718b75883bf415864?s=96&d=blank&r=g","contentUrl":"https:\/\/secure.gravatar.com\/avatar\/0a67041d44c702fb0660d81a5a32c7ce6007341cf92afeb718b75883bf415864?s=96&d=blank&r=g","caption":"diegoc"},"url":"https:\/\/radiounodigital.com\/web\/author\/diegoc\/"}]}},"_links":{"self":[{"href":"https:\/\/radiounodigital.com\/web\/wp-json\/wp\/v2\/posts\/4771","targetHints":{"allow":["GET"]}}],"collection":[{"href":"https:\/\/radiounodigital.com\/web\/wp-json\/wp\/v2\/posts"}],"about":[{"href":"https:\/\/radiounodigital.com\/web\/wp-json\/wp\/v2\/types\/post"}],"author":[{"embeddable":true,"href":"https:\/\/radiounodigital.com\/web\/wp-json\/wp\/v2\/users\/1"}],"replies":[{"embeddable":true,"href":"https:\/\/radiounodigital.com\/web\/wp-json\/wp\/v2\/comments?post=4771"}],"version-history":[{"count":1,"href":"https:\/\/radiounodigital.com\/web\/wp-json\/wp\/v2\/posts\/4771\/revisions"}],"predecessor-version":[{"id":4773,"href":"https:\/\/radiounodigital.com\/web\/wp-json\/wp\/v2\/posts\/4771\/revisions\/4773"}],"wp:featuredmedia":[{"embeddable":true,"href":"https:\/\/radiounodigital.com\/web\/wp-json\/wp\/v2\/media\/4772"}],"wp:attachment":[{"href":"https:\/\/radiounodigital.com\/web\/wp-json\/wp\/v2\/media?parent=4771"}],"wp:term":[{"taxonomy":"category","embeddable":true,"href":"https:\/\/radiounodigital.com\/web\/wp-json\/wp\/v2\/categories?post=4771"},{"taxonomy":"post_tag","embeddable":true,"href":"https:\/\/radiounodigital.com\/web\/wp-json\/wp\/v2\/tags?post=4771"}],"curies":[{"name":"wp","href":"https:\/\/api.w.org\/{rel}","templated":true}]}}