{"id":4780,"date":"2020-10-26T11:10:18","date_gmt":"2020-10-26T14:10:18","guid":{"rendered":"https:\/\/radiounodigital.com\/web\/?p=4780"},"modified":"2020-10-26T11:33:12","modified_gmt":"2020-10-26T14:33:12","slug":"mira-el-nuevo-video-oficial-de-shot-in-the-dark-de-ac-dc","status":"publish","type":"post","link":"https:\/\/radiounodigital.com\/web\/2020\/10\/26\/mira-el-nuevo-video-oficial-de-shot-in-the-dark-de-ac-dc\/","title":{"rendered":"Mira el nuevo video oficial de \u00abShot in the dark\u00bb de AC\/DC"},"content":{"rendered":"<h3>Hace instantes la banda australiana AC\/DC present\u00f3 el video oficial de <em>Shot in the Dark,<\/em> el primer single de su nuevo \u00e1lbum titulado PowerUP que saldr\u00e1 a la venta el pr\u00f3ximo 13 de noviembre.<\/h3>\n<p><iframe loading=\"lazy\" title=\"AC\/DC - Shot In The Dark (Official Video)\" width=\"960\" height=\"540\" src=\"https:\/\/www.youtube.com\/embed\/54LEywabkl4?feature=oembed\" frameborder=\"0\" allow=\"accelerometer; autoplay; clipboard-write; encrypted-media; gyroscope; picture-in-picture\" allowfullscreen><\/iframe><\/p>\n<p>&nbsp;<\/p>\n<div class=\"fb-background-color\">\n\t\t\t  <div \n\t\t\t  \tclass = \"fb-comments\" \n\t\t\t  \tdata-href = \"https:\/\/radiounodigital.com\/web\/2020\/10\/26\/mira-el-nuevo-video-oficial-de-shot-in-the-dark-de-ac-dc\/\"\n\t\t\t  \tdata-numposts = \"10\"\n\t\t\t  \tdata-lazy = \"true\"\n\t\t\t\tdata-colorscheme = \"dark\"\n\t\t\t\tdata-order-by = \"reverse_time\"\n\t\t\t\tdata-mobile=true>\n\t\t\t  <\/div><\/div>\n\t\t  <style>\n\t\t    .fb-background-color {\n\t\t\t\tbackground: #ffffff !important;\n\t\t\t}\n\t\t\t.fb_iframe_widget_fluid_desktop iframe {\n\t\t\t    width: 100% !important;\n\t\t\t}\n\t\t  <\/style>\n\t\t  ","protected":false},"excerpt":{"rendered":"<p>Hace instantes la banda australiana AC\/DC present\u00f3 el video oficial de Shot in the Dark, el primer single de su nuevo \u00e1lbum titulado PowerUP que saldr\u00e1 a la venta el pr\u00f3ximo 13 de noviembre. &nbsp;<\/p>\n","protected":false},"author":1,"featured_media":4781,"comment_status":"open","ping_status":"open","sticky":false,"template":"","format":"standard","meta":{"footnotes":""},"categories":[1097,180,1359],"tags":[148,302,1300,24],"class_list":["post-4780","post","type-post","status-publish","format-standard","has-post-thumbnail","hentry","category-lo-nuevo","category-news","category-videos","tag-ac-dc","tag-oficial","tag-shot-in-the-dark","tag-video"],"yoast_head":"<!-- This site is optimized with the Yoast SEO plugin v27.5 - https:\/\/yoast.com\/product\/yoast-seo-wordpress\/ -->\n<title>Mira el nuevo video oficial de &quot;Shot in the dark&quot; de AC\/DC - Radio UNO Digital<\/title>\n<meta name=\"description\" content=\"En la ma\u00f1ana de hoy, AC\/DC presento el video de Shot in the Dark, el primer sencillo de su nuevo \u00e1lbum POWERUP\" \/>\n<meta name=\"robots\" content=\"index, follow, max-snippet:-1, max-image-preview:large, max-video-preview:-1\" \/>\n<link rel=\"canonical\" href=\"https:\/\/radiounodigital.com\/web\/2020\/10\/26\/mira-el-nuevo-video-oficial-de-shot-in-the-dark-de-ac-dc\/\" \/>\n<meta property=\"og:locale\" content=\"es_ES\" \/>\n<meta property=\"og:type\" content=\"article\" \/>\n<meta property=\"og:title\" content=\"Mira el nuevo video oficial de &quot;Shot in the dark&quot; de AC\/DC - Radio UNO Digital\" \/>\n<meta property=\"og:description\" content=\"En la ma\u00f1ana de hoy, AC\/DC presento el video de Shot in the Dark, el primer sencillo de su nuevo \u00e1lbum POWERUP\" \/>\n<meta property=\"og:url\" content=\"https:\/\/radiounodigital.com\/web\/2020\/10\/26\/mira-el-nuevo-video-oficial-de-shot-in-the-dark-de-ac-dc\/\" \/>\n<meta property=\"og:site_name\" content=\"Radio UNO Digital\" \/>\n<meta property=\"article:published_time\" content=\"2020-10-26T14:10:18+00:00\" \/>\n<meta property=\"article:modified_time\" content=\"2020-10-26T14:33:12+00:00\" \/>\n<meta property=\"og:image\" content=\"https:\/\/radiounodigital.com\/web\/wp-content\/uploads\/2020\/10\/acdc-tapa.jpg\" \/>\n\t<meta property=\"og:image:width\" content=\"750\" \/>\n\t<meta property=\"og:image:height\" content=\"456\" \/>\n\t<meta property=\"og:image:type\" content=\"image\/jpeg\" \/>\n<meta name=\"author\" content=\"diegoc\" \/>\n<meta name=\"twitter:card\" content=\"summary_large_image\" \/>\n<meta name=\"twitter:label1\" content=\"Escrito por\" \/>\n\t<meta name=\"twitter:data1\" content=\"diegoc\" \/>\n<script type=\"application\/ld+json\" class=\"yoast-schema-graph\">{\"@context\":\"https:\\\/\\\/schema.org\",\"@graph\":[{\"@type\":\"Article\",\"@id\":\"https:\\\/\\\/radiounodigital.com\\\/web\\\/2020\\\/10\\\/26\\\/mira-el-nuevo-video-oficial-de-shot-in-the-dark-de-ac-dc\\\/#article\",\"isPartOf\":{\"@id\":\"https:\\\/\\\/radiounodigital.com\\\/web\\\/2020\\\/10\\\/26\\\/mira-el-nuevo-video-oficial-de-shot-in-the-dark-de-ac-dc\\\/\"},\"author\":{\"name\":\"diegoc\",\"@id\":\"https:\\\/\\\/radiounodigital.com\\\/web\\\/#\\\/schema\\\/person\\\/00b93151fa54f619ecf9c183d1fc9758\"},\"headline\":\"Mira el nuevo video oficial de \u00abShot in the dark\u00bb de AC\\\/DC\",\"datePublished\":\"2020-10-26T14:10:18+00:00\",\"dateModified\":\"2020-10-26T14:33:12+00:00\",\"mainEntityOfPage\":{\"@id\":\"https:\\\/\\\/radiounodigital.com\\\/web\\\/2020\\\/10\\\/26\\\/mira-el-nuevo-video-oficial-de-shot-in-the-dark-de-ac-dc\\\/\"},\"wordCount\":56,\"commentCount\":0,\"image\":{\"@id\":\"https:\\\/\\\/radiounodigital.com\\\/web\\\/2020\\\/10\\\/26\\\/mira-el-nuevo-video-oficial-de-shot-in-the-dark-de-ac-dc\\\/#primaryimage\"},\"thumbnailUrl\":\"https:\\\/\\\/radiounodigital.com\\\/web\\\/wp-content\\\/uploads\\\/2020\\\/10\\\/acdc-tapa.jpg\",\"keywords\":[\"AC\\\/DC\",\"oficial\",\"shot in the dark\",\"Video\"],\"articleSection\":[\"lo nuevo\",\"news\",\"videos\"],\"inLanguage\":\"es\",\"potentialAction\":[{\"@type\":\"CommentAction\",\"name\":\"Comment\",\"target\":[\"https:\\\/\\\/radiounodigital.com\\\/web\\\/2020\\\/10\\\/26\\\/mira-el-nuevo-video-oficial-de-shot-in-the-dark-de-ac-dc\\\/#respond\"]}]},{\"@type\":\"WebPage\",\"@id\":\"https:\\\/\\\/radiounodigital.com\\\/web\\\/2020\\\/10\\\/26\\\/mira-el-nuevo-video-oficial-de-shot-in-the-dark-de-ac-dc\\\/\",\"url\":\"https:\\\/\\\/radiounodigital.com\\\/web\\\/2020\\\/10\\\/26\\\/mira-el-nuevo-video-oficial-de-shot-in-the-dark-de-ac-dc\\\/\",\"name\":\"Mira el nuevo video oficial de \\\"Shot in the dark\\\" de AC\\\/DC - Radio UNO Digital\",\"isPartOf\":{\"@id\":\"https:\\\/\\\/radiounodigital.com\\\/web\\\/#website\"},\"primaryImageOfPage\":{\"@id\":\"https:\\\/\\\/radiounodigital.com\\\/web\\\/2020\\\/10\\\/26\\\/mira-el-nuevo-video-oficial-de-shot-in-the-dark-de-ac-dc\\\/#primaryimage\"},\"image\":{\"@id\":\"https:\\\/\\\/radiounodigital.com\\\/web\\\/2020\\\/10\\\/26\\\/mira-el-nuevo-video-oficial-de-shot-in-the-dark-de-ac-dc\\\/#primaryimage\"},\"thumbnailUrl\":\"https:\\\/\\\/radiounodigital.com\\\/web\\\/wp-content\\\/uploads\\\/2020\\\/10\\\/acdc-tapa.jpg\",\"datePublished\":\"2020-10-26T14:10:18+00:00\",\"dateModified\":\"2020-10-26T14:33:12+00:00\",\"author\":{\"@id\":\"https:\\\/\\\/radiounodigital.com\\\/web\\\/#\\\/schema\\\/person\\\/00b93151fa54f619ecf9c183d1fc9758\"},\"description\":\"En la ma\u00f1ana de hoy, AC\\\/DC presento el video de Shot in the Dark, el primer sencillo de su nuevo \u00e1lbum POWERUP\",\"breadcrumb\":{\"@id\":\"https:\\\/\\\/radiounodigital.com\\\/web\\\/2020\\\/10\\\/26\\\/mira-el-nuevo-video-oficial-de-shot-in-the-dark-de-ac-dc\\\/#breadcrumb\"},\"inLanguage\":\"es\",\"potentialAction\":[{\"@type\":\"ReadAction\",\"target\":[\"https:\\\/\\\/radiounodigital.com\\\/web\\\/2020\\\/10\\\/26\\\/mira-el-nuevo-video-oficial-de-shot-in-the-dark-de-ac-dc\\\/\"]}]},{\"@type\":\"ImageObject\",\"inLanguage\":\"es\",\"@id\":\"https:\\\/\\\/radiounodigital.com\\\/web\\\/2020\\\/10\\\/26\\\/mira-el-nuevo-video-oficial-de-shot-in-the-dark-de-ac-dc\\\/#primaryimage\",\"url\":\"https:\\\/\\\/radiounodigital.com\\\/web\\\/wp-content\\\/uploads\\\/2020\\\/10\\\/acdc-tapa.jpg\",\"contentUrl\":\"https:\\\/\\\/radiounodigital.com\\\/web\\\/wp-content\\\/uploads\\\/2020\\\/10\\\/acdc-tapa.jpg\",\"width\":750,\"height\":456},{\"@type\":\"BreadcrumbList\",\"@id\":\"https:\\\/\\\/radiounodigital.com\\\/web\\\/2020\\\/10\\\/26\\\/mira-el-nuevo-video-oficial-de-shot-in-the-dark-de-ac-dc\\\/#breadcrumb\",\"itemListElement\":[{\"@type\":\"ListItem\",\"position\":1,\"name\":\"Home\",\"item\":\"https:\\\/\\\/radiounodigital.com\\\/web\\\/\"},{\"@type\":\"ListItem\",\"position\":2,\"name\":\"Mira el nuevo video oficial de \u00abShot in the dark\u00bb de AC\\\/DC\"}]},{\"@type\":\"WebSite\",\"@id\":\"https:\\\/\\\/radiounodigital.com\\\/web\\\/#website\",\"url\":\"https:\\\/\\\/radiounodigital.com\\\/web\\\/\",\"name\":\"Radio UNO Digital\",\"description\":\"Donde la cultura del rock se siente\",\"potentialAction\":[{\"@type\":\"SearchAction\",\"target\":{\"@type\":\"EntryPoint\",\"urlTemplate\":\"https:\\\/\\\/radiounodigital.com\\\/web\\\/?s={search_term_string}\"},\"query-input\":{\"@type\":\"PropertyValueSpecification\",\"valueRequired\":true,\"valueName\":\"search_term_string\"}}],\"inLanguage\":\"es\"},{\"@type\":\"Person\",\"@id\":\"https:\\\/\\\/radiounodigital.com\\\/web\\\/#\\\/schema\\\/person\\\/00b93151fa54f619ecf9c183d1fc9758\",\"name\":\"diegoc\",\"image\":{\"@type\":\"ImageObject\",\"inLanguage\":\"es\",\"@id\":\"https:\\\/\\\/secure.gravatar.com\\\/avatar\\\/0a67041d44c702fb0660d81a5a32c7ce6007341cf92afeb718b75883bf415864?s=96&d=blank&r=g\",\"url\":\"https:\\\/\\\/secure.gravatar.com\\\/avatar\\\/0a67041d44c702fb0660d81a5a32c7ce6007341cf92afeb718b75883bf415864?s=96&d=blank&r=g\",\"contentUrl\":\"https:\\\/\\\/secure.gravatar.com\\\/avatar\\\/0a67041d44c702fb0660d81a5a32c7ce6007341cf92afeb718b75883bf415864?s=96&d=blank&r=g\",\"caption\":\"diegoc\"},\"url\":\"https:\\\/\\\/radiounodigital.com\\\/web\\\/author\\\/diegoc\\\/\"}]}<\/script>\n<!-- \/ Yoast SEO plugin. -->","yoast_head_json":{"title":"Mira el nuevo video oficial de \"Shot in the dark\" de AC\/DC - Radio UNO Digital","description":"En la ma\u00f1ana de hoy, AC\/DC presento el video de Shot in the Dark, el primer sencillo de su nuevo \u00e1lbum POWERUP","robots":{"index":"index","follow":"follow","max-snippet":"max-snippet:-1","max-image-preview":"max-image-preview:large","max-video-preview":"max-video-preview:-1"},"canonical":"https:\/\/radiounodigital.com\/web\/2020\/10\/26\/mira-el-nuevo-video-oficial-de-shot-in-the-dark-de-ac-dc\/","og_locale":"es_ES","og_type":"article","og_title":"Mira el nuevo video oficial de \"Shot in the dark\" de AC\/DC - Radio UNO Digital","og_description":"En la ma\u00f1ana de hoy, AC\/DC presento el video de Shot in the Dark, el primer sencillo de su nuevo \u00e1lbum POWERUP","og_url":"https:\/\/radiounodigital.com\/web\/2020\/10\/26\/mira-el-nuevo-video-oficial-de-shot-in-the-dark-de-ac-dc\/","og_site_name":"Radio UNO Digital","article_published_time":"2020-10-26T14:10:18+00:00","article_modified_time":"2020-10-26T14:33:12+00:00","og_image":[{"width":750,"height":456,"url":"https:\/\/radiounodigital.com\/web\/wp-content\/uploads\/2020\/10\/acdc-tapa.jpg","type":"image\/jpeg"}],"author":"diegoc","twitter_card":"summary_large_image","twitter_misc":{"Escrito por":"diegoc"},"schema":{"@context":"https:\/\/schema.org","@graph":[{"@type":"Article","@id":"https:\/\/radiounodigital.com\/web\/2020\/10\/26\/mira-el-nuevo-video-oficial-de-shot-in-the-dark-de-ac-dc\/#article","isPartOf":{"@id":"https:\/\/radiounodigital.com\/web\/2020\/10\/26\/mira-el-nuevo-video-oficial-de-shot-in-the-dark-de-ac-dc\/"},"author":{"name":"diegoc","@id":"https:\/\/radiounodigital.com\/web\/#\/schema\/person\/00b93151fa54f619ecf9c183d1fc9758"},"headline":"Mira el nuevo video oficial de \u00abShot in the dark\u00bb de AC\/DC","datePublished":"2020-10-26T14:10:18+00:00","dateModified":"2020-10-26T14:33:12+00:00","mainEntityOfPage":{"@id":"https:\/\/radiounodigital.com\/web\/2020\/10\/26\/mira-el-nuevo-video-oficial-de-shot-in-the-dark-de-ac-dc\/"},"wordCount":56,"commentCount":0,"image":{"@id":"https:\/\/radiounodigital.com\/web\/2020\/10\/26\/mira-el-nuevo-video-oficial-de-shot-in-the-dark-de-ac-dc\/#primaryimage"},"thumbnailUrl":"https:\/\/radiounodigital.com\/web\/wp-content\/uploads\/2020\/10\/acdc-tapa.jpg","keywords":["AC\/DC","oficial","shot in the dark","Video"],"articleSection":["lo nuevo","news","videos"],"inLanguage":"es","potentialAction":[{"@type":"CommentAction","name":"Comment","target":["https:\/\/radiounodigital.com\/web\/2020\/10\/26\/mira-el-nuevo-video-oficial-de-shot-in-the-dark-de-ac-dc\/#respond"]}]},{"@type":"WebPage","@id":"https:\/\/radiounodigital.com\/web\/2020\/10\/26\/mira-el-nuevo-video-oficial-de-shot-in-the-dark-de-ac-dc\/","url":"https:\/\/radiounodigital.com\/web\/2020\/10\/26\/mira-el-nuevo-video-oficial-de-shot-in-the-dark-de-ac-dc\/","name":"Mira el nuevo video oficial de \"Shot in the dark\" de AC\/DC - Radio UNO Digital","isPartOf":{"@id":"https:\/\/radiounodigital.com\/web\/#website"},"primaryImageOfPage":{"@id":"https:\/\/radiounodigital.com\/web\/2020\/10\/26\/mira-el-nuevo-video-oficial-de-shot-in-the-dark-de-ac-dc\/#primaryimage"},"image":{"@id":"https:\/\/radiounodigital.com\/web\/2020\/10\/26\/mira-el-nuevo-video-oficial-de-shot-in-the-dark-de-ac-dc\/#primaryimage"},"thumbnailUrl":"https:\/\/radiounodigital.com\/web\/wp-content\/uploads\/2020\/10\/acdc-tapa.jpg","datePublished":"2020-10-26T14:10:18+00:00","dateModified":"2020-10-26T14:33:12+00:00","author":{"@id":"https:\/\/radiounodigital.com\/web\/#\/schema\/person\/00b93151fa54f619ecf9c183d1fc9758"},"description":"En la ma\u00f1ana de hoy, AC\/DC presento el video de Shot in the Dark, el primer sencillo de su nuevo \u00e1lbum POWERUP","breadcrumb":{"@id":"https:\/\/radiounodigital.com\/web\/2020\/10\/26\/mira-el-nuevo-video-oficial-de-shot-in-the-dark-de-ac-dc\/#breadcrumb"},"inLanguage":"es","potentialAction":[{"@type":"ReadAction","target":["https:\/\/radiounodigital.com\/web\/2020\/10\/26\/mira-el-nuevo-video-oficial-de-shot-in-the-dark-de-ac-dc\/"]}]},{"@type":"ImageObject","inLanguage":"es","@id":"https:\/\/radiounodigital.com\/web\/2020\/10\/26\/mira-el-nuevo-video-oficial-de-shot-in-the-dark-de-ac-dc\/#primaryimage","url":"https:\/\/radiounodigital.com\/web\/wp-content\/uploads\/2020\/10\/acdc-tapa.jpg","contentUrl":"https:\/\/radiounodigital.com\/web\/wp-content\/uploads\/2020\/10\/acdc-tapa.jpg","width":750,"height":456},{"@type":"BreadcrumbList","@id":"https:\/\/radiounodigital.com\/web\/2020\/10\/26\/mira-el-nuevo-video-oficial-de-shot-in-the-dark-de-ac-dc\/#breadcrumb","itemListElement":[{"@type":"ListItem","position":1,"name":"Home","item":"https:\/\/radiounodigital.com\/web\/"},{"@type":"ListItem","position":2,"name":"Mira el nuevo video oficial de \u00abShot in the dark\u00bb de AC\/DC"}]},{"@type":"WebSite","@id":"https:\/\/radiounodigital.com\/web\/#website","url":"https:\/\/radiounodigital.com\/web\/","name":"Radio UNO Digital","description":"Donde la cultura del rock se siente","potentialAction":[{"@type":"SearchAction","target":{"@type":"EntryPoint","urlTemplate":"https:\/\/radiounodigital.com\/web\/?s={search_term_string}"},"query-input":{"@type":"PropertyValueSpecification","valueRequired":true,"valueName":"search_term_string"}}],"inLanguage":"es"},{"@type":"Person","@id":"https:\/\/radiounodigital.com\/web\/#\/schema\/person\/00b93151fa54f619ecf9c183d1fc9758","name":"diegoc","image":{"@type":"ImageObject","inLanguage":"es","@id":"https:\/\/secure.gravatar.com\/avatar\/0a67041d44c702fb0660d81a5a32c7ce6007341cf92afeb718b75883bf415864?s=96&d=blank&r=g","url":"https:\/\/secure.gravatar.com\/avatar\/0a67041d44c702fb0660d81a5a32c7ce6007341cf92afeb718b75883bf415864?s=96&d=blank&r=g","contentUrl":"https:\/\/secure.gravatar.com\/avatar\/0a67041d44c702fb0660d81a5a32c7ce6007341cf92afeb718b75883bf415864?s=96&d=blank&r=g","caption":"diegoc"},"url":"https:\/\/radiounodigital.com\/web\/author\/diegoc\/"}]}},"_links":{"self":[{"href":"https:\/\/radiounodigital.com\/web\/wp-json\/wp\/v2\/posts\/4780","targetHints":{"allow":["GET"]}}],"collection":[{"href":"https:\/\/radiounodigital.com\/web\/wp-json\/wp\/v2\/posts"}],"about":[{"href":"https:\/\/radiounodigital.com\/web\/wp-json\/wp\/v2\/types\/post"}],"author":[{"embeddable":true,"href":"https:\/\/radiounodigital.com\/web\/wp-json\/wp\/v2\/users\/1"}],"replies":[{"embeddable":true,"href":"https:\/\/radiounodigital.com\/web\/wp-json\/wp\/v2\/comments?post=4780"}],"version-history":[{"count":2,"href":"https:\/\/radiounodigital.com\/web\/wp-json\/wp\/v2\/posts\/4780\/revisions"}],"predecessor-version":[{"id":4783,"href":"https:\/\/radiounodigital.com\/web\/wp-json\/wp\/v2\/posts\/4780\/revisions\/4783"}],"wp:featuredmedia":[{"embeddable":true,"href":"https:\/\/radiounodigital.com\/web\/wp-json\/wp\/v2\/media\/4781"}],"wp:attachment":[{"href":"https:\/\/radiounodigital.com\/web\/wp-json\/wp\/v2\/media?parent=4780"}],"wp:term":[{"taxonomy":"category","embeddable":true,"href":"https:\/\/radiounodigital.com\/web\/wp-json\/wp\/v2\/categories?post=4780"},{"taxonomy":"post_tag","embeddable":true,"href":"https:\/\/radiounodigital.com\/web\/wp-json\/wp\/v2\/tags?post=4780"}],"curies":[{"name":"wp","href":"https:\/\/api.w.org\/{rel}","templated":true}]}}