{"id":4800,"date":"2020-10-29T10:21:21","date_gmt":"2020-10-29T13:21:21","guid":{"rendered":"https:\/\/radiounodigital.com\/web\/?p=4800"},"modified":"2020-10-29T10:21:21","modified_gmt":"2020-10-29T13:21:21","slug":"tom-morello-anuncia-nuevo-ep-con-slash-una-version-de-jimi-hendrix-y-tributo-a-eddie-van-halen","status":"publish","type":"post","link":"https:\/\/radiounodigital.com\/web\/2020\/10\/29\/tom-morello-anuncia-nuevo-ep-con-slash-una-version-de-jimi-hendrix-y-tributo-a-eddie-van-halen\/","title":{"rendered":"Tom Morello anuncia nuevo EP con Slash, una versi\u00f3n de Jimi Hendrix y tributo a Eddie Van Halen"},"content":{"rendered":"<h3>El guitarrista de Rage Against the Machine, Tom Morello, ha anunciado un nuevo EP sorpresa que se lanzar\u00e1 este viernes (30 de octubre), y parece que ser\u00e1 una celebraci\u00f3n de todo lo relacionado con la guitarra el\u00e9ctrica.<\/h3>\n<p>La lista de canciones del EP incluye la Interestate 80, que cuenta con una aparici\u00f3n especial de Slash, mientras que Voodoo Child abre el lanzamiento; aunque no ha sido confirmado, seguramente es una versi\u00f3n del cl\u00e1sico de Jimi Hendrix.<\/p>\n<p>Otras canciones incluyen Suburban Guerrilla, Cato Stedman &amp; Neptune Frost, y Secretariat (para EVH), el tributo de Morello al difunto Eddie Van Halen.<\/p>\n<blockquote class=\"instagram-media\" style=\"background: #FFF; border: 0; border-radius: 3px; box-shadow: 0 0 1px 0 rgba(0,0,0,0.5),0 1px 10px 0 rgba(0,0,0,0.15); margin: 1px; max-width: 540px; min-width: 326px; padding: 0; width: calc(100% - 2px);\" data-instgrm-captioned=\"\" data-instgrm-permalink=\"https:\/\/www.instagram.com\/p\/CG5NZrdnP_D\/?utm_source=ig_embed&amp;utm_campaign=loading\" data-instgrm-version=\"12\">\n<div style=\"padding: 16px;\">\n<p>&nbsp;<\/p>\n<div style=\"display: flex; flex-direction: row; align-items: center;\">\n<div style=\"background-color: #f4f4f4; border-radius: 50%; flex-grow: 0; height: 40px; margin-right: 14px; width: 40px;\"><\/div>\n<div style=\"display: flex; flex-direction: column; flex-grow: 1; justify-content: center;\">\n<div style=\"background-color: #f4f4f4; border-radius: 4px; flex-grow: 0; height: 14px; margin-bottom: 6px; width: 100px;\"><\/div>\n<div style=\"background-color: #f4f4f4; border-radius: 4px; flex-grow: 0; height: 14px; width: 60px;\"><\/div>\n<\/div>\n<\/div>\n<div style=\"padding: 19% 0;\"><\/div>\n<div style=\"display: block; height: 50px; margin: 0 auto 12px; width: 50px;\"><\/div>\n<div style=\"padding-top: 8px;\">\n<div style=\"color: #3897f0; font-family: Arial,sans-serif; font-size: 14px; font-style: normal; font-weight: 550; line-height: 18px;\">Ver esta publicaci\u00f3n en Instagram<\/div>\n<\/div>\n<div style=\"padding: 12.5% 0;\"><\/div>\n<div style=\"display: flex; flex-direction: row; margin-bottom: 14px; align-items: center;\">\n<div>\n<div style=\"background-color: #f4f4f4; border-radius: 50%; height: 12.5px; width: 12.5px; transform: translateX(0px) translateY(7px);\"><\/div>\n<div style=\"background-color: #f4f4f4; height: 12.5px; transform: rotate(-45deg) translateX(3px) translateY(1px); width: 12.5px; flex-grow: 0; margin-right: 14px; margin-left: 2px;\"><\/div>\n<div style=\"background-color: #f4f4f4; border-radius: 50%; height: 12.5px; width: 12.5px; transform: translateX(9px) translateY(-18px);\"><\/div>\n<\/div>\n<div style=\"margin-left: 8px;\">\n<div style=\"background-color: #f4f4f4; border-radius: 50%; flex-grow: 0; height: 20px; width: 20px;\"><\/div>\n<div style=\"width: 0; height: 0; border-top: 2px solid transparent; border-left: 6px solid #f4f4f4; border-bottom: 2px solid transparent; transform: translateX(16px) translateY(-4px) rotate(30deg);\"><\/div>\n<\/div>\n<div style=\"margin-left: auto;\">\n<div style=\"width: 0px; border-top: 8px solid #F4F4F4; border-right: 8px solid transparent; transform: translateY(16px);\"><\/div>\n<div style=\"background-color: #f4f4f4; flex-grow: 0; height: 12px; width: 16px; transform: translateY(-4px);\"><\/div>\n<div style=\"width: 0; height: 0; border-top: 8px solid #F4F4F4; border-left: 8px solid transparent; transform: translateY(-4px) translateX(8px);\"><\/div>\n<\/div>\n<\/div>\n<p>&nbsp;<\/p>\n<p style=\"margin: 8px 0 0 0; padding: 0 4px;\"><a style=\"color: #000; font-family: Arial,sans-serif; font-size: 14px; font-style: normal; font-weight: normal; line-height: 17px; text-decoration: none; word-wrap: break-word;\" href=\"https:\/\/www.instagram.com\/p\/CG5NZrdnP_D\/?utm_source=ig_embed&amp;utm_campaign=loading\" target=\"_blank\" rel=\"noopener noreferrer\">THIS FRIDAY: My new EP entitled COMANDANTE out everywhere \u2013 1. Voodoo Child 2. Interstate 80 (feat. @Slash) 3. Secretariat (For EVH) 4. Suburban Guerrilla 5. Cato Stedman &amp; Neptune Frost<\/a><\/p>\n<p style=\"color: #c9c8cd; font-family: Arial,sans-serif; font-size: 14px; line-height: 17px; margin-bottom: 0; margin-top: 8px; overflow: hidden; padding: 8px 0 7px; text-align: center; text-overflow: ellipsis; white-space: nowrap;\">Una publicaci\u00f3n compartida por <a style=\"color: #c9c8cd; font-family: Arial,sans-serif; font-size: 14px; font-style: normal; font-weight: normal; line-height: 17px;\" href=\"https:\/\/www.instagram.com\/tommorello\/?utm_source=ig_embed&amp;utm_campaign=loading\" target=\"_blank\" rel=\"noopener noreferrer\"> Tom Morello<\/a> (@tommorello) el <time style=\"font-family: Arial,sans-serif; font-size: 14px; line-height: 17px;\" datetime=\"2020-10-28T16:27:39+00:00\">28 de Oct de 2020 a las 9:27 PDT<\/time><\/p>\n<\/div>\n<\/blockquote>\n<p><script async src=\"\/\/www.instagram.com\/embed.js\"><\/script><\/p>\n<p>El mes pasado, Morello dijo que hab\u00eda estado grabando material nuevo en casa durante el encierro.<\/p>\n<p>\u00abTengo un estudio en mi casa, pero no soy ingeniero\u00bb, dijo a Guitar World.<\/p>\n<p>\u00abTengo una madre de 96 a\u00f1os que vive en las instalaciones, por lo que estamos s\u00faper encerrados aqu\u00ed. Nadie entra y nadie sale. Por lo general, el \u00fanico bot\u00f3n que me dejan tocar en el estudio es el de volumen.<\/p>\n<p>\u201cAs\u00ed que he estado grabando todas mis partes nuevas de guitarra en mi iPhone. Solo lo acerco al amplificador. Me hace pensar que he gastado dinero en micr\u00f3fonos, porque suena bastante bien &#8230; \u00bb<\/p>\n<p>A pesar del retraso en la gira de reuni\u00f3n de Rage Against the Machine, Morello ciertamente ha estado ocupado en 2020, lanzando un nuevo single, You Belong To Me, un libro de fotos de lujo e incluso un audiolibro.<\/p>\n<p>Comandante ser\u00e1 la primera colecci\u00f3n nueva de material del guitarrista desde el \u00e1lbum colaborativo estelar de 2018, The Atlas Underground<\/p>\n<div class=\"fb-background-color\">\n\t\t\t  <div \n\t\t\t  \tclass = \"fb-comments\" \n\t\t\t  \tdata-href = \"https:\/\/radiounodigital.com\/web\/2020\/10\/29\/tom-morello-anuncia-nuevo-ep-con-slash-una-version-de-jimi-hendrix-y-tributo-a-eddie-van-halen\/\"\n\t\t\t  \tdata-numposts = \"10\"\n\t\t\t  \tdata-lazy = \"true\"\n\t\t\t\tdata-colorscheme = \"dark\"\n\t\t\t\tdata-order-by = \"reverse_time\"\n\t\t\t\tdata-mobile=true>\n\t\t\t  <\/div><\/div>\n\t\t  <style>\n\t\t    .fb-background-color {\n\t\t\t\tbackground: #ffffff !important;\n\t\t\t}\n\t\t\t.fb_iframe_widget_fluid_desktop iframe {\n\t\t\t    width: 100% !important;\n\t\t\t}\n\t\t  <\/style>\n\t\t  ","protected":false},"excerpt":{"rendered":"<p>El guitarrista de Rage Against the Machine, Tom Morello, ha anunciado un nuevo EP sorpresa que se lanzar\u00e1 este viernes (30 de octubre), y parece que ser\u00e1 una celebraci\u00f3n de todo lo relacionado con la guitarra el\u00e9ctrica. La lista de canciones del EP incluye la Interestate 80, que cuenta con una aparici\u00f3n especial de Slash,&#8230; <a href=\"https:\/\/radiounodigital.com\/web\/2020\/10\/29\/tom-morello-anuncia-nuevo-ep-con-slash-una-version-de-jimi-hendrix-y-tributo-a-eddie-van-halen\/\" class=\"excerpt-read-more\">Read More<\/a><\/p>\n","protected":false},"author":1,"featured_media":4801,"comment_status":"open","ping_status":"open","sticky":false,"template":"","format":"standard","meta":{"footnotes":""},"categories":[1097,180,127],"tags":[1364,1363],"class_list":["post-4800","post","type-post","status-publish","format-standard","has-post-thumbnail","hentry","category-lo-nuevo","category-news","category-rock","tag-comandante","tag-tom-morello"],"yoast_head":"<!-- This site is optimized with the Yoast SEO plugin v27.5 - https:\/\/yoast.com\/product\/yoast-seo-wordpress\/ -->\n<title>Tom Morello anuncia nuevo EP con Slash, una versi\u00f3n de Jimi Hendrix y tributo a Eddie Van Halen - Radio UNO Digital<\/title>\n<meta name=\"robots\" content=\"index, follow, max-snippet:-1, max-image-preview:large, max-video-preview:-1\" \/>\n<link rel=\"canonical\" href=\"https:\/\/radiounodigital.com\/web\/2020\/10\/29\/tom-morello-anuncia-nuevo-ep-con-slash-una-version-de-jimi-hendrix-y-tributo-a-eddie-van-halen\/\" \/>\n<meta property=\"og:locale\" content=\"es_ES\" \/>\n<meta property=\"og:type\" content=\"article\" \/>\n<meta property=\"og:title\" content=\"Tom Morello anuncia nuevo EP con Slash, una versi\u00f3n de Jimi Hendrix y tributo a Eddie Van Halen - Radio UNO Digital\" \/>\n<meta property=\"og:description\" content=\"El guitarrista de Rage Against the Machine, Tom Morello, ha anunciado un nuevo EP sorpresa que se lanzar\u00e1 este viernes (30 de octubre), y parece que ser\u00e1 una celebraci\u00f3n de todo lo relacionado con la guitarra el\u00e9ctrica. La lista de canciones del EP incluye la Interestate 80, que cuenta con una aparici\u00f3n especial de Slash,... Read More\" \/>\n<meta property=\"og:url\" content=\"https:\/\/radiounodigital.com\/web\/2020\/10\/29\/tom-morello-anuncia-nuevo-ep-con-slash-una-version-de-jimi-hendrix-y-tributo-a-eddie-van-halen\/\" \/>\n<meta property=\"og:site_name\" content=\"Radio UNO Digital\" \/>\n<meta property=\"article:published_time\" content=\"2020-10-29T13:21:21+00:00\" \/>\n<meta property=\"og:image\" content=\"https:\/\/radiounodigital.com\/web\/wp-content\/uploads\/2020\/10\/Tom-morello-Comandante.jpg\" \/>\n\t<meta property=\"og:image:width\" content=\"970\" \/>\n\t<meta property=\"og:image:height\" content=\"546\" \/>\n\t<meta property=\"og:image:type\" content=\"image\/jpeg\" \/>\n<meta name=\"author\" content=\"diegoc\" \/>\n<meta name=\"twitter:card\" content=\"summary_large_image\" \/>\n<meta name=\"twitter:label1\" content=\"Escrito por\" \/>\n\t<meta name=\"twitter:data1\" content=\"diegoc\" \/>\n\t<meta name=\"twitter:label2\" content=\"Tiempo de lectura\" \/>\n\t<meta name=\"twitter:data2\" content=\"2 minutos\" \/>\n<script type=\"application\/ld+json\" class=\"yoast-schema-graph\">{\"@context\":\"https:\\\/\\\/schema.org\",\"@graph\":[{\"@type\":\"Article\",\"@id\":\"https:\\\/\\\/radiounodigital.com\\\/web\\\/2020\\\/10\\\/29\\\/tom-morello-anuncia-nuevo-ep-con-slash-una-version-de-jimi-hendrix-y-tributo-a-eddie-van-halen\\\/#article\",\"isPartOf\":{\"@id\":\"https:\\\/\\\/radiounodigital.com\\\/web\\\/2020\\\/10\\\/29\\\/tom-morello-anuncia-nuevo-ep-con-slash-una-version-de-jimi-hendrix-y-tributo-a-eddie-van-halen\\\/\"},\"author\":{\"name\":\"diegoc\",\"@id\":\"https:\\\/\\\/radiounodigital.com\\\/web\\\/#\\\/schema\\\/person\\\/00b93151fa54f619ecf9c183d1fc9758\"},\"headline\":\"Tom Morello anuncia nuevo EP con Slash, una versi\u00f3n de Jimi Hendrix y tributo a Eddie Van Halen\",\"datePublished\":\"2020-10-29T13:21:21+00:00\",\"mainEntityOfPage\":{\"@id\":\"https:\\\/\\\/radiounodigital.com\\\/web\\\/2020\\\/10\\\/29\\\/tom-morello-anuncia-nuevo-ep-con-slash-una-version-de-jimi-hendrix-y-tributo-a-eddie-van-halen\\\/\"},\"wordCount\":333,\"commentCount\":0,\"image\":{\"@id\":\"https:\\\/\\\/radiounodigital.com\\\/web\\\/2020\\\/10\\\/29\\\/tom-morello-anuncia-nuevo-ep-con-slash-una-version-de-jimi-hendrix-y-tributo-a-eddie-van-halen\\\/#primaryimage\"},\"thumbnailUrl\":\"https:\\\/\\\/radiounodigital.com\\\/web\\\/wp-content\\\/uploads\\\/2020\\\/10\\\/Tom-morello-Comandante.jpg\",\"keywords\":[\"comandante\",\"tom morello\"],\"articleSection\":[\"lo nuevo\",\"news\",\"Rock\"],\"inLanguage\":\"es\",\"potentialAction\":[{\"@type\":\"CommentAction\",\"name\":\"Comment\",\"target\":[\"https:\\\/\\\/radiounodigital.com\\\/web\\\/2020\\\/10\\\/29\\\/tom-morello-anuncia-nuevo-ep-con-slash-una-version-de-jimi-hendrix-y-tributo-a-eddie-van-halen\\\/#respond\"]}]},{\"@type\":\"WebPage\",\"@id\":\"https:\\\/\\\/radiounodigital.com\\\/web\\\/2020\\\/10\\\/29\\\/tom-morello-anuncia-nuevo-ep-con-slash-una-version-de-jimi-hendrix-y-tributo-a-eddie-van-halen\\\/\",\"url\":\"https:\\\/\\\/radiounodigital.com\\\/web\\\/2020\\\/10\\\/29\\\/tom-morello-anuncia-nuevo-ep-con-slash-una-version-de-jimi-hendrix-y-tributo-a-eddie-van-halen\\\/\",\"name\":\"Tom Morello anuncia nuevo EP con Slash, una versi\u00f3n de Jimi Hendrix y tributo a Eddie Van Halen - Radio UNO Digital\",\"isPartOf\":{\"@id\":\"https:\\\/\\\/radiounodigital.com\\\/web\\\/#website\"},\"primaryImageOfPage\":{\"@id\":\"https:\\\/\\\/radiounodigital.com\\\/web\\\/2020\\\/10\\\/29\\\/tom-morello-anuncia-nuevo-ep-con-slash-una-version-de-jimi-hendrix-y-tributo-a-eddie-van-halen\\\/#primaryimage\"},\"image\":{\"@id\":\"https:\\\/\\\/radiounodigital.com\\\/web\\\/2020\\\/10\\\/29\\\/tom-morello-anuncia-nuevo-ep-con-slash-una-version-de-jimi-hendrix-y-tributo-a-eddie-van-halen\\\/#primaryimage\"},\"thumbnailUrl\":\"https:\\\/\\\/radiounodigital.com\\\/web\\\/wp-content\\\/uploads\\\/2020\\\/10\\\/Tom-morello-Comandante.jpg\",\"datePublished\":\"2020-10-29T13:21:21+00:00\",\"author\":{\"@id\":\"https:\\\/\\\/radiounodigital.com\\\/web\\\/#\\\/schema\\\/person\\\/00b93151fa54f619ecf9c183d1fc9758\"},\"breadcrumb\":{\"@id\":\"https:\\\/\\\/radiounodigital.com\\\/web\\\/2020\\\/10\\\/29\\\/tom-morello-anuncia-nuevo-ep-con-slash-una-version-de-jimi-hendrix-y-tributo-a-eddie-van-halen\\\/#breadcrumb\"},\"inLanguage\":\"es\",\"potentialAction\":[{\"@type\":\"ReadAction\",\"target\":[\"https:\\\/\\\/radiounodigital.com\\\/web\\\/2020\\\/10\\\/29\\\/tom-morello-anuncia-nuevo-ep-con-slash-una-version-de-jimi-hendrix-y-tributo-a-eddie-van-halen\\\/\"]}]},{\"@type\":\"ImageObject\",\"inLanguage\":\"es\",\"@id\":\"https:\\\/\\\/radiounodigital.com\\\/web\\\/2020\\\/10\\\/29\\\/tom-morello-anuncia-nuevo-ep-con-slash-una-version-de-jimi-hendrix-y-tributo-a-eddie-van-halen\\\/#primaryimage\",\"url\":\"https:\\\/\\\/radiounodigital.com\\\/web\\\/wp-content\\\/uploads\\\/2020\\\/10\\\/Tom-morello-Comandante.jpg\",\"contentUrl\":\"https:\\\/\\\/radiounodigital.com\\\/web\\\/wp-content\\\/uploads\\\/2020\\\/10\\\/Tom-morello-Comandante.jpg\",\"width\":970,\"height\":546},{\"@type\":\"BreadcrumbList\",\"@id\":\"https:\\\/\\\/radiounodigital.com\\\/web\\\/2020\\\/10\\\/29\\\/tom-morello-anuncia-nuevo-ep-con-slash-una-version-de-jimi-hendrix-y-tributo-a-eddie-van-halen\\\/#breadcrumb\",\"itemListElement\":[{\"@type\":\"ListItem\",\"position\":1,\"name\":\"Home\",\"item\":\"https:\\\/\\\/radiounodigital.com\\\/web\\\/\"},{\"@type\":\"ListItem\",\"position\":2,\"name\":\"Tom Morello anuncia nuevo EP con Slash, una versi\u00f3n de Jimi Hendrix y tributo a Eddie Van Halen\"}]},{\"@type\":\"WebSite\",\"@id\":\"https:\\\/\\\/radiounodigital.com\\\/web\\\/#website\",\"url\":\"https:\\\/\\\/radiounodigital.com\\\/web\\\/\",\"name\":\"Radio UNO Digital\",\"description\":\"Donde la cultura del rock se siente\",\"potentialAction\":[{\"@type\":\"SearchAction\",\"target\":{\"@type\":\"EntryPoint\",\"urlTemplate\":\"https:\\\/\\\/radiounodigital.com\\\/web\\\/?s={search_term_string}\"},\"query-input\":{\"@type\":\"PropertyValueSpecification\",\"valueRequired\":true,\"valueName\":\"search_term_string\"}}],\"inLanguage\":\"es\"},{\"@type\":\"Person\",\"@id\":\"https:\\\/\\\/radiounodigital.com\\\/web\\\/#\\\/schema\\\/person\\\/00b93151fa54f619ecf9c183d1fc9758\",\"name\":\"diegoc\",\"image\":{\"@type\":\"ImageObject\",\"inLanguage\":\"es\",\"@id\":\"https:\\\/\\\/secure.gravatar.com\\\/avatar\\\/0a67041d44c702fb0660d81a5a32c7ce6007341cf92afeb718b75883bf415864?s=96&d=blank&r=g\",\"url\":\"https:\\\/\\\/secure.gravatar.com\\\/avatar\\\/0a67041d44c702fb0660d81a5a32c7ce6007341cf92afeb718b75883bf415864?s=96&d=blank&r=g\",\"contentUrl\":\"https:\\\/\\\/secure.gravatar.com\\\/avatar\\\/0a67041d44c702fb0660d81a5a32c7ce6007341cf92afeb718b75883bf415864?s=96&d=blank&r=g\",\"caption\":\"diegoc\"},\"url\":\"https:\\\/\\\/radiounodigital.com\\\/web\\\/author\\\/diegoc\\\/\"}]}<\/script>\n<!-- \/ Yoast SEO plugin. -->","yoast_head_json":{"title":"Tom Morello anuncia nuevo EP con Slash, una versi\u00f3n de Jimi Hendrix y tributo a Eddie Van Halen - Radio UNO Digital","robots":{"index":"index","follow":"follow","max-snippet":"max-snippet:-1","max-image-preview":"max-image-preview:large","max-video-preview":"max-video-preview:-1"},"canonical":"https:\/\/radiounodigital.com\/web\/2020\/10\/29\/tom-morello-anuncia-nuevo-ep-con-slash-una-version-de-jimi-hendrix-y-tributo-a-eddie-van-halen\/","og_locale":"es_ES","og_type":"article","og_title":"Tom Morello anuncia nuevo EP con Slash, una versi\u00f3n de Jimi Hendrix y tributo a Eddie Van Halen - Radio UNO Digital","og_description":"El guitarrista de Rage Against the Machine, Tom Morello, ha anunciado un nuevo EP sorpresa que se lanzar\u00e1 este viernes (30 de octubre), y parece que ser\u00e1 una celebraci\u00f3n de todo lo relacionado con la guitarra el\u00e9ctrica. La lista de canciones del EP incluye la Interestate 80, que cuenta con una aparici\u00f3n especial de Slash,... Read More","og_url":"https:\/\/radiounodigital.com\/web\/2020\/10\/29\/tom-morello-anuncia-nuevo-ep-con-slash-una-version-de-jimi-hendrix-y-tributo-a-eddie-van-halen\/","og_site_name":"Radio UNO Digital","article_published_time":"2020-10-29T13:21:21+00:00","og_image":[{"width":970,"height":546,"url":"https:\/\/radiounodigital.com\/web\/wp-content\/uploads\/2020\/10\/Tom-morello-Comandante.jpg","type":"image\/jpeg"}],"author":"diegoc","twitter_card":"summary_large_image","twitter_misc":{"Escrito por":"diegoc","Tiempo de lectura":"2 minutos"},"schema":{"@context":"https:\/\/schema.org","@graph":[{"@type":"Article","@id":"https:\/\/radiounodigital.com\/web\/2020\/10\/29\/tom-morello-anuncia-nuevo-ep-con-slash-una-version-de-jimi-hendrix-y-tributo-a-eddie-van-halen\/#article","isPartOf":{"@id":"https:\/\/radiounodigital.com\/web\/2020\/10\/29\/tom-morello-anuncia-nuevo-ep-con-slash-una-version-de-jimi-hendrix-y-tributo-a-eddie-van-halen\/"},"author":{"name":"diegoc","@id":"https:\/\/radiounodigital.com\/web\/#\/schema\/person\/00b93151fa54f619ecf9c183d1fc9758"},"headline":"Tom Morello anuncia nuevo EP con Slash, una versi\u00f3n de Jimi Hendrix y tributo a Eddie Van Halen","datePublished":"2020-10-29T13:21:21+00:00","mainEntityOfPage":{"@id":"https:\/\/radiounodigital.com\/web\/2020\/10\/29\/tom-morello-anuncia-nuevo-ep-con-slash-una-version-de-jimi-hendrix-y-tributo-a-eddie-van-halen\/"},"wordCount":333,"commentCount":0,"image":{"@id":"https:\/\/radiounodigital.com\/web\/2020\/10\/29\/tom-morello-anuncia-nuevo-ep-con-slash-una-version-de-jimi-hendrix-y-tributo-a-eddie-van-halen\/#primaryimage"},"thumbnailUrl":"https:\/\/radiounodigital.com\/web\/wp-content\/uploads\/2020\/10\/Tom-morello-Comandante.jpg","keywords":["comandante","tom morello"],"articleSection":["lo nuevo","news","Rock"],"inLanguage":"es","potentialAction":[{"@type":"CommentAction","name":"Comment","target":["https:\/\/radiounodigital.com\/web\/2020\/10\/29\/tom-morello-anuncia-nuevo-ep-con-slash-una-version-de-jimi-hendrix-y-tributo-a-eddie-van-halen\/#respond"]}]},{"@type":"WebPage","@id":"https:\/\/radiounodigital.com\/web\/2020\/10\/29\/tom-morello-anuncia-nuevo-ep-con-slash-una-version-de-jimi-hendrix-y-tributo-a-eddie-van-halen\/","url":"https:\/\/radiounodigital.com\/web\/2020\/10\/29\/tom-morello-anuncia-nuevo-ep-con-slash-una-version-de-jimi-hendrix-y-tributo-a-eddie-van-halen\/","name":"Tom Morello anuncia nuevo EP con Slash, una versi\u00f3n de Jimi Hendrix y tributo a Eddie Van Halen - Radio UNO Digital","isPartOf":{"@id":"https:\/\/radiounodigital.com\/web\/#website"},"primaryImageOfPage":{"@id":"https:\/\/radiounodigital.com\/web\/2020\/10\/29\/tom-morello-anuncia-nuevo-ep-con-slash-una-version-de-jimi-hendrix-y-tributo-a-eddie-van-halen\/#primaryimage"},"image":{"@id":"https:\/\/radiounodigital.com\/web\/2020\/10\/29\/tom-morello-anuncia-nuevo-ep-con-slash-una-version-de-jimi-hendrix-y-tributo-a-eddie-van-halen\/#primaryimage"},"thumbnailUrl":"https:\/\/radiounodigital.com\/web\/wp-content\/uploads\/2020\/10\/Tom-morello-Comandante.jpg","datePublished":"2020-10-29T13:21:21+00:00","author":{"@id":"https:\/\/radiounodigital.com\/web\/#\/schema\/person\/00b93151fa54f619ecf9c183d1fc9758"},"breadcrumb":{"@id":"https:\/\/radiounodigital.com\/web\/2020\/10\/29\/tom-morello-anuncia-nuevo-ep-con-slash-una-version-de-jimi-hendrix-y-tributo-a-eddie-van-halen\/#breadcrumb"},"inLanguage":"es","potentialAction":[{"@type":"ReadAction","target":["https:\/\/radiounodigital.com\/web\/2020\/10\/29\/tom-morello-anuncia-nuevo-ep-con-slash-una-version-de-jimi-hendrix-y-tributo-a-eddie-van-halen\/"]}]},{"@type":"ImageObject","inLanguage":"es","@id":"https:\/\/radiounodigital.com\/web\/2020\/10\/29\/tom-morello-anuncia-nuevo-ep-con-slash-una-version-de-jimi-hendrix-y-tributo-a-eddie-van-halen\/#primaryimage","url":"https:\/\/radiounodigital.com\/web\/wp-content\/uploads\/2020\/10\/Tom-morello-Comandante.jpg","contentUrl":"https:\/\/radiounodigital.com\/web\/wp-content\/uploads\/2020\/10\/Tom-morello-Comandante.jpg","width":970,"height":546},{"@type":"BreadcrumbList","@id":"https:\/\/radiounodigital.com\/web\/2020\/10\/29\/tom-morello-anuncia-nuevo-ep-con-slash-una-version-de-jimi-hendrix-y-tributo-a-eddie-van-halen\/#breadcrumb","itemListElement":[{"@type":"ListItem","position":1,"name":"Home","item":"https:\/\/radiounodigital.com\/web\/"},{"@type":"ListItem","position":2,"name":"Tom Morello anuncia nuevo EP con Slash, una versi\u00f3n de Jimi Hendrix y tributo a Eddie Van Halen"}]},{"@type":"WebSite","@id":"https:\/\/radiounodigital.com\/web\/#website","url":"https:\/\/radiounodigital.com\/web\/","name":"Radio UNO Digital","description":"Donde la cultura del rock se siente","potentialAction":[{"@type":"SearchAction","target":{"@type":"EntryPoint","urlTemplate":"https:\/\/radiounodigital.com\/web\/?s={search_term_string}"},"query-input":{"@type":"PropertyValueSpecification","valueRequired":true,"valueName":"search_term_string"}}],"inLanguage":"es"},{"@type":"Person","@id":"https:\/\/radiounodigital.com\/web\/#\/schema\/person\/00b93151fa54f619ecf9c183d1fc9758","name":"diegoc","image":{"@type":"ImageObject","inLanguage":"es","@id":"https:\/\/secure.gravatar.com\/avatar\/0a67041d44c702fb0660d81a5a32c7ce6007341cf92afeb718b75883bf415864?s=96&d=blank&r=g","url":"https:\/\/secure.gravatar.com\/avatar\/0a67041d44c702fb0660d81a5a32c7ce6007341cf92afeb718b75883bf415864?s=96&d=blank&r=g","contentUrl":"https:\/\/secure.gravatar.com\/avatar\/0a67041d44c702fb0660d81a5a32c7ce6007341cf92afeb718b75883bf415864?s=96&d=blank&r=g","caption":"diegoc"},"url":"https:\/\/radiounodigital.com\/web\/author\/diegoc\/"}]}},"_links":{"self":[{"href":"https:\/\/radiounodigital.com\/web\/wp-json\/wp\/v2\/posts\/4800","targetHints":{"allow":["GET"]}}],"collection":[{"href":"https:\/\/radiounodigital.com\/web\/wp-json\/wp\/v2\/posts"}],"about":[{"href":"https:\/\/radiounodigital.com\/web\/wp-json\/wp\/v2\/types\/post"}],"author":[{"embeddable":true,"href":"https:\/\/radiounodigital.com\/web\/wp-json\/wp\/v2\/users\/1"}],"replies":[{"embeddable":true,"href":"https:\/\/radiounodigital.com\/web\/wp-json\/wp\/v2\/comments?post=4800"}],"version-history":[{"count":1,"href":"https:\/\/radiounodigital.com\/web\/wp-json\/wp\/v2\/posts\/4800\/revisions"}],"predecessor-version":[{"id":4802,"href":"https:\/\/radiounodigital.com\/web\/wp-json\/wp\/v2\/posts\/4800\/revisions\/4802"}],"wp:featuredmedia":[{"embeddable":true,"href":"https:\/\/radiounodigital.com\/web\/wp-json\/wp\/v2\/media\/4801"}],"wp:attachment":[{"href":"https:\/\/radiounodigital.com\/web\/wp-json\/wp\/v2\/media?parent=4800"}],"wp:term":[{"taxonomy":"category","embeddable":true,"href":"https:\/\/radiounodigital.com\/web\/wp-json\/wp\/v2\/categories?post=4800"},{"taxonomy":"post_tag","embeddable":true,"href":"https:\/\/radiounodigital.com\/web\/wp-json\/wp\/v2\/tags?post=4800"}],"curies":[{"name":"wp","href":"https:\/\/api.w.org\/{rel}","templated":true}]}}