{"id":4822,"date":"2020-11-04T09:56:12","date_gmt":"2020-11-04T12:56:12","guid":{"rendered":"https:\/\/radiounodigital.com\/web\/?p=4822"},"modified":"2020-11-06T09:56:28","modified_gmt":"2020-11-06T12:56:28","slug":"mira-el-detras-de-escena-en-la-filmacion-del-video-shot-in-the-dark-de-ac-dc","status":"publish","type":"post","link":"https:\/\/radiounodigital.com\/web\/2020\/11\/04\/mira-el-detras-de-escena-en-la-filmacion-del-video-shot-in-the-dark-de-ac-dc\/","title":{"rendered":"Mira el detr\u00e1s de escena en la filmaci\u00f3n del video Shot In The Dark de AC\/DC"},"content":{"rendered":"<h3>Mira c\u00f3mo se hizo el video Shot In The Dark de AC\/DC\u00a0 en un estudio de \u00c1msterdam.<\/h3>\n<p>\u00bfHay alguien en el planeta que todav\u00eda no sepa que AC \/ DC lanzar\u00e1 un nuevo \u00e1lbum la semana que viene? Para evitar dudas, lo hacen: se llama Power Up, y Shot In The Dark es el primer sencillo del \u00e1lbum de 12 pistas.<\/p>\n<p>La banda grab\u00f3 un video para Shot In The Dark con su colaborador David Mallet en \u00c1msterdam a principios de este a\u00f1o, cuando las temidas palabras &#8216;Covid-19&#8217; todav\u00eda sonaban como el nombre de un robot amigable de Battlestar Galactica, y han ahora lanz\u00f3 algunas im\u00e1genes detr\u00e1s de escena del set de video. En estos tiempos sombr\u00edos, hay algo bastante encantador y dulce en un grupo de hombres de entre 60 y 70 a\u00f1os que se divierten en la b\u00fasqueda del rock &#8216;n&#8217; roll, as\u00ed que esto te har\u00e1 sonre\u00edr, lo prometo.<\/p>\n<p><iframe loading=\"lazy\" title=\"AC\/DC - SHOT IN THE DARK (OFFICIAL VIDEO BEHIND THE SCENES)\" width=\"960\" height=\"540\" src=\"https:\/\/www.youtube.com\/embed\/01Mo3CfJvUc?feature=oembed\" frameborder=\"0\" allow=\"accelerometer; autoplay; clipboard-write; encrypted-media; gyroscope; picture-in-picture\" allowfullscreen><\/iframe><\/p>\n<p>Con el v\u00eddeo en la bolsa, \u00abDC pas\u00f3 dos semanas m\u00e1s en \u00c1msterdam ensayando para volver a la carretera tras el lanzamiento de Power Up\u00bb. Obviamente, esos planes est\u00e1n en suspenso, pero los ensayos ilustraron a todos los interesados \u200b\u200bque la banda est\u00e1 peleando una vez m\u00e1s, luego del regreso de Brian Johnson, Cliff Williams y Phil Rudd al redil.<\/p>\n<p>\u00abNos hab\u00edamos preparado para hacer un video\u00bb, revel\u00f3 Angus Young, \u00aby pensamos que podr\u00edamos conseguir un lugar de ensayo y tocar, para ver c\u00f3mo est\u00e1bamos en vivo y si la tecnolog\u00eda [auditiva] de Brian estaba funcionando\u00bb.<\/p>\n<p>\u00abHicimos Back in Black de inmediato\u00bb, record\u00f3 Johnson. \u00abSi puedo hacer eso, puedo hacer cualquier cosa. Y pod\u00eda escuchar todo. Pasamos por Shot Down in Flames, Hell Ain&#8217;t a Bad Place to Be &#8211; the Todo el set. Hicimos 15 d\u00edas, sin parar. Las guitarras eran tan dulces. Le dije: &#8216;Angus, puedo escuchar cada nota que est\u00e1s tocando&#8217;. Y \u00e9l dijo: &#8216;Oh, ser\u00e1 mejor que empiece a ensayar m\u00e1s&#8217; &#8230; El sentido del humor de Angus. Fue encantador \u00ab.<\/p>\n<p>\u201cLa banda estaba tocando realmente bien\u201d, dice Cliff Williams, quien tambi\u00e9n ha regresado al redil luego de su retiro en 2017 al final de la gira mundial Rock Or Bust. \u201cBrian cantaba muy bien. \u00ab\u00bfQu\u00e9 tal si hacemos algunos programas?\u00bb \u00abClaro, vamos a poner la pelota en marcha\u00bb. Y este maldito virus golpe\u00f3. Todo se puso en el estante. Publicaremos este disco y veremos qu\u00e9 nos depara el futuro. Con suerte, es un espect\u00e1culo. Eso es lo que nos encantar\u00eda hacer, incluso si es solo un pu\u00f1ado, solo para salir \u00ab.<\/p>\n<p>Power Up se lanzar\u00e1 el 13 de noviembre. El \u00e1lbum fue grabado en Vancouver con el productor Brendan O&#8217;Brien y el ingeniero Mike Fraser, el mismo equipo que trabaj\u00f3 en los \u00e1lbumes Black Ice y Rock Or Bust de la banda.<\/p>\n<div class=\"fb-background-color\">\n\t\t\t  <div \n\t\t\t  \tclass = \"fb-comments\" \n\t\t\t  \tdata-href = \"https:\/\/radiounodigital.com\/web\/2020\/11\/04\/mira-el-detras-de-escena-en-la-filmacion-del-video-shot-in-the-dark-de-ac-dc\/\"\n\t\t\t  \tdata-numposts = \"10\"\n\t\t\t  \tdata-lazy = \"true\"\n\t\t\t\tdata-colorscheme = \"dark\"\n\t\t\t\tdata-order-by = \"reverse_time\"\n\t\t\t\tdata-mobile=true>\n\t\t\t  <\/div><\/div>\n\t\t  <style>\n\t\t    .fb-background-color {\n\t\t\t\tbackground: #ffffff !important;\n\t\t\t}\n\t\t\t.fb_iframe_widget_fluid_desktop iframe {\n\t\t\t    width: 100% !important;\n\t\t\t}\n\t\t  <\/style>\n\t\t  ","protected":false},"excerpt":{"rendered":"<p>Mira c\u00f3mo se hizo el video Shot In The Dark de AC\/DC\u00a0 en un estudio de \u00c1msterdam. \u00bfHay alguien en el planeta que todav\u00eda no sepa que AC \/ DC lanzar\u00e1 un nuevo \u00e1lbum la semana que viene? Para evitar dudas, lo hacen: se llama Power Up, y Shot In The Dark es el primer&#8230; <a href=\"https:\/\/radiounodigital.com\/web\/2020\/11\/04\/mira-el-detras-de-escena-en-la-filmacion-del-video-shot-in-the-dark-de-ac-dc\/\" class=\"excerpt-read-more\">Read More<\/a><\/p>\n","protected":false},"author":1,"featured_media":4823,"comment_status":"open","ping_status":"open","sticky":false,"template":"","format":"standard","meta":{"footnotes":""},"categories":[180,128],"tags":[148,1372,1373,1300,24],"class_list":["post-4822","post","type-post","status-publish","format-standard","has-post-thumbnail","hentry","category-news","category-rock-clasico","tag-ac-dc","tag-behind","tag-scene","tag-shot-in-the-dark","tag-video"],"yoast_head":"<!-- This site is optimized with the Yoast SEO plugin v27.5 - https:\/\/yoast.com\/product\/yoast-seo-wordpress\/ -->\n<title>Mira el detr\u00e1s de escena en la filmaci\u00f3n del video Shot In The Dark de AC\/DC - Radio UNO Digital<\/title>\n<meta name=\"description\" content=\"Mira c\u00f3mo se hizo el video Shot In The Dark de AC\/DC\u00a0 en un estudio de \u00c1msterdam.\" \/>\n<meta name=\"robots\" content=\"index, follow, max-snippet:-1, max-image-preview:large, max-video-preview:-1\" \/>\n<link rel=\"canonical\" href=\"https:\/\/radiounodigital.com\/web\/2020\/11\/04\/mira-el-detras-de-escena-en-la-filmacion-del-video-shot-in-the-dark-de-ac-dc\/\" \/>\n<meta property=\"og:locale\" content=\"es_ES\" \/>\n<meta property=\"og:type\" content=\"article\" \/>\n<meta property=\"og:title\" content=\"Mira el detr\u00e1s de escena en la filmaci\u00f3n del video Shot In The Dark de AC\/DC - Radio UNO Digital\" \/>\n<meta property=\"og:description\" content=\"Mira c\u00f3mo se hizo el video Shot In The Dark de AC\/DC\u00a0 en un estudio de \u00c1msterdam.\" \/>\n<meta property=\"og:url\" content=\"https:\/\/radiounodigital.com\/web\/2020\/11\/04\/mira-el-detras-de-escena-en-la-filmacion-del-video-shot-in-the-dark-de-ac-dc\/\" \/>\n<meta property=\"og:site_name\" content=\"Radio UNO Digital\" \/>\n<meta property=\"article:published_time\" content=\"2020-11-04T12:56:12+00:00\" \/>\n<meta property=\"article:modified_time\" content=\"2020-11-06T12:56:28+00:00\" \/>\n<meta property=\"og:image\" content=\"https:\/\/radiounodigital.com\/web\/wp-content\/uploads\/2020\/11\/angus-shot-in-the-dark.jpeg\" \/>\n\t<meta property=\"og:image:width\" content=\"970\" \/>\n\t<meta property=\"og:image:height\" content=\"546\" \/>\n\t<meta property=\"og:image:type\" content=\"image\/jpeg\" \/>\n<meta name=\"author\" content=\"diegoc\" \/>\n<meta name=\"twitter:card\" content=\"summary_large_image\" \/>\n<meta name=\"twitter:label1\" content=\"Escrito por\" \/>\n\t<meta name=\"twitter:data1\" content=\"diegoc\" \/>\n\t<meta name=\"twitter:label2\" content=\"Tiempo de lectura\" \/>\n\t<meta name=\"twitter:data2\" content=\"2 minutos\" \/>\n<script type=\"application\/ld+json\" class=\"yoast-schema-graph\">{\"@context\":\"https:\\\/\\\/schema.org\",\"@graph\":[{\"@type\":\"Article\",\"@id\":\"https:\\\/\\\/radiounodigital.com\\\/web\\\/2020\\\/11\\\/04\\\/mira-el-detras-de-escena-en-la-filmacion-del-video-shot-in-the-dark-de-ac-dc\\\/#article\",\"isPartOf\":{\"@id\":\"https:\\\/\\\/radiounodigital.com\\\/web\\\/2020\\\/11\\\/04\\\/mira-el-detras-de-escena-en-la-filmacion-del-video-shot-in-the-dark-de-ac-dc\\\/\"},\"author\":{\"name\":\"diegoc\",\"@id\":\"https:\\\/\\\/radiounodigital.com\\\/web\\\/#\\\/schema\\\/person\\\/00b93151fa54f619ecf9c183d1fc9758\"},\"headline\":\"Mira el detr\u00e1s de escena en la filmaci\u00f3n del video Shot In The Dark de AC\\\/DC\",\"datePublished\":\"2020-11-04T12:56:12+00:00\",\"dateModified\":\"2020-11-06T12:56:28+00:00\",\"mainEntityOfPage\":{\"@id\":\"https:\\\/\\\/radiounodigital.com\\\/web\\\/2020\\\/11\\\/04\\\/mira-el-detras-de-escena-en-la-filmacion-del-video-shot-in-the-dark-de-ac-dc\\\/\"},\"wordCount\":503,\"commentCount\":0,\"image\":{\"@id\":\"https:\\\/\\\/radiounodigital.com\\\/web\\\/2020\\\/11\\\/04\\\/mira-el-detras-de-escena-en-la-filmacion-del-video-shot-in-the-dark-de-ac-dc\\\/#primaryimage\"},\"thumbnailUrl\":\"https:\\\/\\\/radiounodigital.com\\\/web\\\/wp-content\\\/uploads\\\/2020\\\/11\\\/angus-shot-in-the-dark.jpeg\",\"keywords\":[\"AC\\\/DC\",\"behind\",\"scene\",\"shot in the dark\",\"Video\"],\"articleSection\":[\"news\",\"Rock Clasico\"],\"inLanguage\":\"es\",\"potentialAction\":[{\"@type\":\"CommentAction\",\"name\":\"Comment\",\"target\":[\"https:\\\/\\\/radiounodigital.com\\\/web\\\/2020\\\/11\\\/04\\\/mira-el-detras-de-escena-en-la-filmacion-del-video-shot-in-the-dark-de-ac-dc\\\/#respond\"]}]},{\"@type\":\"WebPage\",\"@id\":\"https:\\\/\\\/radiounodigital.com\\\/web\\\/2020\\\/11\\\/04\\\/mira-el-detras-de-escena-en-la-filmacion-del-video-shot-in-the-dark-de-ac-dc\\\/\",\"url\":\"https:\\\/\\\/radiounodigital.com\\\/web\\\/2020\\\/11\\\/04\\\/mira-el-detras-de-escena-en-la-filmacion-del-video-shot-in-the-dark-de-ac-dc\\\/\",\"name\":\"Mira el detr\u00e1s de escena en la filmaci\u00f3n del video Shot In The Dark de AC\\\/DC - Radio UNO Digital\",\"isPartOf\":{\"@id\":\"https:\\\/\\\/radiounodigital.com\\\/web\\\/#website\"},\"primaryImageOfPage\":{\"@id\":\"https:\\\/\\\/radiounodigital.com\\\/web\\\/2020\\\/11\\\/04\\\/mira-el-detras-de-escena-en-la-filmacion-del-video-shot-in-the-dark-de-ac-dc\\\/#primaryimage\"},\"image\":{\"@id\":\"https:\\\/\\\/radiounodigital.com\\\/web\\\/2020\\\/11\\\/04\\\/mira-el-detras-de-escena-en-la-filmacion-del-video-shot-in-the-dark-de-ac-dc\\\/#primaryimage\"},\"thumbnailUrl\":\"https:\\\/\\\/radiounodigital.com\\\/web\\\/wp-content\\\/uploads\\\/2020\\\/11\\\/angus-shot-in-the-dark.jpeg\",\"datePublished\":\"2020-11-04T12:56:12+00:00\",\"dateModified\":\"2020-11-06T12:56:28+00:00\",\"author\":{\"@id\":\"https:\\\/\\\/radiounodigital.com\\\/web\\\/#\\\/schema\\\/person\\\/00b93151fa54f619ecf9c183d1fc9758\"},\"description\":\"Mira c\u00f3mo se hizo el video Shot In The Dark de AC\\\/DC\u00a0 en un estudio de \u00c1msterdam.\",\"breadcrumb\":{\"@id\":\"https:\\\/\\\/radiounodigital.com\\\/web\\\/2020\\\/11\\\/04\\\/mira-el-detras-de-escena-en-la-filmacion-del-video-shot-in-the-dark-de-ac-dc\\\/#breadcrumb\"},\"inLanguage\":\"es\",\"potentialAction\":[{\"@type\":\"ReadAction\",\"target\":[\"https:\\\/\\\/radiounodigital.com\\\/web\\\/2020\\\/11\\\/04\\\/mira-el-detras-de-escena-en-la-filmacion-del-video-shot-in-the-dark-de-ac-dc\\\/\"]}]},{\"@type\":\"ImageObject\",\"inLanguage\":\"es\",\"@id\":\"https:\\\/\\\/radiounodigital.com\\\/web\\\/2020\\\/11\\\/04\\\/mira-el-detras-de-escena-en-la-filmacion-del-video-shot-in-the-dark-de-ac-dc\\\/#primaryimage\",\"url\":\"https:\\\/\\\/radiounodigital.com\\\/web\\\/wp-content\\\/uploads\\\/2020\\\/11\\\/angus-shot-in-the-dark.jpeg\",\"contentUrl\":\"https:\\\/\\\/radiounodigital.com\\\/web\\\/wp-content\\\/uploads\\\/2020\\\/11\\\/angus-shot-in-the-dark.jpeg\",\"width\":970,\"height\":546},{\"@type\":\"BreadcrumbList\",\"@id\":\"https:\\\/\\\/radiounodigital.com\\\/web\\\/2020\\\/11\\\/04\\\/mira-el-detras-de-escena-en-la-filmacion-del-video-shot-in-the-dark-de-ac-dc\\\/#breadcrumb\",\"itemListElement\":[{\"@type\":\"ListItem\",\"position\":1,\"name\":\"Home\",\"item\":\"https:\\\/\\\/radiounodigital.com\\\/web\\\/\"},{\"@type\":\"ListItem\",\"position\":2,\"name\":\"Mira el detr\u00e1s de escena en la filmaci\u00f3n del video Shot In The Dark de AC\\\/DC\"}]},{\"@type\":\"WebSite\",\"@id\":\"https:\\\/\\\/radiounodigital.com\\\/web\\\/#website\",\"url\":\"https:\\\/\\\/radiounodigital.com\\\/web\\\/\",\"name\":\"Radio UNO Digital\",\"description\":\"Donde la cultura del rock se siente\",\"potentialAction\":[{\"@type\":\"SearchAction\",\"target\":{\"@type\":\"EntryPoint\",\"urlTemplate\":\"https:\\\/\\\/radiounodigital.com\\\/web\\\/?s={search_term_string}\"},\"query-input\":{\"@type\":\"PropertyValueSpecification\",\"valueRequired\":true,\"valueName\":\"search_term_string\"}}],\"inLanguage\":\"es\"},{\"@type\":\"Person\",\"@id\":\"https:\\\/\\\/radiounodigital.com\\\/web\\\/#\\\/schema\\\/person\\\/00b93151fa54f619ecf9c183d1fc9758\",\"name\":\"diegoc\",\"image\":{\"@type\":\"ImageObject\",\"inLanguage\":\"es\",\"@id\":\"https:\\\/\\\/secure.gravatar.com\\\/avatar\\\/0a67041d44c702fb0660d81a5a32c7ce6007341cf92afeb718b75883bf415864?s=96&d=blank&r=g\",\"url\":\"https:\\\/\\\/secure.gravatar.com\\\/avatar\\\/0a67041d44c702fb0660d81a5a32c7ce6007341cf92afeb718b75883bf415864?s=96&d=blank&r=g\",\"contentUrl\":\"https:\\\/\\\/secure.gravatar.com\\\/avatar\\\/0a67041d44c702fb0660d81a5a32c7ce6007341cf92afeb718b75883bf415864?s=96&d=blank&r=g\",\"caption\":\"diegoc\"},\"url\":\"https:\\\/\\\/radiounodigital.com\\\/web\\\/author\\\/diegoc\\\/\"}]}<\/script>\n<!-- \/ Yoast SEO plugin. -->","yoast_head_json":{"title":"Mira el detr\u00e1s de escena en la filmaci\u00f3n del video Shot In The Dark de AC\/DC - Radio UNO Digital","description":"Mira c\u00f3mo se hizo el video Shot In The Dark de AC\/DC\u00a0 en un estudio de \u00c1msterdam.","robots":{"index":"index","follow":"follow","max-snippet":"max-snippet:-1","max-image-preview":"max-image-preview:large","max-video-preview":"max-video-preview:-1"},"canonical":"https:\/\/radiounodigital.com\/web\/2020\/11\/04\/mira-el-detras-de-escena-en-la-filmacion-del-video-shot-in-the-dark-de-ac-dc\/","og_locale":"es_ES","og_type":"article","og_title":"Mira el detr\u00e1s de escena en la filmaci\u00f3n del video Shot In The Dark de AC\/DC - Radio UNO Digital","og_description":"Mira c\u00f3mo se hizo el video Shot In The Dark de AC\/DC\u00a0 en un estudio de \u00c1msterdam.","og_url":"https:\/\/radiounodigital.com\/web\/2020\/11\/04\/mira-el-detras-de-escena-en-la-filmacion-del-video-shot-in-the-dark-de-ac-dc\/","og_site_name":"Radio UNO Digital","article_published_time":"2020-11-04T12:56:12+00:00","article_modified_time":"2020-11-06T12:56:28+00:00","og_image":[{"width":970,"height":546,"url":"https:\/\/radiounodigital.com\/web\/wp-content\/uploads\/2020\/11\/angus-shot-in-the-dark.jpeg","type":"image\/jpeg"}],"author":"diegoc","twitter_card":"summary_large_image","twitter_misc":{"Escrito por":"diegoc","Tiempo de lectura":"2 minutos"},"schema":{"@context":"https:\/\/schema.org","@graph":[{"@type":"Article","@id":"https:\/\/radiounodigital.com\/web\/2020\/11\/04\/mira-el-detras-de-escena-en-la-filmacion-del-video-shot-in-the-dark-de-ac-dc\/#article","isPartOf":{"@id":"https:\/\/radiounodigital.com\/web\/2020\/11\/04\/mira-el-detras-de-escena-en-la-filmacion-del-video-shot-in-the-dark-de-ac-dc\/"},"author":{"name":"diegoc","@id":"https:\/\/radiounodigital.com\/web\/#\/schema\/person\/00b93151fa54f619ecf9c183d1fc9758"},"headline":"Mira el detr\u00e1s de escena en la filmaci\u00f3n del video Shot In The Dark de AC\/DC","datePublished":"2020-11-04T12:56:12+00:00","dateModified":"2020-11-06T12:56:28+00:00","mainEntityOfPage":{"@id":"https:\/\/radiounodigital.com\/web\/2020\/11\/04\/mira-el-detras-de-escena-en-la-filmacion-del-video-shot-in-the-dark-de-ac-dc\/"},"wordCount":503,"commentCount":0,"image":{"@id":"https:\/\/radiounodigital.com\/web\/2020\/11\/04\/mira-el-detras-de-escena-en-la-filmacion-del-video-shot-in-the-dark-de-ac-dc\/#primaryimage"},"thumbnailUrl":"https:\/\/radiounodigital.com\/web\/wp-content\/uploads\/2020\/11\/angus-shot-in-the-dark.jpeg","keywords":["AC\/DC","behind","scene","shot in the dark","Video"],"articleSection":["news","Rock Clasico"],"inLanguage":"es","potentialAction":[{"@type":"CommentAction","name":"Comment","target":["https:\/\/radiounodigital.com\/web\/2020\/11\/04\/mira-el-detras-de-escena-en-la-filmacion-del-video-shot-in-the-dark-de-ac-dc\/#respond"]}]},{"@type":"WebPage","@id":"https:\/\/radiounodigital.com\/web\/2020\/11\/04\/mira-el-detras-de-escena-en-la-filmacion-del-video-shot-in-the-dark-de-ac-dc\/","url":"https:\/\/radiounodigital.com\/web\/2020\/11\/04\/mira-el-detras-de-escena-en-la-filmacion-del-video-shot-in-the-dark-de-ac-dc\/","name":"Mira el detr\u00e1s de escena en la filmaci\u00f3n del video Shot In The Dark de AC\/DC - Radio UNO Digital","isPartOf":{"@id":"https:\/\/radiounodigital.com\/web\/#website"},"primaryImageOfPage":{"@id":"https:\/\/radiounodigital.com\/web\/2020\/11\/04\/mira-el-detras-de-escena-en-la-filmacion-del-video-shot-in-the-dark-de-ac-dc\/#primaryimage"},"image":{"@id":"https:\/\/radiounodigital.com\/web\/2020\/11\/04\/mira-el-detras-de-escena-en-la-filmacion-del-video-shot-in-the-dark-de-ac-dc\/#primaryimage"},"thumbnailUrl":"https:\/\/radiounodigital.com\/web\/wp-content\/uploads\/2020\/11\/angus-shot-in-the-dark.jpeg","datePublished":"2020-11-04T12:56:12+00:00","dateModified":"2020-11-06T12:56:28+00:00","author":{"@id":"https:\/\/radiounodigital.com\/web\/#\/schema\/person\/00b93151fa54f619ecf9c183d1fc9758"},"description":"Mira c\u00f3mo se hizo el video Shot In The Dark de AC\/DC\u00a0 en un estudio de \u00c1msterdam.","breadcrumb":{"@id":"https:\/\/radiounodigital.com\/web\/2020\/11\/04\/mira-el-detras-de-escena-en-la-filmacion-del-video-shot-in-the-dark-de-ac-dc\/#breadcrumb"},"inLanguage":"es","potentialAction":[{"@type":"ReadAction","target":["https:\/\/radiounodigital.com\/web\/2020\/11\/04\/mira-el-detras-de-escena-en-la-filmacion-del-video-shot-in-the-dark-de-ac-dc\/"]}]},{"@type":"ImageObject","inLanguage":"es","@id":"https:\/\/radiounodigital.com\/web\/2020\/11\/04\/mira-el-detras-de-escena-en-la-filmacion-del-video-shot-in-the-dark-de-ac-dc\/#primaryimage","url":"https:\/\/radiounodigital.com\/web\/wp-content\/uploads\/2020\/11\/angus-shot-in-the-dark.jpeg","contentUrl":"https:\/\/radiounodigital.com\/web\/wp-content\/uploads\/2020\/11\/angus-shot-in-the-dark.jpeg","width":970,"height":546},{"@type":"BreadcrumbList","@id":"https:\/\/radiounodigital.com\/web\/2020\/11\/04\/mira-el-detras-de-escena-en-la-filmacion-del-video-shot-in-the-dark-de-ac-dc\/#breadcrumb","itemListElement":[{"@type":"ListItem","position":1,"name":"Home","item":"https:\/\/radiounodigital.com\/web\/"},{"@type":"ListItem","position":2,"name":"Mira el detr\u00e1s de escena en la filmaci\u00f3n del video Shot In The Dark de AC\/DC"}]},{"@type":"WebSite","@id":"https:\/\/radiounodigital.com\/web\/#website","url":"https:\/\/radiounodigital.com\/web\/","name":"Radio UNO Digital","description":"Donde la cultura del rock se siente","potentialAction":[{"@type":"SearchAction","target":{"@type":"EntryPoint","urlTemplate":"https:\/\/radiounodigital.com\/web\/?s={search_term_string}"},"query-input":{"@type":"PropertyValueSpecification","valueRequired":true,"valueName":"search_term_string"}}],"inLanguage":"es"},{"@type":"Person","@id":"https:\/\/radiounodigital.com\/web\/#\/schema\/person\/00b93151fa54f619ecf9c183d1fc9758","name":"diegoc","image":{"@type":"ImageObject","inLanguage":"es","@id":"https:\/\/secure.gravatar.com\/avatar\/0a67041d44c702fb0660d81a5a32c7ce6007341cf92afeb718b75883bf415864?s=96&d=blank&r=g","url":"https:\/\/secure.gravatar.com\/avatar\/0a67041d44c702fb0660d81a5a32c7ce6007341cf92afeb718b75883bf415864?s=96&d=blank&r=g","contentUrl":"https:\/\/secure.gravatar.com\/avatar\/0a67041d44c702fb0660d81a5a32c7ce6007341cf92afeb718b75883bf415864?s=96&d=blank&r=g","caption":"diegoc"},"url":"https:\/\/radiounodigital.com\/web\/author\/diegoc\/"}]}},"_links":{"self":[{"href":"https:\/\/radiounodigital.com\/web\/wp-json\/wp\/v2\/posts\/4822","targetHints":{"allow":["GET"]}}],"collection":[{"href":"https:\/\/radiounodigital.com\/web\/wp-json\/wp\/v2\/posts"}],"about":[{"href":"https:\/\/radiounodigital.com\/web\/wp-json\/wp\/v2\/types\/post"}],"author":[{"embeddable":true,"href":"https:\/\/radiounodigital.com\/web\/wp-json\/wp\/v2\/users\/1"}],"replies":[{"embeddable":true,"href":"https:\/\/radiounodigital.com\/web\/wp-json\/wp\/v2\/comments?post=4822"}],"version-history":[{"count":1,"href":"https:\/\/radiounodigital.com\/web\/wp-json\/wp\/v2\/posts\/4822\/revisions"}],"predecessor-version":[{"id":4825,"href":"https:\/\/radiounodigital.com\/web\/wp-json\/wp\/v2\/posts\/4822\/revisions\/4825"}],"wp:featuredmedia":[{"embeddable":true,"href":"https:\/\/radiounodigital.com\/web\/wp-json\/wp\/v2\/media\/4823"}],"wp:attachment":[{"href":"https:\/\/radiounodigital.com\/web\/wp-json\/wp\/v2\/media?parent=4822"}],"wp:term":[{"taxonomy":"category","embeddable":true,"href":"https:\/\/radiounodigital.com\/web\/wp-json\/wp\/v2\/categories?post=4822"},{"taxonomy":"post_tag","embeddable":true,"href":"https:\/\/radiounodigital.com\/web\/wp-json\/wp\/v2\/tags?post=4822"}],"curies":[{"name":"wp","href":"https:\/\/api.w.org\/{rel}","templated":true}]}}