{"id":4863,"date":"2020-11-13T00:24:33","date_gmt":"2020-11-13T03:24:33","guid":{"rendered":"https:\/\/radiounodigital.com\/web\/?p=4863"},"modified":"2020-11-12T10:25:46","modified_gmt":"2020-11-12T13:25:46","slug":"ac-dc-pondra-la-banda-sonora-del-gran-premio-de-formula-1-de-turquia-de-este-fin-de-semana","status":"publish","type":"post","link":"https:\/\/radiounodigital.com\/web\/2020\/11\/13\/ac-dc-pondra-la-banda-sonora-del-gran-premio-de-formula-1-de-turquia-de-este-fin-de-semana\/","title":{"rendered":"AC\/DC pondr\u00e1 la banda sonora del Gran Premio de F\u00f3rmula 1 de Turqu\u00eda de este fin de semana"},"content":{"rendered":"<h3>Coincidiendo con el lanzamiento de Power Up, AC \/ DC proporcionar\u00e1 la banda sonora de la carrera de Lewis Hamilton en Istanbul Par<\/h3>\n<p>A medida que aumenta la emoci\u00f3n por el regreso de AC \/ DC con Power Up, su decimos\u00e9ptimo \u00e1lbum de estudio, el 13 de noviembre (\u00a1tambi\u00e9n conocido como viernes!), La banda de Angus Young ha seleccionado una lista de reproducci\u00f3n de 47 pistas de F1 Tracks para el Gran Premio de Turqu\u00eda de este fin de semana, que ya est\u00e1 disponible. en Spotify, Apple Music y Deezer.<\/p>\n<p>En este punto, probablemente deber\u00edamos insertar alguna broma de mierda sobre los pilotos de F\u00f3rmula 1 de \u00e9lite que llegan a la autopista al infierno, pero ustedes son un grupo inteligente, no vamos a insultar su inteligencia.<\/p>\n<p>En la reciente lista de reproducci\u00f3n de adquisici\u00f3n de fans del 70 aniversario, AC \/ DC fue el artista m\u00e1s sugerido, confirmando a las leyendas del rock australiano como firmes favoritos entre los fan\u00e1ticos de la F1.<\/p>\n<p>Como hemos mencionado una o dos veces durante los \u00faltimos meses, Power Up se lanzar\u00e1 el 13 de noviembre. La banda est\u00e1 lista para lanzar el segundo sencillo del \u00e1lbum, Realize, hoy (11 de noviembre).<\/p>\n<p>Power Up estar\u00e1 disponible en los formatos habituales, incluido el vinilo plegable de 180 g, incluida una versi\u00f3n de vinilo amarillo exclusiva de la tienda web de AC \/ DC.<\/p>\n<p>Tambi\u00e9n hay una caja Power Up de lujo de edici\u00f3n limitada, que est\u00e1 adornada con un bot\u00f3n que los fan\u00e1ticos pueden presionar. Hazlo, y un logotipo de AC \/ DC de ne\u00f3n parpadeante se ilumina mientras las barras de apertura del primer sencillo del \u00e1lbum, Shot In The Dark, suenan a trav\u00e9s de un altavoz incorporado. La electricidad real, amigos, me encanta la tecnolog\u00eda.<\/p>\n<p>Dentro de la caja se encuentra el paquete de CD completo, un folleto de 20 p\u00e1ginas con fotos exclusivas y un cable de carga USB para mantener encendido el Power Up.<\/p>\n<p><a href=\"https:\/\/radiounodigital.com\/web\/2020\/11\/12\/escucha-ahora-power-up-el-nuevo-disco-de-ac-dc-un-dia-antes-de-su-estreno\/\">Dale click y escucha completo Power Up, el nuevo disco de AC\/DC<\/a><\/p>\n<p>&nbsp;<\/p>\n<div class=\"fb-background-color\">\n\t\t\t  <div \n\t\t\t  \tclass = \"fb-comments\" \n\t\t\t  \tdata-href = \"https:\/\/radiounodigital.com\/web\/2020\/11\/13\/ac-dc-pondra-la-banda-sonora-del-gran-premio-de-formula-1-de-turquia-de-este-fin-de-semana\/\"\n\t\t\t  \tdata-numposts = \"10\"\n\t\t\t  \tdata-lazy = \"true\"\n\t\t\t\tdata-colorscheme = \"dark\"\n\t\t\t\tdata-order-by = \"reverse_time\"\n\t\t\t\tdata-mobile=true>\n\t\t\t  <\/div><\/div>\n\t\t  <style>\n\t\t    .fb-background-color {\n\t\t\t\tbackground: #ffffff !important;\n\t\t\t}\n\t\t\t.fb_iframe_widget_fluid_desktop iframe {\n\t\t\t    width: 100% !important;\n\t\t\t}\n\t\t  <\/style>\n\t\t  ","protected":false},"excerpt":{"rendered":"<p>Coincidiendo con el lanzamiento de Power Up, AC \/ DC proporcionar\u00e1 la banda sonora de la carrera de Lewis Hamilton en Istanbul Par A medida que aumenta la emoci\u00f3n por el regreso de AC \/ DC con Power Up, su decimos\u00e9ptimo \u00e1lbum de estudio, el 13 de noviembre (\u00a1tambi\u00e9n conocido como viernes!), La banda de&#8230; <a href=\"https:\/\/radiounodigital.com\/web\/2020\/11\/13\/ac-dc-pondra-la-banda-sonora-del-gran-premio-de-formula-1-de-turquia-de-este-fin-de-semana\/\" class=\"excerpt-read-more\">Read More<\/a><\/p>\n","protected":false},"author":1,"featured_media":4899,"comment_status":"open","ping_status":"open","sticky":false,"template":"","format":"standard","meta":{"footnotes":""},"categories":[1098,1097,180,128],"tags":[148,119,1383,1387,1385,132,1384,1386],"class_list":["post-4863","post","type-post","status-publish","format-standard","has-post-thumbnail","hentry","category-estrenos","category-lo-nuevo","category-news","category-rock-clasico","tag-ac-dc","tag-disco","tag-formula-1","tag-gran-premio","tag-lewis-hamilton","tag-nuevo","tag-soundtrack","tag-turquia"],"yoast_head":"<!-- This site is optimized with the Yoast SEO plugin v27.4 - https:\/\/yoast.com\/product\/yoast-seo-wordpress\/ -->\n<title>AC\/DC pondr\u00e1 la banda sonora del Gran Premio de F\u00f3rmula 1 de Turqu\u00eda de este fin de semana - Radio UNO Digital<\/title>\n<meta name=\"robots\" content=\"index, follow, max-snippet:-1, max-image-preview:large, max-video-preview:-1\" \/>\n<link rel=\"canonical\" href=\"https:\/\/radiounodigital.com\/web\/2020\/11\/13\/ac-dc-pondra-la-banda-sonora-del-gran-premio-de-formula-1-de-turquia-de-este-fin-de-semana\/\" \/>\n<meta property=\"og:locale\" content=\"es_ES\" \/>\n<meta property=\"og:type\" content=\"article\" \/>\n<meta property=\"og:title\" content=\"AC\/DC pondr\u00e1 la banda sonora del Gran Premio de F\u00f3rmula 1 de Turqu\u00eda de este fin de semana - Radio UNO Digital\" \/>\n<meta property=\"og:description\" content=\"Coincidiendo con el lanzamiento de Power Up, AC \/ DC proporcionar\u00e1 la banda sonora de la carrera de Lewis Hamilton en Istanbul Par A medida que aumenta la emoci\u00f3n por el regreso de AC \/ DC con Power Up, su decimos\u00e9ptimo \u00e1lbum de estudio, el 13 de noviembre (\u00a1tambi\u00e9n conocido como viernes!), La banda de... Read More\" \/>\n<meta property=\"og:url\" content=\"https:\/\/radiounodigital.com\/web\/2020\/11\/13\/ac-dc-pondra-la-banda-sonora-del-gran-premio-de-formula-1-de-turquia-de-este-fin-de-semana\/\" \/>\n<meta property=\"og:site_name\" content=\"Radio UNO Digital\" \/>\n<meta property=\"article:published_time\" content=\"2020-11-13T03:24:33+00:00\" \/>\n<meta property=\"og:image\" content=\"https:\/\/radiounodigital.com\/web\/wp-content\/uploads\/2020\/11\/acdc-formula1-turquia-grandprix.jpeg\" \/>\n\t<meta property=\"og:image:width\" content=\"970\" \/>\n\t<meta property=\"og:image:height\" content=\"546\" \/>\n\t<meta property=\"og:image:type\" content=\"image\/jpeg\" \/>\n<meta name=\"author\" content=\"diegoc\" \/>\n<meta name=\"twitter:card\" content=\"summary_large_image\" \/>\n<meta name=\"twitter:label1\" content=\"Escrito por\" \/>\n\t<meta name=\"twitter:data1\" content=\"diegoc\" \/>\n\t<meta name=\"twitter:label2\" content=\"Tiempo de lectura\" \/>\n\t<meta name=\"twitter:data2\" content=\"2 minutos\" \/>\n<script type=\"application\/ld+json\" class=\"yoast-schema-graph\">{\"@context\":\"https:\\\/\\\/schema.org\",\"@graph\":[{\"@type\":\"Article\",\"@id\":\"https:\\\/\\\/radiounodigital.com\\\/web\\\/2020\\\/11\\\/13\\\/ac-dc-pondra-la-banda-sonora-del-gran-premio-de-formula-1-de-turquia-de-este-fin-de-semana\\\/#article\",\"isPartOf\":{\"@id\":\"https:\\\/\\\/radiounodigital.com\\\/web\\\/2020\\\/11\\\/13\\\/ac-dc-pondra-la-banda-sonora-del-gran-premio-de-formula-1-de-turquia-de-este-fin-de-semana\\\/\"},\"author\":{\"name\":\"diegoc\",\"@id\":\"https:\\\/\\\/radiounodigital.com\\\/web\\\/#\\\/schema\\\/person\\\/00b93151fa54f619ecf9c183d1fc9758\"},\"headline\":\"AC\\\/DC pondr\u00e1 la banda sonora del Gran Premio de F\u00f3rmula 1 de Turqu\u00eda de este fin de semana\",\"datePublished\":\"2020-11-13T03:24:33+00:00\",\"mainEntityOfPage\":{\"@id\":\"https:\\\/\\\/radiounodigital.com\\\/web\\\/2020\\\/11\\\/13\\\/ac-dc-pondra-la-banda-sonora-del-gran-premio-de-formula-1-de-turquia-de-este-fin-de-semana\\\/\"},\"wordCount\":365,\"commentCount\":0,\"image\":{\"@id\":\"https:\\\/\\\/radiounodigital.com\\\/web\\\/2020\\\/11\\\/13\\\/ac-dc-pondra-la-banda-sonora-del-gran-premio-de-formula-1-de-turquia-de-este-fin-de-semana\\\/#primaryimage\"},\"thumbnailUrl\":\"https:\\\/\\\/radiounodigital.com\\\/web\\\/wp-content\\\/uploads\\\/2020\\\/11\\\/acdc-formula1-turquia-grandprix.jpeg\",\"keywords\":[\"AC\\\/DC\",\"disco\",\"formula 1\",\"gran premio\",\"lewis hamilton\",\"nuevo\",\"soundtrack\",\"turquia\"],\"articleSection\":[\"estrenos\",\"lo nuevo\",\"news\",\"Rock Clasico\"],\"inLanguage\":\"es\",\"potentialAction\":[{\"@type\":\"CommentAction\",\"name\":\"Comment\",\"target\":[\"https:\\\/\\\/radiounodigital.com\\\/web\\\/2020\\\/11\\\/13\\\/ac-dc-pondra-la-banda-sonora-del-gran-premio-de-formula-1-de-turquia-de-este-fin-de-semana\\\/#respond\"]}]},{\"@type\":\"WebPage\",\"@id\":\"https:\\\/\\\/radiounodigital.com\\\/web\\\/2020\\\/11\\\/13\\\/ac-dc-pondra-la-banda-sonora-del-gran-premio-de-formula-1-de-turquia-de-este-fin-de-semana\\\/\",\"url\":\"https:\\\/\\\/radiounodigital.com\\\/web\\\/2020\\\/11\\\/13\\\/ac-dc-pondra-la-banda-sonora-del-gran-premio-de-formula-1-de-turquia-de-este-fin-de-semana\\\/\",\"name\":\"AC\\\/DC pondr\u00e1 la banda sonora del Gran Premio de F\u00f3rmula 1 de Turqu\u00eda de este fin de semana - Radio UNO Digital\",\"isPartOf\":{\"@id\":\"https:\\\/\\\/radiounodigital.com\\\/web\\\/#website\"},\"primaryImageOfPage\":{\"@id\":\"https:\\\/\\\/radiounodigital.com\\\/web\\\/2020\\\/11\\\/13\\\/ac-dc-pondra-la-banda-sonora-del-gran-premio-de-formula-1-de-turquia-de-este-fin-de-semana\\\/#primaryimage\"},\"image\":{\"@id\":\"https:\\\/\\\/radiounodigital.com\\\/web\\\/2020\\\/11\\\/13\\\/ac-dc-pondra-la-banda-sonora-del-gran-premio-de-formula-1-de-turquia-de-este-fin-de-semana\\\/#primaryimage\"},\"thumbnailUrl\":\"https:\\\/\\\/radiounodigital.com\\\/web\\\/wp-content\\\/uploads\\\/2020\\\/11\\\/acdc-formula1-turquia-grandprix.jpeg\",\"datePublished\":\"2020-11-13T03:24:33+00:00\",\"author\":{\"@id\":\"https:\\\/\\\/radiounodigital.com\\\/web\\\/#\\\/schema\\\/person\\\/00b93151fa54f619ecf9c183d1fc9758\"},\"breadcrumb\":{\"@id\":\"https:\\\/\\\/radiounodigital.com\\\/web\\\/2020\\\/11\\\/13\\\/ac-dc-pondra-la-banda-sonora-del-gran-premio-de-formula-1-de-turquia-de-este-fin-de-semana\\\/#breadcrumb\"},\"inLanguage\":\"es\",\"potentialAction\":[{\"@type\":\"ReadAction\",\"target\":[\"https:\\\/\\\/radiounodigital.com\\\/web\\\/2020\\\/11\\\/13\\\/ac-dc-pondra-la-banda-sonora-del-gran-premio-de-formula-1-de-turquia-de-este-fin-de-semana\\\/\"]}]},{\"@type\":\"ImageObject\",\"inLanguage\":\"es\",\"@id\":\"https:\\\/\\\/radiounodigital.com\\\/web\\\/2020\\\/11\\\/13\\\/ac-dc-pondra-la-banda-sonora-del-gran-premio-de-formula-1-de-turquia-de-este-fin-de-semana\\\/#primaryimage\",\"url\":\"https:\\\/\\\/radiounodigital.com\\\/web\\\/wp-content\\\/uploads\\\/2020\\\/11\\\/acdc-formula1-turquia-grandprix.jpeg\",\"contentUrl\":\"https:\\\/\\\/radiounodigital.com\\\/web\\\/wp-content\\\/uploads\\\/2020\\\/11\\\/acdc-formula1-turquia-grandprix.jpeg\",\"width\":970,\"height\":546},{\"@type\":\"BreadcrumbList\",\"@id\":\"https:\\\/\\\/radiounodigital.com\\\/web\\\/2020\\\/11\\\/13\\\/ac-dc-pondra-la-banda-sonora-del-gran-premio-de-formula-1-de-turquia-de-este-fin-de-semana\\\/#breadcrumb\",\"itemListElement\":[{\"@type\":\"ListItem\",\"position\":1,\"name\":\"Home\",\"item\":\"https:\\\/\\\/radiounodigital.com\\\/web\\\/\"},{\"@type\":\"ListItem\",\"position\":2,\"name\":\"AC\\\/DC pondr\u00e1 la banda sonora del Gran Premio de F\u00f3rmula 1 de Turqu\u00eda de este fin de semana\"}]},{\"@type\":\"WebSite\",\"@id\":\"https:\\\/\\\/radiounodigital.com\\\/web\\\/#website\",\"url\":\"https:\\\/\\\/radiounodigital.com\\\/web\\\/\",\"name\":\"Radio UNO Digital\",\"description\":\"Donde la cultura del rock se siente\",\"potentialAction\":[{\"@type\":\"SearchAction\",\"target\":{\"@type\":\"EntryPoint\",\"urlTemplate\":\"https:\\\/\\\/radiounodigital.com\\\/web\\\/?s={search_term_string}\"},\"query-input\":{\"@type\":\"PropertyValueSpecification\",\"valueRequired\":true,\"valueName\":\"search_term_string\"}}],\"inLanguage\":\"es\"},{\"@type\":\"Person\",\"@id\":\"https:\\\/\\\/radiounodigital.com\\\/web\\\/#\\\/schema\\\/person\\\/00b93151fa54f619ecf9c183d1fc9758\",\"name\":\"diegoc\",\"image\":{\"@type\":\"ImageObject\",\"inLanguage\":\"es\",\"@id\":\"https:\\\/\\\/secure.gravatar.com\\\/avatar\\\/0a67041d44c702fb0660d81a5a32c7ce6007341cf92afeb718b75883bf415864?s=96&d=blank&r=g\",\"url\":\"https:\\\/\\\/secure.gravatar.com\\\/avatar\\\/0a67041d44c702fb0660d81a5a32c7ce6007341cf92afeb718b75883bf415864?s=96&d=blank&r=g\",\"contentUrl\":\"https:\\\/\\\/secure.gravatar.com\\\/avatar\\\/0a67041d44c702fb0660d81a5a32c7ce6007341cf92afeb718b75883bf415864?s=96&d=blank&r=g\",\"caption\":\"diegoc\"},\"url\":\"https:\\\/\\\/radiounodigital.com\\\/web\\\/author\\\/diegoc\\\/\"}]}<\/script>\n<!-- \/ Yoast SEO plugin. -->","yoast_head_json":{"title":"AC\/DC pondr\u00e1 la banda sonora del Gran Premio de F\u00f3rmula 1 de Turqu\u00eda de este fin de semana - Radio UNO Digital","robots":{"index":"index","follow":"follow","max-snippet":"max-snippet:-1","max-image-preview":"max-image-preview:large","max-video-preview":"max-video-preview:-1"},"canonical":"https:\/\/radiounodigital.com\/web\/2020\/11\/13\/ac-dc-pondra-la-banda-sonora-del-gran-premio-de-formula-1-de-turquia-de-este-fin-de-semana\/","og_locale":"es_ES","og_type":"article","og_title":"AC\/DC pondr\u00e1 la banda sonora del Gran Premio de F\u00f3rmula 1 de Turqu\u00eda de este fin de semana - Radio UNO Digital","og_description":"Coincidiendo con el lanzamiento de Power Up, AC \/ DC proporcionar\u00e1 la banda sonora de la carrera de Lewis Hamilton en Istanbul Par A medida que aumenta la emoci\u00f3n por el regreso de AC \/ DC con Power Up, su decimos\u00e9ptimo \u00e1lbum de estudio, el 13 de noviembre (\u00a1tambi\u00e9n conocido como viernes!), La banda de... Read More","og_url":"https:\/\/radiounodigital.com\/web\/2020\/11\/13\/ac-dc-pondra-la-banda-sonora-del-gran-premio-de-formula-1-de-turquia-de-este-fin-de-semana\/","og_site_name":"Radio UNO Digital","article_published_time":"2020-11-13T03:24:33+00:00","og_image":[{"width":970,"height":546,"url":"https:\/\/radiounodigital.com\/web\/wp-content\/uploads\/2020\/11\/acdc-formula1-turquia-grandprix.jpeg","type":"image\/jpeg"}],"author":"diegoc","twitter_card":"summary_large_image","twitter_misc":{"Escrito por":"diegoc","Tiempo de lectura":"2 minutos"},"schema":{"@context":"https:\/\/schema.org","@graph":[{"@type":"Article","@id":"https:\/\/radiounodigital.com\/web\/2020\/11\/13\/ac-dc-pondra-la-banda-sonora-del-gran-premio-de-formula-1-de-turquia-de-este-fin-de-semana\/#article","isPartOf":{"@id":"https:\/\/radiounodigital.com\/web\/2020\/11\/13\/ac-dc-pondra-la-banda-sonora-del-gran-premio-de-formula-1-de-turquia-de-este-fin-de-semana\/"},"author":{"name":"diegoc","@id":"https:\/\/radiounodigital.com\/web\/#\/schema\/person\/00b93151fa54f619ecf9c183d1fc9758"},"headline":"AC\/DC pondr\u00e1 la banda sonora del Gran Premio de F\u00f3rmula 1 de Turqu\u00eda de este fin de semana","datePublished":"2020-11-13T03:24:33+00:00","mainEntityOfPage":{"@id":"https:\/\/radiounodigital.com\/web\/2020\/11\/13\/ac-dc-pondra-la-banda-sonora-del-gran-premio-de-formula-1-de-turquia-de-este-fin-de-semana\/"},"wordCount":365,"commentCount":0,"image":{"@id":"https:\/\/radiounodigital.com\/web\/2020\/11\/13\/ac-dc-pondra-la-banda-sonora-del-gran-premio-de-formula-1-de-turquia-de-este-fin-de-semana\/#primaryimage"},"thumbnailUrl":"https:\/\/radiounodigital.com\/web\/wp-content\/uploads\/2020\/11\/acdc-formula1-turquia-grandprix.jpeg","keywords":["AC\/DC","disco","formula 1","gran premio","lewis hamilton","nuevo","soundtrack","turquia"],"articleSection":["estrenos","lo nuevo","news","Rock Clasico"],"inLanguage":"es","potentialAction":[{"@type":"CommentAction","name":"Comment","target":["https:\/\/radiounodigital.com\/web\/2020\/11\/13\/ac-dc-pondra-la-banda-sonora-del-gran-premio-de-formula-1-de-turquia-de-este-fin-de-semana\/#respond"]}]},{"@type":"WebPage","@id":"https:\/\/radiounodigital.com\/web\/2020\/11\/13\/ac-dc-pondra-la-banda-sonora-del-gran-premio-de-formula-1-de-turquia-de-este-fin-de-semana\/","url":"https:\/\/radiounodigital.com\/web\/2020\/11\/13\/ac-dc-pondra-la-banda-sonora-del-gran-premio-de-formula-1-de-turquia-de-este-fin-de-semana\/","name":"AC\/DC pondr\u00e1 la banda sonora del Gran Premio de F\u00f3rmula 1 de Turqu\u00eda de este fin de semana - Radio UNO Digital","isPartOf":{"@id":"https:\/\/radiounodigital.com\/web\/#website"},"primaryImageOfPage":{"@id":"https:\/\/radiounodigital.com\/web\/2020\/11\/13\/ac-dc-pondra-la-banda-sonora-del-gran-premio-de-formula-1-de-turquia-de-este-fin-de-semana\/#primaryimage"},"image":{"@id":"https:\/\/radiounodigital.com\/web\/2020\/11\/13\/ac-dc-pondra-la-banda-sonora-del-gran-premio-de-formula-1-de-turquia-de-este-fin-de-semana\/#primaryimage"},"thumbnailUrl":"https:\/\/radiounodigital.com\/web\/wp-content\/uploads\/2020\/11\/acdc-formula1-turquia-grandprix.jpeg","datePublished":"2020-11-13T03:24:33+00:00","author":{"@id":"https:\/\/radiounodigital.com\/web\/#\/schema\/person\/00b93151fa54f619ecf9c183d1fc9758"},"breadcrumb":{"@id":"https:\/\/radiounodigital.com\/web\/2020\/11\/13\/ac-dc-pondra-la-banda-sonora-del-gran-premio-de-formula-1-de-turquia-de-este-fin-de-semana\/#breadcrumb"},"inLanguage":"es","potentialAction":[{"@type":"ReadAction","target":["https:\/\/radiounodigital.com\/web\/2020\/11\/13\/ac-dc-pondra-la-banda-sonora-del-gran-premio-de-formula-1-de-turquia-de-este-fin-de-semana\/"]}]},{"@type":"ImageObject","inLanguage":"es","@id":"https:\/\/radiounodigital.com\/web\/2020\/11\/13\/ac-dc-pondra-la-banda-sonora-del-gran-premio-de-formula-1-de-turquia-de-este-fin-de-semana\/#primaryimage","url":"https:\/\/radiounodigital.com\/web\/wp-content\/uploads\/2020\/11\/acdc-formula1-turquia-grandprix.jpeg","contentUrl":"https:\/\/radiounodigital.com\/web\/wp-content\/uploads\/2020\/11\/acdc-formula1-turquia-grandprix.jpeg","width":970,"height":546},{"@type":"BreadcrumbList","@id":"https:\/\/radiounodigital.com\/web\/2020\/11\/13\/ac-dc-pondra-la-banda-sonora-del-gran-premio-de-formula-1-de-turquia-de-este-fin-de-semana\/#breadcrumb","itemListElement":[{"@type":"ListItem","position":1,"name":"Home","item":"https:\/\/radiounodigital.com\/web\/"},{"@type":"ListItem","position":2,"name":"AC\/DC pondr\u00e1 la banda sonora del Gran Premio de F\u00f3rmula 1 de Turqu\u00eda de este fin de semana"}]},{"@type":"WebSite","@id":"https:\/\/radiounodigital.com\/web\/#website","url":"https:\/\/radiounodigital.com\/web\/","name":"Radio UNO Digital","description":"Donde la cultura del rock se siente","potentialAction":[{"@type":"SearchAction","target":{"@type":"EntryPoint","urlTemplate":"https:\/\/radiounodigital.com\/web\/?s={search_term_string}"},"query-input":{"@type":"PropertyValueSpecification","valueRequired":true,"valueName":"search_term_string"}}],"inLanguage":"es"},{"@type":"Person","@id":"https:\/\/radiounodigital.com\/web\/#\/schema\/person\/00b93151fa54f619ecf9c183d1fc9758","name":"diegoc","image":{"@type":"ImageObject","inLanguage":"es","@id":"https:\/\/secure.gravatar.com\/avatar\/0a67041d44c702fb0660d81a5a32c7ce6007341cf92afeb718b75883bf415864?s=96&d=blank&r=g","url":"https:\/\/secure.gravatar.com\/avatar\/0a67041d44c702fb0660d81a5a32c7ce6007341cf92afeb718b75883bf415864?s=96&d=blank&r=g","contentUrl":"https:\/\/secure.gravatar.com\/avatar\/0a67041d44c702fb0660d81a5a32c7ce6007341cf92afeb718b75883bf415864?s=96&d=blank&r=g","caption":"diegoc"},"url":"https:\/\/radiounodigital.com\/web\/author\/diegoc\/"}]}},"_links":{"self":[{"href":"https:\/\/radiounodigital.com\/web\/wp-json\/wp\/v2\/posts\/4863","targetHints":{"allow":["GET"]}}],"collection":[{"href":"https:\/\/radiounodigital.com\/web\/wp-json\/wp\/v2\/posts"}],"about":[{"href":"https:\/\/radiounodigital.com\/web\/wp-json\/wp\/v2\/types\/post"}],"author":[{"embeddable":true,"href":"https:\/\/radiounodigital.com\/web\/wp-json\/wp\/v2\/users\/1"}],"replies":[{"embeddable":true,"href":"https:\/\/radiounodigital.com\/web\/wp-json\/wp\/v2\/comments?post=4863"}],"version-history":[{"count":3,"href":"https:\/\/radiounodigital.com\/web\/wp-json\/wp\/v2\/posts\/4863\/revisions"}],"predecessor-version":[{"id":4898,"href":"https:\/\/radiounodigital.com\/web\/wp-json\/wp\/v2\/posts\/4863\/revisions\/4898"}],"wp:featuredmedia":[{"embeddable":true,"href":"https:\/\/radiounodigital.com\/web\/wp-json\/wp\/v2\/media\/4899"}],"wp:attachment":[{"href":"https:\/\/radiounodigital.com\/web\/wp-json\/wp\/v2\/media?parent=4863"}],"wp:term":[{"taxonomy":"category","embeddable":true,"href":"https:\/\/radiounodigital.com\/web\/wp-json\/wp\/v2\/categories?post=4863"},{"taxonomy":"post_tag","embeddable":true,"href":"https:\/\/radiounodigital.com\/web\/wp-json\/wp\/v2\/tags?post=4863"}],"curies":[{"name":"wp","href":"https:\/\/api.w.org\/{rel}","templated":true}]}}