{"id":4973,"date":"2020-11-26T17:26:35","date_gmt":"2020-11-26T20:26:35","guid":{"rendered":"https:\/\/radiounodigital.com\/web\/?p=4973"},"modified":"2020-11-26T17:26:35","modified_gmt":"2020-11-26T20:26:35","slug":"genio-brian-may-de-queen-rinde-homenaje-a-diego-maradona","status":"publish","type":"post","link":"https:\/\/radiounodigital.com\/web\/2020\/11\/26\/genio-brian-may-de-queen-rinde-homenaje-a-diego-maradona\/","title":{"rendered":"\u00abGenio\u00bb: Brian May, de Queen, rinde homenaje a Diego Maradona"},"content":{"rendered":"<h3>El guitarrista de Queen, Brian May, saluda a la leyenda del f\u00fatbol Diego Maradona, quien falleci\u00f3 el 25 de noviembre<\/h3>\n<blockquote class=\"instagram-media\" style=\"background: #FFF; border: 0; border-radius: 3px; box-shadow: 0 0 1px 0 rgba(0,0,0,0.5),0 1px 10px 0 rgba(0,0,0,0.15); margin: 1px; max-width: 540px; min-width: 326px; padding: 0; width: calc(100% - 2px);\" data-instgrm-captioned=\"\" data-instgrm-permalink=\"https:\/\/www.instagram.com\/p\/CIBYaXsl2F9\/?utm_source=ig_embed&amp;utm_campaign=loading\" data-instgrm-version=\"13\">\n<div style=\"padding: 16px;\">\n<p>&nbsp;<\/p>\n<div style=\"display: flex; flex-direction: row; align-items: center;\">\n<div style=\"background-color: #f4f4f4; border-radius: 50%; flex-grow: 0; height: 40px; margin-right: 14px; width: 40px;\"><\/div>\n<div style=\"display: flex; flex-direction: column; flex-grow: 1; justify-content: center;\">\n<div style=\"background-color: #f4f4f4; border-radius: 4px; flex-grow: 0; height: 14px; margin-bottom: 6px; width: 100px;\"><\/div>\n<div style=\"background-color: #f4f4f4; border-radius: 4px; flex-grow: 0; height: 14px; width: 60px;\"><\/div>\n<\/div>\n<\/div>\n<div style=\"padding: 19% 0;\"><\/div>\n<div style=\"display: block; height: 50px; margin: 0 auto 12px; width: 50px;\"><\/div>\n<div style=\"padding-top: 8px;\">\n<div style=\"color: #3897f0; font-family: Arial,sans-serif; font-size: 14px; font-style: normal; font-weight: 550; line-height: 18px;\">Ver esta publicaci\u00f3n en Instagram<\/div>\n<\/div>\n<div style=\"padding: 12.5% 0;\"><\/div>\n<div style=\"display: flex; flex-direction: row; margin-bottom: 14px; align-items: center;\">\n<div>\n<div style=\"background-color: #f4f4f4; border-radius: 50%; height: 12.5px; width: 12.5px; transform: translateX(0px) translateY(7px);\"><\/div>\n<div style=\"background-color: #f4f4f4; height: 12.5px; transform: rotate(-45deg) translateX(3px) translateY(1px); width: 12.5px; flex-grow: 0; margin-right: 14px; margin-left: 2px;\"><\/div>\n<div style=\"background-color: #f4f4f4; border-radius: 50%; height: 12.5px; width: 12.5px; transform: translateX(9px) translateY(-18px);\"><\/div>\n<\/div>\n<div style=\"margin-left: 8px;\">\n<div style=\"background-color: #f4f4f4; border-radius: 50%; flex-grow: 0; height: 20px; width: 20px;\"><\/div>\n<div style=\"width: 0; height: 0; border-top: 2px solid transparent; border-left: 6px solid #f4f4f4; border-bottom: 2px solid transparent; transform: translateX(16px) translateY(-4px) rotate(30deg);\"><\/div>\n<\/div>\n<div style=\"margin-left: auto;\">\n<div style=\"width: 0px; border-top: 8px solid #F4F4F4; border-right: 8px solid transparent; transform: translateY(16px);\"><\/div>\n<div style=\"background-color: #f4f4f4; flex-grow: 0; height: 12px; width: 16px; transform: translateY(-4px);\"><\/div>\n<div style=\"width: 0; height: 0; border-top: 8px solid #F4F4F4; border-left: 8px solid transparent; transform: translateY(-4px) translateX(8px);\"><\/div>\n<\/div>\n<\/div>\n<div style=\"display: flex; flex-direction: column; flex-grow: 1; justify-content: center; margin-bottom: 24px;\">\n<div style=\"background-color: #f4f4f4; border-radius: 4px; flex-grow: 0; height: 14px; margin-bottom: 6px; width: 224px;\"><\/div>\n<div style=\"background-color: #f4f4f4; border-radius: 4px; flex-grow: 0; height: 14px; width: 144px;\"><\/div>\n<\/div>\n<p>&nbsp;<\/p>\n<p style=\"color: #c9c8cd; font-family: Arial,sans-serif; font-size: 14px; line-height: 17px; margin-bottom: 0; margin-top: 8px; overflow: hidden; padding: 8px 0 7px; text-align: center; text-overflow: ellipsis; white-space: nowrap;\"><a style=\"color: #c9c8cd; font-family: Arial,sans-serif; font-size: 14px; font-style: normal; font-weight: normal; line-height: 17px; text-decoration: none;\" href=\"https:\/\/www.instagram.com\/p\/CIBYaXsl2F9\/?utm_source=ig_embed&amp;utm_campaign=loading\" target=\"_blank\" rel=\"noopener noreferrer\">Una publicaci\u00f3n compartida por Queen (@officialqueenmusic)<\/a><\/p>\n<\/div>\n<\/blockquote>\n<p><script async src=\"\/\/www.instagram.com\/embed.js\"><\/script><\/p>\n<p>El guitarrista de Queen, Brian May, rindi\u00f3 homenaje a la leyenda del f\u00fatbol argentino Diego Maradona, quien falleci\u00f3 ayer (25 de noviembre) en su casa de Tigre, cerca de Buenos Aires. Maradona, que era capit\u00e1n de la selecci\u00f3n argentina cuando gan\u00f3 el Mundial de 1986 y tambi\u00e9n jug\u00f3 en clubes con el Barcelona y el N\u00e1poles, ten\u00eda 60 a\u00f1os.<\/p>\n<p>En una publicaci\u00f3n en su cuenta de Instagram, May salud\u00f3 el \u00abmaravilloso talento\u00bb de Maradona, comparti\u00f3 una foto de Queen con el ic\u00f3nico futbolista en el backstage del Estadio V\u00e9lez Sarsfield, Buenos Aires durante su gira de 1981 por Sudam\u00e9rica y expres\u00f3 su pesar por no haber podido ha enviado a su propio cardi\u00f3logo para mantener vivo a Maradona.<\/p>\n<p>May escribi\u00f3: \u201cMitad \u00e1ngel, mitad diablo, dec\u00edan &#8230; y todo genio. M\u00e1s grande de todos los tiempos ? No lo sabr\u00eda. Pero un talento maravilloso. Disfrutamos pasar tiempo con \u00e9l cuando tocamos en el Estadio V\u00e9lez Sarsfield, Buenos Aires en 1981. Y \u00e9l subi\u00f3 al escenario con nosotros, con un rugido masivo. Y esa es mi camiseta que lleva aqu\u00ed &#8230; Dios lo bendiga. RIP DIEGO MARADONNA. Muy joven. Muy triste. Ojal\u00e1 hubiera podido llevarle a mi cardi\u00f3logo para salvarlo como yo me salv\u00f3.<\/p>\n<p>&nbsp;<\/p>\n<p>El Oasis, Liam Gallagher, tambi\u00e9n rindi\u00f3 homenaje a Maradona, y aclam\u00f3 a la leyenda argentina como un \u00abfutbolista cabr\u00f3n de RNR\u00bb, tambi\u00e9n conocido como un futbolista cabr\u00f3n de Rock &#8216;n Roll.<\/p>\n<blockquote class=\"instagram-media\" style=\"background: #FFF; border: 0; border-radius: 3px; box-shadow: 0 0 1px 0 rgba(0,0,0,0.5),0 1px 10px 0 rgba(0,0,0,0.15); margin: 1px; max-width: 540px; min-width: 326px; padding: 0; width: calc(100% - 2px);\" data-instgrm-captioned=\"\" data-instgrm-permalink=\"https:\/\/www.instagram.com\/p\/CICA_xRhGU7\/?utm_source=ig_embed&amp;utm_campaign=loading\" data-instgrm-version=\"13\">\n<div style=\"padding: 16px;\">\n<p>&nbsp;<\/p>\n<div style=\"display: flex; flex-direction: row; align-items: center;\">\n<div style=\"background-color: #f4f4f4; border-radius: 50%; flex-grow: 0; height: 40px; margin-right: 14px; width: 40px;\"><\/div>\n<div style=\"display: flex; flex-direction: column; flex-grow: 1; justify-content: center;\">\n<div style=\"background-color: #f4f4f4; border-radius: 4px; flex-grow: 0; height: 14px; margin-bottom: 6px; width: 100px;\"><\/div>\n<div style=\"background-color: #f4f4f4; border-radius: 4px; flex-grow: 0; height: 14px; width: 60px;\"><\/div>\n<\/div>\n<\/div>\n<div style=\"padding: 19% 0;\"><\/div>\n<div style=\"display: block; height: 50px; margin: 0 auto 12px; width: 50px;\"><\/div>\n<div style=\"padding-top: 8px;\">\n<div style=\"color: #3897f0; font-family: Arial,sans-serif; font-size: 14px; font-style: normal; font-weight: 550; line-height: 18px;\">Ver esta publicaci\u00f3n en Instagram<\/div>\n<\/div>\n<div style=\"padding: 12.5% 0;\"><\/div>\n<div style=\"display: flex; flex-direction: row; margin-bottom: 14px; align-items: center;\">\n<div>\n<div style=\"background-color: #f4f4f4; border-radius: 50%; height: 12.5px; width: 12.5px; transform: translateX(0px) translateY(7px);\"><\/div>\n<div style=\"background-color: #f4f4f4; height: 12.5px; transform: rotate(-45deg) translateX(3px) translateY(1px); width: 12.5px; flex-grow: 0; margin-right: 14px; margin-left: 2px;\"><\/div>\n<div style=\"background-color: #f4f4f4; border-radius: 50%; height: 12.5px; width: 12.5px; transform: translateX(9px) translateY(-18px);\"><\/div>\n<\/div>\n<div style=\"margin-left: 8px;\">\n<div style=\"background-color: #f4f4f4; border-radius: 50%; flex-grow: 0; height: 20px; width: 20px;\"><\/div>\n<div style=\"width: 0; height: 0; border-top: 2px solid transparent; border-left: 6px solid #f4f4f4; border-bottom: 2px solid transparent; transform: translateX(16px) translateY(-4px) rotate(30deg);\"><\/div>\n<\/div>\n<div style=\"margin-left: auto;\">\n<div style=\"width: 0px; border-top: 8px solid #F4F4F4; border-right: 8px solid transparent; transform: translateY(16px);\"><\/div>\n<div style=\"background-color: #f4f4f4; flex-grow: 0; height: 12px; width: 16px; transform: translateY(-4px);\"><\/div>\n<div style=\"width: 0; height: 0; border-top: 8px solid #F4F4F4; border-left: 8px solid transparent; transform: translateY(-4px) translateX(8px);\"><\/div>\n<\/div>\n<\/div>\n<div style=\"display: flex; flex-direction: column; flex-grow: 1; justify-content: center; margin-bottom: 24px;\">\n<div style=\"background-color: #f4f4f4; border-radius: 4px; flex-grow: 0; height: 14px; margin-bottom: 6px; width: 224px;\"><\/div>\n<div style=\"background-color: #f4f4f4; border-radius: 4px; flex-grow: 0; height: 14px; width: 144px;\"><\/div>\n<\/div>\n<p>&nbsp;<\/p>\n<p style=\"color: #c9c8cd; font-family: Arial,sans-serif; font-size: 14px; line-height: 17px; margin-bottom: 0; margin-top: 8px; overflow: hidden; padding: 8px 0 7px; text-align: center; text-overflow: ellipsis; white-space: nowrap;\"><a style=\"color: #c9c8cd; font-family: Arial,sans-serif; font-size: 14px; font-style: normal; font-weight: normal; line-height: 17px; text-decoration: none;\" href=\"https:\/\/www.instagram.com\/p\/CICA_xRhGU7\/?utm_source=ig_embed&amp;utm_campaign=loading\" target=\"_blank\" rel=\"noopener noreferrer\">Una publicaci\u00f3n compartida por Liam Gallagher (@liamgallagher)<\/a><\/p>\n<\/div>\n<\/blockquote>\n<p><script async src=\"\/\/www.instagram.com\/embed.js\"><\/script><\/p>\n<blockquote class=\"instagram-media\" style=\"background: #FFF; border: 0; border-radius: 3px; box-shadow: 0 0 1px 0 rgba(0,0,0,0.5),0 1px 10px 0 rgba(0,0,0,0.15); margin: 1px; max-width: 540px; min-width: 326px; padding: 0; width: calc(100% - 2px);\" data-instgrm-captioned=\"\" data-instgrm-permalink=\"https:\/\/www.instagram.com\/p\/CIDCzGVDwAR\/?utm_source=ig_embed&amp;utm_campaign=loading\" data-instgrm-version=\"13\">\n<div style=\"padding: 16px;\">\n<p>&nbsp;<\/p>\n<div style=\"display: flex; flex-direction: row; align-items: center;\">\n<div style=\"background-color: #f4f4f4; border-radius: 50%; flex-grow: 0; height: 40px; margin-right: 14px; width: 40px;\"><\/div>\n<div style=\"display: flex; flex-direction: column; flex-grow: 1; justify-content: center;\">\n<div style=\"background-color: #f4f4f4; border-radius: 4px; flex-grow: 0; height: 14px; margin-bottom: 6px; width: 100px;\"><\/div>\n<div style=\"background-color: #f4f4f4; border-radius: 4px; flex-grow: 0; height: 14px; width: 60px;\"><\/div>\n<\/div>\n<\/div>\n<div style=\"padding: 19% 0;\"><\/div>\n<div style=\"display: block; height: 50px; margin: 0 auto 12px; width: 50px;\"><\/div>\n<div style=\"padding-top: 8px;\">\n<div style=\"color: #3897f0; font-family: Arial,sans-serif; font-size: 14px; font-style: normal; font-weight: 550; line-height: 18px;\">Ver esta publicaci\u00f3n en Instagram<\/div>\n<\/div>\n<div style=\"padding: 12.5% 0;\"><\/div>\n<div style=\"display: flex; flex-direction: row; margin-bottom: 14px; align-items: center;\">\n<div>\n<div style=\"background-color: #f4f4f4; border-radius: 50%; height: 12.5px; width: 12.5px; transform: translateX(0px) translateY(7px);\"><\/div>\n<div style=\"background-color: #f4f4f4; height: 12.5px; transform: rotate(-45deg) translateX(3px) translateY(1px); width: 12.5px; flex-grow: 0; margin-right: 14px; margin-left: 2px;\"><\/div>\n<div style=\"background-color: #f4f4f4; border-radius: 50%; height: 12.5px; width: 12.5px; transform: translateX(9px) translateY(-18px);\"><\/div>\n<\/div>\n<div style=\"margin-left: 8px;\">\n<div style=\"background-color: #f4f4f4; border-radius: 50%; flex-grow: 0; height: 20px; width: 20px;\"><\/div>\n<div style=\"width: 0; height: 0; border-top: 2px solid transparent; border-left: 6px solid #f4f4f4; border-bottom: 2px solid transparent; transform: translateX(16px) translateY(-4px) rotate(30deg);\"><\/div>\n<\/div>\n<div style=\"margin-left: auto;\">\n<div style=\"width: 0px; border-top: 8px solid #F4F4F4; border-right: 8px solid transparent; transform: translateY(16px);\"><\/div>\n<div style=\"background-color: #f4f4f4; flex-grow: 0; height: 12px; width: 16px; transform: translateY(-4px);\"><\/div>\n<div style=\"width: 0; height: 0; border-top: 8px solid #F4F4F4; border-left: 8px solid transparent; transform: translateY(-4px) translateX(8px);\"><\/div>\n<\/div>\n<\/div>\n<div style=\"display: flex; flex-direction: column; flex-grow: 1; justify-content: center; margin-bottom: 24px;\">\n<div style=\"background-color: #f4f4f4; border-radius: 4px; flex-grow: 0; height: 14px; margin-bottom: 6px; width: 224px;\"><\/div>\n<div style=\"background-color: #f4f4f4; border-radius: 4px; flex-grow: 0; height: 14px; width: 144px;\"><\/div>\n<\/div>\n<p>&nbsp;<\/p>\n<p style=\"color: #c9c8cd; font-family: Arial,sans-serif; font-size: 14px; line-height: 17px; margin-bottom: 0; margin-top: 8px; overflow: hidden; padding: 8px 0 7px; text-align: center; text-overflow: ellipsis; white-space: nowrap;\"><a style=\"color: #c9c8cd; font-family: Arial,sans-serif; font-size: 14px; font-style: normal; font-weight: normal; line-height: 17px; text-decoration: none;\" href=\"https:\/\/www.instagram.com\/p\/CIDCzGVDwAR\/?utm_source=ig_embed&amp;utm_campaign=loading\" target=\"_blank\" rel=\"noopener noreferrer\">Una publicaci\u00f3n compartida por Noel Gallagher\u2019s HFB (@themightyi)<\/a><\/p>\n<\/div>\n<\/blockquote>\n<p><script async src=\"\/\/www.instagram.com\/embed.js\"><\/script><\/p>\n<div class=\"fb-background-color\">\n\t\t\t  <div \n\t\t\t  \tclass = \"fb-comments\" \n\t\t\t  \tdata-href = \"https:\/\/radiounodigital.com\/web\/2020\/11\/26\/genio-brian-may-de-queen-rinde-homenaje-a-diego-maradona\/\"\n\t\t\t  \tdata-numposts = \"10\"\n\t\t\t  \tdata-lazy = \"true\"\n\t\t\t\tdata-colorscheme = \"dark\"\n\t\t\t\tdata-order-by = \"reverse_time\"\n\t\t\t\tdata-mobile=true>\n\t\t\t  <\/div><\/div>\n\t\t  <style>\n\t\t    .fb-background-color {\n\t\t\t\tbackground: #ffffff !important;\n\t\t\t}\n\t\t\t.fb_iframe_widget_fluid_desktop iframe {\n\t\t\t    width: 100% !important;\n\t\t\t}\n\t\t  <\/style>\n\t\t  ","protected":false},"excerpt":{"rendered":"<p>El guitarrista de Queen, Brian May, saluda a la leyenda del f\u00fatbol Diego Maradona, quien falleci\u00f3 el 25 de noviembre &nbsp; Ver esta publicaci\u00f3n en Instagram &nbsp; Una publicaci\u00f3n compartida por Queen (@officialqueenmusic) El guitarrista de Queen, Brian May, rindi\u00f3 homenaje a la leyenda del f\u00fatbol argentino Diego Maradona, quien falleci\u00f3 ayer (25 de noviembre)&#8230; <a href=\"https:\/\/radiounodigital.com\/web\/2020\/11\/26\/genio-brian-may-de-queen-rinde-homenaje-a-diego-maradona\/\" class=\"excerpt-read-more\">Read More<\/a><\/p>\n","protected":false},"author":1,"featured_media":4974,"comment_status":"open","ping_status":"open","sticky":false,"template":"","format":"standard","meta":{"footnotes":""},"categories":[180],"tags":[1053,118,1422,897,507],"class_list":["post-4973","post","type-post","status-publish","format-standard","has-post-thumbnail","hentry","category-news","tag-brian-may","tag-liam-gallagher","tag-maradona","tag-queen","tag-tributo"],"yoast_head":"<!-- This site is optimized with the Yoast SEO plugin v27.5 - https:\/\/yoast.com\/product\/yoast-seo-wordpress\/ -->\n<title>&quot;Genio&quot;: Brian May, de Queen, rinde homenaje a Diego Maradona - Radio UNO Digital<\/title>\n<meta name=\"robots\" content=\"index, follow, max-snippet:-1, max-image-preview:large, max-video-preview:-1\" \/>\n<link rel=\"canonical\" href=\"https:\/\/radiounodigital.com\/web\/2020\/11\/26\/genio-brian-may-de-queen-rinde-homenaje-a-diego-maradona\/\" \/>\n<meta property=\"og:locale\" content=\"es_ES\" \/>\n<meta property=\"og:type\" content=\"article\" \/>\n<meta property=\"og:title\" content=\"&quot;Genio&quot;: Brian May, de Queen, rinde homenaje a Diego Maradona - Radio UNO Digital\" \/>\n<meta property=\"og:description\" content=\"El guitarrista de Queen, Brian May, saluda a la leyenda del f\u00fatbol Diego Maradona, quien falleci\u00f3 el 25 de noviembre &nbsp; Ver esta publicaci\u00f3n en Instagram &nbsp; Una publicaci\u00f3n compartida por Queen (@officialqueenmusic) El guitarrista de Queen, Brian May, rindi\u00f3 homenaje a la leyenda del f\u00fatbol argentino Diego Maradona, quien falleci\u00f3 ayer (25 de noviembre)... Read More\" \/>\n<meta property=\"og:url\" content=\"https:\/\/radiounodigital.com\/web\/2020\/11\/26\/genio-brian-may-de-queen-rinde-homenaje-a-diego-maradona\/\" \/>\n<meta property=\"og:site_name\" content=\"Radio UNO Digital\" \/>\n<meta property=\"article:published_time\" content=\"2020-11-26T20:26:35+00:00\" \/>\n<meta property=\"og:image\" content=\"https:\/\/radiounodigital.com\/web\/wp-content\/uploads\/2020\/11\/queen-y-diego.jpeg\" \/>\n\t<meta property=\"og:image:width\" content=\"1024\" \/>\n\t<meta property=\"og:image:height\" content=\"576\" \/>\n\t<meta property=\"og:image:type\" content=\"image\/jpeg\" \/>\n<meta name=\"author\" content=\"diegoc\" \/>\n<meta name=\"twitter:card\" content=\"summary_large_image\" \/>\n<meta name=\"twitter:label1\" content=\"Escrito por\" \/>\n\t<meta name=\"twitter:data1\" content=\"diegoc\" \/>\n\t<meta name=\"twitter:label2\" content=\"Tiempo de lectura\" \/>\n\t<meta name=\"twitter:data2\" content=\"2 minutos\" \/>\n<script type=\"application\/ld+json\" class=\"yoast-schema-graph\">{\"@context\":\"https:\\\/\\\/schema.org\",\"@graph\":[{\"@type\":\"Article\",\"@id\":\"https:\\\/\\\/radiounodigital.com\\\/web\\\/2020\\\/11\\\/26\\\/genio-brian-may-de-queen-rinde-homenaje-a-diego-maradona\\\/#article\",\"isPartOf\":{\"@id\":\"https:\\\/\\\/radiounodigital.com\\\/web\\\/2020\\\/11\\\/26\\\/genio-brian-may-de-queen-rinde-homenaje-a-diego-maradona\\\/\"},\"author\":{\"name\":\"diegoc\",\"@id\":\"https:\\\/\\\/radiounodigital.com\\\/web\\\/#\\\/schema\\\/person\\\/00b93151fa54f619ecf9c183d1fc9758\"},\"headline\":\"\u00abGenio\u00bb: Brian May, de Queen, rinde homenaje a Diego Maradona\",\"datePublished\":\"2020-11-26T20:26:35+00:00\",\"mainEntityOfPage\":{\"@id\":\"https:\\\/\\\/radiounodigital.com\\\/web\\\/2020\\\/11\\\/26\\\/genio-brian-may-de-queen-rinde-homenaje-a-diego-maradona\\\/\"},\"wordCount\":326,\"commentCount\":0,\"image\":{\"@id\":\"https:\\\/\\\/radiounodigital.com\\\/web\\\/2020\\\/11\\\/26\\\/genio-brian-may-de-queen-rinde-homenaje-a-diego-maradona\\\/#primaryimage\"},\"thumbnailUrl\":\"https:\\\/\\\/radiounodigital.com\\\/web\\\/wp-content\\\/uploads\\\/2020\\\/11\\\/queen-y-diego.jpeg\",\"keywords\":[\"Brian May\",\"liam gallagher\",\"maradona\",\"queen\",\"tributo\"],\"articleSection\":[\"news\"],\"inLanguage\":\"es\",\"potentialAction\":[{\"@type\":\"CommentAction\",\"name\":\"Comment\",\"target\":[\"https:\\\/\\\/radiounodigital.com\\\/web\\\/2020\\\/11\\\/26\\\/genio-brian-may-de-queen-rinde-homenaje-a-diego-maradona\\\/#respond\"]}]},{\"@type\":\"WebPage\",\"@id\":\"https:\\\/\\\/radiounodigital.com\\\/web\\\/2020\\\/11\\\/26\\\/genio-brian-may-de-queen-rinde-homenaje-a-diego-maradona\\\/\",\"url\":\"https:\\\/\\\/radiounodigital.com\\\/web\\\/2020\\\/11\\\/26\\\/genio-brian-may-de-queen-rinde-homenaje-a-diego-maradona\\\/\",\"name\":\"\\\"Genio\\\": Brian May, de Queen, rinde homenaje a Diego Maradona - Radio UNO Digital\",\"isPartOf\":{\"@id\":\"https:\\\/\\\/radiounodigital.com\\\/web\\\/#website\"},\"primaryImageOfPage\":{\"@id\":\"https:\\\/\\\/radiounodigital.com\\\/web\\\/2020\\\/11\\\/26\\\/genio-brian-may-de-queen-rinde-homenaje-a-diego-maradona\\\/#primaryimage\"},\"image\":{\"@id\":\"https:\\\/\\\/radiounodigital.com\\\/web\\\/2020\\\/11\\\/26\\\/genio-brian-may-de-queen-rinde-homenaje-a-diego-maradona\\\/#primaryimage\"},\"thumbnailUrl\":\"https:\\\/\\\/radiounodigital.com\\\/web\\\/wp-content\\\/uploads\\\/2020\\\/11\\\/queen-y-diego.jpeg\",\"datePublished\":\"2020-11-26T20:26:35+00:00\",\"author\":{\"@id\":\"https:\\\/\\\/radiounodigital.com\\\/web\\\/#\\\/schema\\\/person\\\/00b93151fa54f619ecf9c183d1fc9758\"},\"breadcrumb\":{\"@id\":\"https:\\\/\\\/radiounodigital.com\\\/web\\\/2020\\\/11\\\/26\\\/genio-brian-may-de-queen-rinde-homenaje-a-diego-maradona\\\/#breadcrumb\"},\"inLanguage\":\"es\",\"potentialAction\":[{\"@type\":\"ReadAction\",\"target\":[\"https:\\\/\\\/radiounodigital.com\\\/web\\\/2020\\\/11\\\/26\\\/genio-brian-may-de-queen-rinde-homenaje-a-diego-maradona\\\/\"]}]},{\"@type\":\"ImageObject\",\"inLanguage\":\"es\",\"@id\":\"https:\\\/\\\/radiounodigital.com\\\/web\\\/2020\\\/11\\\/26\\\/genio-brian-may-de-queen-rinde-homenaje-a-diego-maradona\\\/#primaryimage\",\"url\":\"https:\\\/\\\/radiounodigital.com\\\/web\\\/wp-content\\\/uploads\\\/2020\\\/11\\\/queen-y-diego.jpeg\",\"contentUrl\":\"https:\\\/\\\/radiounodigital.com\\\/web\\\/wp-content\\\/uploads\\\/2020\\\/11\\\/queen-y-diego.jpeg\",\"width\":1024,\"height\":576},{\"@type\":\"BreadcrumbList\",\"@id\":\"https:\\\/\\\/radiounodigital.com\\\/web\\\/2020\\\/11\\\/26\\\/genio-brian-may-de-queen-rinde-homenaje-a-diego-maradona\\\/#breadcrumb\",\"itemListElement\":[{\"@type\":\"ListItem\",\"position\":1,\"name\":\"Home\",\"item\":\"https:\\\/\\\/radiounodigital.com\\\/web\\\/\"},{\"@type\":\"ListItem\",\"position\":2,\"name\":\"\u00abGenio\u00bb: Brian May, de Queen, rinde homenaje a Diego Maradona\"}]},{\"@type\":\"WebSite\",\"@id\":\"https:\\\/\\\/radiounodigital.com\\\/web\\\/#website\",\"url\":\"https:\\\/\\\/radiounodigital.com\\\/web\\\/\",\"name\":\"Radio UNO Digital\",\"description\":\"Donde la cultura del rock se siente\",\"potentialAction\":[{\"@type\":\"SearchAction\",\"target\":{\"@type\":\"EntryPoint\",\"urlTemplate\":\"https:\\\/\\\/radiounodigital.com\\\/web\\\/?s={search_term_string}\"},\"query-input\":{\"@type\":\"PropertyValueSpecification\",\"valueRequired\":true,\"valueName\":\"search_term_string\"}}],\"inLanguage\":\"es\"},{\"@type\":\"Person\",\"@id\":\"https:\\\/\\\/radiounodigital.com\\\/web\\\/#\\\/schema\\\/person\\\/00b93151fa54f619ecf9c183d1fc9758\",\"name\":\"diegoc\",\"image\":{\"@type\":\"ImageObject\",\"inLanguage\":\"es\",\"@id\":\"https:\\\/\\\/secure.gravatar.com\\\/avatar\\\/0a67041d44c702fb0660d81a5a32c7ce6007341cf92afeb718b75883bf415864?s=96&d=blank&r=g\",\"url\":\"https:\\\/\\\/secure.gravatar.com\\\/avatar\\\/0a67041d44c702fb0660d81a5a32c7ce6007341cf92afeb718b75883bf415864?s=96&d=blank&r=g\",\"contentUrl\":\"https:\\\/\\\/secure.gravatar.com\\\/avatar\\\/0a67041d44c702fb0660d81a5a32c7ce6007341cf92afeb718b75883bf415864?s=96&d=blank&r=g\",\"caption\":\"diegoc\"},\"url\":\"https:\\\/\\\/radiounodigital.com\\\/web\\\/author\\\/diegoc\\\/\"}]}<\/script>\n<!-- \/ Yoast SEO plugin. -->","yoast_head_json":{"title":"\"Genio\": Brian May, de Queen, rinde homenaje a Diego Maradona - Radio UNO Digital","robots":{"index":"index","follow":"follow","max-snippet":"max-snippet:-1","max-image-preview":"max-image-preview:large","max-video-preview":"max-video-preview:-1"},"canonical":"https:\/\/radiounodigital.com\/web\/2020\/11\/26\/genio-brian-may-de-queen-rinde-homenaje-a-diego-maradona\/","og_locale":"es_ES","og_type":"article","og_title":"\"Genio\": Brian May, de Queen, rinde homenaje a Diego Maradona - Radio UNO Digital","og_description":"El guitarrista de Queen, Brian May, saluda a la leyenda del f\u00fatbol Diego Maradona, quien falleci\u00f3 el 25 de noviembre &nbsp; Ver esta publicaci\u00f3n en Instagram &nbsp; Una publicaci\u00f3n compartida por Queen (@officialqueenmusic) El guitarrista de Queen, Brian May, rindi\u00f3 homenaje a la leyenda del f\u00fatbol argentino Diego Maradona, quien falleci\u00f3 ayer (25 de noviembre)... Read More","og_url":"https:\/\/radiounodigital.com\/web\/2020\/11\/26\/genio-brian-may-de-queen-rinde-homenaje-a-diego-maradona\/","og_site_name":"Radio UNO Digital","article_published_time":"2020-11-26T20:26:35+00:00","og_image":[{"width":1024,"height":576,"url":"https:\/\/radiounodigital.com\/web\/wp-content\/uploads\/2020\/11\/queen-y-diego.jpeg","type":"image\/jpeg"}],"author":"diegoc","twitter_card":"summary_large_image","twitter_misc":{"Escrito por":"diegoc","Tiempo de lectura":"2 minutos"},"schema":{"@context":"https:\/\/schema.org","@graph":[{"@type":"Article","@id":"https:\/\/radiounodigital.com\/web\/2020\/11\/26\/genio-brian-may-de-queen-rinde-homenaje-a-diego-maradona\/#article","isPartOf":{"@id":"https:\/\/radiounodigital.com\/web\/2020\/11\/26\/genio-brian-may-de-queen-rinde-homenaje-a-diego-maradona\/"},"author":{"name":"diegoc","@id":"https:\/\/radiounodigital.com\/web\/#\/schema\/person\/00b93151fa54f619ecf9c183d1fc9758"},"headline":"\u00abGenio\u00bb: Brian May, de Queen, rinde homenaje a Diego Maradona","datePublished":"2020-11-26T20:26:35+00:00","mainEntityOfPage":{"@id":"https:\/\/radiounodigital.com\/web\/2020\/11\/26\/genio-brian-may-de-queen-rinde-homenaje-a-diego-maradona\/"},"wordCount":326,"commentCount":0,"image":{"@id":"https:\/\/radiounodigital.com\/web\/2020\/11\/26\/genio-brian-may-de-queen-rinde-homenaje-a-diego-maradona\/#primaryimage"},"thumbnailUrl":"https:\/\/radiounodigital.com\/web\/wp-content\/uploads\/2020\/11\/queen-y-diego.jpeg","keywords":["Brian May","liam gallagher","maradona","queen","tributo"],"articleSection":["news"],"inLanguage":"es","potentialAction":[{"@type":"CommentAction","name":"Comment","target":["https:\/\/radiounodigital.com\/web\/2020\/11\/26\/genio-brian-may-de-queen-rinde-homenaje-a-diego-maradona\/#respond"]}]},{"@type":"WebPage","@id":"https:\/\/radiounodigital.com\/web\/2020\/11\/26\/genio-brian-may-de-queen-rinde-homenaje-a-diego-maradona\/","url":"https:\/\/radiounodigital.com\/web\/2020\/11\/26\/genio-brian-may-de-queen-rinde-homenaje-a-diego-maradona\/","name":"\"Genio\": Brian May, de Queen, rinde homenaje a Diego Maradona - Radio UNO Digital","isPartOf":{"@id":"https:\/\/radiounodigital.com\/web\/#website"},"primaryImageOfPage":{"@id":"https:\/\/radiounodigital.com\/web\/2020\/11\/26\/genio-brian-may-de-queen-rinde-homenaje-a-diego-maradona\/#primaryimage"},"image":{"@id":"https:\/\/radiounodigital.com\/web\/2020\/11\/26\/genio-brian-may-de-queen-rinde-homenaje-a-diego-maradona\/#primaryimage"},"thumbnailUrl":"https:\/\/radiounodigital.com\/web\/wp-content\/uploads\/2020\/11\/queen-y-diego.jpeg","datePublished":"2020-11-26T20:26:35+00:00","author":{"@id":"https:\/\/radiounodigital.com\/web\/#\/schema\/person\/00b93151fa54f619ecf9c183d1fc9758"},"breadcrumb":{"@id":"https:\/\/radiounodigital.com\/web\/2020\/11\/26\/genio-brian-may-de-queen-rinde-homenaje-a-diego-maradona\/#breadcrumb"},"inLanguage":"es","potentialAction":[{"@type":"ReadAction","target":["https:\/\/radiounodigital.com\/web\/2020\/11\/26\/genio-brian-may-de-queen-rinde-homenaje-a-diego-maradona\/"]}]},{"@type":"ImageObject","inLanguage":"es","@id":"https:\/\/radiounodigital.com\/web\/2020\/11\/26\/genio-brian-may-de-queen-rinde-homenaje-a-diego-maradona\/#primaryimage","url":"https:\/\/radiounodigital.com\/web\/wp-content\/uploads\/2020\/11\/queen-y-diego.jpeg","contentUrl":"https:\/\/radiounodigital.com\/web\/wp-content\/uploads\/2020\/11\/queen-y-diego.jpeg","width":1024,"height":576},{"@type":"BreadcrumbList","@id":"https:\/\/radiounodigital.com\/web\/2020\/11\/26\/genio-brian-may-de-queen-rinde-homenaje-a-diego-maradona\/#breadcrumb","itemListElement":[{"@type":"ListItem","position":1,"name":"Home","item":"https:\/\/radiounodigital.com\/web\/"},{"@type":"ListItem","position":2,"name":"\u00abGenio\u00bb: Brian May, de Queen, rinde homenaje a Diego Maradona"}]},{"@type":"WebSite","@id":"https:\/\/radiounodigital.com\/web\/#website","url":"https:\/\/radiounodigital.com\/web\/","name":"Radio UNO Digital","description":"Donde la cultura del rock se siente","potentialAction":[{"@type":"SearchAction","target":{"@type":"EntryPoint","urlTemplate":"https:\/\/radiounodigital.com\/web\/?s={search_term_string}"},"query-input":{"@type":"PropertyValueSpecification","valueRequired":true,"valueName":"search_term_string"}}],"inLanguage":"es"},{"@type":"Person","@id":"https:\/\/radiounodigital.com\/web\/#\/schema\/person\/00b93151fa54f619ecf9c183d1fc9758","name":"diegoc","image":{"@type":"ImageObject","inLanguage":"es","@id":"https:\/\/secure.gravatar.com\/avatar\/0a67041d44c702fb0660d81a5a32c7ce6007341cf92afeb718b75883bf415864?s=96&d=blank&r=g","url":"https:\/\/secure.gravatar.com\/avatar\/0a67041d44c702fb0660d81a5a32c7ce6007341cf92afeb718b75883bf415864?s=96&d=blank&r=g","contentUrl":"https:\/\/secure.gravatar.com\/avatar\/0a67041d44c702fb0660d81a5a32c7ce6007341cf92afeb718b75883bf415864?s=96&d=blank&r=g","caption":"diegoc"},"url":"https:\/\/radiounodigital.com\/web\/author\/diegoc\/"}]}},"_links":{"self":[{"href":"https:\/\/radiounodigital.com\/web\/wp-json\/wp\/v2\/posts\/4973","targetHints":{"allow":["GET"]}}],"collection":[{"href":"https:\/\/radiounodigital.com\/web\/wp-json\/wp\/v2\/posts"}],"about":[{"href":"https:\/\/radiounodigital.com\/web\/wp-json\/wp\/v2\/types\/post"}],"author":[{"embeddable":true,"href":"https:\/\/radiounodigital.com\/web\/wp-json\/wp\/v2\/users\/1"}],"replies":[{"embeddable":true,"href":"https:\/\/radiounodigital.com\/web\/wp-json\/wp\/v2\/comments?post=4973"}],"version-history":[{"count":1,"href":"https:\/\/radiounodigital.com\/web\/wp-json\/wp\/v2\/posts\/4973\/revisions"}],"predecessor-version":[{"id":4975,"href":"https:\/\/radiounodigital.com\/web\/wp-json\/wp\/v2\/posts\/4973\/revisions\/4975"}],"wp:featuredmedia":[{"embeddable":true,"href":"https:\/\/radiounodigital.com\/web\/wp-json\/wp\/v2\/media\/4974"}],"wp:attachment":[{"href":"https:\/\/radiounodigital.com\/web\/wp-json\/wp\/v2\/media?parent=4973"}],"wp:term":[{"taxonomy":"category","embeddable":true,"href":"https:\/\/radiounodigital.com\/web\/wp-json\/wp\/v2\/categories?post=4973"},{"taxonomy":"post_tag","embeddable":true,"href":"https:\/\/radiounodigital.com\/web\/wp-json\/wp\/v2\/tags?post=4973"}],"curies":[{"name":"wp","href":"https:\/\/api.w.org\/{rel}","templated":true}]}}