{"id":5054,"date":"2020-12-10T07:41:30","date_gmt":"2020-12-10T10:41:30","guid":{"rendered":"https:\/\/radiounodigital.com\/web\/?p=5054"},"modified":"2020-12-10T07:41:30","modified_gmt":"2020-12-10T10:41:30","slug":"corey-taylor-lanza-el-video-de-everybody-dies-on-my-birthday","status":"publish","type":"post","link":"https:\/\/radiounodigital.com\/web\/2020\/12\/10\/corey-taylor-lanza-el-video-de-everybody-dies-on-my-birthday\/","title":{"rendered":"Corey Taylor lanza el video de Everybody Dies On My Birthday"},"content":{"rendered":"<h3>El cumplea\u00f1ero Corey Taylor lanza el caf\u00e9 CMFT Private Blend y un nuevo lyric video.<\/h3>\n<p>Para celebrar su 47 cumplea\u00f1os, Corey Taylor ha lanzado una nueva colaboraci\u00f3n de caf\u00e9 de edici\u00f3n limitada: CMFT Private Blend.<\/p>\n<p>El l\u00edder de Slipknot colabor\u00f3 \u200b\u200bcon Menotti&#8217;s Coffee en Venice, California en esta mezcla \u00fanica \u00abpara amigos que aman el sabor tostado oscuro\u00bb.<\/p>\n<p>El comunicado de prensa de este evento hist\u00f3rico e innovador tambi\u00e9n menciona \u00abun toque de emoci\u00f3n que se asoma a la vuelta de la esquina listo para montar un arco\u00edris en la oscuridad\u00bb, lo cual es una absoluta tonter\u00eda, francamente, pero cualquiera que busque una dosis de caf\u00e9 CMFT puede pedir una bolsa de 12 oz ahora. de la tienda web del cantante.<\/p>\n<p>\u00abQuer\u00edamos crear algo que te diera la misma sensaci\u00f3n c\u00f3moda y acogedora que obtienes de una muy buena taza de caf\u00e9 para cenar despu\u00e9s de haber viajado en la HWY 666\u00bb, dice Taylor. Y qui\u00e9nes somos nosotros para dudar de \u00e9l.<\/p>\n<h4>Como si esto no fuera lo suficientemente emocionante, el cumplea\u00f1ero est\u00e1 celebrando otro a\u00f1o en la superficie con el lanzamiento de un nuevo video animado con letras para el ir\u00f3nico Everybody Dies On My Birthday.<\/h4>\n<p>Hablando con Metal Hammer a principios de este a\u00f1o, Taylor explic\u00f3 el significado de la canci\u00f3n diciendo: \u00abTodos nacemos y todos morimos. Son esas dos cosas que todos tenemos en com\u00fan; es todo lo que hay en el medio lo que se puede cambiar \u00ab.<\/p>\n<p>Everybody Dies On My Birthday aparece en el aclamado \u00e1lbum debut en solitario de Taylor, CMFT.<\/p>\n<p><iframe loading=\"lazy\" title=\"Corey Taylor - Everybody Dies On My Birthday [OFFICIAL LYRIC VIDEO]\" width=\"960\" height=\"540\" src=\"https:\/\/www.youtube.com\/embed\/SbIKWawcQ4I?feature=oembed\" frameborder=\"0\" allow=\"accelerometer; autoplay; clipboard-write; encrypted-media; gyroscope; picture-in-picture\" allowfullscreen><\/iframe><\/p>\n<p>En declaraciones a Good Company With Bowling, el cantante dijo que la banda estaba considerando lanzar un nuevo \u00e1lbum en 2021.<\/p>\n<p>Dijo Corey: \u00abEl plan en este momento con Slipknot es intentar a, terminar la gira el pr\u00f3ximo a\u00f1o, yb, estamos pensando en sacar otro \u00e1lbum tal vez el pr\u00f3ximo a\u00f1o.<\/p>\n<p>\u00abPero no lo s\u00e9. Todav\u00eda no s\u00e9 cu\u00e1l es el plan. Solo s\u00e9 que todos sentimos que hay asuntos pendientes y queremos terminarlos antes de hacer nada. Pero s\u00e9 que est\u00e1bamos hablando de hacerlo, porque solo nos queda un \u00e1lbum en nuestro contrato [con el sello Roadrunner] \u00ab.<\/p>\n<p>No est\u00e1 claro si Taylor se refer\u00eda a un nuevo \u00e1lbum o Look Outside Your Window. El \u00e1lbum in\u00e9dito fue grabado durante las sesiones de All Hope Is Gone de 2008.<\/p>\n<div class=\"fb-background-color\">\n\t\t\t  <div \n\t\t\t  \tclass = \"fb-comments\" \n\t\t\t  \tdata-href = \"https:\/\/radiounodigital.com\/web\/2020\/12\/10\/corey-taylor-lanza-el-video-de-everybody-dies-on-my-birthday\/\"\n\t\t\t  \tdata-numposts = \"10\"\n\t\t\t  \tdata-lazy = \"true\"\n\t\t\t\tdata-colorscheme = \"dark\"\n\t\t\t\tdata-order-by = \"reverse_time\"\n\t\t\t\tdata-mobile=true>\n\t\t\t  <\/div><\/div>\n\t\t  <style>\n\t\t    .fb-background-color {\n\t\t\t\tbackground: #ffffff !important;\n\t\t\t}\n\t\t\t.fb_iframe_widget_fluid_desktop iframe {\n\t\t\t    width: 100% !important;\n\t\t\t}\n\t\t  <\/style>\n\t\t  ","protected":false},"excerpt":{"rendered":"<p>El cumplea\u00f1ero Corey Taylor lanza el caf\u00e9 CMFT Private Blend y un nuevo lyric video. Para celebrar su 47 cumplea\u00f1os, Corey Taylor ha lanzado una nueva colaboraci\u00f3n de caf\u00e9 de edici\u00f3n limitada: CMFT Private Blend. El l\u00edder de Slipknot colabor\u00f3 \u200b\u200bcon Menotti&#8217;s Coffee en Venice, California en esta mezcla \u00fanica \u00abpara amigos que aman el&#8230; <a href=\"https:\/\/radiounodigital.com\/web\/2020\/12\/10\/corey-taylor-lanza-el-video-de-everybody-dies-on-my-birthday\/\" class=\"excerpt-read-more\">Read More<\/a><\/p>\n","protected":false},"author":1,"featured_media":5056,"comment_status":"open","ping_status":"open","sticky":false,"template":"","format":"standard","meta":{"footnotes":""},"categories":[1097,180,1359],"tags":[1224,1449,1448,132,24],"class_list":["post-5054","post","type-post","status-publish","format-standard","has-post-thumbnail","hentry","category-lo-nuevo","category-news","category-videos","tag-corey-taylor","tag-everybody-dies-on-my-birthday","tag-lyric","tag-nuevo","tag-video"],"yoast_head":"<!-- This site is optimized with the Yoast SEO plugin v27.5 - https:\/\/yoast.com\/product\/yoast-seo-wordpress\/ -->\n<title>Corey Taylor lanza el video de Everybody Dies On My Birthday - Radio UNO Digital<\/title>\n<meta name=\"description\" content=\"El cumplea\u00f1ero Corey Taylor lanza el caf\u00e9 CMFT Private Blend y un nuevo lyric video. Miralo ahora en Radio UNO Digital\" \/>\n<meta name=\"robots\" content=\"index, follow, max-snippet:-1, max-image-preview:large, max-video-preview:-1\" \/>\n<link rel=\"canonical\" href=\"https:\/\/radiounodigital.com\/web\/2020\/12\/10\/corey-taylor-lanza-el-video-de-everybody-dies-on-my-birthday\/\" \/>\n<meta property=\"og:locale\" content=\"es_ES\" \/>\n<meta property=\"og:type\" content=\"article\" \/>\n<meta property=\"og:title\" content=\"Corey Taylor lanza el video de Everybody Dies On My Birthday - Radio UNO Digital\" \/>\n<meta property=\"og:description\" content=\"El cumplea\u00f1ero Corey Taylor lanza el caf\u00e9 CMFT Private Blend y un nuevo lyric video. Miralo ahora en Radio UNO Digital\" \/>\n<meta property=\"og:url\" content=\"https:\/\/radiounodigital.com\/web\/2020\/12\/10\/corey-taylor-lanza-el-video-de-everybody-dies-on-my-birthday\/\" \/>\n<meta property=\"og:site_name\" content=\"Radio UNO Digital\" \/>\n<meta property=\"article:published_time\" content=\"2020-12-10T10:41:30+00:00\" \/>\n<meta property=\"og:image\" content=\"https:\/\/radiounodigital.com\/web\/wp-content\/uploads\/2020\/12\/corey-taylor.jpg\" \/>\n\t<meta property=\"og:image:width\" content=\"650\" \/>\n\t<meta property=\"og:image:height\" content=\"366\" \/>\n\t<meta property=\"og:image:type\" content=\"image\/jpeg\" \/>\n<meta name=\"author\" content=\"diegoc\" \/>\n<meta name=\"twitter:card\" content=\"summary_large_image\" \/>\n<meta name=\"twitter:label1\" content=\"Escrito por\" \/>\n\t<meta name=\"twitter:data1\" content=\"diegoc\" \/>\n\t<meta name=\"twitter:label2\" content=\"Tiempo de lectura\" \/>\n\t<meta name=\"twitter:data2\" content=\"2 minutos\" \/>\n<script type=\"application\/ld+json\" class=\"yoast-schema-graph\">{\"@context\":\"https:\\\/\\\/schema.org\",\"@graph\":[{\"@type\":\"Article\",\"@id\":\"https:\\\/\\\/radiounodigital.com\\\/web\\\/2020\\\/12\\\/10\\\/corey-taylor-lanza-el-video-de-everybody-dies-on-my-birthday\\\/#article\",\"isPartOf\":{\"@id\":\"https:\\\/\\\/radiounodigital.com\\\/web\\\/2020\\\/12\\\/10\\\/corey-taylor-lanza-el-video-de-everybody-dies-on-my-birthday\\\/\"},\"author\":{\"name\":\"diegoc\",\"@id\":\"https:\\\/\\\/radiounodigital.com\\\/web\\\/#\\\/schema\\\/person\\\/00b93151fa54f619ecf9c183d1fc9758\"},\"headline\":\"Corey Taylor lanza el video de Everybody Dies On My Birthday\",\"datePublished\":\"2020-12-10T10:41:30+00:00\",\"mainEntityOfPage\":{\"@id\":\"https:\\\/\\\/radiounodigital.com\\\/web\\\/2020\\\/12\\\/10\\\/corey-taylor-lanza-el-video-de-everybody-dies-on-my-birthday\\\/\"},\"wordCount\":428,\"commentCount\":0,\"image\":{\"@id\":\"https:\\\/\\\/radiounodigital.com\\\/web\\\/2020\\\/12\\\/10\\\/corey-taylor-lanza-el-video-de-everybody-dies-on-my-birthday\\\/#primaryimage\"},\"thumbnailUrl\":\"https:\\\/\\\/radiounodigital.com\\\/web\\\/wp-content\\\/uploads\\\/2020\\\/12\\\/corey-taylor.jpg\",\"keywords\":[\"Corey Taylor\",\"Everybody Dies On My Birthday\",\"lyric\",\"nuevo\",\"Video\"],\"articleSection\":[\"lo nuevo\",\"news\",\"videos\"],\"inLanguage\":\"es\",\"potentialAction\":[{\"@type\":\"CommentAction\",\"name\":\"Comment\",\"target\":[\"https:\\\/\\\/radiounodigital.com\\\/web\\\/2020\\\/12\\\/10\\\/corey-taylor-lanza-el-video-de-everybody-dies-on-my-birthday\\\/#respond\"]}]},{\"@type\":\"WebPage\",\"@id\":\"https:\\\/\\\/radiounodigital.com\\\/web\\\/2020\\\/12\\\/10\\\/corey-taylor-lanza-el-video-de-everybody-dies-on-my-birthday\\\/\",\"url\":\"https:\\\/\\\/radiounodigital.com\\\/web\\\/2020\\\/12\\\/10\\\/corey-taylor-lanza-el-video-de-everybody-dies-on-my-birthday\\\/\",\"name\":\"Corey Taylor lanza el video de Everybody Dies On My Birthday - Radio UNO Digital\",\"isPartOf\":{\"@id\":\"https:\\\/\\\/radiounodigital.com\\\/web\\\/#website\"},\"primaryImageOfPage\":{\"@id\":\"https:\\\/\\\/radiounodigital.com\\\/web\\\/2020\\\/12\\\/10\\\/corey-taylor-lanza-el-video-de-everybody-dies-on-my-birthday\\\/#primaryimage\"},\"image\":{\"@id\":\"https:\\\/\\\/radiounodigital.com\\\/web\\\/2020\\\/12\\\/10\\\/corey-taylor-lanza-el-video-de-everybody-dies-on-my-birthday\\\/#primaryimage\"},\"thumbnailUrl\":\"https:\\\/\\\/radiounodigital.com\\\/web\\\/wp-content\\\/uploads\\\/2020\\\/12\\\/corey-taylor.jpg\",\"datePublished\":\"2020-12-10T10:41:30+00:00\",\"author\":{\"@id\":\"https:\\\/\\\/radiounodigital.com\\\/web\\\/#\\\/schema\\\/person\\\/00b93151fa54f619ecf9c183d1fc9758\"},\"description\":\"El cumplea\u00f1ero Corey Taylor lanza el caf\u00e9 CMFT Private Blend y un nuevo lyric video. Miralo ahora en Radio UNO Digital\",\"breadcrumb\":{\"@id\":\"https:\\\/\\\/radiounodigital.com\\\/web\\\/2020\\\/12\\\/10\\\/corey-taylor-lanza-el-video-de-everybody-dies-on-my-birthday\\\/#breadcrumb\"},\"inLanguage\":\"es\",\"potentialAction\":[{\"@type\":\"ReadAction\",\"target\":[\"https:\\\/\\\/radiounodigital.com\\\/web\\\/2020\\\/12\\\/10\\\/corey-taylor-lanza-el-video-de-everybody-dies-on-my-birthday\\\/\"]}]},{\"@type\":\"ImageObject\",\"inLanguage\":\"es\",\"@id\":\"https:\\\/\\\/radiounodigital.com\\\/web\\\/2020\\\/12\\\/10\\\/corey-taylor-lanza-el-video-de-everybody-dies-on-my-birthday\\\/#primaryimage\",\"url\":\"https:\\\/\\\/radiounodigital.com\\\/web\\\/wp-content\\\/uploads\\\/2020\\\/12\\\/corey-taylor.jpg\",\"contentUrl\":\"https:\\\/\\\/radiounodigital.com\\\/web\\\/wp-content\\\/uploads\\\/2020\\\/12\\\/corey-taylor.jpg\",\"width\":650,\"height\":366},{\"@type\":\"BreadcrumbList\",\"@id\":\"https:\\\/\\\/radiounodigital.com\\\/web\\\/2020\\\/12\\\/10\\\/corey-taylor-lanza-el-video-de-everybody-dies-on-my-birthday\\\/#breadcrumb\",\"itemListElement\":[{\"@type\":\"ListItem\",\"position\":1,\"name\":\"Home\",\"item\":\"https:\\\/\\\/radiounodigital.com\\\/web\\\/\"},{\"@type\":\"ListItem\",\"position\":2,\"name\":\"Corey Taylor lanza el video de Everybody Dies On My Birthday\"}]},{\"@type\":\"WebSite\",\"@id\":\"https:\\\/\\\/radiounodigital.com\\\/web\\\/#website\",\"url\":\"https:\\\/\\\/radiounodigital.com\\\/web\\\/\",\"name\":\"Radio UNO Digital\",\"description\":\"Donde la cultura del rock se siente\",\"potentialAction\":[{\"@type\":\"SearchAction\",\"target\":{\"@type\":\"EntryPoint\",\"urlTemplate\":\"https:\\\/\\\/radiounodigital.com\\\/web\\\/?s={search_term_string}\"},\"query-input\":{\"@type\":\"PropertyValueSpecification\",\"valueRequired\":true,\"valueName\":\"search_term_string\"}}],\"inLanguage\":\"es\"},{\"@type\":\"Person\",\"@id\":\"https:\\\/\\\/radiounodigital.com\\\/web\\\/#\\\/schema\\\/person\\\/00b93151fa54f619ecf9c183d1fc9758\",\"name\":\"diegoc\",\"image\":{\"@type\":\"ImageObject\",\"inLanguage\":\"es\",\"@id\":\"https:\\\/\\\/secure.gravatar.com\\\/avatar\\\/0a67041d44c702fb0660d81a5a32c7ce6007341cf92afeb718b75883bf415864?s=96&d=blank&r=g\",\"url\":\"https:\\\/\\\/secure.gravatar.com\\\/avatar\\\/0a67041d44c702fb0660d81a5a32c7ce6007341cf92afeb718b75883bf415864?s=96&d=blank&r=g\",\"contentUrl\":\"https:\\\/\\\/secure.gravatar.com\\\/avatar\\\/0a67041d44c702fb0660d81a5a32c7ce6007341cf92afeb718b75883bf415864?s=96&d=blank&r=g\",\"caption\":\"diegoc\"},\"url\":\"https:\\\/\\\/radiounodigital.com\\\/web\\\/author\\\/diegoc\\\/\"}]}<\/script>\n<!-- \/ Yoast SEO plugin. -->","yoast_head_json":{"title":"Corey Taylor lanza el video de Everybody Dies On My Birthday - Radio UNO Digital","description":"El cumplea\u00f1ero Corey Taylor lanza el caf\u00e9 CMFT Private Blend y un nuevo lyric video. Miralo ahora en Radio UNO Digital","robots":{"index":"index","follow":"follow","max-snippet":"max-snippet:-1","max-image-preview":"max-image-preview:large","max-video-preview":"max-video-preview:-1"},"canonical":"https:\/\/radiounodigital.com\/web\/2020\/12\/10\/corey-taylor-lanza-el-video-de-everybody-dies-on-my-birthday\/","og_locale":"es_ES","og_type":"article","og_title":"Corey Taylor lanza el video de Everybody Dies On My Birthday - Radio UNO Digital","og_description":"El cumplea\u00f1ero Corey Taylor lanza el caf\u00e9 CMFT Private Blend y un nuevo lyric video. Miralo ahora en Radio UNO Digital","og_url":"https:\/\/radiounodigital.com\/web\/2020\/12\/10\/corey-taylor-lanza-el-video-de-everybody-dies-on-my-birthday\/","og_site_name":"Radio UNO Digital","article_published_time":"2020-12-10T10:41:30+00:00","og_image":[{"width":650,"height":366,"url":"https:\/\/radiounodigital.com\/web\/wp-content\/uploads\/2020\/12\/corey-taylor.jpg","type":"image\/jpeg"}],"author":"diegoc","twitter_card":"summary_large_image","twitter_misc":{"Escrito por":"diegoc","Tiempo de lectura":"2 minutos"},"schema":{"@context":"https:\/\/schema.org","@graph":[{"@type":"Article","@id":"https:\/\/radiounodigital.com\/web\/2020\/12\/10\/corey-taylor-lanza-el-video-de-everybody-dies-on-my-birthday\/#article","isPartOf":{"@id":"https:\/\/radiounodigital.com\/web\/2020\/12\/10\/corey-taylor-lanza-el-video-de-everybody-dies-on-my-birthday\/"},"author":{"name":"diegoc","@id":"https:\/\/radiounodigital.com\/web\/#\/schema\/person\/00b93151fa54f619ecf9c183d1fc9758"},"headline":"Corey Taylor lanza el video de Everybody Dies On My Birthday","datePublished":"2020-12-10T10:41:30+00:00","mainEntityOfPage":{"@id":"https:\/\/radiounodigital.com\/web\/2020\/12\/10\/corey-taylor-lanza-el-video-de-everybody-dies-on-my-birthday\/"},"wordCount":428,"commentCount":0,"image":{"@id":"https:\/\/radiounodigital.com\/web\/2020\/12\/10\/corey-taylor-lanza-el-video-de-everybody-dies-on-my-birthday\/#primaryimage"},"thumbnailUrl":"https:\/\/radiounodigital.com\/web\/wp-content\/uploads\/2020\/12\/corey-taylor.jpg","keywords":["Corey Taylor","Everybody Dies On My Birthday","lyric","nuevo","Video"],"articleSection":["lo nuevo","news","videos"],"inLanguage":"es","potentialAction":[{"@type":"CommentAction","name":"Comment","target":["https:\/\/radiounodigital.com\/web\/2020\/12\/10\/corey-taylor-lanza-el-video-de-everybody-dies-on-my-birthday\/#respond"]}]},{"@type":"WebPage","@id":"https:\/\/radiounodigital.com\/web\/2020\/12\/10\/corey-taylor-lanza-el-video-de-everybody-dies-on-my-birthday\/","url":"https:\/\/radiounodigital.com\/web\/2020\/12\/10\/corey-taylor-lanza-el-video-de-everybody-dies-on-my-birthday\/","name":"Corey Taylor lanza el video de Everybody Dies On My Birthday - Radio UNO Digital","isPartOf":{"@id":"https:\/\/radiounodigital.com\/web\/#website"},"primaryImageOfPage":{"@id":"https:\/\/radiounodigital.com\/web\/2020\/12\/10\/corey-taylor-lanza-el-video-de-everybody-dies-on-my-birthday\/#primaryimage"},"image":{"@id":"https:\/\/radiounodigital.com\/web\/2020\/12\/10\/corey-taylor-lanza-el-video-de-everybody-dies-on-my-birthday\/#primaryimage"},"thumbnailUrl":"https:\/\/radiounodigital.com\/web\/wp-content\/uploads\/2020\/12\/corey-taylor.jpg","datePublished":"2020-12-10T10:41:30+00:00","author":{"@id":"https:\/\/radiounodigital.com\/web\/#\/schema\/person\/00b93151fa54f619ecf9c183d1fc9758"},"description":"El cumplea\u00f1ero Corey Taylor lanza el caf\u00e9 CMFT Private Blend y un nuevo lyric video. Miralo ahora en Radio UNO Digital","breadcrumb":{"@id":"https:\/\/radiounodigital.com\/web\/2020\/12\/10\/corey-taylor-lanza-el-video-de-everybody-dies-on-my-birthday\/#breadcrumb"},"inLanguage":"es","potentialAction":[{"@type":"ReadAction","target":["https:\/\/radiounodigital.com\/web\/2020\/12\/10\/corey-taylor-lanza-el-video-de-everybody-dies-on-my-birthday\/"]}]},{"@type":"ImageObject","inLanguage":"es","@id":"https:\/\/radiounodigital.com\/web\/2020\/12\/10\/corey-taylor-lanza-el-video-de-everybody-dies-on-my-birthday\/#primaryimage","url":"https:\/\/radiounodigital.com\/web\/wp-content\/uploads\/2020\/12\/corey-taylor.jpg","contentUrl":"https:\/\/radiounodigital.com\/web\/wp-content\/uploads\/2020\/12\/corey-taylor.jpg","width":650,"height":366},{"@type":"BreadcrumbList","@id":"https:\/\/radiounodigital.com\/web\/2020\/12\/10\/corey-taylor-lanza-el-video-de-everybody-dies-on-my-birthday\/#breadcrumb","itemListElement":[{"@type":"ListItem","position":1,"name":"Home","item":"https:\/\/radiounodigital.com\/web\/"},{"@type":"ListItem","position":2,"name":"Corey Taylor lanza el video de Everybody Dies On My Birthday"}]},{"@type":"WebSite","@id":"https:\/\/radiounodigital.com\/web\/#website","url":"https:\/\/radiounodigital.com\/web\/","name":"Radio UNO Digital","description":"Donde la cultura del rock se siente","potentialAction":[{"@type":"SearchAction","target":{"@type":"EntryPoint","urlTemplate":"https:\/\/radiounodigital.com\/web\/?s={search_term_string}"},"query-input":{"@type":"PropertyValueSpecification","valueRequired":true,"valueName":"search_term_string"}}],"inLanguage":"es"},{"@type":"Person","@id":"https:\/\/radiounodigital.com\/web\/#\/schema\/person\/00b93151fa54f619ecf9c183d1fc9758","name":"diegoc","image":{"@type":"ImageObject","inLanguage":"es","@id":"https:\/\/secure.gravatar.com\/avatar\/0a67041d44c702fb0660d81a5a32c7ce6007341cf92afeb718b75883bf415864?s=96&d=blank&r=g","url":"https:\/\/secure.gravatar.com\/avatar\/0a67041d44c702fb0660d81a5a32c7ce6007341cf92afeb718b75883bf415864?s=96&d=blank&r=g","contentUrl":"https:\/\/secure.gravatar.com\/avatar\/0a67041d44c702fb0660d81a5a32c7ce6007341cf92afeb718b75883bf415864?s=96&d=blank&r=g","caption":"diegoc"},"url":"https:\/\/radiounodigital.com\/web\/author\/diegoc\/"}]}},"_links":{"self":[{"href":"https:\/\/radiounodigital.com\/web\/wp-json\/wp\/v2\/posts\/5054","targetHints":{"allow":["GET"]}}],"collection":[{"href":"https:\/\/radiounodigital.com\/web\/wp-json\/wp\/v2\/posts"}],"about":[{"href":"https:\/\/radiounodigital.com\/web\/wp-json\/wp\/v2\/types\/post"}],"author":[{"embeddable":true,"href":"https:\/\/radiounodigital.com\/web\/wp-json\/wp\/v2\/users\/1"}],"replies":[{"embeddable":true,"href":"https:\/\/radiounodigital.com\/web\/wp-json\/wp\/v2\/comments?post=5054"}],"version-history":[{"count":1,"href":"https:\/\/radiounodigital.com\/web\/wp-json\/wp\/v2\/posts\/5054\/revisions"}],"predecessor-version":[{"id":5057,"href":"https:\/\/radiounodigital.com\/web\/wp-json\/wp\/v2\/posts\/5054\/revisions\/5057"}],"wp:featuredmedia":[{"embeddable":true,"href":"https:\/\/radiounodigital.com\/web\/wp-json\/wp\/v2\/media\/5056"}],"wp:attachment":[{"href":"https:\/\/radiounodigital.com\/web\/wp-json\/wp\/v2\/media?parent=5054"}],"wp:term":[{"taxonomy":"category","embeddable":true,"href":"https:\/\/radiounodigital.com\/web\/wp-json\/wp\/v2\/categories?post=5054"},{"taxonomy":"post_tag","embeddable":true,"href":"https:\/\/radiounodigital.com\/web\/wp-json\/wp\/v2\/tags?post=5054"}],"curies":[{"name":"wp","href":"https:\/\/api.w.org\/{rel}","templated":true}]}}