{"id":5063,"date":"2020-12-11T18:51:25","date_gmt":"2020-12-11T21:51:25","guid":{"rendered":"https:\/\/radiounodigital.com\/web\/?p=5063"},"modified":"2020-12-11T19:56:03","modified_gmt":"2020-12-11T22:56:03","slug":"greta-van-fleet-lanza-el-enigmatico-video-de-age-of-machine","status":"publish","type":"post","link":"https:\/\/radiounodigital.com\/web\/2020\/12\/11\/greta-van-fleet-lanza-el-enigmatico-video-de-age-of-machine\/","title":{"rendered":"Greta Van Fleet lanza el enigm\u00e1tico video de Age Of Machine"},"content":{"rendered":"<h3>El video de Age Of Machine de Greta Van Fleet hace algunas preguntas importantes, pero est\u00e1 menos interesado en dar respuestas.<\/h3>\n<p>Greta Van Fleet lanz\u00f3 un video para su single Age Of Machine, que fue lanzado la semana pasada.<\/p>\n<p>El video presenta el examen y la eventual destrucci\u00f3n de una estatua griega, muchas im\u00e1genes de archivo de m\u00e1quinas en funcionamiento. Mientras la banda recibiendo gotas para los ojos antes de conducir motocicletas por un t\u00fanel. Pero no espere un desglose escena por escena de esta desconcertante secuencia de eventos.<\/p>\n<p>En un comunicado, Greta Van Fleet dice: \u00abEl video crea un nuevo universo lleno de simbolismo y abierto a la interpretaci\u00f3n, con susurros de reflexiones sobre el modernismo. Es una respuesta, una peque\u00f1a obra de arte en una conversaci\u00f3n muy grande: cuatro hermanos y amigos que pasan muy poco tiempo en l\u00ednea, llenos de preguntas. \u00bfA d\u00f3nde nos lleva la tecnolog\u00eda, qu\u00e9 significa todo y qu\u00e9 estamos negociando a cambio?<\/p>\n<p>\u00abEl video aborda la belleza que se desmorona a nuestro alrededor, pero deja el significado final para el espectador, ya sea que la narrativa se centre en el clima, el industrialismo, la intimidad, la confianza en uno mismo, la tradici\u00f3n, la humanidad en s\u00ed misma o de otra manera. El \u00fanico concepto claro en el video es que la banda elige la vida \u00ab.<\/p>\n<p>El video fue codirigido por Greta Van Fleet y Matthew Daniel Siskin, quienes previamente trabajaron con la banda en su sencillo My Way, Soon, as\u00ed como en clips de Sharon Von Etten, Father John Misty, Cold War Kids y su propia banda. Apuestas.<\/p>\n<p>Age Of Machine proviene del segundo \u00e1lbum de Greta Van Fleet, The Battle At Garden&#8217;s Gate. Se lanzar\u00e1 el 16 de abril del pr\u00f3ximo a\u00f1o y est\u00e1 disponible para reservar ahora.<\/p>\n<p><iframe loading=\"lazy\" title=\"Greta Van Fleet - Age of Machine (Official Video)\" width=\"960\" height=\"540\" src=\"https:\/\/www.youtube.com\/embed\/sAGNTWmVOAo?feature=oembed\" frameborder=\"0\" allow=\"accelerometer; autoplay; clipboard-write; encrypted-media; gyroscope; picture-in-picture\" allowfullscreen><\/iframe><\/p>\n<div class=\"fb-background-color\">\n\t\t\t  <div \n\t\t\t  \tclass = \"fb-comments\" \n\t\t\t  \tdata-href = \"https:\/\/radiounodigital.com\/web\/2020\/12\/11\/greta-van-fleet-lanza-el-enigmatico-video-de-age-of-machine\/\"\n\t\t\t  \tdata-numposts = \"10\"\n\t\t\t  \tdata-lazy = \"true\"\n\t\t\t\tdata-colorscheme = \"dark\"\n\t\t\t\tdata-order-by = \"reverse_time\"\n\t\t\t\tdata-mobile=true>\n\t\t\t  <\/div><\/div>\n\t\t  <style>\n\t\t    .fb-background-color {\n\t\t\t\tbackground: #ffffff !important;\n\t\t\t}\n\t\t\t.fb_iframe_widget_fluid_desktop iframe {\n\t\t\t    width: 100% !important;\n\t\t\t}\n\t\t  <\/style>\n\t\t  ","protected":false},"excerpt":{"rendered":"<p>El video de Age Of Machine de Greta Van Fleet hace algunas preguntas importantes, pero est\u00e1 menos interesado en dar respuestas. Greta Van Fleet lanz\u00f3 un video para su single Age Of Machine, que fue lanzado la semana pasada. El video presenta el examen y la eventual destrucci\u00f3n de una estatua griega, muchas im\u00e1genes de&#8230; <a href=\"https:\/\/radiounodigital.com\/web\/2020\/12\/11\/greta-van-fleet-lanza-el-enigmatico-video-de-age-of-machine\/\" class=\"excerpt-read-more\">Read More<\/a><\/p>\n","protected":false},"author":1,"featured_media":5010,"comment_status":"open","ping_status":"open","sticky":false,"template":"","format":"standard","meta":{"footnotes":""},"categories":[1097,180,1359],"tags":[1436,873,132,24],"class_list":["post-5063","post","type-post","status-publish","format-standard","has-post-thumbnail","hentry","category-lo-nuevo","category-news","category-videos","tag-age-of-machine","tag-greta-van-fleet","tag-nuevo","tag-video"],"yoast_head":"<!-- This site is optimized with the Yoast SEO plugin v27.4 - https:\/\/yoast.com\/product\/yoast-seo-wordpress\/ -->\n<title>Greta Van Fleet lanza el enigm\u00e1tico video de Age Of Machine - Radio UNO Digital<\/title>\n<meta name=\"description\" content=\"El video de Age Of Machine de Greta Van Fleet hace algunas preguntas importantes, pero est\u00e1 menos interesado en dar respuestas.\" \/>\n<meta name=\"robots\" content=\"index, follow, max-snippet:-1, max-image-preview:large, max-video-preview:-1\" \/>\n<link rel=\"canonical\" href=\"https:\/\/radiounodigital.com\/web\/2020\/12\/11\/greta-van-fleet-lanza-el-enigmatico-video-de-age-of-machine\/\" \/>\n<meta property=\"og:locale\" content=\"es_ES\" \/>\n<meta property=\"og:type\" content=\"article\" \/>\n<meta property=\"og:title\" content=\"Greta Van Fleet lanza el enigm\u00e1tico video de Age Of Machine - Radio UNO Digital\" \/>\n<meta property=\"og:description\" content=\"El video de Age Of Machine de Greta Van Fleet hace algunas preguntas importantes, pero est\u00e1 menos interesado en dar respuestas.\" \/>\n<meta property=\"og:url\" content=\"https:\/\/radiounodigital.com\/web\/2020\/12\/11\/greta-van-fleet-lanza-el-enigmatico-video-de-age-of-machine\/\" \/>\n<meta property=\"og:site_name\" content=\"Radio UNO Digital\" \/>\n<meta property=\"article:published_time\" content=\"2020-12-11T21:51:25+00:00\" \/>\n<meta property=\"article:modified_time\" content=\"2020-12-11T22:56:03+00:00\" \/>\n<meta property=\"og:image\" content=\"https:\/\/radiounodigital.com\/web\/wp-content\/uploads\/2020\/12\/greeta-van-fleet.jpg\" \/>\n\t<meta property=\"og:image:width\" content=\"970\" \/>\n\t<meta property=\"og:image:height\" content=\"546\" \/>\n\t<meta property=\"og:image:type\" content=\"image\/jpeg\" \/>\n<meta name=\"author\" content=\"diegoc\" \/>\n<meta name=\"twitter:card\" content=\"summary_large_image\" \/>\n<meta name=\"twitter:label1\" content=\"Escrito por\" \/>\n\t<meta name=\"twitter:data1\" content=\"diegoc\" \/>\n\t<meta name=\"twitter:label2\" content=\"Tiempo de lectura\" \/>\n\t<meta name=\"twitter:data2\" content=\"2 minutos\" \/>\n<script type=\"application\/ld+json\" class=\"yoast-schema-graph\">{\"@context\":\"https:\\\/\\\/schema.org\",\"@graph\":[{\"@type\":\"Article\",\"@id\":\"https:\\\/\\\/radiounodigital.com\\\/web\\\/2020\\\/12\\\/11\\\/greta-van-fleet-lanza-el-enigmatico-video-de-age-of-machine\\\/#article\",\"isPartOf\":{\"@id\":\"https:\\\/\\\/radiounodigital.com\\\/web\\\/2020\\\/12\\\/11\\\/greta-van-fleet-lanza-el-enigmatico-video-de-age-of-machine\\\/\"},\"author\":{\"name\":\"diegoc\",\"@id\":\"https:\\\/\\\/radiounodigital.com\\\/web\\\/#\\\/schema\\\/person\\\/00b93151fa54f619ecf9c183d1fc9758\"},\"headline\":\"Greta Van Fleet lanza el enigm\u00e1tico video de Age Of Machine\",\"datePublished\":\"2020-12-11T21:51:25+00:00\",\"dateModified\":\"2020-12-11T22:56:03+00:00\",\"mainEntityOfPage\":{\"@id\":\"https:\\\/\\\/radiounodigital.com\\\/web\\\/2020\\\/12\\\/11\\\/greta-van-fleet-lanza-el-enigmatico-video-de-age-of-machine\\\/\"},\"wordCount\":325,\"commentCount\":0,\"image\":{\"@id\":\"https:\\\/\\\/radiounodigital.com\\\/web\\\/2020\\\/12\\\/11\\\/greta-van-fleet-lanza-el-enigmatico-video-de-age-of-machine\\\/#primaryimage\"},\"thumbnailUrl\":\"https:\\\/\\\/radiounodigital.com\\\/web\\\/wp-content\\\/uploads\\\/2020\\\/12\\\/greeta-van-fleet.jpg\",\"keywords\":[\"Age Of Machine\",\"greta van fleet\",\"nuevo\",\"Video\"],\"articleSection\":[\"lo nuevo\",\"news\",\"videos\"],\"inLanguage\":\"es\",\"potentialAction\":[{\"@type\":\"CommentAction\",\"name\":\"Comment\",\"target\":[\"https:\\\/\\\/radiounodigital.com\\\/web\\\/2020\\\/12\\\/11\\\/greta-van-fleet-lanza-el-enigmatico-video-de-age-of-machine\\\/#respond\"]}]},{\"@type\":\"WebPage\",\"@id\":\"https:\\\/\\\/radiounodigital.com\\\/web\\\/2020\\\/12\\\/11\\\/greta-van-fleet-lanza-el-enigmatico-video-de-age-of-machine\\\/\",\"url\":\"https:\\\/\\\/radiounodigital.com\\\/web\\\/2020\\\/12\\\/11\\\/greta-van-fleet-lanza-el-enigmatico-video-de-age-of-machine\\\/\",\"name\":\"Greta Van Fleet lanza el enigm\u00e1tico video de Age Of Machine - Radio UNO Digital\",\"isPartOf\":{\"@id\":\"https:\\\/\\\/radiounodigital.com\\\/web\\\/#website\"},\"primaryImageOfPage\":{\"@id\":\"https:\\\/\\\/radiounodigital.com\\\/web\\\/2020\\\/12\\\/11\\\/greta-van-fleet-lanza-el-enigmatico-video-de-age-of-machine\\\/#primaryimage\"},\"image\":{\"@id\":\"https:\\\/\\\/radiounodigital.com\\\/web\\\/2020\\\/12\\\/11\\\/greta-van-fleet-lanza-el-enigmatico-video-de-age-of-machine\\\/#primaryimage\"},\"thumbnailUrl\":\"https:\\\/\\\/radiounodigital.com\\\/web\\\/wp-content\\\/uploads\\\/2020\\\/12\\\/greeta-van-fleet.jpg\",\"datePublished\":\"2020-12-11T21:51:25+00:00\",\"dateModified\":\"2020-12-11T22:56:03+00:00\",\"author\":{\"@id\":\"https:\\\/\\\/radiounodigital.com\\\/web\\\/#\\\/schema\\\/person\\\/00b93151fa54f619ecf9c183d1fc9758\"},\"description\":\"El video de Age Of Machine de Greta Van Fleet hace algunas preguntas importantes, pero est\u00e1 menos interesado en dar respuestas.\",\"breadcrumb\":{\"@id\":\"https:\\\/\\\/radiounodigital.com\\\/web\\\/2020\\\/12\\\/11\\\/greta-van-fleet-lanza-el-enigmatico-video-de-age-of-machine\\\/#breadcrumb\"},\"inLanguage\":\"es\",\"potentialAction\":[{\"@type\":\"ReadAction\",\"target\":[\"https:\\\/\\\/radiounodigital.com\\\/web\\\/2020\\\/12\\\/11\\\/greta-van-fleet-lanza-el-enigmatico-video-de-age-of-machine\\\/\"]}]},{\"@type\":\"ImageObject\",\"inLanguage\":\"es\",\"@id\":\"https:\\\/\\\/radiounodigital.com\\\/web\\\/2020\\\/12\\\/11\\\/greta-van-fleet-lanza-el-enigmatico-video-de-age-of-machine\\\/#primaryimage\",\"url\":\"https:\\\/\\\/radiounodigital.com\\\/web\\\/wp-content\\\/uploads\\\/2020\\\/12\\\/greeta-van-fleet.jpg\",\"contentUrl\":\"https:\\\/\\\/radiounodigital.com\\\/web\\\/wp-content\\\/uploads\\\/2020\\\/12\\\/greeta-van-fleet.jpg\",\"width\":970,\"height\":546},{\"@type\":\"BreadcrumbList\",\"@id\":\"https:\\\/\\\/radiounodigital.com\\\/web\\\/2020\\\/12\\\/11\\\/greta-van-fleet-lanza-el-enigmatico-video-de-age-of-machine\\\/#breadcrumb\",\"itemListElement\":[{\"@type\":\"ListItem\",\"position\":1,\"name\":\"Home\",\"item\":\"https:\\\/\\\/radiounodigital.com\\\/web\\\/\"},{\"@type\":\"ListItem\",\"position\":2,\"name\":\"Greta Van Fleet lanza el enigm\u00e1tico video de Age Of Machine\"}]},{\"@type\":\"WebSite\",\"@id\":\"https:\\\/\\\/radiounodigital.com\\\/web\\\/#website\",\"url\":\"https:\\\/\\\/radiounodigital.com\\\/web\\\/\",\"name\":\"Radio UNO Digital\",\"description\":\"Donde la cultura del rock se siente\",\"potentialAction\":[{\"@type\":\"SearchAction\",\"target\":{\"@type\":\"EntryPoint\",\"urlTemplate\":\"https:\\\/\\\/radiounodigital.com\\\/web\\\/?s={search_term_string}\"},\"query-input\":{\"@type\":\"PropertyValueSpecification\",\"valueRequired\":true,\"valueName\":\"search_term_string\"}}],\"inLanguage\":\"es\"},{\"@type\":\"Person\",\"@id\":\"https:\\\/\\\/radiounodigital.com\\\/web\\\/#\\\/schema\\\/person\\\/00b93151fa54f619ecf9c183d1fc9758\",\"name\":\"diegoc\",\"image\":{\"@type\":\"ImageObject\",\"inLanguage\":\"es\",\"@id\":\"https:\\\/\\\/secure.gravatar.com\\\/avatar\\\/0a67041d44c702fb0660d81a5a32c7ce6007341cf92afeb718b75883bf415864?s=96&d=blank&r=g\",\"url\":\"https:\\\/\\\/secure.gravatar.com\\\/avatar\\\/0a67041d44c702fb0660d81a5a32c7ce6007341cf92afeb718b75883bf415864?s=96&d=blank&r=g\",\"contentUrl\":\"https:\\\/\\\/secure.gravatar.com\\\/avatar\\\/0a67041d44c702fb0660d81a5a32c7ce6007341cf92afeb718b75883bf415864?s=96&d=blank&r=g\",\"caption\":\"diegoc\"},\"url\":\"https:\\\/\\\/radiounodigital.com\\\/web\\\/author\\\/diegoc\\\/\"}]}<\/script>\n<!-- \/ Yoast SEO plugin. -->","yoast_head_json":{"title":"Greta Van Fleet lanza el enigm\u00e1tico video de Age Of Machine - Radio UNO Digital","description":"El video de Age Of Machine de Greta Van Fleet hace algunas preguntas importantes, pero est\u00e1 menos interesado en dar respuestas.","robots":{"index":"index","follow":"follow","max-snippet":"max-snippet:-1","max-image-preview":"max-image-preview:large","max-video-preview":"max-video-preview:-1"},"canonical":"https:\/\/radiounodigital.com\/web\/2020\/12\/11\/greta-van-fleet-lanza-el-enigmatico-video-de-age-of-machine\/","og_locale":"es_ES","og_type":"article","og_title":"Greta Van Fleet lanza el enigm\u00e1tico video de Age Of Machine - Radio UNO Digital","og_description":"El video de Age Of Machine de Greta Van Fleet hace algunas preguntas importantes, pero est\u00e1 menos interesado en dar respuestas.","og_url":"https:\/\/radiounodigital.com\/web\/2020\/12\/11\/greta-van-fleet-lanza-el-enigmatico-video-de-age-of-machine\/","og_site_name":"Radio UNO Digital","article_published_time":"2020-12-11T21:51:25+00:00","article_modified_time":"2020-12-11T22:56:03+00:00","og_image":[{"width":970,"height":546,"url":"https:\/\/radiounodigital.com\/web\/wp-content\/uploads\/2020\/12\/greeta-van-fleet.jpg","type":"image\/jpeg"}],"author":"diegoc","twitter_card":"summary_large_image","twitter_misc":{"Escrito por":"diegoc","Tiempo de lectura":"2 minutos"},"schema":{"@context":"https:\/\/schema.org","@graph":[{"@type":"Article","@id":"https:\/\/radiounodigital.com\/web\/2020\/12\/11\/greta-van-fleet-lanza-el-enigmatico-video-de-age-of-machine\/#article","isPartOf":{"@id":"https:\/\/radiounodigital.com\/web\/2020\/12\/11\/greta-van-fleet-lanza-el-enigmatico-video-de-age-of-machine\/"},"author":{"name":"diegoc","@id":"https:\/\/radiounodigital.com\/web\/#\/schema\/person\/00b93151fa54f619ecf9c183d1fc9758"},"headline":"Greta Van Fleet lanza el enigm\u00e1tico video de Age Of Machine","datePublished":"2020-12-11T21:51:25+00:00","dateModified":"2020-12-11T22:56:03+00:00","mainEntityOfPage":{"@id":"https:\/\/radiounodigital.com\/web\/2020\/12\/11\/greta-van-fleet-lanza-el-enigmatico-video-de-age-of-machine\/"},"wordCount":325,"commentCount":0,"image":{"@id":"https:\/\/radiounodigital.com\/web\/2020\/12\/11\/greta-van-fleet-lanza-el-enigmatico-video-de-age-of-machine\/#primaryimage"},"thumbnailUrl":"https:\/\/radiounodigital.com\/web\/wp-content\/uploads\/2020\/12\/greeta-van-fleet.jpg","keywords":["Age Of Machine","greta van fleet","nuevo","Video"],"articleSection":["lo nuevo","news","videos"],"inLanguage":"es","potentialAction":[{"@type":"CommentAction","name":"Comment","target":["https:\/\/radiounodigital.com\/web\/2020\/12\/11\/greta-van-fleet-lanza-el-enigmatico-video-de-age-of-machine\/#respond"]}]},{"@type":"WebPage","@id":"https:\/\/radiounodigital.com\/web\/2020\/12\/11\/greta-van-fleet-lanza-el-enigmatico-video-de-age-of-machine\/","url":"https:\/\/radiounodigital.com\/web\/2020\/12\/11\/greta-van-fleet-lanza-el-enigmatico-video-de-age-of-machine\/","name":"Greta Van Fleet lanza el enigm\u00e1tico video de Age Of Machine - Radio UNO Digital","isPartOf":{"@id":"https:\/\/radiounodigital.com\/web\/#website"},"primaryImageOfPage":{"@id":"https:\/\/radiounodigital.com\/web\/2020\/12\/11\/greta-van-fleet-lanza-el-enigmatico-video-de-age-of-machine\/#primaryimage"},"image":{"@id":"https:\/\/radiounodigital.com\/web\/2020\/12\/11\/greta-van-fleet-lanza-el-enigmatico-video-de-age-of-machine\/#primaryimage"},"thumbnailUrl":"https:\/\/radiounodigital.com\/web\/wp-content\/uploads\/2020\/12\/greeta-van-fleet.jpg","datePublished":"2020-12-11T21:51:25+00:00","dateModified":"2020-12-11T22:56:03+00:00","author":{"@id":"https:\/\/radiounodigital.com\/web\/#\/schema\/person\/00b93151fa54f619ecf9c183d1fc9758"},"description":"El video de Age Of Machine de Greta Van Fleet hace algunas preguntas importantes, pero est\u00e1 menos interesado en dar respuestas.","breadcrumb":{"@id":"https:\/\/radiounodigital.com\/web\/2020\/12\/11\/greta-van-fleet-lanza-el-enigmatico-video-de-age-of-machine\/#breadcrumb"},"inLanguage":"es","potentialAction":[{"@type":"ReadAction","target":["https:\/\/radiounodigital.com\/web\/2020\/12\/11\/greta-van-fleet-lanza-el-enigmatico-video-de-age-of-machine\/"]}]},{"@type":"ImageObject","inLanguage":"es","@id":"https:\/\/radiounodigital.com\/web\/2020\/12\/11\/greta-van-fleet-lanza-el-enigmatico-video-de-age-of-machine\/#primaryimage","url":"https:\/\/radiounodigital.com\/web\/wp-content\/uploads\/2020\/12\/greeta-van-fleet.jpg","contentUrl":"https:\/\/radiounodigital.com\/web\/wp-content\/uploads\/2020\/12\/greeta-van-fleet.jpg","width":970,"height":546},{"@type":"BreadcrumbList","@id":"https:\/\/radiounodigital.com\/web\/2020\/12\/11\/greta-van-fleet-lanza-el-enigmatico-video-de-age-of-machine\/#breadcrumb","itemListElement":[{"@type":"ListItem","position":1,"name":"Home","item":"https:\/\/radiounodigital.com\/web\/"},{"@type":"ListItem","position":2,"name":"Greta Van Fleet lanza el enigm\u00e1tico video de Age Of Machine"}]},{"@type":"WebSite","@id":"https:\/\/radiounodigital.com\/web\/#website","url":"https:\/\/radiounodigital.com\/web\/","name":"Radio UNO Digital","description":"Donde la cultura del rock se siente","potentialAction":[{"@type":"SearchAction","target":{"@type":"EntryPoint","urlTemplate":"https:\/\/radiounodigital.com\/web\/?s={search_term_string}"},"query-input":{"@type":"PropertyValueSpecification","valueRequired":true,"valueName":"search_term_string"}}],"inLanguage":"es"},{"@type":"Person","@id":"https:\/\/radiounodigital.com\/web\/#\/schema\/person\/00b93151fa54f619ecf9c183d1fc9758","name":"diegoc","image":{"@type":"ImageObject","inLanguage":"es","@id":"https:\/\/secure.gravatar.com\/avatar\/0a67041d44c702fb0660d81a5a32c7ce6007341cf92afeb718b75883bf415864?s=96&d=blank&r=g","url":"https:\/\/secure.gravatar.com\/avatar\/0a67041d44c702fb0660d81a5a32c7ce6007341cf92afeb718b75883bf415864?s=96&d=blank&r=g","contentUrl":"https:\/\/secure.gravatar.com\/avatar\/0a67041d44c702fb0660d81a5a32c7ce6007341cf92afeb718b75883bf415864?s=96&d=blank&r=g","caption":"diegoc"},"url":"https:\/\/radiounodigital.com\/web\/author\/diegoc\/"}]}},"_links":{"self":[{"href":"https:\/\/radiounodigital.com\/web\/wp-json\/wp\/v2\/posts\/5063","targetHints":{"allow":["GET"]}}],"collection":[{"href":"https:\/\/radiounodigital.com\/web\/wp-json\/wp\/v2\/posts"}],"about":[{"href":"https:\/\/radiounodigital.com\/web\/wp-json\/wp\/v2\/types\/post"}],"author":[{"embeddable":true,"href":"https:\/\/radiounodigital.com\/web\/wp-json\/wp\/v2\/users\/1"}],"replies":[{"embeddable":true,"href":"https:\/\/radiounodigital.com\/web\/wp-json\/wp\/v2\/comments?post=5063"}],"version-history":[{"count":1,"href":"https:\/\/radiounodigital.com\/web\/wp-json\/wp\/v2\/posts\/5063\/revisions"}],"predecessor-version":[{"id":5065,"href":"https:\/\/radiounodigital.com\/web\/wp-json\/wp\/v2\/posts\/5063\/revisions\/5065"}],"wp:featuredmedia":[{"embeddable":true,"href":"https:\/\/radiounodigital.com\/web\/wp-json\/wp\/v2\/media\/5010"}],"wp:attachment":[{"href":"https:\/\/radiounodigital.com\/web\/wp-json\/wp\/v2\/media?parent=5063"}],"wp:term":[{"taxonomy":"category","embeddable":true,"href":"https:\/\/radiounodigital.com\/web\/wp-json\/wp\/v2\/categories?post=5063"},{"taxonomy":"post_tag","embeddable":true,"href":"https:\/\/radiounodigital.com\/web\/wp-json\/wp\/v2\/tags?post=5063"}],"curies":[{"name":"wp","href":"https:\/\/api.w.org\/{rel}","templated":true}]}}