{"id":5093,"date":"2020-12-17T12:14:13","date_gmt":"2020-12-17T15:14:13","guid":{"rendered":"https:\/\/radiounodigital.com\/web\/?p=5093"},"modified":"2020-12-17T12:15:36","modified_gmt":"2020-12-17T15:15:36","slug":"paul-mccartney-presenta-una-nueva-serie-de-documentales-con-rick-rubin","status":"publish","type":"post","link":"https:\/\/radiounodigital.com\/web\/2020\/12\/17\/paul-mccartney-presenta-una-nueva-serie-de-documentales-con-rick-rubin\/","title":{"rendered":"Paul McCartney presenta una nueva serie de documentales con Rick Rubin"},"content":{"rendered":"<h3>Paul McCartney ha presentado un nuevo documental con Rick Rubin. Ya puedes ver el tr\u00e1iler a continuaci\u00f3n.<\/h3>\n<p>El ex m\u00fasico de los Beatles, que lanzar\u00e1 su nuevo \u00e1lbum \u00abMcCartney III\u00bb el viernes (18 de diciembre), public\u00f3 una vista previa en blanco y negro de 96 segundos de la pel\u00edcula en su canal oficial de YouTube hoy (16 de diciembre).<\/p>\n<p>Una descripci\u00f3n del proyecto dice: \u201cPaul McCartney x Rick Rubin. Un pr\u00f3ximo evento documental. Pr\u00f3ximamente.\u00bb<\/p>\n<p>En el video, vemos a Macca y al aclamado productor detr\u00e1s de un escritorio de estudio mientras escuchan el tema cl\u00e1sico de The Beatles \u00abCome Together\u00bb. \u00abDe hecho, puedes controlar la banda con el bajo\u00bb, explica McCartney.<\/p>\n<p><iframe loading=\"lazy\" title=\"Paul McCartney x Rick Rubin \u2013 A Forthcoming Documentary Event (Trailer)\" width=\"960\" height=\"540\" src=\"https:\/\/www.youtube.com\/embed\/eTSe5hgB04s?feature=oembed\" frameborder=\"0\" allow=\"accelerometer; autoplay; clipboard-write; encrypted-media; gyroscope; picture-in-picture\" allowfullscreen><\/iframe><\/p>\n<p>La conversaci\u00f3n de la pareja se entremezcla con im\u00e1genes de archivo de los Fab Four, cuya canci\u00f3n de 1965 \u00abMichelle\u00bb tambi\u00e9n aparece en el avance.<\/p>\n<p>\u00abLive And Let Die\u00bb (1973) de Wings cierra el clip, con McCartney comentando: \u00abEse fue uno de los mejores momentos musicales de mi vida\u00bb.<\/p>\n<p>El documental estar\u00e1 compuesto por seis partes. Frank Marshall, quien dirigi\u00f3 The Bee Gees: How Can You Mend a Broken Heart, figura como coproductor. Se dice que Endeavour Content est\u00e1 buscando distribuidores.<\/p>\n<p>A\u00fan no se ha confirmado una fecha de lanzamiento.<\/p>\n<p>En una rese\u00f1a de cuatro estrellas de &#8216;McCartney III&#8217;, NME escribi\u00f3: \u00abSi los futuros arque\u00f3logos toman esta serie de tres \u00e1lbumes como un indicador significativo de su medio siglo en solitario, concluir\u00e1n que Paul McCartney nunca dej\u00f3 de liberar\u00bb.<\/p>\n<p>Mientras tanto, Paul McCartney aparecer\u00e1 en el pr\u00f3ximo nuevo EP de Ringo Starr, \u00abZoom In\u00bb. La colecci\u00f3n de cinco pistas tambi\u00e9n contar\u00e1 con contribuciones de personas como Dave Grohl, Finneas y Jenny Lewis.<\/p>\n<div class=\"fb-background-color\">\n\t\t\t  <div \n\t\t\t  \tclass = \"fb-comments\" \n\t\t\t  \tdata-href = \"https:\/\/radiounodigital.com\/web\/2020\/12\/17\/paul-mccartney-presenta-una-nueva-serie-de-documentales-con-rick-rubin\/\"\n\t\t\t  \tdata-numposts = \"10\"\n\t\t\t  \tdata-lazy = \"true\"\n\t\t\t\tdata-colorscheme = \"dark\"\n\t\t\t\tdata-order-by = \"reverse_time\"\n\t\t\t\tdata-mobile=true>\n\t\t\t  <\/div><\/div>\n\t\t  <style>\n\t\t    .fb-background-color {\n\t\t\t\tbackground: #ffffff !important;\n\t\t\t}\n\t\t\t.fb_iframe_widget_fluid_desktop iframe {\n\t\t\t    width: 100% !important;\n\t\t\t}\n\t\t  <\/style>\n\t\t  ","protected":false},"excerpt":{"rendered":"<p>Paul McCartney ha presentado un nuevo documental con Rick Rubin. Ya puedes ver el tr\u00e1iler a continuaci\u00f3n. El ex m\u00fasico de los Beatles, que lanzar\u00e1 su nuevo \u00e1lbum \u00abMcCartney III\u00bb el viernes (18 de diciembre), public\u00f3 una vista previa en blanco y negro de 96 segundos de la pel\u00edcula en su canal oficial de YouTube&#8230; <a href=\"https:\/\/radiounodigital.com\/web\/2020\/12\/17\/paul-mccartney-presenta-una-nueva-serie-de-documentales-con-rick-rubin\/\" class=\"excerpt-read-more\">Read More<\/a><\/p>\n","protected":false},"author":1,"featured_media":5095,"comment_status":"open","ping_status":"open","sticky":false,"template":"","format":"standard","meta":{"footnotes":""},"categories":[180,128,1359],"tags":[170,657,1465],"class_list":["post-5093","post","type-post","status-publish","format-standard","has-post-thumbnail","hentry","category-news","category-rock-clasico","category-videos","tag-documental","tag-paul-mccartney","tag-rick-rubin"],"yoast_head":"<!-- This site is optimized with the Yoast SEO plugin v27.4 - https:\/\/yoast.com\/product\/yoast-seo-wordpress\/ -->\n<title>Paul McCartney presenta una nueva serie de documentales con Rick Rubin - Radio UNO Digital<\/title>\n<meta name=\"description\" content=\"El ex m\u00fasico de los Beatles, que lanzar\u00e1 su nuevo \u00e1lbum &quot;McCartney III&quot; el viernes (18 de diciembre), public\u00f3 una vista previa en blanco y ..\" \/>\n<meta name=\"robots\" content=\"index, follow, max-snippet:-1, max-image-preview:large, max-video-preview:-1\" \/>\n<link rel=\"canonical\" href=\"https:\/\/radiounodigital.com\/web\/2020\/12\/17\/paul-mccartney-presenta-una-nueva-serie-de-documentales-con-rick-rubin\/\" \/>\n<meta property=\"og:locale\" content=\"es_ES\" \/>\n<meta property=\"og:type\" content=\"article\" \/>\n<meta property=\"og:title\" content=\"Paul McCartney presenta una nueva serie de documentales con Rick Rubin - Radio UNO Digital\" \/>\n<meta property=\"og:description\" content=\"El ex m\u00fasico de los Beatles, que lanzar\u00e1 su nuevo \u00e1lbum &quot;McCartney III&quot; el viernes (18 de diciembre), public\u00f3 una vista previa en blanco y ..\" \/>\n<meta property=\"og:url\" content=\"https:\/\/radiounodigital.com\/web\/2020\/12\/17\/paul-mccartney-presenta-una-nueva-serie-de-documentales-con-rick-rubin\/\" \/>\n<meta property=\"og:site_name\" content=\"Radio UNO Digital\" \/>\n<meta property=\"article:published_time\" content=\"2020-12-17T15:14:13+00:00\" \/>\n<meta property=\"article:modified_time\" content=\"2020-12-17T15:15:36+00:00\" \/>\n<meta property=\"og:image\" content=\"https:\/\/radiounodigital.com\/web\/wp-content\/uploads\/2020\/12\/Paul-Macca-Rick-Rubin.jpg\" \/>\n\t<meta property=\"og:image:width\" content=\"696\" \/>\n\t<meta property=\"og:image:height\" content=\"442\" \/>\n\t<meta property=\"og:image:type\" content=\"image\/jpeg\" \/>\n<meta name=\"author\" content=\"diegoc\" \/>\n<meta name=\"twitter:card\" content=\"summary_large_image\" \/>\n<meta name=\"twitter:description\" content=\"El ex m\u00fasico de los Beatles, que lanzar\u00e1 su nuevo \u00e1lbum &quot;McCartney III&quot; el viernes (18 de diciembre), public\u00f3 una vista previa en blanco y ..\" \/>\n<meta name=\"twitter:image\" content=\"https:\/\/radiounodigital.com\/web\/wp-content\/uploads\/2020\/12\/Paul-Macca-Rick-Rubin.jpg\" \/>\n<meta name=\"twitter:label1\" content=\"Escrito por\" \/>\n\t<meta name=\"twitter:data1\" content=\"diegoc\" \/>\n\t<meta name=\"twitter:label2\" content=\"Tiempo de lectura\" \/>\n\t<meta name=\"twitter:data2\" content=\"1 minuto\" \/>\n<script type=\"application\/ld+json\" class=\"yoast-schema-graph\">{\"@context\":\"https:\\\/\\\/schema.org\",\"@graph\":[{\"@type\":\"Article\",\"@id\":\"https:\\\/\\\/radiounodigital.com\\\/web\\\/2020\\\/12\\\/17\\\/paul-mccartney-presenta-una-nueva-serie-de-documentales-con-rick-rubin\\\/#article\",\"isPartOf\":{\"@id\":\"https:\\\/\\\/radiounodigital.com\\\/web\\\/2020\\\/12\\\/17\\\/paul-mccartney-presenta-una-nueva-serie-de-documentales-con-rick-rubin\\\/\"},\"author\":{\"name\":\"diegoc\",\"@id\":\"https:\\\/\\\/radiounodigital.com\\\/web\\\/#\\\/schema\\\/person\\\/00b93151fa54f619ecf9c183d1fc9758\"},\"headline\":\"Paul McCartney presenta una nueva serie de documentales con Rick Rubin\",\"datePublished\":\"2020-12-17T15:14:13+00:00\",\"dateModified\":\"2020-12-17T15:15:36+00:00\",\"mainEntityOfPage\":{\"@id\":\"https:\\\/\\\/radiounodigital.com\\\/web\\\/2020\\\/12\\\/17\\\/paul-mccartney-presenta-una-nueva-serie-de-documentales-con-rick-rubin\\\/\"},\"wordCount\":305,\"commentCount\":0,\"image\":{\"@id\":\"https:\\\/\\\/radiounodigital.com\\\/web\\\/2020\\\/12\\\/17\\\/paul-mccartney-presenta-una-nueva-serie-de-documentales-con-rick-rubin\\\/#primaryimage\"},\"thumbnailUrl\":\"https:\\\/\\\/radiounodigital.com\\\/web\\\/wp-content\\\/uploads\\\/2020\\\/12\\\/Paul-Macca-Rick-Rubin.jpg\",\"keywords\":[\"DOCUMENTAL\",\"paul mccartney\",\"rick rubin\"],\"articleSection\":[\"news\",\"Rock Clasico\",\"videos\"],\"inLanguage\":\"es\",\"potentialAction\":[{\"@type\":\"CommentAction\",\"name\":\"Comment\",\"target\":[\"https:\\\/\\\/radiounodigital.com\\\/web\\\/2020\\\/12\\\/17\\\/paul-mccartney-presenta-una-nueva-serie-de-documentales-con-rick-rubin\\\/#respond\"]}]},{\"@type\":\"WebPage\",\"@id\":\"https:\\\/\\\/radiounodigital.com\\\/web\\\/2020\\\/12\\\/17\\\/paul-mccartney-presenta-una-nueva-serie-de-documentales-con-rick-rubin\\\/\",\"url\":\"https:\\\/\\\/radiounodigital.com\\\/web\\\/2020\\\/12\\\/17\\\/paul-mccartney-presenta-una-nueva-serie-de-documentales-con-rick-rubin\\\/\",\"name\":\"Paul McCartney presenta una nueva serie de documentales con Rick Rubin - Radio UNO Digital\",\"isPartOf\":{\"@id\":\"https:\\\/\\\/radiounodigital.com\\\/web\\\/#website\"},\"primaryImageOfPage\":{\"@id\":\"https:\\\/\\\/radiounodigital.com\\\/web\\\/2020\\\/12\\\/17\\\/paul-mccartney-presenta-una-nueva-serie-de-documentales-con-rick-rubin\\\/#primaryimage\"},\"image\":{\"@id\":\"https:\\\/\\\/radiounodigital.com\\\/web\\\/2020\\\/12\\\/17\\\/paul-mccartney-presenta-una-nueva-serie-de-documentales-con-rick-rubin\\\/#primaryimage\"},\"thumbnailUrl\":\"https:\\\/\\\/radiounodigital.com\\\/web\\\/wp-content\\\/uploads\\\/2020\\\/12\\\/Paul-Macca-Rick-Rubin.jpg\",\"datePublished\":\"2020-12-17T15:14:13+00:00\",\"dateModified\":\"2020-12-17T15:15:36+00:00\",\"author\":{\"@id\":\"https:\\\/\\\/radiounodigital.com\\\/web\\\/#\\\/schema\\\/person\\\/00b93151fa54f619ecf9c183d1fc9758\"},\"description\":\"El ex m\u00fasico de los Beatles, que lanzar\u00e1 su nuevo \u00e1lbum \\\"McCartney III\\\" el viernes (18 de diciembre), public\u00f3 una vista previa en blanco y ..\",\"breadcrumb\":{\"@id\":\"https:\\\/\\\/radiounodigital.com\\\/web\\\/2020\\\/12\\\/17\\\/paul-mccartney-presenta-una-nueva-serie-de-documentales-con-rick-rubin\\\/#breadcrumb\"},\"inLanguage\":\"es\",\"potentialAction\":[{\"@type\":\"ReadAction\",\"target\":[\"https:\\\/\\\/radiounodigital.com\\\/web\\\/2020\\\/12\\\/17\\\/paul-mccartney-presenta-una-nueva-serie-de-documentales-con-rick-rubin\\\/\"]}]},{\"@type\":\"ImageObject\",\"inLanguage\":\"es\",\"@id\":\"https:\\\/\\\/radiounodigital.com\\\/web\\\/2020\\\/12\\\/17\\\/paul-mccartney-presenta-una-nueva-serie-de-documentales-con-rick-rubin\\\/#primaryimage\",\"url\":\"https:\\\/\\\/radiounodigital.com\\\/web\\\/wp-content\\\/uploads\\\/2020\\\/12\\\/Paul-Macca-Rick-Rubin.jpg\",\"contentUrl\":\"https:\\\/\\\/radiounodigital.com\\\/web\\\/wp-content\\\/uploads\\\/2020\\\/12\\\/Paul-Macca-Rick-Rubin.jpg\",\"width\":696,\"height\":442},{\"@type\":\"BreadcrumbList\",\"@id\":\"https:\\\/\\\/radiounodigital.com\\\/web\\\/2020\\\/12\\\/17\\\/paul-mccartney-presenta-una-nueva-serie-de-documentales-con-rick-rubin\\\/#breadcrumb\",\"itemListElement\":[{\"@type\":\"ListItem\",\"position\":1,\"name\":\"Home\",\"item\":\"https:\\\/\\\/radiounodigital.com\\\/web\\\/\"},{\"@type\":\"ListItem\",\"position\":2,\"name\":\"Paul McCartney presenta una nueva serie de documentales con Rick Rubin\"}]},{\"@type\":\"WebSite\",\"@id\":\"https:\\\/\\\/radiounodigital.com\\\/web\\\/#website\",\"url\":\"https:\\\/\\\/radiounodigital.com\\\/web\\\/\",\"name\":\"Radio UNO Digital\",\"description\":\"Donde la cultura del rock se siente\",\"potentialAction\":[{\"@type\":\"SearchAction\",\"target\":{\"@type\":\"EntryPoint\",\"urlTemplate\":\"https:\\\/\\\/radiounodigital.com\\\/web\\\/?s={search_term_string}\"},\"query-input\":{\"@type\":\"PropertyValueSpecification\",\"valueRequired\":true,\"valueName\":\"search_term_string\"}}],\"inLanguage\":\"es\"},{\"@type\":\"Person\",\"@id\":\"https:\\\/\\\/radiounodigital.com\\\/web\\\/#\\\/schema\\\/person\\\/00b93151fa54f619ecf9c183d1fc9758\",\"name\":\"diegoc\",\"image\":{\"@type\":\"ImageObject\",\"inLanguage\":\"es\",\"@id\":\"https:\\\/\\\/secure.gravatar.com\\\/avatar\\\/0a67041d44c702fb0660d81a5a32c7ce6007341cf92afeb718b75883bf415864?s=96&d=blank&r=g\",\"url\":\"https:\\\/\\\/secure.gravatar.com\\\/avatar\\\/0a67041d44c702fb0660d81a5a32c7ce6007341cf92afeb718b75883bf415864?s=96&d=blank&r=g\",\"contentUrl\":\"https:\\\/\\\/secure.gravatar.com\\\/avatar\\\/0a67041d44c702fb0660d81a5a32c7ce6007341cf92afeb718b75883bf415864?s=96&d=blank&r=g\",\"caption\":\"diegoc\"},\"url\":\"https:\\\/\\\/radiounodigital.com\\\/web\\\/author\\\/diegoc\\\/\"}]}<\/script>\n<!-- \/ Yoast SEO plugin. -->","yoast_head_json":{"title":"Paul McCartney presenta una nueva serie de documentales con Rick Rubin - Radio UNO Digital","description":"El ex m\u00fasico de los Beatles, que lanzar\u00e1 su nuevo \u00e1lbum \"McCartney III\" el viernes (18 de diciembre), public\u00f3 una vista previa en blanco y ..","robots":{"index":"index","follow":"follow","max-snippet":"max-snippet:-1","max-image-preview":"max-image-preview:large","max-video-preview":"max-video-preview:-1"},"canonical":"https:\/\/radiounodigital.com\/web\/2020\/12\/17\/paul-mccartney-presenta-una-nueva-serie-de-documentales-con-rick-rubin\/","og_locale":"es_ES","og_type":"article","og_title":"Paul McCartney presenta una nueva serie de documentales con Rick Rubin - Radio UNO Digital","og_description":"El ex m\u00fasico de los Beatles, que lanzar\u00e1 su nuevo \u00e1lbum \"McCartney III\" el viernes (18 de diciembre), public\u00f3 una vista previa en blanco y ..","og_url":"https:\/\/radiounodigital.com\/web\/2020\/12\/17\/paul-mccartney-presenta-una-nueva-serie-de-documentales-con-rick-rubin\/","og_site_name":"Radio UNO Digital","article_published_time":"2020-12-17T15:14:13+00:00","article_modified_time":"2020-12-17T15:15:36+00:00","og_image":[{"width":696,"height":442,"url":"https:\/\/radiounodigital.com\/web\/wp-content\/uploads\/2020\/12\/Paul-Macca-Rick-Rubin.jpg","type":"image\/jpeg"}],"author":"diegoc","twitter_card":"summary_large_image","twitter_description":"El ex m\u00fasico de los Beatles, que lanzar\u00e1 su nuevo \u00e1lbum \"McCartney III\" el viernes (18 de diciembre), public\u00f3 una vista previa en blanco y ..","twitter_image":"https:\/\/radiounodigital.com\/web\/wp-content\/uploads\/2020\/12\/Paul-Macca-Rick-Rubin.jpg","twitter_misc":{"Escrito por":"diegoc","Tiempo de lectura":"1 minuto"},"schema":{"@context":"https:\/\/schema.org","@graph":[{"@type":"Article","@id":"https:\/\/radiounodigital.com\/web\/2020\/12\/17\/paul-mccartney-presenta-una-nueva-serie-de-documentales-con-rick-rubin\/#article","isPartOf":{"@id":"https:\/\/radiounodigital.com\/web\/2020\/12\/17\/paul-mccartney-presenta-una-nueva-serie-de-documentales-con-rick-rubin\/"},"author":{"name":"diegoc","@id":"https:\/\/radiounodigital.com\/web\/#\/schema\/person\/00b93151fa54f619ecf9c183d1fc9758"},"headline":"Paul McCartney presenta una nueva serie de documentales con Rick Rubin","datePublished":"2020-12-17T15:14:13+00:00","dateModified":"2020-12-17T15:15:36+00:00","mainEntityOfPage":{"@id":"https:\/\/radiounodigital.com\/web\/2020\/12\/17\/paul-mccartney-presenta-una-nueva-serie-de-documentales-con-rick-rubin\/"},"wordCount":305,"commentCount":0,"image":{"@id":"https:\/\/radiounodigital.com\/web\/2020\/12\/17\/paul-mccartney-presenta-una-nueva-serie-de-documentales-con-rick-rubin\/#primaryimage"},"thumbnailUrl":"https:\/\/radiounodigital.com\/web\/wp-content\/uploads\/2020\/12\/Paul-Macca-Rick-Rubin.jpg","keywords":["DOCUMENTAL","paul mccartney","rick rubin"],"articleSection":["news","Rock Clasico","videos"],"inLanguage":"es","potentialAction":[{"@type":"CommentAction","name":"Comment","target":["https:\/\/radiounodigital.com\/web\/2020\/12\/17\/paul-mccartney-presenta-una-nueva-serie-de-documentales-con-rick-rubin\/#respond"]}]},{"@type":"WebPage","@id":"https:\/\/radiounodigital.com\/web\/2020\/12\/17\/paul-mccartney-presenta-una-nueva-serie-de-documentales-con-rick-rubin\/","url":"https:\/\/radiounodigital.com\/web\/2020\/12\/17\/paul-mccartney-presenta-una-nueva-serie-de-documentales-con-rick-rubin\/","name":"Paul McCartney presenta una nueva serie de documentales con Rick Rubin - Radio UNO Digital","isPartOf":{"@id":"https:\/\/radiounodigital.com\/web\/#website"},"primaryImageOfPage":{"@id":"https:\/\/radiounodigital.com\/web\/2020\/12\/17\/paul-mccartney-presenta-una-nueva-serie-de-documentales-con-rick-rubin\/#primaryimage"},"image":{"@id":"https:\/\/radiounodigital.com\/web\/2020\/12\/17\/paul-mccartney-presenta-una-nueva-serie-de-documentales-con-rick-rubin\/#primaryimage"},"thumbnailUrl":"https:\/\/radiounodigital.com\/web\/wp-content\/uploads\/2020\/12\/Paul-Macca-Rick-Rubin.jpg","datePublished":"2020-12-17T15:14:13+00:00","dateModified":"2020-12-17T15:15:36+00:00","author":{"@id":"https:\/\/radiounodigital.com\/web\/#\/schema\/person\/00b93151fa54f619ecf9c183d1fc9758"},"description":"El ex m\u00fasico de los Beatles, que lanzar\u00e1 su nuevo \u00e1lbum \"McCartney III\" el viernes (18 de diciembre), public\u00f3 una vista previa en blanco y ..","breadcrumb":{"@id":"https:\/\/radiounodigital.com\/web\/2020\/12\/17\/paul-mccartney-presenta-una-nueva-serie-de-documentales-con-rick-rubin\/#breadcrumb"},"inLanguage":"es","potentialAction":[{"@type":"ReadAction","target":["https:\/\/radiounodigital.com\/web\/2020\/12\/17\/paul-mccartney-presenta-una-nueva-serie-de-documentales-con-rick-rubin\/"]}]},{"@type":"ImageObject","inLanguage":"es","@id":"https:\/\/radiounodigital.com\/web\/2020\/12\/17\/paul-mccartney-presenta-una-nueva-serie-de-documentales-con-rick-rubin\/#primaryimage","url":"https:\/\/radiounodigital.com\/web\/wp-content\/uploads\/2020\/12\/Paul-Macca-Rick-Rubin.jpg","contentUrl":"https:\/\/radiounodigital.com\/web\/wp-content\/uploads\/2020\/12\/Paul-Macca-Rick-Rubin.jpg","width":696,"height":442},{"@type":"BreadcrumbList","@id":"https:\/\/radiounodigital.com\/web\/2020\/12\/17\/paul-mccartney-presenta-una-nueva-serie-de-documentales-con-rick-rubin\/#breadcrumb","itemListElement":[{"@type":"ListItem","position":1,"name":"Home","item":"https:\/\/radiounodigital.com\/web\/"},{"@type":"ListItem","position":2,"name":"Paul McCartney presenta una nueva serie de documentales con Rick Rubin"}]},{"@type":"WebSite","@id":"https:\/\/radiounodigital.com\/web\/#website","url":"https:\/\/radiounodigital.com\/web\/","name":"Radio UNO Digital","description":"Donde la cultura del rock se siente","potentialAction":[{"@type":"SearchAction","target":{"@type":"EntryPoint","urlTemplate":"https:\/\/radiounodigital.com\/web\/?s={search_term_string}"},"query-input":{"@type":"PropertyValueSpecification","valueRequired":true,"valueName":"search_term_string"}}],"inLanguage":"es"},{"@type":"Person","@id":"https:\/\/radiounodigital.com\/web\/#\/schema\/person\/00b93151fa54f619ecf9c183d1fc9758","name":"diegoc","image":{"@type":"ImageObject","inLanguage":"es","@id":"https:\/\/secure.gravatar.com\/avatar\/0a67041d44c702fb0660d81a5a32c7ce6007341cf92afeb718b75883bf415864?s=96&d=blank&r=g","url":"https:\/\/secure.gravatar.com\/avatar\/0a67041d44c702fb0660d81a5a32c7ce6007341cf92afeb718b75883bf415864?s=96&d=blank&r=g","contentUrl":"https:\/\/secure.gravatar.com\/avatar\/0a67041d44c702fb0660d81a5a32c7ce6007341cf92afeb718b75883bf415864?s=96&d=blank&r=g","caption":"diegoc"},"url":"https:\/\/radiounodigital.com\/web\/author\/diegoc\/"}]}},"_links":{"self":[{"href":"https:\/\/radiounodigital.com\/web\/wp-json\/wp\/v2\/posts\/5093","targetHints":{"allow":["GET"]}}],"collection":[{"href":"https:\/\/radiounodigital.com\/web\/wp-json\/wp\/v2\/posts"}],"about":[{"href":"https:\/\/radiounodigital.com\/web\/wp-json\/wp\/v2\/types\/post"}],"author":[{"embeddable":true,"href":"https:\/\/radiounodigital.com\/web\/wp-json\/wp\/v2\/users\/1"}],"replies":[{"embeddable":true,"href":"https:\/\/radiounodigital.com\/web\/wp-json\/wp\/v2\/comments?post=5093"}],"version-history":[{"count":1,"href":"https:\/\/radiounodigital.com\/web\/wp-json\/wp\/v2\/posts\/5093\/revisions"}],"predecessor-version":[{"id":5096,"href":"https:\/\/radiounodigital.com\/web\/wp-json\/wp\/v2\/posts\/5093\/revisions\/5096"}],"wp:featuredmedia":[{"embeddable":true,"href":"https:\/\/radiounodigital.com\/web\/wp-json\/wp\/v2\/media\/5095"}],"wp:attachment":[{"href":"https:\/\/radiounodigital.com\/web\/wp-json\/wp\/v2\/media?parent=5093"}],"wp:term":[{"taxonomy":"category","embeddable":true,"href":"https:\/\/radiounodigital.com\/web\/wp-json\/wp\/v2\/categories?post=5093"},{"taxonomy":"post_tag","embeddable":true,"href":"https:\/\/radiounodigital.com\/web\/wp-json\/wp\/v2\/tags?post=5093"}],"curies":[{"name":"wp","href":"https:\/\/api.w.org\/{rel}","templated":true}]}}