{"id":5177,"date":"2021-01-08T06:45:30","date_gmt":"2021-01-08T09:45:30","guid":{"rendered":"https:\/\/radiounodigital.com\/web\/?p=5177"},"modified":"2021-01-08T09:54:11","modified_gmt":"2021-01-08T12:54:11","slug":"david-bowie-nacio-un-8-de-enero-como-hoy-pero-de-1947","status":"publish","type":"post","link":"https:\/\/radiounodigital.com\/web\/2021\/01\/08\/david-bowie-nacio-un-8-de-enero-como-hoy-pero-de-1947\/","title":{"rendered":"David Bowie naci\u00f3 un 8 de Enero como hoy pero de 1947"},"content":{"rendered":"<h3>A 74 a\u00f1os de su nacimiento y a tan solo dos d\u00edas del quinto aniversario de su muerte, celebramos su vida con su m\u00fasica. As\u00ed lo querr\u00eda \u00e9l, no tenemos duda. Gracias David.<\/h3>\n<p>Para aquellos que siempre est\u00e1n \u00e1vidos de m\u00e1s informaci\u00f3n los invitamos a indagar en nuestras paginas siguiendo <a href=\"https:\/\/radiounodigital.com\/web\/?s=David+Bowie\">este link.<\/a><\/p>\n<p><iframe loading=\"lazy\" title=\"David Bowie Live by Request A&amp;E 2002.\" width=\"960\" height=\"720\" src=\"https:\/\/www.youtube.com\/embed\/CL3T8xxLJZw?feature=oembed\" frameborder=\"0\" allow=\"accelerometer; autoplay; clipboard-write; encrypted-media; gyroscope; picture-in-picture\" allowfullscreen><\/iframe><\/p>\n<div class=\"fb-background-color\">\n\t\t\t  <div \n\t\t\t  \tclass = \"fb-comments\" \n\t\t\t  \tdata-href = \"https:\/\/radiounodigital.com\/web\/2021\/01\/08\/david-bowie-nacio-un-8-de-enero-como-hoy-pero-de-1947\/\"\n\t\t\t  \tdata-numposts = \"10\"\n\t\t\t  \tdata-lazy = \"true\"\n\t\t\t\tdata-colorscheme = \"dark\"\n\t\t\t\tdata-order-by = \"reverse_time\"\n\t\t\t\tdata-mobile=true>\n\t\t\t  <\/div><\/div>\n\t\t  <style>\n\t\t    .fb-background-color {\n\t\t\t\tbackground: #ffffff !important;\n\t\t\t}\n\t\t\t.fb_iframe_widget_fluid_desktop iframe {\n\t\t\t    width: 100% !important;\n\t\t\t}\n\t\t  <\/style>\n\t\t  ","protected":false},"excerpt":{"rendered":"<p>A 74 a\u00f1os de su nacimiento y a tan solo dos d\u00edas del quinto aniversario de su muerte, celebramos su vida con su m\u00fasica. As\u00ed lo querr\u00eda \u00e9l, no tenemos duda. Gracias David. Para aquellos que siempre est\u00e1n \u00e1vidos de m\u00e1s informaci\u00f3n los invitamos a indagar en nuestras paginas siguiendo este link.<\/p>\n","protected":false},"author":1,"featured_media":5178,"comment_status":"open","ping_status":"open","sticky":false,"template":"","format":"standard","meta":{"footnotes":""},"categories":[180,128],"tags":[1492,1491,472,181],"class_list":["post-5177","post","type-post","status-publish","format-standard","has-post-thumbnail","hentry","category-news","category-rock-clasico","tag-1492","tag-8-de-enero","tag-cumpleanos","tag-david-bowie"],"yoast_head":"<!-- This site is optimized with the Yoast SEO plugin v27.4 - https:\/\/yoast.com\/product\/yoast-seo-wordpress\/ -->\n<title>David Bowie naci\u00f3 un 8 de Enero como hoy pero de 1947 - Radio UNO Digital<\/title>\n<meta name=\"description\" content=\"A 74 a\u00f1os de su nacimiento y a tan solo dos d\u00edas del quinto aniversario de su muerte, celebramos su vida con su m\u00fasica. Gracias David.\" \/>\n<meta name=\"robots\" content=\"index, follow, max-snippet:-1, max-image-preview:large, max-video-preview:-1\" \/>\n<link rel=\"canonical\" href=\"https:\/\/radiounodigital.com\/web\/2021\/01\/08\/david-bowie-nacio-un-8-de-enero-como-hoy-pero-de-1947\/\" \/>\n<meta property=\"og:locale\" content=\"es_ES\" \/>\n<meta property=\"og:type\" content=\"article\" \/>\n<meta property=\"og:title\" content=\"David Bowie naci\u00f3 un 8 de Enero como hoy pero de 1947 - Radio UNO Digital\" \/>\n<meta property=\"og:description\" content=\"A 74 a\u00f1os de su nacimiento y a tan solo dos d\u00edas del quinto aniversario de su muerte, celebramos su vida con su m\u00fasica. Gracias David.\" \/>\n<meta property=\"og:url\" content=\"https:\/\/radiounodigital.com\/web\/2021\/01\/08\/david-bowie-nacio-un-8-de-enero-como-hoy-pero-de-1947\/\" \/>\n<meta property=\"og:site_name\" content=\"Radio UNO Digital\" \/>\n<meta property=\"article:published_time\" content=\"2021-01-08T09:45:30+00:00\" \/>\n<meta property=\"article:modified_time\" content=\"2021-01-08T12:54:11+00:00\" \/>\n<meta property=\"og:image\" content=\"https:\/\/radiounodigital.com\/web\/wp-content\/uploads\/2021\/01\/david-bowie-1920px.jpg\" \/>\n\t<meta property=\"og:image:width\" content=\"1920\" \/>\n\t<meta property=\"og:image:height\" content=\"1008\" \/>\n\t<meta property=\"og:image:type\" content=\"image\/jpeg\" \/>\n<meta name=\"author\" content=\"diegoc\" \/>\n<meta name=\"twitter:card\" content=\"summary_large_image\" \/>\n<meta name=\"twitter:description\" content=\"A 74 a\u00f1os de su nacimiento y a tan solo dos d\u00edas del quinto aniversario de su muerte, celebramos su vida con su m\u00fasica. Gracias David.\" \/>\n<meta name=\"twitter:image\" content=\"https:\/\/radiounodigital.com\/web\/wp-content\/uploads\/2021\/01\/david-bowie-1920px.jpg\" \/>\n<meta name=\"twitter:label1\" content=\"Escrito por\" \/>\n\t<meta name=\"twitter:data1\" content=\"diegoc\" \/>\n<script type=\"application\/ld+json\" class=\"yoast-schema-graph\">{\"@context\":\"https:\\\/\\\/schema.org\",\"@graph\":[{\"@type\":\"Article\",\"@id\":\"https:\\\/\\\/radiounodigital.com\\\/web\\\/2021\\\/01\\\/08\\\/david-bowie-nacio-un-8-de-enero-como-hoy-pero-de-1947\\\/#article\",\"isPartOf\":{\"@id\":\"https:\\\/\\\/radiounodigital.com\\\/web\\\/2021\\\/01\\\/08\\\/david-bowie-nacio-un-8-de-enero-como-hoy-pero-de-1947\\\/\"},\"author\":{\"name\":\"diegoc\",\"@id\":\"https:\\\/\\\/radiounodigital.com\\\/web\\\/#\\\/schema\\\/person\\\/00b93151fa54f619ecf9c183d1fc9758\"},\"headline\":\"David Bowie naci\u00f3 un 8 de Enero como hoy pero de 1947\",\"datePublished\":\"2021-01-08T09:45:30+00:00\",\"dateModified\":\"2021-01-08T12:54:11+00:00\",\"mainEntityOfPage\":{\"@id\":\"https:\\\/\\\/radiounodigital.com\\\/web\\\/2021\\\/01\\\/08\\\/david-bowie-nacio-un-8-de-enero-como-hoy-pero-de-1947\\\/\"},\"wordCount\":77,\"commentCount\":0,\"image\":{\"@id\":\"https:\\\/\\\/radiounodigital.com\\\/web\\\/2021\\\/01\\\/08\\\/david-bowie-nacio-un-8-de-enero-como-hoy-pero-de-1947\\\/#primaryimage\"},\"thumbnailUrl\":\"https:\\\/\\\/radiounodigital.com\\\/web\\\/wp-content\\\/uploads\\\/2021\\\/01\\\/david-bowie-1920px.jpg\",\"keywords\":[\"74\",\"8 de enero\",\"cumplea\u00f1os\",\"david bowie\"],\"articleSection\":[\"news\",\"Rock Clasico\"],\"inLanguage\":\"es\",\"potentialAction\":[{\"@type\":\"CommentAction\",\"name\":\"Comment\",\"target\":[\"https:\\\/\\\/radiounodigital.com\\\/web\\\/2021\\\/01\\\/08\\\/david-bowie-nacio-un-8-de-enero-como-hoy-pero-de-1947\\\/#respond\"]}]},{\"@type\":[\"WebPage\",\"ItemPage\"],\"@id\":\"https:\\\/\\\/radiounodigital.com\\\/web\\\/2021\\\/01\\\/08\\\/david-bowie-nacio-un-8-de-enero-como-hoy-pero-de-1947\\\/\",\"url\":\"https:\\\/\\\/radiounodigital.com\\\/web\\\/2021\\\/01\\\/08\\\/david-bowie-nacio-un-8-de-enero-como-hoy-pero-de-1947\\\/\",\"name\":\"David Bowie naci\u00f3 un 8 de Enero como hoy pero de 1947 - Radio UNO Digital\",\"isPartOf\":{\"@id\":\"https:\\\/\\\/radiounodigital.com\\\/web\\\/#website\"},\"primaryImageOfPage\":{\"@id\":\"https:\\\/\\\/radiounodigital.com\\\/web\\\/2021\\\/01\\\/08\\\/david-bowie-nacio-un-8-de-enero-como-hoy-pero-de-1947\\\/#primaryimage\"},\"image\":{\"@id\":\"https:\\\/\\\/radiounodigital.com\\\/web\\\/2021\\\/01\\\/08\\\/david-bowie-nacio-un-8-de-enero-como-hoy-pero-de-1947\\\/#primaryimage\"},\"thumbnailUrl\":\"https:\\\/\\\/radiounodigital.com\\\/web\\\/wp-content\\\/uploads\\\/2021\\\/01\\\/david-bowie-1920px.jpg\",\"datePublished\":\"2021-01-08T09:45:30+00:00\",\"dateModified\":\"2021-01-08T12:54:11+00:00\",\"author\":{\"@id\":\"https:\\\/\\\/radiounodigital.com\\\/web\\\/#\\\/schema\\\/person\\\/00b93151fa54f619ecf9c183d1fc9758\"},\"description\":\"A 74 a\u00f1os de su nacimiento y a tan solo dos d\u00edas del quinto aniversario de su muerte, celebramos su vida con su m\u00fasica. Gracias David.\",\"breadcrumb\":{\"@id\":\"https:\\\/\\\/radiounodigital.com\\\/web\\\/2021\\\/01\\\/08\\\/david-bowie-nacio-un-8-de-enero-como-hoy-pero-de-1947\\\/#breadcrumb\"},\"inLanguage\":\"es\",\"potentialAction\":[{\"@type\":\"ReadAction\",\"target\":[\"https:\\\/\\\/radiounodigital.com\\\/web\\\/2021\\\/01\\\/08\\\/david-bowie-nacio-un-8-de-enero-como-hoy-pero-de-1947\\\/\"]}]},{\"@type\":\"ImageObject\",\"inLanguage\":\"es\",\"@id\":\"https:\\\/\\\/radiounodigital.com\\\/web\\\/2021\\\/01\\\/08\\\/david-bowie-nacio-un-8-de-enero-como-hoy-pero-de-1947\\\/#primaryimage\",\"url\":\"https:\\\/\\\/radiounodigital.com\\\/web\\\/wp-content\\\/uploads\\\/2021\\\/01\\\/david-bowie-1920px.jpg\",\"contentUrl\":\"https:\\\/\\\/radiounodigital.com\\\/web\\\/wp-content\\\/uploads\\\/2021\\\/01\\\/david-bowie-1920px.jpg\",\"width\":1920,\"height\":1008},{\"@type\":\"BreadcrumbList\",\"@id\":\"https:\\\/\\\/radiounodigital.com\\\/web\\\/2021\\\/01\\\/08\\\/david-bowie-nacio-un-8-de-enero-como-hoy-pero-de-1947\\\/#breadcrumb\",\"itemListElement\":[{\"@type\":\"ListItem\",\"position\":1,\"name\":\"Home\",\"item\":\"https:\\\/\\\/radiounodigital.com\\\/web\\\/\"},{\"@type\":\"ListItem\",\"position\":2,\"name\":\"David Bowie naci\u00f3 un 8 de Enero como hoy pero de 1947\"}]},{\"@type\":\"WebSite\",\"@id\":\"https:\\\/\\\/radiounodigital.com\\\/web\\\/#website\",\"url\":\"https:\\\/\\\/radiounodigital.com\\\/web\\\/\",\"name\":\"Radio UNO Digital\",\"description\":\"Donde la cultura del rock se siente\",\"potentialAction\":[{\"@type\":\"SearchAction\",\"target\":{\"@type\":\"EntryPoint\",\"urlTemplate\":\"https:\\\/\\\/radiounodigital.com\\\/web\\\/?s={search_term_string}\"},\"query-input\":{\"@type\":\"PropertyValueSpecification\",\"valueRequired\":true,\"valueName\":\"search_term_string\"}}],\"inLanguage\":\"es\"},{\"@type\":\"Person\",\"@id\":\"https:\\\/\\\/radiounodigital.com\\\/web\\\/#\\\/schema\\\/person\\\/00b93151fa54f619ecf9c183d1fc9758\",\"name\":\"diegoc\",\"image\":{\"@type\":\"ImageObject\",\"inLanguage\":\"es\",\"@id\":\"https:\\\/\\\/secure.gravatar.com\\\/avatar\\\/0a67041d44c702fb0660d81a5a32c7ce6007341cf92afeb718b75883bf415864?s=96&d=blank&r=g\",\"url\":\"https:\\\/\\\/secure.gravatar.com\\\/avatar\\\/0a67041d44c702fb0660d81a5a32c7ce6007341cf92afeb718b75883bf415864?s=96&d=blank&r=g\",\"contentUrl\":\"https:\\\/\\\/secure.gravatar.com\\\/avatar\\\/0a67041d44c702fb0660d81a5a32c7ce6007341cf92afeb718b75883bf415864?s=96&d=blank&r=g\",\"caption\":\"diegoc\"},\"url\":\"https:\\\/\\\/radiounodigital.com\\\/web\\\/author\\\/diegoc\\\/\"}]}<\/script>\n<!-- \/ Yoast SEO plugin. -->","yoast_head_json":{"title":"David Bowie naci\u00f3 un 8 de Enero como hoy pero de 1947 - Radio UNO Digital","description":"A 74 a\u00f1os de su nacimiento y a tan solo dos d\u00edas del quinto aniversario de su muerte, celebramos su vida con su m\u00fasica. Gracias David.","robots":{"index":"index","follow":"follow","max-snippet":"max-snippet:-1","max-image-preview":"max-image-preview:large","max-video-preview":"max-video-preview:-1"},"canonical":"https:\/\/radiounodigital.com\/web\/2021\/01\/08\/david-bowie-nacio-un-8-de-enero-como-hoy-pero-de-1947\/","og_locale":"es_ES","og_type":"article","og_title":"David Bowie naci\u00f3 un 8 de Enero como hoy pero de 1947 - Radio UNO Digital","og_description":"A 74 a\u00f1os de su nacimiento y a tan solo dos d\u00edas del quinto aniversario de su muerte, celebramos su vida con su m\u00fasica. Gracias David.","og_url":"https:\/\/radiounodigital.com\/web\/2021\/01\/08\/david-bowie-nacio-un-8-de-enero-como-hoy-pero-de-1947\/","og_site_name":"Radio UNO Digital","article_published_time":"2021-01-08T09:45:30+00:00","article_modified_time":"2021-01-08T12:54:11+00:00","og_image":[{"width":1920,"height":1008,"url":"https:\/\/radiounodigital.com\/web\/wp-content\/uploads\/2021\/01\/david-bowie-1920px.jpg","type":"image\/jpeg"}],"author":"diegoc","twitter_card":"summary_large_image","twitter_description":"A 74 a\u00f1os de su nacimiento y a tan solo dos d\u00edas del quinto aniversario de su muerte, celebramos su vida con su m\u00fasica. Gracias David.","twitter_image":"https:\/\/radiounodigital.com\/web\/wp-content\/uploads\/2021\/01\/david-bowie-1920px.jpg","twitter_misc":{"Escrito por":"diegoc"},"schema":{"@context":"https:\/\/schema.org","@graph":[{"@type":"Article","@id":"https:\/\/radiounodigital.com\/web\/2021\/01\/08\/david-bowie-nacio-un-8-de-enero-como-hoy-pero-de-1947\/#article","isPartOf":{"@id":"https:\/\/radiounodigital.com\/web\/2021\/01\/08\/david-bowie-nacio-un-8-de-enero-como-hoy-pero-de-1947\/"},"author":{"name":"diegoc","@id":"https:\/\/radiounodigital.com\/web\/#\/schema\/person\/00b93151fa54f619ecf9c183d1fc9758"},"headline":"David Bowie naci\u00f3 un 8 de Enero como hoy pero de 1947","datePublished":"2021-01-08T09:45:30+00:00","dateModified":"2021-01-08T12:54:11+00:00","mainEntityOfPage":{"@id":"https:\/\/radiounodigital.com\/web\/2021\/01\/08\/david-bowie-nacio-un-8-de-enero-como-hoy-pero-de-1947\/"},"wordCount":77,"commentCount":0,"image":{"@id":"https:\/\/radiounodigital.com\/web\/2021\/01\/08\/david-bowie-nacio-un-8-de-enero-como-hoy-pero-de-1947\/#primaryimage"},"thumbnailUrl":"https:\/\/radiounodigital.com\/web\/wp-content\/uploads\/2021\/01\/david-bowie-1920px.jpg","keywords":["74","8 de enero","cumplea\u00f1os","david bowie"],"articleSection":["news","Rock Clasico"],"inLanguage":"es","potentialAction":[{"@type":"CommentAction","name":"Comment","target":["https:\/\/radiounodigital.com\/web\/2021\/01\/08\/david-bowie-nacio-un-8-de-enero-como-hoy-pero-de-1947\/#respond"]}]},{"@type":["WebPage","ItemPage"],"@id":"https:\/\/radiounodigital.com\/web\/2021\/01\/08\/david-bowie-nacio-un-8-de-enero-como-hoy-pero-de-1947\/","url":"https:\/\/radiounodigital.com\/web\/2021\/01\/08\/david-bowie-nacio-un-8-de-enero-como-hoy-pero-de-1947\/","name":"David Bowie naci\u00f3 un 8 de Enero como hoy pero de 1947 - Radio UNO Digital","isPartOf":{"@id":"https:\/\/radiounodigital.com\/web\/#website"},"primaryImageOfPage":{"@id":"https:\/\/radiounodigital.com\/web\/2021\/01\/08\/david-bowie-nacio-un-8-de-enero-como-hoy-pero-de-1947\/#primaryimage"},"image":{"@id":"https:\/\/radiounodigital.com\/web\/2021\/01\/08\/david-bowie-nacio-un-8-de-enero-como-hoy-pero-de-1947\/#primaryimage"},"thumbnailUrl":"https:\/\/radiounodigital.com\/web\/wp-content\/uploads\/2021\/01\/david-bowie-1920px.jpg","datePublished":"2021-01-08T09:45:30+00:00","dateModified":"2021-01-08T12:54:11+00:00","author":{"@id":"https:\/\/radiounodigital.com\/web\/#\/schema\/person\/00b93151fa54f619ecf9c183d1fc9758"},"description":"A 74 a\u00f1os de su nacimiento y a tan solo dos d\u00edas del quinto aniversario de su muerte, celebramos su vida con su m\u00fasica. Gracias David.","breadcrumb":{"@id":"https:\/\/radiounodigital.com\/web\/2021\/01\/08\/david-bowie-nacio-un-8-de-enero-como-hoy-pero-de-1947\/#breadcrumb"},"inLanguage":"es","potentialAction":[{"@type":"ReadAction","target":["https:\/\/radiounodigital.com\/web\/2021\/01\/08\/david-bowie-nacio-un-8-de-enero-como-hoy-pero-de-1947\/"]}]},{"@type":"ImageObject","inLanguage":"es","@id":"https:\/\/radiounodigital.com\/web\/2021\/01\/08\/david-bowie-nacio-un-8-de-enero-como-hoy-pero-de-1947\/#primaryimage","url":"https:\/\/radiounodigital.com\/web\/wp-content\/uploads\/2021\/01\/david-bowie-1920px.jpg","contentUrl":"https:\/\/radiounodigital.com\/web\/wp-content\/uploads\/2021\/01\/david-bowie-1920px.jpg","width":1920,"height":1008},{"@type":"BreadcrumbList","@id":"https:\/\/radiounodigital.com\/web\/2021\/01\/08\/david-bowie-nacio-un-8-de-enero-como-hoy-pero-de-1947\/#breadcrumb","itemListElement":[{"@type":"ListItem","position":1,"name":"Home","item":"https:\/\/radiounodigital.com\/web\/"},{"@type":"ListItem","position":2,"name":"David Bowie naci\u00f3 un 8 de Enero como hoy pero de 1947"}]},{"@type":"WebSite","@id":"https:\/\/radiounodigital.com\/web\/#website","url":"https:\/\/radiounodigital.com\/web\/","name":"Radio UNO Digital","description":"Donde la cultura del rock se siente","potentialAction":[{"@type":"SearchAction","target":{"@type":"EntryPoint","urlTemplate":"https:\/\/radiounodigital.com\/web\/?s={search_term_string}"},"query-input":{"@type":"PropertyValueSpecification","valueRequired":true,"valueName":"search_term_string"}}],"inLanguage":"es"},{"@type":"Person","@id":"https:\/\/radiounodigital.com\/web\/#\/schema\/person\/00b93151fa54f619ecf9c183d1fc9758","name":"diegoc","image":{"@type":"ImageObject","inLanguage":"es","@id":"https:\/\/secure.gravatar.com\/avatar\/0a67041d44c702fb0660d81a5a32c7ce6007341cf92afeb718b75883bf415864?s=96&d=blank&r=g","url":"https:\/\/secure.gravatar.com\/avatar\/0a67041d44c702fb0660d81a5a32c7ce6007341cf92afeb718b75883bf415864?s=96&d=blank&r=g","contentUrl":"https:\/\/secure.gravatar.com\/avatar\/0a67041d44c702fb0660d81a5a32c7ce6007341cf92afeb718b75883bf415864?s=96&d=blank&r=g","caption":"diegoc"},"url":"https:\/\/radiounodigital.com\/web\/author\/diegoc\/"}]}},"_links":{"self":[{"href":"https:\/\/radiounodigital.com\/web\/wp-json\/wp\/v2\/posts\/5177","targetHints":{"allow":["GET"]}}],"collection":[{"href":"https:\/\/radiounodigital.com\/web\/wp-json\/wp\/v2\/posts"}],"about":[{"href":"https:\/\/radiounodigital.com\/web\/wp-json\/wp\/v2\/types\/post"}],"author":[{"embeddable":true,"href":"https:\/\/radiounodigital.com\/web\/wp-json\/wp\/v2\/users\/1"}],"replies":[{"embeddable":true,"href":"https:\/\/radiounodigital.com\/web\/wp-json\/wp\/v2\/comments?post=5177"}],"version-history":[{"count":1,"href":"https:\/\/radiounodigital.com\/web\/wp-json\/wp\/v2\/posts\/5177\/revisions"}],"predecessor-version":[{"id":5180,"href":"https:\/\/radiounodigital.com\/web\/wp-json\/wp\/v2\/posts\/5177\/revisions\/5180"}],"wp:featuredmedia":[{"embeddable":true,"href":"https:\/\/radiounodigital.com\/web\/wp-json\/wp\/v2\/media\/5178"}],"wp:attachment":[{"href":"https:\/\/radiounodigital.com\/web\/wp-json\/wp\/v2\/media?parent=5177"}],"wp:term":[{"taxonomy":"category","embeddable":true,"href":"https:\/\/radiounodigital.com\/web\/wp-json\/wp\/v2\/categories?post=5177"},{"taxonomy":"post_tag","embeddable":true,"href":"https:\/\/radiounodigital.com\/web\/wp-json\/wp\/v2\/tags?post=5177"}],"curies":[{"name":"wp","href":"https:\/\/api.w.org\/{rel}","templated":true}]}}