{"id":5262,"date":"2021-01-22T08:19:49","date_gmt":"2021-01-22T11:19:49","guid":{"rendered":"https:\/\/radiounodigital.com\/web\/?p=5262"},"modified":"2021-01-22T08:19:49","modified_gmt":"2021-01-22T11:19:49","slug":"mira-la-nueva-version-de-roger-waters-de-the-gunners-dream-de-pink-floyd","status":"publish","type":"post","link":"https:\/\/radiounodigital.com\/web\/2021\/01\/22\/mira-la-nueva-version-de-roger-waters-de-the-gunners-dream-de-pink-floyd\/","title":{"rendered":"Mira la nueva versi\u00f3n de Roger Waters de The Gunner&#8217;s Dream de Pink Floyd"},"content":{"rendered":"<h3>Roger Waters lanza un nuevo video de Pink Floyd&#8217;s The Gunner&#8217;s Dream de The Final Cut.<\/h3>\n<p>Roger Waters ha lanzado un video para una nueva versi\u00f3n de la canci\u00f3n de 1983 de Pink Floyd, The Gunner&#8217;s Dream. La canci\u00f3n apareci\u00f3 originalmente en el \u00e1lbum The Final Cut de la banda, que fue el \u00faltimo en presentar a Waters.<\/p>\n<p>La nueva versi\u00f3n, inspirada por Waters viendo el documental de 2013 El hombre que salv\u00f3 el mundo (sobre Stanislav Petrov, el ex teniente coronel de las Fuerzas de Defensa A\u00e9reas Sovi\u00e9ticas y su papel en la prevenci\u00f3n de un posible holocausto nuclear en 1983 debido a un incidente de falsa alarma), cuenta con Waters junto a la banda Dave Kilminster y Jonathan Wilson (guitarras), Gus Seyffert (bajo), Joey Waronker (bater\u00eda), Jon Carin (teclados), Bo Koster (Hammond), Ian Ritchie (saxof\u00f3n) y los coristas Lucius-Jess Wolfe y Holly Laessig. Puedes ver el video completo a continuaci\u00f3n.<\/p>\n<p>\u00abAnoche vi el documental de 2013 El hombre que salv\u00f3 el mundo\u00bb, dice Waters. El nombre del hombre es Stanislav Petrov. El a\u00f1o antes de que Stanislav salvara al mundo En el a\u00f1o 1982 escrib\u00ed una canci\u00f3n The Gunner&#8217;s Dream. Es extra\u00f1o pensar que si Stanislav no hubiera estado en el lugar correcto en el momento adecuado, ninguno de nosotros estar\u00eda vivo. Nadie menor de 37 a\u00f1os habr\u00eda nacido.<\/p>\n<p>\u00abTodos, excepto los cretinos entre nosotros, reconocen que las armas nucleares no tienen valor. Tambi\u00e9n se reconoce que son una bomba de relojer\u00eda y las ignoramos bajo nuestro propio riesgo. Los accidentes ocurren. Los Stanislav de este mundo son una raza rara. Nosotros\u00bb He tenido una suerte extraordinaria. Si gobernara el mundo, har\u00eda caso de las palabras de los sabios. Me deshar\u00eda de las armas nucleares a primera hora de la ma\u00f1ana. En el d\u00eda del nombre del Dr. King. Por supuesto, nadie puede gobernar el mundo. El mundo no puede ser gobernado Solo puede ser amado, respetado y compartido. Si todav\u00eda estamos aqu\u00ed por la ma\u00f1ana. As\u00ed que aqu\u00ed hay una nueva grabaci\u00f3n y video de The Gunner&#8217;s Dream como un regalo de mi parte, de mi adorable banda y de nuestros amigos \u00ab.<\/p>\n<p><iframe loading=\"lazy\" title=\"Roger Waters - The Gunner&#039;s Dream\" width=\"960\" height=\"540\" src=\"https:\/\/www.youtube.com\/embed\/aC9rY4HeN6A?feature=oembed\" frameborder=\"0\" allow=\"accelerometer; autoplay; clipboard-write; encrypted-media; gyroscope; picture-in-picture\" allowfullscreen><\/iframe><\/p>\n<div class=\"fb-background-color\">\n\t\t\t  <div \n\t\t\t  \tclass = \"fb-comments\" \n\t\t\t  \tdata-href = \"https:\/\/radiounodigital.com\/web\/2021\/01\/22\/mira-la-nueva-version-de-roger-waters-de-the-gunners-dream-de-pink-floyd\/\"\n\t\t\t  \tdata-numposts = \"10\"\n\t\t\t  \tdata-lazy = \"true\"\n\t\t\t\tdata-colorscheme = \"dark\"\n\t\t\t\tdata-order-by = \"reverse_time\"\n\t\t\t\tdata-mobile=true>\n\t\t\t  <\/div><\/div>\n\t\t  <style>\n\t\t    .fb-background-color {\n\t\t\t\tbackground: #ffffff !important;\n\t\t\t}\n\t\t\t.fb_iframe_widget_fluid_desktop iframe {\n\t\t\t    width: 100% !important;\n\t\t\t}\n\t\t  <\/style>\n\t\t  ","protected":false},"excerpt":{"rendered":"<p>Roger Waters lanza un nuevo video de Pink Floyd&#8217;s The Gunner&#8217;s Dream de The Final Cut. Roger Waters ha lanzado un video para una nueva versi\u00f3n de la canci\u00f3n de 1983 de Pink Floyd, The Gunner&#8217;s Dream. La canci\u00f3n apareci\u00f3 originalmente en el \u00e1lbum The Final Cut de la banda, que fue el \u00faltimo en&#8230; <a href=\"https:\/\/radiounodigital.com\/web\/2021\/01\/22\/mira-la-nueva-version-de-roger-waters-de-the-gunners-dream-de-pink-floyd\/\" class=\"excerpt-read-more\">Read More<\/a><\/p>\n","protected":false},"author":1,"featured_media":5264,"comment_status":"open","ping_status":"open","sticky":false,"template":"","format":"standard","meta":{"footnotes":""},"categories":[184,180,128,1359],"tags":[93,216,952,1518,1517,963],"class_list":["post-5262","post","type-post","status-publish","format-standard","has-post-thumbnail","hentry","category-1001-canciones","category-news","category-rock-clasico","category-videos","tag-nueva","tag-pink-floyd","tag-roger-waters","tag-the-final-cut","tag-the-gunners-dream","tag-version"],"yoast_head":"<!-- This site is optimized with the Yoast SEO plugin v27.4 - https:\/\/yoast.com\/product\/yoast-seo-wordpress\/ -->\n<title>Mira la nueva versi\u00f3n de Roger Waters de The Gunner&#039;s Dream de Pink Floyd - Radio UNO Digital<\/title>\n<meta name=\"description\" content=\"Roger Waters ha lanzado un video para una nueva versi\u00f3n de la canci\u00f3n de 1983 de Pink Floyd, The Gunner&#039;s Dream. La canci\u00f3n apareci\u00f3....\" \/>\n<meta name=\"robots\" content=\"index, follow, max-snippet:-1, max-image-preview:large, max-video-preview:-1\" \/>\n<link rel=\"canonical\" href=\"https:\/\/radiounodigital.com\/web\/2021\/01\/22\/mira-la-nueva-version-de-roger-waters-de-the-gunners-dream-de-pink-floyd\/\" \/>\n<meta property=\"og:locale\" content=\"es_ES\" \/>\n<meta property=\"og:type\" content=\"article\" \/>\n<meta property=\"og:title\" content=\"Mira la nueva versi\u00f3n de Roger Waters de The Gunner&#039;s Dream de Pink Floyd - Radio UNO Digital\" \/>\n<meta property=\"og:description\" content=\"Roger Waters ha lanzado un video para una nueva versi\u00f3n de la canci\u00f3n de 1983 de Pink Floyd, The Gunner&#039;s Dream. La canci\u00f3n apareci\u00f3....\" \/>\n<meta property=\"og:url\" content=\"https:\/\/radiounodigital.com\/web\/2021\/01\/22\/mira-la-nueva-version-de-roger-waters-de-the-gunners-dream-de-pink-floyd\/\" \/>\n<meta property=\"og:site_name\" content=\"Radio UNO Digital\" \/>\n<meta property=\"article:published_time\" content=\"2021-01-22T11:19:49+00:00\" \/>\n<meta property=\"og:image\" content=\"https:\/\/radiounodigital.com\/web\/wp-content\/uploads\/2021\/01\/Roger-Waters.jpg\" \/>\n\t<meta property=\"og:image:width\" content=\"807\" \/>\n\t<meta property=\"og:image:height\" content=\"454\" \/>\n\t<meta property=\"og:image:type\" content=\"image\/jpeg\" \/>\n<meta name=\"author\" content=\"diegoc\" \/>\n<meta name=\"twitter:card\" content=\"summary_large_image\" \/>\n<meta name=\"twitter:label1\" content=\"Escrito por\" \/>\n\t<meta name=\"twitter:data1\" content=\"diegoc\" \/>\n\t<meta name=\"twitter:label2\" content=\"Tiempo de lectura\" \/>\n\t<meta name=\"twitter:data2\" content=\"2 minutos\" \/>\n<script type=\"application\/ld+json\" class=\"yoast-schema-graph\">{\"@context\":\"https:\\\/\\\/schema.org\",\"@graph\":[{\"@type\":\"Article\",\"@id\":\"https:\\\/\\\/radiounodigital.com\\\/web\\\/2021\\\/01\\\/22\\\/mira-la-nueva-version-de-roger-waters-de-the-gunners-dream-de-pink-floyd\\\/#article\",\"isPartOf\":{\"@id\":\"https:\\\/\\\/radiounodigital.com\\\/web\\\/2021\\\/01\\\/22\\\/mira-la-nueva-version-de-roger-waters-de-the-gunners-dream-de-pink-floyd\\\/\"},\"author\":{\"name\":\"diegoc\",\"@id\":\"https:\\\/\\\/radiounodigital.com\\\/web\\\/#\\\/schema\\\/person\\\/00b93151fa54f619ecf9c183d1fc9758\"},\"headline\":\"Mira la nueva versi\u00f3n de Roger Waters de The Gunner&#8217;s Dream de Pink Floyd\",\"datePublished\":\"2021-01-22T11:19:49+00:00\",\"mainEntityOfPage\":{\"@id\":\"https:\\\/\\\/radiounodigital.com\\\/web\\\/2021\\\/01\\\/22\\\/mira-la-nueva-version-de-roger-waters-de-the-gunners-dream-de-pink-floyd\\\/\"},\"wordCount\":403,\"commentCount\":0,\"image\":{\"@id\":\"https:\\\/\\\/radiounodigital.com\\\/web\\\/2021\\\/01\\\/22\\\/mira-la-nueva-version-de-roger-waters-de-the-gunners-dream-de-pink-floyd\\\/#primaryimage\"},\"thumbnailUrl\":\"https:\\\/\\\/radiounodigital.com\\\/web\\\/wp-content\\\/uploads\\\/2021\\\/01\\\/Roger-Waters.jpg\",\"keywords\":[\"nueva\",\"pink floyd\",\"roger waters\",\"the final cut\",\"The Gunner's Dream\",\"version\"],\"articleSection\":[\"1001 Canciones\",\"news\",\"Rock Clasico\",\"videos\"],\"inLanguage\":\"es\",\"potentialAction\":[{\"@type\":\"CommentAction\",\"name\":\"Comment\",\"target\":[\"https:\\\/\\\/radiounodigital.com\\\/web\\\/2021\\\/01\\\/22\\\/mira-la-nueva-version-de-roger-waters-de-the-gunners-dream-de-pink-floyd\\\/#respond\"]}]},{\"@type\":\"WebPage\",\"@id\":\"https:\\\/\\\/radiounodigital.com\\\/web\\\/2021\\\/01\\\/22\\\/mira-la-nueva-version-de-roger-waters-de-the-gunners-dream-de-pink-floyd\\\/\",\"url\":\"https:\\\/\\\/radiounodigital.com\\\/web\\\/2021\\\/01\\\/22\\\/mira-la-nueva-version-de-roger-waters-de-the-gunners-dream-de-pink-floyd\\\/\",\"name\":\"Mira la nueva versi\u00f3n de Roger Waters de The Gunner's Dream de Pink Floyd - Radio UNO Digital\",\"isPartOf\":{\"@id\":\"https:\\\/\\\/radiounodigital.com\\\/web\\\/#website\"},\"primaryImageOfPage\":{\"@id\":\"https:\\\/\\\/radiounodigital.com\\\/web\\\/2021\\\/01\\\/22\\\/mira-la-nueva-version-de-roger-waters-de-the-gunners-dream-de-pink-floyd\\\/#primaryimage\"},\"image\":{\"@id\":\"https:\\\/\\\/radiounodigital.com\\\/web\\\/2021\\\/01\\\/22\\\/mira-la-nueva-version-de-roger-waters-de-the-gunners-dream-de-pink-floyd\\\/#primaryimage\"},\"thumbnailUrl\":\"https:\\\/\\\/radiounodigital.com\\\/web\\\/wp-content\\\/uploads\\\/2021\\\/01\\\/Roger-Waters.jpg\",\"datePublished\":\"2021-01-22T11:19:49+00:00\",\"author\":{\"@id\":\"https:\\\/\\\/radiounodigital.com\\\/web\\\/#\\\/schema\\\/person\\\/00b93151fa54f619ecf9c183d1fc9758\"},\"description\":\"Roger Waters ha lanzado un video para una nueva versi\u00f3n de la canci\u00f3n de 1983 de Pink Floyd, The Gunner's Dream. La canci\u00f3n apareci\u00f3....\",\"breadcrumb\":{\"@id\":\"https:\\\/\\\/radiounodigital.com\\\/web\\\/2021\\\/01\\\/22\\\/mira-la-nueva-version-de-roger-waters-de-the-gunners-dream-de-pink-floyd\\\/#breadcrumb\"},\"inLanguage\":\"es\",\"potentialAction\":[{\"@type\":\"ReadAction\",\"target\":[\"https:\\\/\\\/radiounodigital.com\\\/web\\\/2021\\\/01\\\/22\\\/mira-la-nueva-version-de-roger-waters-de-the-gunners-dream-de-pink-floyd\\\/\"]}]},{\"@type\":\"ImageObject\",\"inLanguage\":\"es\",\"@id\":\"https:\\\/\\\/radiounodigital.com\\\/web\\\/2021\\\/01\\\/22\\\/mira-la-nueva-version-de-roger-waters-de-the-gunners-dream-de-pink-floyd\\\/#primaryimage\",\"url\":\"https:\\\/\\\/radiounodigital.com\\\/web\\\/wp-content\\\/uploads\\\/2021\\\/01\\\/Roger-Waters.jpg\",\"contentUrl\":\"https:\\\/\\\/radiounodigital.com\\\/web\\\/wp-content\\\/uploads\\\/2021\\\/01\\\/Roger-Waters.jpg\",\"width\":807,\"height\":454},{\"@type\":\"BreadcrumbList\",\"@id\":\"https:\\\/\\\/radiounodigital.com\\\/web\\\/2021\\\/01\\\/22\\\/mira-la-nueva-version-de-roger-waters-de-the-gunners-dream-de-pink-floyd\\\/#breadcrumb\",\"itemListElement\":[{\"@type\":\"ListItem\",\"position\":1,\"name\":\"Home\",\"item\":\"https:\\\/\\\/radiounodigital.com\\\/web\\\/\"},{\"@type\":\"ListItem\",\"position\":2,\"name\":\"Mira la nueva versi\u00f3n de Roger Waters de The Gunner&#8217;s Dream de Pink Floyd\"}]},{\"@type\":\"WebSite\",\"@id\":\"https:\\\/\\\/radiounodigital.com\\\/web\\\/#website\",\"url\":\"https:\\\/\\\/radiounodigital.com\\\/web\\\/\",\"name\":\"Radio UNO Digital\",\"description\":\"Donde la cultura del rock se siente\",\"potentialAction\":[{\"@type\":\"SearchAction\",\"target\":{\"@type\":\"EntryPoint\",\"urlTemplate\":\"https:\\\/\\\/radiounodigital.com\\\/web\\\/?s={search_term_string}\"},\"query-input\":{\"@type\":\"PropertyValueSpecification\",\"valueRequired\":true,\"valueName\":\"search_term_string\"}}],\"inLanguage\":\"es\"},{\"@type\":\"Person\",\"@id\":\"https:\\\/\\\/radiounodigital.com\\\/web\\\/#\\\/schema\\\/person\\\/00b93151fa54f619ecf9c183d1fc9758\",\"name\":\"diegoc\",\"image\":{\"@type\":\"ImageObject\",\"inLanguage\":\"es\",\"@id\":\"https:\\\/\\\/secure.gravatar.com\\\/avatar\\\/0a67041d44c702fb0660d81a5a32c7ce6007341cf92afeb718b75883bf415864?s=96&d=blank&r=g\",\"url\":\"https:\\\/\\\/secure.gravatar.com\\\/avatar\\\/0a67041d44c702fb0660d81a5a32c7ce6007341cf92afeb718b75883bf415864?s=96&d=blank&r=g\",\"contentUrl\":\"https:\\\/\\\/secure.gravatar.com\\\/avatar\\\/0a67041d44c702fb0660d81a5a32c7ce6007341cf92afeb718b75883bf415864?s=96&d=blank&r=g\",\"caption\":\"diegoc\"},\"url\":\"https:\\\/\\\/radiounodigital.com\\\/web\\\/author\\\/diegoc\\\/\"}]}<\/script>\n<!-- \/ Yoast SEO plugin. -->","yoast_head_json":{"title":"Mira la nueva versi\u00f3n de Roger Waters de The Gunner's Dream de Pink Floyd - Radio UNO Digital","description":"Roger Waters ha lanzado un video para una nueva versi\u00f3n de la canci\u00f3n de 1983 de Pink Floyd, The Gunner's Dream. La canci\u00f3n apareci\u00f3....","robots":{"index":"index","follow":"follow","max-snippet":"max-snippet:-1","max-image-preview":"max-image-preview:large","max-video-preview":"max-video-preview:-1"},"canonical":"https:\/\/radiounodigital.com\/web\/2021\/01\/22\/mira-la-nueva-version-de-roger-waters-de-the-gunners-dream-de-pink-floyd\/","og_locale":"es_ES","og_type":"article","og_title":"Mira la nueva versi\u00f3n de Roger Waters de The Gunner's Dream de Pink Floyd - Radio UNO Digital","og_description":"Roger Waters ha lanzado un video para una nueva versi\u00f3n de la canci\u00f3n de 1983 de Pink Floyd, The Gunner's Dream. La canci\u00f3n apareci\u00f3....","og_url":"https:\/\/radiounodigital.com\/web\/2021\/01\/22\/mira-la-nueva-version-de-roger-waters-de-the-gunners-dream-de-pink-floyd\/","og_site_name":"Radio UNO Digital","article_published_time":"2021-01-22T11:19:49+00:00","og_image":[{"width":807,"height":454,"url":"https:\/\/radiounodigital.com\/web\/wp-content\/uploads\/2021\/01\/Roger-Waters.jpg","type":"image\/jpeg"}],"author":"diegoc","twitter_card":"summary_large_image","twitter_misc":{"Escrito por":"diegoc","Tiempo de lectura":"2 minutos"},"schema":{"@context":"https:\/\/schema.org","@graph":[{"@type":"Article","@id":"https:\/\/radiounodigital.com\/web\/2021\/01\/22\/mira-la-nueva-version-de-roger-waters-de-the-gunners-dream-de-pink-floyd\/#article","isPartOf":{"@id":"https:\/\/radiounodigital.com\/web\/2021\/01\/22\/mira-la-nueva-version-de-roger-waters-de-the-gunners-dream-de-pink-floyd\/"},"author":{"name":"diegoc","@id":"https:\/\/radiounodigital.com\/web\/#\/schema\/person\/00b93151fa54f619ecf9c183d1fc9758"},"headline":"Mira la nueva versi\u00f3n de Roger Waters de The Gunner&#8217;s Dream de Pink Floyd","datePublished":"2021-01-22T11:19:49+00:00","mainEntityOfPage":{"@id":"https:\/\/radiounodigital.com\/web\/2021\/01\/22\/mira-la-nueva-version-de-roger-waters-de-the-gunners-dream-de-pink-floyd\/"},"wordCount":403,"commentCount":0,"image":{"@id":"https:\/\/radiounodigital.com\/web\/2021\/01\/22\/mira-la-nueva-version-de-roger-waters-de-the-gunners-dream-de-pink-floyd\/#primaryimage"},"thumbnailUrl":"https:\/\/radiounodigital.com\/web\/wp-content\/uploads\/2021\/01\/Roger-Waters.jpg","keywords":["nueva","pink floyd","roger waters","the final cut","The Gunner's Dream","version"],"articleSection":["1001 Canciones","news","Rock Clasico","videos"],"inLanguage":"es","potentialAction":[{"@type":"CommentAction","name":"Comment","target":["https:\/\/radiounodigital.com\/web\/2021\/01\/22\/mira-la-nueva-version-de-roger-waters-de-the-gunners-dream-de-pink-floyd\/#respond"]}]},{"@type":"WebPage","@id":"https:\/\/radiounodigital.com\/web\/2021\/01\/22\/mira-la-nueva-version-de-roger-waters-de-the-gunners-dream-de-pink-floyd\/","url":"https:\/\/radiounodigital.com\/web\/2021\/01\/22\/mira-la-nueva-version-de-roger-waters-de-the-gunners-dream-de-pink-floyd\/","name":"Mira la nueva versi\u00f3n de Roger Waters de The Gunner's Dream de Pink Floyd - Radio UNO Digital","isPartOf":{"@id":"https:\/\/radiounodigital.com\/web\/#website"},"primaryImageOfPage":{"@id":"https:\/\/radiounodigital.com\/web\/2021\/01\/22\/mira-la-nueva-version-de-roger-waters-de-the-gunners-dream-de-pink-floyd\/#primaryimage"},"image":{"@id":"https:\/\/radiounodigital.com\/web\/2021\/01\/22\/mira-la-nueva-version-de-roger-waters-de-the-gunners-dream-de-pink-floyd\/#primaryimage"},"thumbnailUrl":"https:\/\/radiounodigital.com\/web\/wp-content\/uploads\/2021\/01\/Roger-Waters.jpg","datePublished":"2021-01-22T11:19:49+00:00","author":{"@id":"https:\/\/radiounodigital.com\/web\/#\/schema\/person\/00b93151fa54f619ecf9c183d1fc9758"},"description":"Roger Waters ha lanzado un video para una nueva versi\u00f3n de la canci\u00f3n de 1983 de Pink Floyd, The Gunner's Dream. La canci\u00f3n apareci\u00f3....","breadcrumb":{"@id":"https:\/\/radiounodigital.com\/web\/2021\/01\/22\/mira-la-nueva-version-de-roger-waters-de-the-gunners-dream-de-pink-floyd\/#breadcrumb"},"inLanguage":"es","potentialAction":[{"@type":"ReadAction","target":["https:\/\/radiounodigital.com\/web\/2021\/01\/22\/mira-la-nueva-version-de-roger-waters-de-the-gunners-dream-de-pink-floyd\/"]}]},{"@type":"ImageObject","inLanguage":"es","@id":"https:\/\/radiounodigital.com\/web\/2021\/01\/22\/mira-la-nueva-version-de-roger-waters-de-the-gunners-dream-de-pink-floyd\/#primaryimage","url":"https:\/\/radiounodigital.com\/web\/wp-content\/uploads\/2021\/01\/Roger-Waters.jpg","contentUrl":"https:\/\/radiounodigital.com\/web\/wp-content\/uploads\/2021\/01\/Roger-Waters.jpg","width":807,"height":454},{"@type":"BreadcrumbList","@id":"https:\/\/radiounodigital.com\/web\/2021\/01\/22\/mira-la-nueva-version-de-roger-waters-de-the-gunners-dream-de-pink-floyd\/#breadcrumb","itemListElement":[{"@type":"ListItem","position":1,"name":"Home","item":"https:\/\/radiounodigital.com\/web\/"},{"@type":"ListItem","position":2,"name":"Mira la nueva versi\u00f3n de Roger Waters de The Gunner&#8217;s Dream de Pink Floyd"}]},{"@type":"WebSite","@id":"https:\/\/radiounodigital.com\/web\/#website","url":"https:\/\/radiounodigital.com\/web\/","name":"Radio UNO Digital","description":"Donde la cultura del rock se siente","potentialAction":[{"@type":"SearchAction","target":{"@type":"EntryPoint","urlTemplate":"https:\/\/radiounodigital.com\/web\/?s={search_term_string}"},"query-input":{"@type":"PropertyValueSpecification","valueRequired":true,"valueName":"search_term_string"}}],"inLanguage":"es"},{"@type":"Person","@id":"https:\/\/radiounodigital.com\/web\/#\/schema\/person\/00b93151fa54f619ecf9c183d1fc9758","name":"diegoc","image":{"@type":"ImageObject","inLanguage":"es","@id":"https:\/\/secure.gravatar.com\/avatar\/0a67041d44c702fb0660d81a5a32c7ce6007341cf92afeb718b75883bf415864?s=96&d=blank&r=g","url":"https:\/\/secure.gravatar.com\/avatar\/0a67041d44c702fb0660d81a5a32c7ce6007341cf92afeb718b75883bf415864?s=96&d=blank&r=g","contentUrl":"https:\/\/secure.gravatar.com\/avatar\/0a67041d44c702fb0660d81a5a32c7ce6007341cf92afeb718b75883bf415864?s=96&d=blank&r=g","caption":"diegoc"},"url":"https:\/\/radiounodigital.com\/web\/author\/diegoc\/"}]}},"_links":{"self":[{"href":"https:\/\/radiounodigital.com\/web\/wp-json\/wp\/v2\/posts\/5262","targetHints":{"allow":["GET"]}}],"collection":[{"href":"https:\/\/radiounodigital.com\/web\/wp-json\/wp\/v2\/posts"}],"about":[{"href":"https:\/\/radiounodigital.com\/web\/wp-json\/wp\/v2\/types\/post"}],"author":[{"embeddable":true,"href":"https:\/\/radiounodigital.com\/web\/wp-json\/wp\/v2\/users\/1"}],"replies":[{"embeddable":true,"href":"https:\/\/radiounodigital.com\/web\/wp-json\/wp\/v2\/comments?post=5262"}],"version-history":[{"count":1,"href":"https:\/\/radiounodigital.com\/web\/wp-json\/wp\/v2\/posts\/5262\/revisions"}],"predecessor-version":[{"id":5265,"href":"https:\/\/radiounodigital.com\/web\/wp-json\/wp\/v2\/posts\/5262\/revisions\/5265"}],"wp:featuredmedia":[{"embeddable":true,"href":"https:\/\/radiounodigital.com\/web\/wp-json\/wp\/v2\/media\/5264"}],"wp:attachment":[{"href":"https:\/\/radiounodigital.com\/web\/wp-json\/wp\/v2\/media?parent=5262"}],"wp:term":[{"taxonomy":"category","embeddable":true,"href":"https:\/\/radiounodigital.com\/web\/wp-json\/wp\/v2\/categories?post=5262"},{"taxonomy":"post_tag","embeddable":true,"href":"https:\/\/radiounodigital.com\/web\/wp-json\/wp\/v2\/tags?post=5262"}],"curies":[{"name":"wp","href":"https:\/\/api.w.org\/{rel}","templated":true}]}}