{"id":5287,"date":"2021-01-26T00:01:18","date_gmt":"2021-01-26T03:01:18","guid":{"rendered":"https:\/\/radiounodigital.com\/web\/?p=5287"},"modified":"2021-01-31T21:31:33","modified_gmt":"2021-02-01T00:31:33","slug":"25o-festival-de-jazz-de-punta-del-este-28-al-31-de-enero-via-streaming-gratis","status":"publish","type":"post","link":"https:\/\/radiounodigital.com\/web\/2021\/01\/26\/25o-festival-de-jazz-de-punta-del-este-28-al-31-de-enero-via-streaming-gratis\/","title":{"rendered":"EN VIVO Y EN DIRECTO: 25\u00ba Festival de Jazz de Punta del Este  por Radio UNO Digital"},"content":{"rendered":"<h3>Este a\u00f1o tan especial, en el que se celebran 25 a\u00f1os de buena m\u00fasica en Punta Ballena, ser\u00e1 sin p\u00fablico.<\/h3>\n<p>La buena noticia si se le puede llamar de alguna manera es que el mismo se transmitir\u00e1 v\u00eda Internet a trav\u00e9s de Radio UNO Digital, por TNU y en canal de YouTube y Facebook en el sitio Web del festival <span id=\"TSRSpan_18\" class=\"TSRSpan\"><img decoding=\"async\" class=\"TSRWebRatingIcon\" src=\"chrome-extension:\/\/cfeleongjhdjephegmmmdjgbfjiindbe\/images\/webicon_green.png\" \/><\/span><a class=\"oajrlxb2 g5ia77u1 qu0x051f esr5mh6w e9989ue4 r7d6kgcz rq0escxv nhd2j8a9 nc684nl6 p7hjln8o kvgmc6g5 cxmmr5t8 oygrvhab hcukyx3x jb3vyjys rz4wbd8a qt6c0cv9 a8nywdso i1ao9s8h esuyzwwr f1sip0of lzcic4wl py34i1dx gpro0wi8\" tabindex=\"0\" role=\"link\" href=\"http:\/\/www.festival.com.uy\/\" target=\"_blank\" rel=\"nofollow noopener\">www.festival.com.uy<\/a><\/p>\n<p>El festival se\u00a0 llevar\u00e1 a cabo desde el jueves 28 de enero hasta el domingo 31 con artistas locales.<\/p>\n<p>Los shows comienzan en cada jornada a las 19 horas, horario de Uruguay y Argentina (GMT-3)<\/p>\n<p><img loading=\"lazy\" decoding=\"async\" class=\"aligncenter size-full wp-image-5288\" src=\"https:\/\/radiounodigital.com\/web\/wp-content\/uploads\/2021\/01\/25-Festival-de-Jazz-Punta-del-Este.jpg\" alt=\"\" width=\"960\" height=\"872\" srcset=\"https:\/\/radiounodigital.com\/web\/wp-content\/uploads\/2021\/01\/25-Festival-de-Jazz-Punta-del-Este.jpg 960w, https:\/\/radiounodigital.com\/web\/wp-content\/uploads\/2021\/01\/25-Festival-de-Jazz-Punta-del-Este-300x273.jpg 300w, https:\/\/radiounodigital.com\/web\/wp-content\/uploads\/2021\/01\/25-Festival-de-Jazz-Punta-del-Este-768x698.jpg 768w\" sizes=\"auto, (max-width: 960px) 100vw, 960px\" \/><\/p>\n<div class=\"fb-background-color\">\n\t\t\t  <div \n\t\t\t  \tclass = \"fb-comments\" \n\t\t\t  \tdata-href = \"https:\/\/radiounodigital.com\/web\/2021\/01\/26\/25o-festival-de-jazz-de-punta-del-este-28-al-31-de-enero-via-streaming-gratis\/\"\n\t\t\t  \tdata-numposts = \"10\"\n\t\t\t  \tdata-lazy = \"true\"\n\t\t\t\tdata-colorscheme = \"dark\"\n\t\t\t\tdata-order-by = \"reverse_time\"\n\t\t\t\tdata-mobile=true>\n\t\t\t  <\/div><\/div>\n\t\t  <style>\n\t\t    .fb-background-color {\n\t\t\t\tbackground: #ffffff !important;\n\t\t\t}\n\t\t\t.fb_iframe_widget_fluid_desktop iframe {\n\t\t\t    width: 100% !important;\n\t\t\t}\n\t\t  <\/style>\n\t\t  ","protected":false},"excerpt":{"rendered":"<p>Este a\u00f1o tan especial, en el que se celebran 25 a\u00f1os de buena m\u00fasica en Punta Ballena, ser\u00e1 sin p\u00fablico. La buena noticia si se le puede llamar de alguna manera es que el mismo se transmitir\u00e1 v\u00eda Internet a trav\u00e9s de Radio UNO Digital, por TNU y en canal de YouTube y Facebook en&#8230; <a href=\"https:\/\/radiounodigital.com\/web\/2021\/01\/26\/25o-festival-de-jazz-de-punta-del-este-28-al-31-de-enero-via-streaming-gratis\/\" class=\"excerpt-read-more\">Read More<\/a><\/p>\n","protected":false},"author":1,"featured_media":5289,"comment_status":"open","ping_status":"open","sticky":false,"template":"","format":"standard","meta":{"footnotes":""},"categories":[180],"tags":[548,1539,1538,1536,1537],"class_list":["post-5287","post","type-post","status-publish","format-standard","has-post-thumbnail","hentry","category-news","tag-548","tag-edicion-25","tag-el-sosiego","tag-festival-de-jazz","tag-punta-del-este"],"yoast_head":"<!-- This site is optimized with the Yoast SEO plugin v27.4 - https:\/\/yoast.com\/product\/yoast-seo-wordpress\/ -->\n<title>EN VIVO Y EN DIRECTO: 25\u00ba Festival de Jazz de Punta del Este por Radio UNO Digital - Radio UNO Digital<\/title>\n<meta name=\"description\" content=\"Este a\u00f1o tan especial, en el que se celebran 25 a\u00f1os de buena m\u00fasica en Punta Ballena, ser\u00e1 sin p\u00fablico, pero GRATIS v\u00eda streaming\" \/>\n<meta name=\"robots\" content=\"index, follow, max-snippet:-1, max-image-preview:large, max-video-preview:-1\" \/>\n<link rel=\"canonical\" href=\"https:\/\/radiounodigital.com\/web\/2021\/01\/26\/25o-festival-de-jazz-de-punta-del-este-28-al-31-de-enero-via-streaming-gratis\/\" \/>\n<meta property=\"og:locale\" content=\"es_ES\" \/>\n<meta property=\"og:type\" content=\"article\" \/>\n<meta property=\"og:title\" content=\"EN VIVO Y EN DIRECTO: 25\u00ba Festival de Jazz de Punta del Este por Radio UNO Digital - Radio UNO Digital\" \/>\n<meta property=\"og:description\" content=\"Este a\u00f1o tan especial, en el que se celebran 25 a\u00f1os de buena m\u00fasica en Punta Ballena, ser\u00e1 sin p\u00fablico, pero GRATIS v\u00eda streaming\" \/>\n<meta property=\"og:url\" content=\"https:\/\/radiounodigital.com\/web\/2021\/01\/26\/25o-festival-de-jazz-de-punta-del-este-28-al-31-de-enero-via-streaming-gratis\/\" \/>\n<meta property=\"og:site_name\" content=\"Radio UNO Digital\" \/>\n<meta property=\"article:published_time\" content=\"2021-01-26T03:01:18+00:00\" \/>\n<meta property=\"article:modified_time\" content=\"2021-02-01T00:31:33+00:00\" \/>\n<meta property=\"og:image\" content=\"https:\/\/radiounodigital.com\/web\/wp-content\/uploads\/2021\/01\/FestivalJazz25.jpg\" \/>\n\t<meta property=\"og:image:width\" content=\"720\" \/>\n\t<meta property=\"og:image:height\" content=\"350\" \/>\n\t<meta property=\"og:image:type\" content=\"image\/jpeg\" \/>\n<meta name=\"author\" content=\"diegoc\" \/>\n<meta name=\"twitter:card\" content=\"summary_large_image\" \/>\n<meta name=\"twitter:label1\" content=\"Escrito por\" \/>\n\t<meta name=\"twitter:data1\" content=\"diegoc\" \/>\n\t<meta name=\"twitter:label2\" content=\"Tiempo de lectura\" \/>\n\t<meta name=\"twitter:data2\" content=\"1 minuto\" \/>\n<script type=\"application\/ld+json\" class=\"yoast-schema-graph\">{\"@context\":\"https:\\\/\\\/schema.org\",\"@graph\":[{\"@type\":\"Article\",\"@id\":\"https:\\\/\\\/radiounodigital.com\\\/web\\\/2021\\\/01\\\/26\\\/25o-festival-de-jazz-de-punta-del-este-28-al-31-de-enero-via-streaming-gratis\\\/#article\",\"isPartOf\":{\"@id\":\"https:\\\/\\\/radiounodigital.com\\\/web\\\/2021\\\/01\\\/26\\\/25o-festival-de-jazz-de-punta-del-este-28-al-31-de-enero-via-streaming-gratis\\\/\"},\"author\":{\"name\":\"diegoc\",\"@id\":\"https:\\\/\\\/radiounodigital.com\\\/web\\\/#\\\/schema\\\/person\\\/00b93151fa54f619ecf9c183d1fc9758\"},\"headline\":\"EN VIVO Y EN DIRECTO: 25\u00ba Festival de Jazz de Punta del Este por Radio UNO Digital\",\"datePublished\":\"2021-01-26T03:01:18+00:00\",\"dateModified\":\"2021-02-01T00:31:33+00:00\",\"mainEntityOfPage\":{\"@id\":\"https:\\\/\\\/radiounodigital.com\\\/web\\\/2021\\\/01\\\/26\\\/25o-festival-de-jazz-de-punta-del-este-28-al-31-de-enero-via-streaming-gratis\\\/\"},\"wordCount\":117,\"commentCount\":0,\"image\":{\"@id\":\"https:\\\/\\\/radiounodigital.com\\\/web\\\/2021\\\/01\\\/26\\\/25o-festival-de-jazz-de-punta-del-este-28-al-31-de-enero-via-streaming-gratis\\\/#primaryimage\"},\"thumbnailUrl\":\"https:\\\/\\\/radiounodigital.com\\\/web\\\/wp-content\\\/uploads\\\/2021\\\/01\\\/FestivalJazz25.jpg\",\"keywords\":[\"2021\",\"edicion 25\",\"el sosiego\",\"festival de jazz\",\"punta del este\"],\"articleSection\":[\"news\"],\"inLanguage\":\"es\",\"potentialAction\":[{\"@type\":\"CommentAction\",\"name\":\"Comment\",\"target\":[\"https:\\\/\\\/radiounodigital.com\\\/web\\\/2021\\\/01\\\/26\\\/25o-festival-de-jazz-de-punta-del-este-28-al-31-de-enero-via-streaming-gratis\\\/#respond\"]}]},{\"@type\":\"WebPage\",\"@id\":\"https:\\\/\\\/radiounodigital.com\\\/web\\\/2021\\\/01\\\/26\\\/25o-festival-de-jazz-de-punta-del-este-28-al-31-de-enero-via-streaming-gratis\\\/\",\"url\":\"https:\\\/\\\/radiounodigital.com\\\/web\\\/2021\\\/01\\\/26\\\/25o-festival-de-jazz-de-punta-del-este-28-al-31-de-enero-via-streaming-gratis\\\/\",\"name\":\"EN VIVO Y EN DIRECTO: 25\u00ba Festival de Jazz de Punta del Este por Radio UNO Digital - Radio UNO Digital\",\"isPartOf\":{\"@id\":\"https:\\\/\\\/radiounodigital.com\\\/web\\\/#website\"},\"primaryImageOfPage\":{\"@id\":\"https:\\\/\\\/radiounodigital.com\\\/web\\\/2021\\\/01\\\/26\\\/25o-festival-de-jazz-de-punta-del-este-28-al-31-de-enero-via-streaming-gratis\\\/#primaryimage\"},\"image\":{\"@id\":\"https:\\\/\\\/radiounodigital.com\\\/web\\\/2021\\\/01\\\/26\\\/25o-festival-de-jazz-de-punta-del-este-28-al-31-de-enero-via-streaming-gratis\\\/#primaryimage\"},\"thumbnailUrl\":\"https:\\\/\\\/radiounodigital.com\\\/web\\\/wp-content\\\/uploads\\\/2021\\\/01\\\/FestivalJazz25.jpg\",\"datePublished\":\"2021-01-26T03:01:18+00:00\",\"dateModified\":\"2021-02-01T00:31:33+00:00\",\"author\":{\"@id\":\"https:\\\/\\\/radiounodigital.com\\\/web\\\/#\\\/schema\\\/person\\\/00b93151fa54f619ecf9c183d1fc9758\"},\"description\":\"Este a\u00f1o tan especial, en el que se celebran 25 a\u00f1os de buena m\u00fasica en Punta Ballena, ser\u00e1 sin p\u00fablico, pero GRATIS v\u00eda streaming\",\"breadcrumb\":{\"@id\":\"https:\\\/\\\/radiounodigital.com\\\/web\\\/2021\\\/01\\\/26\\\/25o-festival-de-jazz-de-punta-del-este-28-al-31-de-enero-via-streaming-gratis\\\/#breadcrumb\"},\"inLanguage\":\"es\",\"potentialAction\":[{\"@type\":\"ReadAction\",\"target\":[\"https:\\\/\\\/radiounodigital.com\\\/web\\\/2021\\\/01\\\/26\\\/25o-festival-de-jazz-de-punta-del-este-28-al-31-de-enero-via-streaming-gratis\\\/\"]}]},{\"@type\":\"ImageObject\",\"inLanguage\":\"es\",\"@id\":\"https:\\\/\\\/radiounodigital.com\\\/web\\\/2021\\\/01\\\/26\\\/25o-festival-de-jazz-de-punta-del-este-28-al-31-de-enero-via-streaming-gratis\\\/#primaryimage\",\"url\":\"https:\\\/\\\/radiounodigital.com\\\/web\\\/wp-content\\\/uploads\\\/2021\\\/01\\\/FestivalJazz25.jpg\",\"contentUrl\":\"https:\\\/\\\/radiounodigital.com\\\/web\\\/wp-content\\\/uploads\\\/2021\\\/01\\\/FestivalJazz25.jpg\",\"width\":720,\"height\":350},{\"@type\":\"BreadcrumbList\",\"@id\":\"https:\\\/\\\/radiounodigital.com\\\/web\\\/2021\\\/01\\\/26\\\/25o-festival-de-jazz-de-punta-del-este-28-al-31-de-enero-via-streaming-gratis\\\/#breadcrumb\",\"itemListElement\":[{\"@type\":\"ListItem\",\"position\":1,\"name\":\"Home\",\"item\":\"https:\\\/\\\/radiounodigital.com\\\/web\\\/\"},{\"@type\":\"ListItem\",\"position\":2,\"name\":\"EN VIVO Y EN DIRECTO: 25\u00ba Festival de Jazz de Punta del Este por Radio UNO Digital\"}]},{\"@type\":\"WebSite\",\"@id\":\"https:\\\/\\\/radiounodigital.com\\\/web\\\/#website\",\"url\":\"https:\\\/\\\/radiounodigital.com\\\/web\\\/\",\"name\":\"Radio UNO Digital\",\"description\":\"Donde la cultura del rock se siente\",\"potentialAction\":[{\"@type\":\"SearchAction\",\"target\":{\"@type\":\"EntryPoint\",\"urlTemplate\":\"https:\\\/\\\/radiounodigital.com\\\/web\\\/?s={search_term_string}\"},\"query-input\":{\"@type\":\"PropertyValueSpecification\",\"valueRequired\":true,\"valueName\":\"search_term_string\"}}],\"inLanguage\":\"es\"},{\"@type\":\"Person\",\"@id\":\"https:\\\/\\\/radiounodigital.com\\\/web\\\/#\\\/schema\\\/person\\\/00b93151fa54f619ecf9c183d1fc9758\",\"name\":\"diegoc\",\"image\":{\"@type\":\"ImageObject\",\"inLanguage\":\"es\",\"@id\":\"https:\\\/\\\/secure.gravatar.com\\\/avatar\\\/0a67041d44c702fb0660d81a5a32c7ce6007341cf92afeb718b75883bf415864?s=96&d=blank&r=g\",\"url\":\"https:\\\/\\\/secure.gravatar.com\\\/avatar\\\/0a67041d44c702fb0660d81a5a32c7ce6007341cf92afeb718b75883bf415864?s=96&d=blank&r=g\",\"contentUrl\":\"https:\\\/\\\/secure.gravatar.com\\\/avatar\\\/0a67041d44c702fb0660d81a5a32c7ce6007341cf92afeb718b75883bf415864?s=96&d=blank&r=g\",\"caption\":\"diegoc\"},\"url\":\"https:\\\/\\\/radiounodigital.com\\\/web\\\/author\\\/diegoc\\\/\"}]}<\/script>\n<!-- \/ Yoast SEO plugin. -->","yoast_head_json":{"title":"EN VIVO Y EN DIRECTO: 25\u00ba Festival de Jazz de Punta del Este por Radio UNO Digital - Radio UNO Digital","description":"Este a\u00f1o tan especial, en el que se celebran 25 a\u00f1os de buena m\u00fasica en Punta Ballena, ser\u00e1 sin p\u00fablico, pero GRATIS v\u00eda streaming","robots":{"index":"index","follow":"follow","max-snippet":"max-snippet:-1","max-image-preview":"max-image-preview:large","max-video-preview":"max-video-preview:-1"},"canonical":"https:\/\/radiounodigital.com\/web\/2021\/01\/26\/25o-festival-de-jazz-de-punta-del-este-28-al-31-de-enero-via-streaming-gratis\/","og_locale":"es_ES","og_type":"article","og_title":"EN VIVO Y EN DIRECTO: 25\u00ba Festival de Jazz de Punta del Este por Radio UNO Digital - Radio UNO Digital","og_description":"Este a\u00f1o tan especial, en el que se celebran 25 a\u00f1os de buena m\u00fasica en Punta Ballena, ser\u00e1 sin p\u00fablico, pero GRATIS v\u00eda streaming","og_url":"https:\/\/radiounodigital.com\/web\/2021\/01\/26\/25o-festival-de-jazz-de-punta-del-este-28-al-31-de-enero-via-streaming-gratis\/","og_site_name":"Radio UNO Digital","article_published_time":"2021-01-26T03:01:18+00:00","article_modified_time":"2021-02-01T00:31:33+00:00","og_image":[{"width":720,"height":350,"url":"https:\/\/radiounodigital.com\/web\/wp-content\/uploads\/2021\/01\/FestivalJazz25.jpg","type":"image\/jpeg"}],"author":"diegoc","twitter_card":"summary_large_image","twitter_misc":{"Escrito por":"diegoc","Tiempo de lectura":"1 minuto"},"schema":{"@context":"https:\/\/schema.org","@graph":[{"@type":"Article","@id":"https:\/\/radiounodigital.com\/web\/2021\/01\/26\/25o-festival-de-jazz-de-punta-del-este-28-al-31-de-enero-via-streaming-gratis\/#article","isPartOf":{"@id":"https:\/\/radiounodigital.com\/web\/2021\/01\/26\/25o-festival-de-jazz-de-punta-del-este-28-al-31-de-enero-via-streaming-gratis\/"},"author":{"name":"diegoc","@id":"https:\/\/radiounodigital.com\/web\/#\/schema\/person\/00b93151fa54f619ecf9c183d1fc9758"},"headline":"EN VIVO Y EN DIRECTO: 25\u00ba Festival de Jazz de Punta del Este por Radio UNO Digital","datePublished":"2021-01-26T03:01:18+00:00","dateModified":"2021-02-01T00:31:33+00:00","mainEntityOfPage":{"@id":"https:\/\/radiounodigital.com\/web\/2021\/01\/26\/25o-festival-de-jazz-de-punta-del-este-28-al-31-de-enero-via-streaming-gratis\/"},"wordCount":117,"commentCount":0,"image":{"@id":"https:\/\/radiounodigital.com\/web\/2021\/01\/26\/25o-festival-de-jazz-de-punta-del-este-28-al-31-de-enero-via-streaming-gratis\/#primaryimage"},"thumbnailUrl":"https:\/\/radiounodigital.com\/web\/wp-content\/uploads\/2021\/01\/FestivalJazz25.jpg","keywords":["2021","edicion 25","el sosiego","festival de jazz","punta del este"],"articleSection":["news"],"inLanguage":"es","potentialAction":[{"@type":"CommentAction","name":"Comment","target":["https:\/\/radiounodigital.com\/web\/2021\/01\/26\/25o-festival-de-jazz-de-punta-del-este-28-al-31-de-enero-via-streaming-gratis\/#respond"]}]},{"@type":"WebPage","@id":"https:\/\/radiounodigital.com\/web\/2021\/01\/26\/25o-festival-de-jazz-de-punta-del-este-28-al-31-de-enero-via-streaming-gratis\/","url":"https:\/\/radiounodigital.com\/web\/2021\/01\/26\/25o-festival-de-jazz-de-punta-del-este-28-al-31-de-enero-via-streaming-gratis\/","name":"EN VIVO Y EN DIRECTO: 25\u00ba Festival de Jazz de Punta del Este por Radio UNO Digital - Radio UNO Digital","isPartOf":{"@id":"https:\/\/radiounodigital.com\/web\/#website"},"primaryImageOfPage":{"@id":"https:\/\/radiounodigital.com\/web\/2021\/01\/26\/25o-festival-de-jazz-de-punta-del-este-28-al-31-de-enero-via-streaming-gratis\/#primaryimage"},"image":{"@id":"https:\/\/radiounodigital.com\/web\/2021\/01\/26\/25o-festival-de-jazz-de-punta-del-este-28-al-31-de-enero-via-streaming-gratis\/#primaryimage"},"thumbnailUrl":"https:\/\/radiounodigital.com\/web\/wp-content\/uploads\/2021\/01\/FestivalJazz25.jpg","datePublished":"2021-01-26T03:01:18+00:00","dateModified":"2021-02-01T00:31:33+00:00","author":{"@id":"https:\/\/radiounodigital.com\/web\/#\/schema\/person\/00b93151fa54f619ecf9c183d1fc9758"},"description":"Este a\u00f1o tan especial, en el que se celebran 25 a\u00f1os de buena m\u00fasica en Punta Ballena, ser\u00e1 sin p\u00fablico, pero GRATIS v\u00eda streaming","breadcrumb":{"@id":"https:\/\/radiounodigital.com\/web\/2021\/01\/26\/25o-festival-de-jazz-de-punta-del-este-28-al-31-de-enero-via-streaming-gratis\/#breadcrumb"},"inLanguage":"es","potentialAction":[{"@type":"ReadAction","target":["https:\/\/radiounodigital.com\/web\/2021\/01\/26\/25o-festival-de-jazz-de-punta-del-este-28-al-31-de-enero-via-streaming-gratis\/"]}]},{"@type":"ImageObject","inLanguage":"es","@id":"https:\/\/radiounodigital.com\/web\/2021\/01\/26\/25o-festival-de-jazz-de-punta-del-este-28-al-31-de-enero-via-streaming-gratis\/#primaryimage","url":"https:\/\/radiounodigital.com\/web\/wp-content\/uploads\/2021\/01\/FestivalJazz25.jpg","contentUrl":"https:\/\/radiounodigital.com\/web\/wp-content\/uploads\/2021\/01\/FestivalJazz25.jpg","width":720,"height":350},{"@type":"BreadcrumbList","@id":"https:\/\/radiounodigital.com\/web\/2021\/01\/26\/25o-festival-de-jazz-de-punta-del-este-28-al-31-de-enero-via-streaming-gratis\/#breadcrumb","itemListElement":[{"@type":"ListItem","position":1,"name":"Home","item":"https:\/\/radiounodigital.com\/web\/"},{"@type":"ListItem","position":2,"name":"EN VIVO Y EN DIRECTO: 25\u00ba Festival de Jazz de Punta del Este por Radio UNO Digital"}]},{"@type":"WebSite","@id":"https:\/\/radiounodigital.com\/web\/#website","url":"https:\/\/radiounodigital.com\/web\/","name":"Radio UNO Digital","description":"Donde la cultura del rock se siente","potentialAction":[{"@type":"SearchAction","target":{"@type":"EntryPoint","urlTemplate":"https:\/\/radiounodigital.com\/web\/?s={search_term_string}"},"query-input":{"@type":"PropertyValueSpecification","valueRequired":true,"valueName":"search_term_string"}}],"inLanguage":"es"},{"@type":"Person","@id":"https:\/\/radiounodigital.com\/web\/#\/schema\/person\/00b93151fa54f619ecf9c183d1fc9758","name":"diegoc","image":{"@type":"ImageObject","inLanguage":"es","@id":"https:\/\/secure.gravatar.com\/avatar\/0a67041d44c702fb0660d81a5a32c7ce6007341cf92afeb718b75883bf415864?s=96&d=blank&r=g","url":"https:\/\/secure.gravatar.com\/avatar\/0a67041d44c702fb0660d81a5a32c7ce6007341cf92afeb718b75883bf415864?s=96&d=blank&r=g","contentUrl":"https:\/\/secure.gravatar.com\/avatar\/0a67041d44c702fb0660d81a5a32c7ce6007341cf92afeb718b75883bf415864?s=96&d=blank&r=g","caption":"diegoc"},"url":"https:\/\/radiounodigital.com\/web\/author\/diegoc\/"}]}},"_links":{"self":[{"href":"https:\/\/radiounodigital.com\/web\/wp-json\/wp\/v2\/posts\/5287","targetHints":{"allow":["GET"]}}],"collection":[{"href":"https:\/\/radiounodigital.com\/web\/wp-json\/wp\/v2\/posts"}],"about":[{"href":"https:\/\/radiounodigital.com\/web\/wp-json\/wp\/v2\/types\/post"}],"author":[{"embeddable":true,"href":"https:\/\/radiounodigital.com\/web\/wp-json\/wp\/v2\/users\/1"}],"replies":[{"embeddable":true,"href":"https:\/\/radiounodigital.com\/web\/wp-json\/wp\/v2\/comments?post=5287"}],"version-history":[{"count":10,"href":"https:\/\/radiounodigital.com\/web\/wp-json\/wp\/v2\/posts\/5287\/revisions"}],"predecessor-version":[{"id":5358,"href":"https:\/\/radiounodigital.com\/web\/wp-json\/wp\/v2\/posts\/5287\/revisions\/5358"}],"wp:featuredmedia":[{"embeddable":true,"href":"https:\/\/radiounodigital.com\/web\/wp-json\/wp\/v2\/media\/5289"}],"wp:attachment":[{"href":"https:\/\/radiounodigital.com\/web\/wp-json\/wp\/v2\/media?parent=5287"}],"wp:term":[{"taxonomy":"category","embeddable":true,"href":"https:\/\/radiounodigital.com\/web\/wp-json\/wp\/v2\/categories?post=5287"},{"taxonomy":"post_tag","embeddable":true,"href":"https:\/\/radiounodigital.com\/web\/wp-json\/wp\/v2\/tags?post=5287"}],"curies":[{"name":"wp","href":"https:\/\/api.w.org\/{rel}","templated":true}]}}