{"id":5375,"date":"2021-02-03T20:00:57","date_gmt":"2021-02-03T23:00:57","guid":{"rendered":"https:\/\/radiounodigital.com\/web\/?p=5375"},"modified":"2021-02-03T20:00:57","modified_gmt":"2021-02-03T23:00:57","slug":"gary-moore-a-10-anos-de-la-partida-de-un-gran-blusero","status":"publish","type":"post","link":"https:\/\/radiounodigital.com\/web\/2021\/02\/03\/gary-moore-a-10-anos-de-la-partida-de-un-gran-blusero\/","title":{"rendered":"Gary Moore: A 10 a\u00f1os de la partida de un gran blusero"},"content":{"rendered":"<h3>El 6 de febrero de 2011 nos dejaba para siempre, f\u00edsicamente hablando, porque su esp\u00edritu sonar\u00e1 siempre en esa guitarra m\u00e1gica.<\/h3>\n<p>El festejo es solo para los cumplea\u00f1os, pero no podemos dejar de mencionar estas fechas tan significativas para los amantes de este extraordinario guitarrista.<\/p>\n<p><iframe loading=\"lazy\" title=\"Gary Moore - Parisienne Walkways - Live HD\" width=\"960\" height=\"540\" src=\"https:\/\/www.youtube.com\/embed\/vkUpfw4Hf3w?list=PLE3E280CE27C8F40A\" frameborder=\"0\" allow=\"accelerometer; autoplay; clipboard-write; encrypted-media; gyroscope; picture-in-picture\" allowfullscreen><\/iframe><\/p>\n<p>&nbsp;<\/p>\n<div class=\"fb-background-color\">\n\t\t\t  <div \n\t\t\t  \tclass = \"fb-comments\" \n\t\t\t  \tdata-href = \"https:\/\/radiounodigital.com\/web\/2021\/02\/03\/gary-moore-a-10-anos-de-la-partida-de-un-gran-blusero\/\"\n\t\t\t  \tdata-numposts = \"10\"\n\t\t\t  \tdata-lazy = \"true\"\n\t\t\t\tdata-colorscheme = \"dark\"\n\t\t\t\tdata-order-by = \"reverse_time\"\n\t\t\t\tdata-mobile=true>\n\t\t\t  <\/div><\/div>\n\t\t  <style>\n\t\t    .fb-background-color {\n\t\t\t\tbackground: #ffffff !important;\n\t\t\t}\n\t\t\t.fb_iframe_widget_fluid_desktop iframe {\n\t\t\t    width: 100% !important;\n\t\t\t}\n\t\t  <\/style>\n\t\t  ","protected":false},"excerpt":{"rendered":"<p>El 6 de febrero de 2011 nos dejaba para siempre, f\u00edsicamente hablando, porque su esp\u00edritu sonar\u00e1 siempre en esa guitarra m\u00e1gica. El festejo es solo para los cumplea\u00f1os, pero no podemos dejar de mencionar estas fechas tan significativas para los amantes de este extraordinario guitarrista. &nbsp;<\/p>\n","protected":false},"author":1,"featured_media":3247,"comment_status":"open","ping_status":"open","sticky":false,"template":"","format":"standard","meta":{"footnotes":""},"categories":[126,180],"tags":[1557,562,1556,205,84],"class_list":["post-5375","post","type-post","status-publish","format-standard","has-post-thumbnail","hentry","category-blues","category-news","tag-1557","tag-6-de-febrero","tag-aniversario-10","tag-gary-moore","tag-muerte"],"yoast_head":"<!-- This site is optimized with the Yoast SEO plugin v27.4 - https:\/\/yoast.com\/product\/yoast-seo-wordpress\/ -->\n<title>Gary Moore: A 10 a\u00f1os de la partida de un gran blusero - Radio UNO Digital<\/title>\n<meta name=\"description\" content=\"El 6 de febrero de 2011 nos dejaba para siempre, f\u00edsicamente hablando, porque su esp\u00edritu sonar\u00e1 siempre en esa guitarra m\u00e1gica.\" \/>\n<meta name=\"robots\" content=\"index, follow, max-snippet:-1, max-image-preview:large, max-video-preview:-1\" \/>\n<link rel=\"canonical\" href=\"https:\/\/radiounodigital.com\/web\/2021\/02\/03\/gary-moore-a-10-anos-de-la-partida-de-un-gran-blusero\/\" \/>\n<meta property=\"og:locale\" content=\"es_ES\" \/>\n<meta property=\"og:type\" content=\"article\" \/>\n<meta property=\"og:title\" content=\"Gary Moore: A 10 a\u00f1os de la partida de un gran blusero - Radio UNO Digital\" \/>\n<meta property=\"og:description\" content=\"El 6 de febrero de 2011 nos dejaba para siempre, f\u00edsicamente hablando, porque su esp\u00edritu sonar\u00e1 siempre en esa guitarra m\u00e1gica.\" \/>\n<meta property=\"og:url\" content=\"https:\/\/radiounodigital.com\/web\/2021\/02\/03\/gary-moore-a-10-anos-de-la-partida-de-un-gran-blusero\/\" \/>\n<meta property=\"og:site_name\" content=\"Radio UNO Digital\" \/>\n<meta property=\"article:published_time\" content=\"2021-02-03T23:00:57+00:00\" \/>\n<meta property=\"og:image\" content=\"https:\/\/radiounodigital.com\/web\/wp-content\/uploads\/2019\/12\/gary-moore-Steve-Thorne-Getty-Images.jpg\" \/>\n\t<meta property=\"og:image:width\" content=\"970\" \/>\n\t<meta property=\"og:image:height\" content=\"546\" \/>\n\t<meta property=\"og:image:type\" content=\"image\/jpeg\" \/>\n<meta name=\"author\" content=\"diegoc\" \/>\n<meta name=\"twitter:card\" content=\"summary_large_image\" \/>\n<meta name=\"twitter:label1\" content=\"Escrito por\" \/>\n\t<meta name=\"twitter:data1\" content=\"diegoc\" \/>\n\t<meta name=\"twitter:label2\" content=\"Tiempo de lectura\" \/>\n\t<meta name=\"twitter:data2\" content=\"1 minuto\" \/>\n<script type=\"application\/ld+json\" class=\"yoast-schema-graph\">{\"@context\":\"https:\\\/\\\/schema.org\",\"@graph\":[{\"@type\":\"Article\",\"@id\":\"https:\\\/\\\/radiounodigital.com\\\/web\\\/2021\\\/02\\\/03\\\/gary-moore-a-10-anos-de-la-partida-de-un-gran-blusero\\\/#article\",\"isPartOf\":{\"@id\":\"https:\\\/\\\/radiounodigital.com\\\/web\\\/2021\\\/02\\\/03\\\/gary-moore-a-10-anos-de-la-partida-de-un-gran-blusero\\\/\"},\"author\":{\"name\":\"diegoc\",\"@id\":\"https:\\\/\\\/radiounodigital.com\\\/web\\\/#\\\/schema\\\/person\\\/00b93151fa54f619ecf9c183d1fc9758\"},\"headline\":\"Gary Moore: A 10 a\u00f1os de la partida de un gran blusero\",\"datePublished\":\"2021-02-03T23:00:57+00:00\",\"mainEntityOfPage\":{\"@id\":\"https:\\\/\\\/radiounodigital.com\\\/web\\\/2021\\\/02\\\/03\\\/gary-moore-a-10-anos-de-la-partida-de-un-gran-blusero\\\/\"},\"wordCount\":76,\"commentCount\":0,\"image\":{\"@id\":\"https:\\\/\\\/radiounodigital.com\\\/web\\\/2021\\\/02\\\/03\\\/gary-moore-a-10-anos-de-la-partida-de-un-gran-blusero\\\/#primaryimage\"},\"thumbnailUrl\":\"https:\\\/\\\/radiounodigital.com\\\/web\\\/wp-content\\\/uploads\\\/2019\\\/12\\\/gary-moore-Steve-Thorne-Getty-Images.jpg\",\"keywords\":[\"2011\",\"6 de febrero\",\"aniversario 10\",\"gary moore\",\"muerte\"],\"articleSection\":[\"Blues\",\"news\"],\"inLanguage\":\"es\",\"potentialAction\":[{\"@type\":\"CommentAction\",\"name\":\"Comment\",\"target\":[\"https:\\\/\\\/radiounodigital.com\\\/web\\\/2021\\\/02\\\/03\\\/gary-moore-a-10-anos-de-la-partida-de-un-gran-blusero\\\/#respond\"]}]},{\"@type\":\"WebPage\",\"@id\":\"https:\\\/\\\/radiounodigital.com\\\/web\\\/2021\\\/02\\\/03\\\/gary-moore-a-10-anos-de-la-partida-de-un-gran-blusero\\\/\",\"url\":\"https:\\\/\\\/radiounodigital.com\\\/web\\\/2021\\\/02\\\/03\\\/gary-moore-a-10-anos-de-la-partida-de-un-gran-blusero\\\/\",\"name\":\"Gary Moore: A 10 a\u00f1os de la partida de un gran blusero - Radio UNO Digital\",\"isPartOf\":{\"@id\":\"https:\\\/\\\/radiounodigital.com\\\/web\\\/#website\"},\"primaryImageOfPage\":{\"@id\":\"https:\\\/\\\/radiounodigital.com\\\/web\\\/2021\\\/02\\\/03\\\/gary-moore-a-10-anos-de-la-partida-de-un-gran-blusero\\\/#primaryimage\"},\"image\":{\"@id\":\"https:\\\/\\\/radiounodigital.com\\\/web\\\/2021\\\/02\\\/03\\\/gary-moore-a-10-anos-de-la-partida-de-un-gran-blusero\\\/#primaryimage\"},\"thumbnailUrl\":\"https:\\\/\\\/radiounodigital.com\\\/web\\\/wp-content\\\/uploads\\\/2019\\\/12\\\/gary-moore-Steve-Thorne-Getty-Images.jpg\",\"datePublished\":\"2021-02-03T23:00:57+00:00\",\"author\":{\"@id\":\"https:\\\/\\\/radiounodigital.com\\\/web\\\/#\\\/schema\\\/person\\\/00b93151fa54f619ecf9c183d1fc9758\"},\"description\":\"El 6 de febrero de 2011 nos dejaba para siempre, f\u00edsicamente hablando, porque su esp\u00edritu sonar\u00e1 siempre en esa guitarra m\u00e1gica.\",\"breadcrumb\":{\"@id\":\"https:\\\/\\\/radiounodigital.com\\\/web\\\/2021\\\/02\\\/03\\\/gary-moore-a-10-anos-de-la-partida-de-un-gran-blusero\\\/#breadcrumb\"},\"inLanguage\":\"es\",\"potentialAction\":[{\"@type\":\"ReadAction\",\"target\":[\"https:\\\/\\\/radiounodigital.com\\\/web\\\/2021\\\/02\\\/03\\\/gary-moore-a-10-anos-de-la-partida-de-un-gran-blusero\\\/\"]}]},{\"@type\":\"ImageObject\",\"inLanguage\":\"es\",\"@id\":\"https:\\\/\\\/radiounodigital.com\\\/web\\\/2021\\\/02\\\/03\\\/gary-moore-a-10-anos-de-la-partida-de-un-gran-blusero\\\/#primaryimage\",\"url\":\"https:\\\/\\\/radiounodigital.com\\\/web\\\/wp-content\\\/uploads\\\/2019\\\/12\\\/gary-moore-Steve-Thorne-Getty-Images.jpg\",\"contentUrl\":\"https:\\\/\\\/radiounodigital.com\\\/web\\\/wp-content\\\/uploads\\\/2019\\\/12\\\/gary-moore-Steve-Thorne-Getty-Images.jpg\",\"width\":970,\"height\":546,\"caption\":\"(Image credit: Steve Thorne \\\/ Getty Images)\"},{\"@type\":\"BreadcrumbList\",\"@id\":\"https:\\\/\\\/radiounodigital.com\\\/web\\\/2021\\\/02\\\/03\\\/gary-moore-a-10-anos-de-la-partida-de-un-gran-blusero\\\/#breadcrumb\",\"itemListElement\":[{\"@type\":\"ListItem\",\"position\":1,\"name\":\"Home\",\"item\":\"https:\\\/\\\/radiounodigital.com\\\/web\\\/\"},{\"@type\":\"ListItem\",\"position\":2,\"name\":\"Gary Moore: A 10 a\u00f1os de la partida de un gran blusero\"}]},{\"@type\":\"WebSite\",\"@id\":\"https:\\\/\\\/radiounodigital.com\\\/web\\\/#website\",\"url\":\"https:\\\/\\\/radiounodigital.com\\\/web\\\/\",\"name\":\"Radio UNO Digital\",\"description\":\"Donde la cultura del rock se siente\",\"potentialAction\":[{\"@type\":\"SearchAction\",\"target\":{\"@type\":\"EntryPoint\",\"urlTemplate\":\"https:\\\/\\\/radiounodigital.com\\\/web\\\/?s={search_term_string}\"},\"query-input\":{\"@type\":\"PropertyValueSpecification\",\"valueRequired\":true,\"valueName\":\"search_term_string\"}}],\"inLanguage\":\"es\"},{\"@type\":\"Person\",\"@id\":\"https:\\\/\\\/radiounodigital.com\\\/web\\\/#\\\/schema\\\/person\\\/00b93151fa54f619ecf9c183d1fc9758\",\"name\":\"diegoc\",\"image\":{\"@type\":\"ImageObject\",\"inLanguage\":\"es\",\"@id\":\"https:\\\/\\\/secure.gravatar.com\\\/avatar\\\/0a67041d44c702fb0660d81a5a32c7ce6007341cf92afeb718b75883bf415864?s=96&d=blank&r=g\",\"url\":\"https:\\\/\\\/secure.gravatar.com\\\/avatar\\\/0a67041d44c702fb0660d81a5a32c7ce6007341cf92afeb718b75883bf415864?s=96&d=blank&r=g\",\"contentUrl\":\"https:\\\/\\\/secure.gravatar.com\\\/avatar\\\/0a67041d44c702fb0660d81a5a32c7ce6007341cf92afeb718b75883bf415864?s=96&d=blank&r=g\",\"caption\":\"diegoc\"},\"url\":\"https:\\\/\\\/radiounodigital.com\\\/web\\\/author\\\/diegoc\\\/\"}]}<\/script>\n<!-- \/ Yoast SEO plugin. -->","yoast_head_json":{"title":"Gary Moore: A 10 a\u00f1os de la partida de un gran blusero - Radio UNO Digital","description":"El 6 de febrero de 2011 nos dejaba para siempre, f\u00edsicamente hablando, porque su esp\u00edritu sonar\u00e1 siempre en esa guitarra m\u00e1gica.","robots":{"index":"index","follow":"follow","max-snippet":"max-snippet:-1","max-image-preview":"max-image-preview:large","max-video-preview":"max-video-preview:-1"},"canonical":"https:\/\/radiounodigital.com\/web\/2021\/02\/03\/gary-moore-a-10-anos-de-la-partida-de-un-gran-blusero\/","og_locale":"es_ES","og_type":"article","og_title":"Gary Moore: A 10 a\u00f1os de la partida de un gran blusero - Radio UNO Digital","og_description":"El 6 de febrero de 2011 nos dejaba para siempre, f\u00edsicamente hablando, porque su esp\u00edritu sonar\u00e1 siempre en esa guitarra m\u00e1gica.","og_url":"https:\/\/radiounodigital.com\/web\/2021\/02\/03\/gary-moore-a-10-anos-de-la-partida-de-un-gran-blusero\/","og_site_name":"Radio UNO Digital","article_published_time":"2021-02-03T23:00:57+00:00","og_image":[{"width":970,"height":546,"url":"https:\/\/radiounodigital.com\/web\/wp-content\/uploads\/2019\/12\/gary-moore-Steve-Thorne-Getty-Images.jpg","type":"image\/jpeg"}],"author":"diegoc","twitter_card":"summary_large_image","twitter_misc":{"Escrito por":"diegoc","Tiempo de lectura":"1 minuto"},"schema":{"@context":"https:\/\/schema.org","@graph":[{"@type":"Article","@id":"https:\/\/radiounodigital.com\/web\/2021\/02\/03\/gary-moore-a-10-anos-de-la-partida-de-un-gran-blusero\/#article","isPartOf":{"@id":"https:\/\/radiounodigital.com\/web\/2021\/02\/03\/gary-moore-a-10-anos-de-la-partida-de-un-gran-blusero\/"},"author":{"name":"diegoc","@id":"https:\/\/radiounodigital.com\/web\/#\/schema\/person\/00b93151fa54f619ecf9c183d1fc9758"},"headline":"Gary Moore: A 10 a\u00f1os de la partida de un gran blusero","datePublished":"2021-02-03T23:00:57+00:00","mainEntityOfPage":{"@id":"https:\/\/radiounodigital.com\/web\/2021\/02\/03\/gary-moore-a-10-anos-de-la-partida-de-un-gran-blusero\/"},"wordCount":76,"commentCount":0,"image":{"@id":"https:\/\/radiounodigital.com\/web\/2021\/02\/03\/gary-moore-a-10-anos-de-la-partida-de-un-gran-blusero\/#primaryimage"},"thumbnailUrl":"https:\/\/radiounodigital.com\/web\/wp-content\/uploads\/2019\/12\/gary-moore-Steve-Thorne-Getty-Images.jpg","keywords":["2011","6 de febrero","aniversario 10","gary moore","muerte"],"articleSection":["Blues","news"],"inLanguage":"es","potentialAction":[{"@type":"CommentAction","name":"Comment","target":["https:\/\/radiounodigital.com\/web\/2021\/02\/03\/gary-moore-a-10-anos-de-la-partida-de-un-gran-blusero\/#respond"]}]},{"@type":"WebPage","@id":"https:\/\/radiounodigital.com\/web\/2021\/02\/03\/gary-moore-a-10-anos-de-la-partida-de-un-gran-blusero\/","url":"https:\/\/radiounodigital.com\/web\/2021\/02\/03\/gary-moore-a-10-anos-de-la-partida-de-un-gran-blusero\/","name":"Gary Moore: A 10 a\u00f1os de la partida de un gran blusero - Radio UNO Digital","isPartOf":{"@id":"https:\/\/radiounodigital.com\/web\/#website"},"primaryImageOfPage":{"@id":"https:\/\/radiounodigital.com\/web\/2021\/02\/03\/gary-moore-a-10-anos-de-la-partida-de-un-gran-blusero\/#primaryimage"},"image":{"@id":"https:\/\/radiounodigital.com\/web\/2021\/02\/03\/gary-moore-a-10-anos-de-la-partida-de-un-gran-blusero\/#primaryimage"},"thumbnailUrl":"https:\/\/radiounodigital.com\/web\/wp-content\/uploads\/2019\/12\/gary-moore-Steve-Thorne-Getty-Images.jpg","datePublished":"2021-02-03T23:00:57+00:00","author":{"@id":"https:\/\/radiounodigital.com\/web\/#\/schema\/person\/00b93151fa54f619ecf9c183d1fc9758"},"description":"El 6 de febrero de 2011 nos dejaba para siempre, f\u00edsicamente hablando, porque su esp\u00edritu sonar\u00e1 siempre en esa guitarra m\u00e1gica.","breadcrumb":{"@id":"https:\/\/radiounodigital.com\/web\/2021\/02\/03\/gary-moore-a-10-anos-de-la-partida-de-un-gran-blusero\/#breadcrumb"},"inLanguage":"es","potentialAction":[{"@type":"ReadAction","target":["https:\/\/radiounodigital.com\/web\/2021\/02\/03\/gary-moore-a-10-anos-de-la-partida-de-un-gran-blusero\/"]}]},{"@type":"ImageObject","inLanguage":"es","@id":"https:\/\/radiounodigital.com\/web\/2021\/02\/03\/gary-moore-a-10-anos-de-la-partida-de-un-gran-blusero\/#primaryimage","url":"https:\/\/radiounodigital.com\/web\/wp-content\/uploads\/2019\/12\/gary-moore-Steve-Thorne-Getty-Images.jpg","contentUrl":"https:\/\/radiounodigital.com\/web\/wp-content\/uploads\/2019\/12\/gary-moore-Steve-Thorne-Getty-Images.jpg","width":970,"height":546,"caption":"(Image credit: Steve Thorne \/ Getty Images)"},{"@type":"BreadcrumbList","@id":"https:\/\/radiounodigital.com\/web\/2021\/02\/03\/gary-moore-a-10-anos-de-la-partida-de-un-gran-blusero\/#breadcrumb","itemListElement":[{"@type":"ListItem","position":1,"name":"Home","item":"https:\/\/radiounodigital.com\/web\/"},{"@type":"ListItem","position":2,"name":"Gary Moore: A 10 a\u00f1os de la partida de un gran blusero"}]},{"@type":"WebSite","@id":"https:\/\/radiounodigital.com\/web\/#website","url":"https:\/\/radiounodigital.com\/web\/","name":"Radio UNO Digital","description":"Donde la cultura del rock se siente","potentialAction":[{"@type":"SearchAction","target":{"@type":"EntryPoint","urlTemplate":"https:\/\/radiounodigital.com\/web\/?s={search_term_string}"},"query-input":{"@type":"PropertyValueSpecification","valueRequired":true,"valueName":"search_term_string"}}],"inLanguage":"es"},{"@type":"Person","@id":"https:\/\/radiounodigital.com\/web\/#\/schema\/person\/00b93151fa54f619ecf9c183d1fc9758","name":"diegoc","image":{"@type":"ImageObject","inLanguage":"es","@id":"https:\/\/secure.gravatar.com\/avatar\/0a67041d44c702fb0660d81a5a32c7ce6007341cf92afeb718b75883bf415864?s=96&d=blank&r=g","url":"https:\/\/secure.gravatar.com\/avatar\/0a67041d44c702fb0660d81a5a32c7ce6007341cf92afeb718b75883bf415864?s=96&d=blank&r=g","contentUrl":"https:\/\/secure.gravatar.com\/avatar\/0a67041d44c702fb0660d81a5a32c7ce6007341cf92afeb718b75883bf415864?s=96&d=blank&r=g","caption":"diegoc"},"url":"https:\/\/radiounodigital.com\/web\/author\/diegoc\/"}]}},"_links":{"self":[{"href":"https:\/\/radiounodigital.com\/web\/wp-json\/wp\/v2\/posts\/5375","targetHints":{"allow":["GET"]}}],"collection":[{"href":"https:\/\/radiounodigital.com\/web\/wp-json\/wp\/v2\/posts"}],"about":[{"href":"https:\/\/radiounodigital.com\/web\/wp-json\/wp\/v2\/types\/post"}],"author":[{"embeddable":true,"href":"https:\/\/radiounodigital.com\/web\/wp-json\/wp\/v2\/users\/1"}],"replies":[{"embeddable":true,"href":"https:\/\/radiounodigital.com\/web\/wp-json\/wp\/v2\/comments?post=5375"}],"version-history":[{"count":1,"href":"https:\/\/radiounodigital.com\/web\/wp-json\/wp\/v2\/posts\/5375\/revisions"}],"predecessor-version":[{"id":5377,"href":"https:\/\/radiounodigital.com\/web\/wp-json\/wp\/v2\/posts\/5375\/revisions\/5377"}],"wp:featuredmedia":[{"embeddable":true,"href":"https:\/\/radiounodigital.com\/web\/wp-json\/wp\/v2\/media\/3247"}],"wp:attachment":[{"href":"https:\/\/radiounodigital.com\/web\/wp-json\/wp\/v2\/media?parent=5375"}],"wp:term":[{"taxonomy":"category","embeddable":true,"href":"https:\/\/radiounodigital.com\/web\/wp-json\/wp\/v2\/categories?post=5375"},{"taxonomy":"post_tag","embeddable":true,"href":"https:\/\/radiounodigital.com\/web\/wp-json\/wp\/v2\/tags?post=5375"}],"curies":[{"name":"wp","href":"https:\/\/api.w.org\/{rel}","templated":true}]}}