{"id":5382,"date":"2021-02-06T09:45:25","date_gmt":"2021-02-06T12:45:25","guid":{"rendered":"https:\/\/radiounodigital.com\/web\/?p=5382"},"modified":"2021-02-06T09:45:25","modified_gmt":"2021-02-06T12:45:25","slug":"el-reggae-festeja-hoy-los-76-anos-de-su-rey","status":"publish","type":"post","link":"https:\/\/radiounodigital.com\/web\/2021\/02\/06\/el-reggae-festeja-hoy-los-76-anos-de-su-rey\/","title":{"rendered":"El Reggae festeja hoy los 76 a\u00f1os de su Rey"},"content":{"rendered":"<h3>Un d\u00eda como hace 76 a\u00f1os nacia <b>Robert Nesta Marley quien a la postre se convertir\u00eda en el m\u00e1ximo exponente mundial del reggae,<\/b><\/h3>\n<p>A pesar de su corta carrera, pues a los 36 a\u00f1os se despidi\u00f3 de este mundo, su m\u00fasica es s\u00edmbolo de reggae. Si decimos reggae, instant\u00e1neamente se nos viene a la mente Bob Marley. \u00bfAlguien lo puede negar?<\/p>\n<p>Hoy, en el que hubiera sido su cumplea\u00f1os numero 76, lo recordamos con sus canciones, porque su m\u00fasica ser\u00e1 eterna.<\/p>\n<p><iframe loading=\"lazy\" title=\"Bob Marley   The Wailers Full Concert Live at Santa Barbara 1979\" width=\"960\" height=\"720\" src=\"https:\/\/www.youtube.com\/embed\/MBlb5dzHrec?feature=oembed\" frameborder=\"0\" allow=\"accelerometer; autoplay; clipboard-write; encrypted-media; gyroscope; picture-in-picture\" allowfullscreen><\/iframe><\/p>\n<p>&nbsp;<\/p>\n<div class=\"fb-background-color\">\n\t\t\t  <div \n\t\t\t  \tclass = \"fb-comments\" \n\t\t\t  \tdata-href = \"https:\/\/radiounodigital.com\/web\/2021\/02\/06\/el-reggae-festeja-hoy-los-76-anos-de-su-rey\/\"\n\t\t\t  \tdata-numposts = \"10\"\n\t\t\t  \tdata-lazy = \"true\"\n\t\t\t\tdata-colorscheme = \"dark\"\n\t\t\t\tdata-order-by = \"reverse_time\"\n\t\t\t\tdata-mobile=true>\n\t\t\t  <\/div><\/div>\n\t\t  <style>\n\t\t    .fb-background-color {\n\t\t\t\tbackground: #ffffff !important;\n\t\t\t}\n\t\t\t.fb_iframe_widget_fluid_desktop iframe {\n\t\t\t    width: 100% !important;\n\t\t\t}\n\t\t  <\/style>\n\t\t  ","protected":false},"excerpt":{"rendered":"<p>Un d\u00eda como hace 76 a\u00f1os nacia Robert Nesta Marley quien a la postre se convertir\u00eda en el m\u00e1ximo exponente mundial del reggae, A pesar de su corta carrera, pues a los 36 a\u00f1os se despidi\u00f3 de este mundo, su m\u00fasica es s\u00edmbolo de reggae. Si decimos reggae, instant\u00e1neamente se nos viene a la mente&#8230; <a href=\"https:\/\/radiounodigital.com\/web\/2021\/02\/06\/el-reggae-festeja-hoy-los-76-anos-de-su-rey\/\" class=\"excerpt-read-more\">Read More<\/a><\/p>\n","protected":false},"author":1,"featured_media":3470,"comment_status":"open","ping_status":"open","sticky":false,"template":"","format":"standard","meta":{"footnotes":""},"categories":[1547,180],"tags":[548,1559,560,472],"class_list":["post-5382","post","type-post","status-publish","format-standard","has-post-thumbnail","hentry","category-cumpleanos","category-news","tag-548","tag-76-anos","tag-bob-marley","tag-cumpleanos"],"yoast_head":"<!-- This site is optimized with the Yoast SEO plugin v27.4 - https:\/\/yoast.com\/product\/yoast-seo-wordpress\/ -->\n<title>El Reggae festeja hoy los 76 a\u00f1os de su Rey - Radio UNO Digital<\/title>\n<meta name=\"robots\" content=\"index, follow, max-snippet:-1, max-image-preview:large, max-video-preview:-1\" \/>\n<link rel=\"canonical\" href=\"https:\/\/radiounodigital.com\/web\/2021\/02\/06\/el-reggae-festeja-hoy-los-76-anos-de-su-rey\/\" \/>\n<meta property=\"og:locale\" content=\"es_ES\" \/>\n<meta property=\"og:type\" content=\"article\" \/>\n<meta property=\"og:title\" content=\"El Reggae festeja hoy los 76 a\u00f1os de su Rey - Radio UNO Digital\" \/>\n<meta property=\"og:description\" content=\"Un d\u00eda como hace 76 a\u00f1os nacia Robert Nesta Marley quien a la postre se convertir\u00eda en el m\u00e1ximo exponente mundial del reggae, A pesar de su corta carrera, pues a los 36 a\u00f1os se despidi\u00f3 de este mundo, su m\u00fasica es s\u00edmbolo de reggae. Si decimos reggae, instant\u00e1neamente se nos viene a la mente... Read More\" \/>\n<meta property=\"og:url\" content=\"https:\/\/radiounodigital.com\/web\/2021\/02\/06\/el-reggae-festeja-hoy-los-76-anos-de-su-rey\/\" \/>\n<meta property=\"og:site_name\" content=\"Radio UNO Digital\" \/>\n<meta property=\"article:published_time\" content=\"2021-02-06T12:45:25+00:00\" \/>\n<meta property=\"og:image\" content=\"https:\/\/radiounodigital.com\/web\/wp-content\/uploads\/2020\/02\/Bob_Marley-1920x1080-1.jpg\" \/>\n\t<meta property=\"og:image:width\" content=\"1920\" \/>\n\t<meta property=\"og:image:height\" content=\"1080\" \/>\n\t<meta property=\"og:image:type\" content=\"image\/jpeg\" \/>\n<meta name=\"author\" content=\"diegoc\" \/>\n<meta name=\"twitter:card\" content=\"summary_large_image\" \/>\n<meta name=\"twitter:label1\" content=\"Escrito por\" \/>\n\t<meta name=\"twitter:data1\" content=\"diegoc\" \/>\n\t<meta name=\"twitter:label2\" content=\"Tiempo de lectura\" \/>\n\t<meta name=\"twitter:data2\" content=\"1 minuto\" \/>\n<script type=\"application\/ld+json\" class=\"yoast-schema-graph\">{\"@context\":\"https:\\\/\\\/schema.org\",\"@graph\":[{\"@type\":\"Article\",\"@id\":\"https:\\\/\\\/radiounodigital.com\\\/web\\\/2021\\\/02\\\/06\\\/el-reggae-festeja-hoy-los-76-anos-de-su-rey\\\/#article\",\"isPartOf\":{\"@id\":\"https:\\\/\\\/radiounodigital.com\\\/web\\\/2021\\\/02\\\/06\\\/el-reggae-festeja-hoy-los-76-anos-de-su-rey\\\/\"},\"author\":{\"name\":\"diegoc\",\"@id\":\"https:\\\/\\\/radiounodigital.com\\\/web\\\/#\\\/schema\\\/person\\\/00b93151fa54f619ecf9c183d1fc9758\"},\"headline\":\"El Reggae festeja hoy los 76 a\u00f1os de su Rey\",\"datePublished\":\"2021-02-06T12:45:25+00:00\",\"mainEntityOfPage\":{\"@id\":\"https:\\\/\\\/radiounodigital.com\\\/web\\\/2021\\\/02\\\/06\\\/el-reggae-festeja-hoy-los-76-anos-de-su-rey\\\/\"},\"wordCount\":107,\"commentCount\":0,\"image\":{\"@id\":\"https:\\\/\\\/radiounodigital.com\\\/web\\\/2021\\\/02\\\/06\\\/el-reggae-festeja-hoy-los-76-anos-de-su-rey\\\/#primaryimage\"},\"thumbnailUrl\":\"https:\\\/\\\/radiounodigital.com\\\/web\\\/wp-content\\\/uploads\\\/2020\\\/02\\\/Bob_Marley-1920x1080-1.jpg\",\"keywords\":[\"2021\",\"76 a\u00f1os\",\"bob marley\",\"cumplea\u00f1os\"],\"articleSection\":[\"cumplea\u00f1os\",\"news\"],\"inLanguage\":\"es\",\"potentialAction\":[{\"@type\":\"CommentAction\",\"name\":\"Comment\",\"target\":[\"https:\\\/\\\/radiounodigital.com\\\/web\\\/2021\\\/02\\\/06\\\/el-reggae-festeja-hoy-los-76-anos-de-su-rey\\\/#respond\"]}]},{\"@type\":\"WebPage\",\"@id\":\"https:\\\/\\\/radiounodigital.com\\\/web\\\/2021\\\/02\\\/06\\\/el-reggae-festeja-hoy-los-76-anos-de-su-rey\\\/\",\"url\":\"https:\\\/\\\/radiounodigital.com\\\/web\\\/2021\\\/02\\\/06\\\/el-reggae-festeja-hoy-los-76-anos-de-su-rey\\\/\",\"name\":\"El Reggae festeja hoy los 76 a\u00f1os de su Rey - Radio UNO Digital\",\"isPartOf\":{\"@id\":\"https:\\\/\\\/radiounodigital.com\\\/web\\\/#website\"},\"primaryImageOfPage\":{\"@id\":\"https:\\\/\\\/radiounodigital.com\\\/web\\\/2021\\\/02\\\/06\\\/el-reggae-festeja-hoy-los-76-anos-de-su-rey\\\/#primaryimage\"},\"image\":{\"@id\":\"https:\\\/\\\/radiounodigital.com\\\/web\\\/2021\\\/02\\\/06\\\/el-reggae-festeja-hoy-los-76-anos-de-su-rey\\\/#primaryimage\"},\"thumbnailUrl\":\"https:\\\/\\\/radiounodigital.com\\\/web\\\/wp-content\\\/uploads\\\/2020\\\/02\\\/Bob_Marley-1920x1080-1.jpg\",\"datePublished\":\"2021-02-06T12:45:25+00:00\",\"author\":{\"@id\":\"https:\\\/\\\/radiounodigital.com\\\/web\\\/#\\\/schema\\\/person\\\/00b93151fa54f619ecf9c183d1fc9758\"},\"breadcrumb\":{\"@id\":\"https:\\\/\\\/radiounodigital.com\\\/web\\\/2021\\\/02\\\/06\\\/el-reggae-festeja-hoy-los-76-anos-de-su-rey\\\/#breadcrumb\"},\"inLanguage\":\"es\",\"potentialAction\":[{\"@type\":\"ReadAction\",\"target\":[\"https:\\\/\\\/radiounodigital.com\\\/web\\\/2021\\\/02\\\/06\\\/el-reggae-festeja-hoy-los-76-anos-de-su-rey\\\/\"]}]},{\"@type\":\"ImageObject\",\"inLanguage\":\"es\",\"@id\":\"https:\\\/\\\/radiounodigital.com\\\/web\\\/2021\\\/02\\\/06\\\/el-reggae-festeja-hoy-los-76-anos-de-su-rey\\\/#primaryimage\",\"url\":\"https:\\\/\\\/radiounodigital.com\\\/web\\\/wp-content\\\/uploads\\\/2020\\\/02\\\/Bob_Marley-1920x1080-1.jpg\",\"contentUrl\":\"https:\\\/\\\/radiounodigital.com\\\/web\\\/wp-content\\\/uploads\\\/2020\\\/02\\\/Bob_Marley-1920x1080-1.jpg\",\"width\":1920,\"height\":1080},{\"@type\":\"BreadcrumbList\",\"@id\":\"https:\\\/\\\/radiounodigital.com\\\/web\\\/2021\\\/02\\\/06\\\/el-reggae-festeja-hoy-los-76-anos-de-su-rey\\\/#breadcrumb\",\"itemListElement\":[{\"@type\":\"ListItem\",\"position\":1,\"name\":\"Home\",\"item\":\"https:\\\/\\\/radiounodigital.com\\\/web\\\/\"},{\"@type\":\"ListItem\",\"position\":2,\"name\":\"El Reggae festeja hoy los 76 a\u00f1os de su Rey\"}]},{\"@type\":\"WebSite\",\"@id\":\"https:\\\/\\\/radiounodigital.com\\\/web\\\/#website\",\"url\":\"https:\\\/\\\/radiounodigital.com\\\/web\\\/\",\"name\":\"Radio UNO Digital\",\"description\":\"Donde la cultura del rock se siente\",\"potentialAction\":[{\"@type\":\"SearchAction\",\"target\":{\"@type\":\"EntryPoint\",\"urlTemplate\":\"https:\\\/\\\/radiounodigital.com\\\/web\\\/?s={search_term_string}\"},\"query-input\":{\"@type\":\"PropertyValueSpecification\",\"valueRequired\":true,\"valueName\":\"search_term_string\"}}],\"inLanguage\":\"es\"},{\"@type\":\"Person\",\"@id\":\"https:\\\/\\\/radiounodigital.com\\\/web\\\/#\\\/schema\\\/person\\\/00b93151fa54f619ecf9c183d1fc9758\",\"name\":\"diegoc\",\"image\":{\"@type\":\"ImageObject\",\"inLanguage\":\"es\",\"@id\":\"https:\\\/\\\/secure.gravatar.com\\\/avatar\\\/0a67041d44c702fb0660d81a5a32c7ce6007341cf92afeb718b75883bf415864?s=96&d=blank&r=g\",\"url\":\"https:\\\/\\\/secure.gravatar.com\\\/avatar\\\/0a67041d44c702fb0660d81a5a32c7ce6007341cf92afeb718b75883bf415864?s=96&d=blank&r=g\",\"contentUrl\":\"https:\\\/\\\/secure.gravatar.com\\\/avatar\\\/0a67041d44c702fb0660d81a5a32c7ce6007341cf92afeb718b75883bf415864?s=96&d=blank&r=g\",\"caption\":\"diegoc\"},\"url\":\"https:\\\/\\\/radiounodigital.com\\\/web\\\/author\\\/diegoc\\\/\"}]}<\/script>\n<!-- \/ Yoast SEO plugin. -->","yoast_head_json":{"title":"El Reggae festeja hoy los 76 a\u00f1os de su Rey - Radio UNO Digital","robots":{"index":"index","follow":"follow","max-snippet":"max-snippet:-1","max-image-preview":"max-image-preview:large","max-video-preview":"max-video-preview:-1"},"canonical":"https:\/\/radiounodigital.com\/web\/2021\/02\/06\/el-reggae-festeja-hoy-los-76-anos-de-su-rey\/","og_locale":"es_ES","og_type":"article","og_title":"El Reggae festeja hoy los 76 a\u00f1os de su Rey - Radio UNO Digital","og_description":"Un d\u00eda como hace 76 a\u00f1os nacia Robert Nesta Marley quien a la postre se convertir\u00eda en el m\u00e1ximo exponente mundial del reggae, A pesar de su corta carrera, pues a los 36 a\u00f1os se despidi\u00f3 de este mundo, su m\u00fasica es s\u00edmbolo de reggae. Si decimos reggae, instant\u00e1neamente se nos viene a la mente... Read More","og_url":"https:\/\/radiounodigital.com\/web\/2021\/02\/06\/el-reggae-festeja-hoy-los-76-anos-de-su-rey\/","og_site_name":"Radio UNO Digital","article_published_time":"2021-02-06T12:45:25+00:00","og_image":[{"width":1920,"height":1080,"url":"https:\/\/radiounodigital.com\/web\/wp-content\/uploads\/2020\/02\/Bob_Marley-1920x1080-1.jpg","type":"image\/jpeg"}],"author":"diegoc","twitter_card":"summary_large_image","twitter_misc":{"Escrito por":"diegoc","Tiempo de lectura":"1 minuto"},"schema":{"@context":"https:\/\/schema.org","@graph":[{"@type":"Article","@id":"https:\/\/radiounodigital.com\/web\/2021\/02\/06\/el-reggae-festeja-hoy-los-76-anos-de-su-rey\/#article","isPartOf":{"@id":"https:\/\/radiounodigital.com\/web\/2021\/02\/06\/el-reggae-festeja-hoy-los-76-anos-de-su-rey\/"},"author":{"name":"diegoc","@id":"https:\/\/radiounodigital.com\/web\/#\/schema\/person\/00b93151fa54f619ecf9c183d1fc9758"},"headline":"El Reggae festeja hoy los 76 a\u00f1os de su Rey","datePublished":"2021-02-06T12:45:25+00:00","mainEntityOfPage":{"@id":"https:\/\/radiounodigital.com\/web\/2021\/02\/06\/el-reggae-festeja-hoy-los-76-anos-de-su-rey\/"},"wordCount":107,"commentCount":0,"image":{"@id":"https:\/\/radiounodigital.com\/web\/2021\/02\/06\/el-reggae-festeja-hoy-los-76-anos-de-su-rey\/#primaryimage"},"thumbnailUrl":"https:\/\/radiounodigital.com\/web\/wp-content\/uploads\/2020\/02\/Bob_Marley-1920x1080-1.jpg","keywords":["2021","76 a\u00f1os","bob marley","cumplea\u00f1os"],"articleSection":["cumplea\u00f1os","news"],"inLanguage":"es","potentialAction":[{"@type":"CommentAction","name":"Comment","target":["https:\/\/radiounodigital.com\/web\/2021\/02\/06\/el-reggae-festeja-hoy-los-76-anos-de-su-rey\/#respond"]}]},{"@type":"WebPage","@id":"https:\/\/radiounodigital.com\/web\/2021\/02\/06\/el-reggae-festeja-hoy-los-76-anos-de-su-rey\/","url":"https:\/\/radiounodigital.com\/web\/2021\/02\/06\/el-reggae-festeja-hoy-los-76-anos-de-su-rey\/","name":"El Reggae festeja hoy los 76 a\u00f1os de su Rey - Radio UNO Digital","isPartOf":{"@id":"https:\/\/radiounodigital.com\/web\/#website"},"primaryImageOfPage":{"@id":"https:\/\/radiounodigital.com\/web\/2021\/02\/06\/el-reggae-festeja-hoy-los-76-anos-de-su-rey\/#primaryimage"},"image":{"@id":"https:\/\/radiounodigital.com\/web\/2021\/02\/06\/el-reggae-festeja-hoy-los-76-anos-de-su-rey\/#primaryimage"},"thumbnailUrl":"https:\/\/radiounodigital.com\/web\/wp-content\/uploads\/2020\/02\/Bob_Marley-1920x1080-1.jpg","datePublished":"2021-02-06T12:45:25+00:00","author":{"@id":"https:\/\/radiounodigital.com\/web\/#\/schema\/person\/00b93151fa54f619ecf9c183d1fc9758"},"breadcrumb":{"@id":"https:\/\/radiounodigital.com\/web\/2021\/02\/06\/el-reggae-festeja-hoy-los-76-anos-de-su-rey\/#breadcrumb"},"inLanguage":"es","potentialAction":[{"@type":"ReadAction","target":["https:\/\/radiounodigital.com\/web\/2021\/02\/06\/el-reggae-festeja-hoy-los-76-anos-de-su-rey\/"]}]},{"@type":"ImageObject","inLanguage":"es","@id":"https:\/\/radiounodigital.com\/web\/2021\/02\/06\/el-reggae-festeja-hoy-los-76-anos-de-su-rey\/#primaryimage","url":"https:\/\/radiounodigital.com\/web\/wp-content\/uploads\/2020\/02\/Bob_Marley-1920x1080-1.jpg","contentUrl":"https:\/\/radiounodigital.com\/web\/wp-content\/uploads\/2020\/02\/Bob_Marley-1920x1080-1.jpg","width":1920,"height":1080},{"@type":"BreadcrumbList","@id":"https:\/\/radiounodigital.com\/web\/2021\/02\/06\/el-reggae-festeja-hoy-los-76-anos-de-su-rey\/#breadcrumb","itemListElement":[{"@type":"ListItem","position":1,"name":"Home","item":"https:\/\/radiounodigital.com\/web\/"},{"@type":"ListItem","position":2,"name":"El Reggae festeja hoy los 76 a\u00f1os de su Rey"}]},{"@type":"WebSite","@id":"https:\/\/radiounodigital.com\/web\/#website","url":"https:\/\/radiounodigital.com\/web\/","name":"Radio UNO Digital","description":"Donde la cultura del rock se siente","potentialAction":[{"@type":"SearchAction","target":{"@type":"EntryPoint","urlTemplate":"https:\/\/radiounodigital.com\/web\/?s={search_term_string}"},"query-input":{"@type":"PropertyValueSpecification","valueRequired":true,"valueName":"search_term_string"}}],"inLanguage":"es"},{"@type":"Person","@id":"https:\/\/radiounodigital.com\/web\/#\/schema\/person\/00b93151fa54f619ecf9c183d1fc9758","name":"diegoc","image":{"@type":"ImageObject","inLanguage":"es","@id":"https:\/\/secure.gravatar.com\/avatar\/0a67041d44c702fb0660d81a5a32c7ce6007341cf92afeb718b75883bf415864?s=96&d=blank&r=g","url":"https:\/\/secure.gravatar.com\/avatar\/0a67041d44c702fb0660d81a5a32c7ce6007341cf92afeb718b75883bf415864?s=96&d=blank&r=g","contentUrl":"https:\/\/secure.gravatar.com\/avatar\/0a67041d44c702fb0660d81a5a32c7ce6007341cf92afeb718b75883bf415864?s=96&d=blank&r=g","caption":"diegoc"},"url":"https:\/\/radiounodigital.com\/web\/author\/diegoc\/"}]}},"_links":{"self":[{"href":"https:\/\/radiounodigital.com\/web\/wp-json\/wp\/v2\/posts\/5382","targetHints":{"allow":["GET"]}}],"collection":[{"href":"https:\/\/radiounodigital.com\/web\/wp-json\/wp\/v2\/posts"}],"about":[{"href":"https:\/\/radiounodigital.com\/web\/wp-json\/wp\/v2\/types\/post"}],"author":[{"embeddable":true,"href":"https:\/\/radiounodigital.com\/web\/wp-json\/wp\/v2\/users\/1"}],"replies":[{"embeddable":true,"href":"https:\/\/radiounodigital.com\/web\/wp-json\/wp\/v2\/comments?post=5382"}],"version-history":[{"count":1,"href":"https:\/\/radiounodigital.com\/web\/wp-json\/wp\/v2\/posts\/5382\/revisions"}],"predecessor-version":[{"id":5384,"href":"https:\/\/radiounodigital.com\/web\/wp-json\/wp\/v2\/posts\/5382\/revisions\/5384"}],"wp:featuredmedia":[{"embeddable":true,"href":"https:\/\/radiounodigital.com\/web\/wp-json\/wp\/v2\/media\/3470"}],"wp:attachment":[{"href":"https:\/\/radiounodigital.com\/web\/wp-json\/wp\/v2\/media?parent=5382"}],"wp:term":[{"taxonomy":"category","embeddable":true,"href":"https:\/\/radiounodigital.com\/web\/wp-json\/wp\/v2\/categories?post=5382"},{"taxonomy":"post_tag","embeddable":true,"href":"https:\/\/radiounodigital.com\/web\/wp-json\/wp\/v2\/tags?post=5382"}],"curies":[{"name":"wp","href":"https:\/\/api.w.org\/{rel}","templated":true}]}}