{"id":5415,"date":"2021-02-10T15:02:20","date_gmt":"2021-02-10T18:02:20","guid":{"rendered":"https:\/\/radiounodigital.com\/web\/?p=5415"},"modified":"2021-02-10T15:02:20","modified_gmt":"2021-02-10T18:02:20","slug":"iron-maiden-es-nominado-para-el-salon-de-la-fama-del-rock-and-roll","status":"publish","type":"post","link":"https:\/\/radiounodigital.com\/web\/2021\/02\/10\/iron-maiden-es-nominado-para-el-salon-de-la-fama-del-rock-and-roll\/","title":{"rendered":"Iron Maiden es nominado para el Sal\u00f3n de la Fama del Rock And Roll"},"content":{"rendered":"<h3>Iron Maiden, Foo Fighters y Rage Against The Machine est\u00e1n en la lista de nominados para el Sal\u00f3n de la Fama del Rock and Roll 2021<\/h3>\n<p>Iron Maiden se encuentra entre los nominados para el Sal\u00f3n de la Fama del Rock And Roll de 2021.<\/p>\n<p>A Maiden se unen en la lista de nominados Rage Against The Machine, Foo Fighters y The New York Dolls, junto con Kate Bush, Tina Turner, Jay-Z y otros.<\/p>\n<p>Es la primera vez que las leyendas brit\u00e1nicas del metal llegan a la boleta desde que fueron elegibles para ingresar al Sal\u00f3n de la Fama en 2005.<\/p>\n<p>En 2016, el l\u00edder Bruce Dickinson critic\u00f3 a los organizadores del Sal\u00f3n de la Fama por excluir a Maiden.<\/p>\n<p>\u00abDe hecho, creo que el Sal\u00f3n de la Fama del Rock and Roll es un mont\u00f3n de tonter\u00edas para ser honesto\u00bb, dijo.<\/p>\n<p>\u201cEst\u00e1 dirigido por un grupo de malditos estadounidenses santurrones que no sabr\u00edan el rock&#8217;n&#8217;roll si les golpeara en la cara. \u00a1Deben dejar de tomar Prozac y empezar a beber cerveza! \u00bb<\/p>\n<p>Como en a\u00f1os anteriores, los fan\u00e1ticos pueden votar por qui\u00e9n quieren que se incorpore al Sal\u00f3n de la Fama a trav\u00e9s de la \u201cboleta de los fan\u00e1ticos\u201d, que se cuenta junto con los votos de los miembros del comit\u00e9 del Sal\u00f3n de la Fama. La votaci\u00f3n en la boleta de los fan\u00e1ticos <a href=\"https:\/\/www.rockhall.com\/nominees-announced-2021-induction\">est\u00e1 abierta ahora<\/a> y se cierra el 30 de abril.<\/p>\n<p>&nbsp;<\/p>\n<p>El \u00faltimo resumen de los nuevos miembros se dar\u00e1 a conocer en mayo y la ceremonia tendr\u00e1 lugar a finales de este a\u00f1o.<\/p>\n<p>La lista completa de nominados para el Sal\u00f3n de la Fama del Rock And Roll 2021 son:<\/p>\n<p>Mary J. Blige<br \/>\nKate Bush<br \/>\nDevo<br \/>\nFoo Fighters<br \/>\nLos Go-Go&#8217;s<br \/>\nIron Maiden<br \/>\nJay Z<br \/>\nChaka Khan<br \/>\nCarole King<br \/>\nFela Kuti<br \/>\nLL Cool J<br \/>\nMu\u00f1ecas de nueva york<br \/>\nRabia contra la m\u00e1quina<br \/>\nTodd Rundgren<br \/>\nTina Turner<br \/>\nDionne Warwick<\/p>\n<div class=\"fb-background-color\">\n\t\t\t  <div \n\t\t\t  \tclass = \"fb-comments\" \n\t\t\t  \tdata-href = \"https:\/\/radiounodigital.com\/web\/2021\/02\/10\/iron-maiden-es-nominado-para-el-salon-de-la-fama-del-rock-and-roll\/\"\n\t\t\t  \tdata-numposts = \"10\"\n\t\t\t  \tdata-lazy = \"true\"\n\t\t\t\tdata-colorscheme = \"dark\"\n\t\t\t\tdata-order-by = \"reverse_time\"\n\t\t\t\tdata-mobile=true>\n\t\t\t  <\/div><\/div>\n\t\t  <style>\n\t\t    .fb-background-color {\n\t\t\t\tbackground: #ffffff !important;\n\t\t\t}\n\t\t\t.fb_iframe_widget_fluid_desktop iframe {\n\t\t\t    width: 100% !important;\n\t\t\t}\n\t\t  <\/style>\n\t\t  ","protected":false},"excerpt":{"rendered":"<p>Iron Maiden, Foo Fighters y Rage Against The Machine est\u00e1n en la lista de nominados para el Sal\u00f3n de la Fama del Rock and Roll 2021 Iron Maiden se encuentra entre los nominados para el Sal\u00f3n de la Fama del Rock And Roll de 2021. A Maiden se unen en la lista de nominados Rage&#8230; <a href=\"https:\/\/radiounodigital.com\/web\/2021\/02\/10\/iron-maiden-es-nominado-para-el-salon-de-la-fama-del-rock-and-roll\/\" class=\"excerpt-read-more\">Read More<\/a><\/p>\n","protected":false},"author":1,"featured_media":5416,"comment_status":"open","ping_status":"open","sticky":false,"template":"","format":"standard","meta":{"footnotes":""},"categories":[180,128],"tags":[97,249,1572,96],"class_list":["post-5415","post","type-post","status-publish","format-standard","has-post-thumbnail","hentry","category-news","category-rock-clasico","tag-hall-of-fame","tag-iron-maiden","tag-nominados","tag-rock-and-roll"],"yoast_head":"<!-- This site is optimized with the Yoast SEO plugin v27.4 - https:\/\/yoast.com\/product\/yoast-seo-wordpress\/ -->\n<title>Iron Maiden es nominado para el Sal\u00f3n de la Fama del Rock And Roll - Radio UNO Digital<\/title>\n<meta name=\"description\" content=\"Iron Maiden, Foo Fighters y Rage Against The Machine est\u00e1n en la lista de nominados para el Sal\u00f3n de la Fama del Rock and Roll 2021\" \/>\n<meta name=\"robots\" content=\"index, follow, max-snippet:-1, max-image-preview:large, max-video-preview:-1\" \/>\n<link rel=\"canonical\" href=\"https:\/\/radiounodigital.com\/web\/2021\/02\/10\/iron-maiden-es-nominado-para-el-salon-de-la-fama-del-rock-and-roll\/\" \/>\n<meta property=\"og:locale\" content=\"es_ES\" \/>\n<meta property=\"og:type\" content=\"article\" \/>\n<meta property=\"og:title\" content=\"Iron Maiden es nominado para el Sal\u00f3n de la Fama del Rock And Roll - Radio UNO Digital\" \/>\n<meta property=\"og:description\" content=\"Iron Maiden, Foo Fighters y Rage Against The Machine est\u00e1n en la lista de nominados para el Sal\u00f3n de la Fama del Rock and Roll 2021\" \/>\n<meta property=\"og:url\" content=\"https:\/\/radiounodigital.com\/web\/2021\/02\/10\/iron-maiden-es-nominado-para-el-salon-de-la-fama-del-rock-and-roll\/\" \/>\n<meta property=\"og:site_name\" content=\"Radio UNO Digital\" \/>\n<meta property=\"article:published_time\" content=\"2021-02-10T18:02:20+00:00\" \/>\n<meta property=\"og:image\" content=\"https:\/\/radiounodigital.com\/web\/wp-content\/uploads\/2021\/02\/iron-maiden.jpg\" \/>\n\t<meta property=\"og:image:width\" content=\"807\" \/>\n\t<meta property=\"og:image:height\" content=\"436\" \/>\n\t<meta property=\"og:image:type\" content=\"image\/jpeg\" \/>\n<meta name=\"author\" content=\"diegoc\" \/>\n<meta name=\"twitter:card\" content=\"summary_large_image\" \/>\n<meta name=\"twitter:label1\" content=\"Escrito por\" \/>\n\t<meta name=\"twitter:data1\" content=\"diegoc\" \/>\n\t<meta name=\"twitter:label2\" content=\"Tiempo de lectura\" \/>\n\t<meta name=\"twitter:data2\" content=\"2 minutos\" \/>\n<script type=\"application\/ld+json\" class=\"yoast-schema-graph\">{\"@context\":\"https:\\\/\\\/schema.org\",\"@graph\":[{\"@type\":\"Article\",\"@id\":\"https:\\\/\\\/radiounodigital.com\\\/web\\\/2021\\\/02\\\/10\\\/iron-maiden-es-nominado-para-el-salon-de-la-fama-del-rock-and-roll\\\/#article\",\"isPartOf\":{\"@id\":\"https:\\\/\\\/radiounodigital.com\\\/web\\\/2021\\\/02\\\/10\\\/iron-maiden-es-nominado-para-el-salon-de-la-fama-del-rock-and-roll\\\/\"},\"author\":{\"name\":\"diegoc\",\"@id\":\"https:\\\/\\\/radiounodigital.com\\\/web\\\/#\\\/schema\\\/person\\\/00b93151fa54f619ecf9c183d1fc9758\"},\"headline\":\"Iron Maiden es nominado para el Sal\u00f3n de la Fama del Rock And Roll\",\"datePublished\":\"2021-02-10T18:02:20+00:00\",\"mainEntityOfPage\":{\"@id\":\"https:\\\/\\\/radiounodigital.com\\\/web\\\/2021\\\/02\\\/10\\\/iron-maiden-es-nominado-para-el-salon-de-la-fama-del-rock-and-roll\\\/\"},\"wordCount\":348,\"commentCount\":0,\"image\":{\"@id\":\"https:\\\/\\\/radiounodigital.com\\\/web\\\/2021\\\/02\\\/10\\\/iron-maiden-es-nominado-para-el-salon-de-la-fama-del-rock-and-roll\\\/#primaryimage\"},\"thumbnailUrl\":\"https:\\\/\\\/radiounodigital.com\\\/web\\\/wp-content\\\/uploads\\\/2021\\\/02\\\/iron-maiden.jpg\",\"keywords\":[\"hall of fame\",\"iron maiden\",\"nominados\",\"rock and roll\"],\"articleSection\":[\"news\",\"Rock Clasico\"],\"inLanguage\":\"es\",\"potentialAction\":[{\"@type\":\"CommentAction\",\"name\":\"Comment\",\"target\":[\"https:\\\/\\\/radiounodigital.com\\\/web\\\/2021\\\/02\\\/10\\\/iron-maiden-es-nominado-para-el-salon-de-la-fama-del-rock-and-roll\\\/#respond\"]}]},{\"@type\":\"WebPage\",\"@id\":\"https:\\\/\\\/radiounodigital.com\\\/web\\\/2021\\\/02\\\/10\\\/iron-maiden-es-nominado-para-el-salon-de-la-fama-del-rock-and-roll\\\/\",\"url\":\"https:\\\/\\\/radiounodigital.com\\\/web\\\/2021\\\/02\\\/10\\\/iron-maiden-es-nominado-para-el-salon-de-la-fama-del-rock-and-roll\\\/\",\"name\":\"Iron Maiden es nominado para el Sal\u00f3n de la Fama del Rock And Roll - Radio UNO Digital\",\"isPartOf\":{\"@id\":\"https:\\\/\\\/radiounodigital.com\\\/web\\\/#website\"},\"primaryImageOfPage\":{\"@id\":\"https:\\\/\\\/radiounodigital.com\\\/web\\\/2021\\\/02\\\/10\\\/iron-maiden-es-nominado-para-el-salon-de-la-fama-del-rock-and-roll\\\/#primaryimage\"},\"image\":{\"@id\":\"https:\\\/\\\/radiounodigital.com\\\/web\\\/2021\\\/02\\\/10\\\/iron-maiden-es-nominado-para-el-salon-de-la-fama-del-rock-and-roll\\\/#primaryimage\"},\"thumbnailUrl\":\"https:\\\/\\\/radiounodigital.com\\\/web\\\/wp-content\\\/uploads\\\/2021\\\/02\\\/iron-maiden.jpg\",\"datePublished\":\"2021-02-10T18:02:20+00:00\",\"author\":{\"@id\":\"https:\\\/\\\/radiounodigital.com\\\/web\\\/#\\\/schema\\\/person\\\/00b93151fa54f619ecf9c183d1fc9758\"},\"description\":\"Iron Maiden, Foo Fighters y Rage Against The Machine est\u00e1n en la lista de nominados para el Sal\u00f3n de la Fama del Rock and Roll 2021\",\"breadcrumb\":{\"@id\":\"https:\\\/\\\/radiounodigital.com\\\/web\\\/2021\\\/02\\\/10\\\/iron-maiden-es-nominado-para-el-salon-de-la-fama-del-rock-and-roll\\\/#breadcrumb\"},\"inLanguage\":\"es\",\"potentialAction\":[{\"@type\":\"ReadAction\",\"target\":[\"https:\\\/\\\/radiounodigital.com\\\/web\\\/2021\\\/02\\\/10\\\/iron-maiden-es-nominado-para-el-salon-de-la-fama-del-rock-and-roll\\\/\"]}]},{\"@type\":\"ImageObject\",\"inLanguage\":\"es\",\"@id\":\"https:\\\/\\\/radiounodigital.com\\\/web\\\/2021\\\/02\\\/10\\\/iron-maiden-es-nominado-para-el-salon-de-la-fama-del-rock-and-roll\\\/#primaryimage\",\"url\":\"https:\\\/\\\/radiounodigital.com\\\/web\\\/wp-content\\\/uploads\\\/2021\\\/02\\\/iron-maiden.jpg\",\"contentUrl\":\"https:\\\/\\\/radiounodigital.com\\\/web\\\/wp-content\\\/uploads\\\/2021\\\/02\\\/iron-maiden.jpg\",\"width\":807,\"height\":436},{\"@type\":\"BreadcrumbList\",\"@id\":\"https:\\\/\\\/radiounodigital.com\\\/web\\\/2021\\\/02\\\/10\\\/iron-maiden-es-nominado-para-el-salon-de-la-fama-del-rock-and-roll\\\/#breadcrumb\",\"itemListElement\":[{\"@type\":\"ListItem\",\"position\":1,\"name\":\"Home\",\"item\":\"https:\\\/\\\/radiounodigital.com\\\/web\\\/\"},{\"@type\":\"ListItem\",\"position\":2,\"name\":\"Iron Maiden es nominado para el Sal\u00f3n de la Fama del Rock And Roll\"}]},{\"@type\":\"WebSite\",\"@id\":\"https:\\\/\\\/radiounodigital.com\\\/web\\\/#website\",\"url\":\"https:\\\/\\\/radiounodigital.com\\\/web\\\/\",\"name\":\"Radio UNO Digital\",\"description\":\"Donde la cultura del rock se siente\",\"potentialAction\":[{\"@type\":\"SearchAction\",\"target\":{\"@type\":\"EntryPoint\",\"urlTemplate\":\"https:\\\/\\\/radiounodigital.com\\\/web\\\/?s={search_term_string}\"},\"query-input\":{\"@type\":\"PropertyValueSpecification\",\"valueRequired\":true,\"valueName\":\"search_term_string\"}}],\"inLanguage\":\"es\"},{\"@type\":\"Person\",\"@id\":\"https:\\\/\\\/radiounodigital.com\\\/web\\\/#\\\/schema\\\/person\\\/00b93151fa54f619ecf9c183d1fc9758\",\"name\":\"diegoc\",\"image\":{\"@type\":\"ImageObject\",\"inLanguage\":\"es\",\"@id\":\"https:\\\/\\\/secure.gravatar.com\\\/avatar\\\/0a67041d44c702fb0660d81a5a32c7ce6007341cf92afeb718b75883bf415864?s=96&d=blank&r=g\",\"url\":\"https:\\\/\\\/secure.gravatar.com\\\/avatar\\\/0a67041d44c702fb0660d81a5a32c7ce6007341cf92afeb718b75883bf415864?s=96&d=blank&r=g\",\"contentUrl\":\"https:\\\/\\\/secure.gravatar.com\\\/avatar\\\/0a67041d44c702fb0660d81a5a32c7ce6007341cf92afeb718b75883bf415864?s=96&d=blank&r=g\",\"caption\":\"diegoc\"},\"url\":\"https:\\\/\\\/radiounodigital.com\\\/web\\\/author\\\/diegoc\\\/\"}]}<\/script>\n<!-- \/ Yoast SEO plugin. -->","yoast_head_json":{"title":"Iron Maiden es nominado para el Sal\u00f3n de la Fama del Rock And Roll - Radio UNO Digital","description":"Iron Maiden, Foo Fighters y Rage Against The Machine est\u00e1n en la lista de nominados para el Sal\u00f3n de la Fama del Rock and Roll 2021","robots":{"index":"index","follow":"follow","max-snippet":"max-snippet:-1","max-image-preview":"max-image-preview:large","max-video-preview":"max-video-preview:-1"},"canonical":"https:\/\/radiounodigital.com\/web\/2021\/02\/10\/iron-maiden-es-nominado-para-el-salon-de-la-fama-del-rock-and-roll\/","og_locale":"es_ES","og_type":"article","og_title":"Iron Maiden es nominado para el Sal\u00f3n de la Fama del Rock And Roll - Radio UNO Digital","og_description":"Iron Maiden, Foo Fighters y Rage Against The Machine est\u00e1n en la lista de nominados para el Sal\u00f3n de la Fama del Rock and Roll 2021","og_url":"https:\/\/radiounodigital.com\/web\/2021\/02\/10\/iron-maiden-es-nominado-para-el-salon-de-la-fama-del-rock-and-roll\/","og_site_name":"Radio UNO Digital","article_published_time":"2021-02-10T18:02:20+00:00","og_image":[{"width":807,"height":436,"url":"https:\/\/radiounodigital.com\/web\/wp-content\/uploads\/2021\/02\/iron-maiden.jpg","type":"image\/jpeg"}],"author":"diegoc","twitter_card":"summary_large_image","twitter_misc":{"Escrito por":"diegoc","Tiempo de lectura":"2 minutos"},"schema":{"@context":"https:\/\/schema.org","@graph":[{"@type":"Article","@id":"https:\/\/radiounodigital.com\/web\/2021\/02\/10\/iron-maiden-es-nominado-para-el-salon-de-la-fama-del-rock-and-roll\/#article","isPartOf":{"@id":"https:\/\/radiounodigital.com\/web\/2021\/02\/10\/iron-maiden-es-nominado-para-el-salon-de-la-fama-del-rock-and-roll\/"},"author":{"name":"diegoc","@id":"https:\/\/radiounodigital.com\/web\/#\/schema\/person\/00b93151fa54f619ecf9c183d1fc9758"},"headline":"Iron Maiden es nominado para el Sal\u00f3n de la Fama del Rock And Roll","datePublished":"2021-02-10T18:02:20+00:00","mainEntityOfPage":{"@id":"https:\/\/radiounodigital.com\/web\/2021\/02\/10\/iron-maiden-es-nominado-para-el-salon-de-la-fama-del-rock-and-roll\/"},"wordCount":348,"commentCount":0,"image":{"@id":"https:\/\/radiounodigital.com\/web\/2021\/02\/10\/iron-maiden-es-nominado-para-el-salon-de-la-fama-del-rock-and-roll\/#primaryimage"},"thumbnailUrl":"https:\/\/radiounodigital.com\/web\/wp-content\/uploads\/2021\/02\/iron-maiden.jpg","keywords":["hall of fame","iron maiden","nominados","rock and roll"],"articleSection":["news","Rock Clasico"],"inLanguage":"es","potentialAction":[{"@type":"CommentAction","name":"Comment","target":["https:\/\/radiounodigital.com\/web\/2021\/02\/10\/iron-maiden-es-nominado-para-el-salon-de-la-fama-del-rock-and-roll\/#respond"]}]},{"@type":"WebPage","@id":"https:\/\/radiounodigital.com\/web\/2021\/02\/10\/iron-maiden-es-nominado-para-el-salon-de-la-fama-del-rock-and-roll\/","url":"https:\/\/radiounodigital.com\/web\/2021\/02\/10\/iron-maiden-es-nominado-para-el-salon-de-la-fama-del-rock-and-roll\/","name":"Iron Maiden es nominado para el Sal\u00f3n de la Fama del Rock And Roll - Radio UNO Digital","isPartOf":{"@id":"https:\/\/radiounodigital.com\/web\/#website"},"primaryImageOfPage":{"@id":"https:\/\/radiounodigital.com\/web\/2021\/02\/10\/iron-maiden-es-nominado-para-el-salon-de-la-fama-del-rock-and-roll\/#primaryimage"},"image":{"@id":"https:\/\/radiounodigital.com\/web\/2021\/02\/10\/iron-maiden-es-nominado-para-el-salon-de-la-fama-del-rock-and-roll\/#primaryimage"},"thumbnailUrl":"https:\/\/radiounodigital.com\/web\/wp-content\/uploads\/2021\/02\/iron-maiden.jpg","datePublished":"2021-02-10T18:02:20+00:00","author":{"@id":"https:\/\/radiounodigital.com\/web\/#\/schema\/person\/00b93151fa54f619ecf9c183d1fc9758"},"description":"Iron Maiden, Foo Fighters y Rage Against The Machine est\u00e1n en la lista de nominados para el Sal\u00f3n de la Fama del Rock and Roll 2021","breadcrumb":{"@id":"https:\/\/radiounodigital.com\/web\/2021\/02\/10\/iron-maiden-es-nominado-para-el-salon-de-la-fama-del-rock-and-roll\/#breadcrumb"},"inLanguage":"es","potentialAction":[{"@type":"ReadAction","target":["https:\/\/radiounodigital.com\/web\/2021\/02\/10\/iron-maiden-es-nominado-para-el-salon-de-la-fama-del-rock-and-roll\/"]}]},{"@type":"ImageObject","inLanguage":"es","@id":"https:\/\/radiounodigital.com\/web\/2021\/02\/10\/iron-maiden-es-nominado-para-el-salon-de-la-fama-del-rock-and-roll\/#primaryimage","url":"https:\/\/radiounodigital.com\/web\/wp-content\/uploads\/2021\/02\/iron-maiden.jpg","contentUrl":"https:\/\/radiounodigital.com\/web\/wp-content\/uploads\/2021\/02\/iron-maiden.jpg","width":807,"height":436},{"@type":"BreadcrumbList","@id":"https:\/\/radiounodigital.com\/web\/2021\/02\/10\/iron-maiden-es-nominado-para-el-salon-de-la-fama-del-rock-and-roll\/#breadcrumb","itemListElement":[{"@type":"ListItem","position":1,"name":"Home","item":"https:\/\/radiounodigital.com\/web\/"},{"@type":"ListItem","position":2,"name":"Iron Maiden es nominado para el Sal\u00f3n de la Fama del Rock And Roll"}]},{"@type":"WebSite","@id":"https:\/\/radiounodigital.com\/web\/#website","url":"https:\/\/radiounodigital.com\/web\/","name":"Radio UNO Digital","description":"Donde la cultura del rock se siente","potentialAction":[{"@type":"SearchAction","target":{"@type":"EntryPoint","urlTemplate":"https:\/\/radiounodigital.com\/web\/?s={search_term_string}"},"query-input":{"@type":"PropertyValueSpecification","valueRequired":true,"valueName":"search_term_string"}}],"inLanguage":"es"},{"@type":"Person","@id":"https:\/\/radiounodigital.com\/web\/#\/schema\/person\/00b93151fa54f619ecf9c183d1fc9758","name":"diegoc","image":{"@type":"ImageObject","inLanguage":"es","@id":"https:\/\/secure.gravatar.com\/avatar\/0a67041d44c702fb0660d81a5a32c7ce6007341cf92afeb718b75883bf415864?s=96&d=blank&r=g","url":"https:\/\/secure.gravatar.com\/avatar\/0a67041d44c702fb0660d81a5a32c7ce6007341cf92afeb718b75883bf415864?s=96&d=blank&r=g","contentUrl":"https:\/\/secure.gravatar.com\/avatar\/0a67041d44c702fb0660d81a5a32c7ce6007341cf92afeb718b75883bf415864?s=96&d=blank&r=g","caption":"diegoc"},"url":"https:\/\/radiounodigital.com\/web\/author\/diegoc\/"}]}},"_links":{"self":[{"href":"https:\/\/radiounodigital.com\/web\/wp-json\/wp\/v2\/posts\/5415","targetHints":{"allow":["GET"]}}],"collection":[{"href":"https:\/\/radiounodigital.com\/web\/wp-json\/wp\/v2\/posts"}],"about":[{"href":"https:\/\/radiounodigital.com\/web\/wp-json\/wp\/v2\/types\/post"}],"author":[{"embeddable":true,"href":"https:\/\/radiounodigital.com\/web\/wp-json\/wp\/v2\/users\/1"}],"replies":[{"embeddable":true,"href":"https:\/\/radiounodigital.com\/web\/wp-json\/wp\/v2\/comments?post=5415"}],"version-history":[{"count":1,"href":"https:\/\/radiounodigital.com\/web\/wp-json\/wp\/v2\/posts\/5415\/revisions"}],"predecessor-version":[{"id":5417,"href":"https:\/\/radiounodigital.com\/web\/wp-json\/wp\/v2\/posts\/5415\/revisions\/5417"}],"wp:featuredmedia":[{"embeddable":true,"href":"https:\/\/radiounodigital.com\/web\/wp-json\/wp\/v2\/media\/5416"}],"wp:attachment":[{"href":"https:\/\/radiounodigital.com\/web\/wp-json\/wp\/v2\/media?parent=5415"}],"wp:term":[{"taxonomy":"category","embeddable":true,"href":"https:\/\/radiounodigital.com\/web\/wp-json\/wp\/v2\/categories?post=5415"},{"taxonomy":"post_tag","embeddable":true,"href":"https:\/\/radiounodigital.com\/web\/wp-json\/wp\/v2\/tags?post=5415"}],"curies":[{"name":"wp","href":"https:\/\/api.w.org\/{rel}","templated":true}]}}