{"id":5440,"date":"2021-02-16T05:08:43","date_gmt":"2021-02-16T08:08:43","guid":{"rendered":"https:\/\/radiounodigital.com\/web\/?p=5440"},"modified":"2021-02-15T16:12:43","modified_gmt":"2021-02-15T19:12:43","slug":"dave-grohl-quiere-resucitar-a-su-banda-sonada-them-crooked-vultures","status":"publish","type":"post","link":"https:\/\/radiounodigital.com\/web\/2021\/02\/16\/dave-grohl-quiere-resucitar-a-su-banda-sonada-them-crooked-vultures\/","title":{"rendered":"Dave Grohl quiere resucitar a su \u00abbanda so\u00f1ada\u00bb, Them Crooked Vultures"},"content":{"rendered":"<h3>A Dave Grohl le gustar\u00eda reunirse con Josh Homme y John Paul Jones para otro \u00e1lbum de Them Crooked Vultures<\/h3>\n<p>El l\u00edder de Foo Fighters, Dave Grohl, ha revelado que le gustar\u00eda resucitar a Them Crooked Vultures, el supergrupo \u00abincre\u00edblemente inspirador\u00bb que comparti\u00f3 con el ex bajista de Led Zeppelin John Paul Jones y el l\u00edder de Queens Of The Stone Age Josh Homme.<\/p>\n<p>Actualmente encantando a los medios de comunicaci\u00f3n del mundo con 1001 entrevistas para promocionar el d\u00e9cimo \u00e1lbum de estudio de Foo, Medicine At Midnight, Grohl se permiti\u00f3 disfrutar de un poco de nostalgia mientras presentaba Medicine At Midnight Radio en Apple Music Hits, llamando el poder del groove rock contundente. tr\u00edo, con quien grab\u00f3 el \u00e1lbum hom\u00f3nimo Them Crooked Vultures en 2009, \u00abun sue\u00f1o hecho realidad\u00bb.<\/p>\n<p>En una entrevista de 2019 con el peri\u00f3dico The Guardian, Grohl declar\u00f3 eso, t\u00e9cnicamente. el tr\u00edo, que toca la bater\u00eda, \u201csegu\u00eda siendo una banda\u201d: \u200b\u200beste fin de semana fue m\u00e1s all\u00e1, diciendo. \u201cEspero que alg\u00fan d\u00eda lo volvamos a hacer\u201d.<\/p>\n<p>\u201cThem Crooked Vultures fue solo un sue\u00f1o hecho realidad para m\u00ed\u201d, record\u00f3. \u201cDurante a\u00f1os, Josh y yo hab\u00edamos hablado de hacer alg\u00fan proyecto paralelo. Algo que no era Queens of the Stone Age, algo que no era Foo Fighters. Quiz\u00e1s solo \u00e9ramos Josh y yo. Quiz\u00e1s \u00e9l toca la bater\u00eda, yo toco la guitarra. Quiz\u00e1s la guitarra, yo toco la bater\u00eda. Solo algo que fue solo un proyecto experimental \u00ab.<\/p>\n<p>\u00abThem Crooked Vultures es una banda de ensue\u00f1o para cualquier baterista, porque llegu\u00e9 a ser parte de esta secci\u00f3n r\u00edtmica de tres piezas\u00bb, agreg\u00f3. \u201cPero porque Josh no es solo un solista. Josh toca la bater\u00eda. Toca la guitarra como un baterista y John Paul Jones es el mejor bajista de rock and roll de la historia de la m\u00fasica. Cuando nos sentamos para empezar a tocar, fueron entre 30 segundos y un minuto y nos dimos cuenta de que era una banda real. Este es el verdadero negocio. Entramos al estudio todos los d\u00edas sin ideas. Nos sent\u00e1bamos, tom\u00e1bamos t\u00e9, caf\u00e9 y empez\u00e1bamos a improvisar. Al final de esa noche, tendr\u00edamos una obra de ocho minutos. Solo una obra maestra del rock. Fue incre\u00edblemente inspirador. Fue un momento realmente incre\u00edble. Espero que alg\u00fan d\u00eda lo volvamos a hacer \u201d.<\/p>\n<p>El \u00e1lbum debut de la banda alcanz\u00f3 el puesto n\u00famero 13 en el Reino Unido y el n\u00famero 12 en los Estados Unidos, en noviembre de 2009.<\/p>\n<p><iframe loading=\"lazy\" title=\"Them Crooked Vultures -  Reading Festival 2009 ( Full Concert)\" width=\"960\" height=\"540\" src=\"https:\/\/www.youtube.com\/embed\/kbCqmfi8dLE?feature=oembed\" frameborder=\"0\" allow=\"accelerometer; autoplay; clipboard-write; encrypted-media; gyroscope; picture-in-picture\" allowfullscreen><\/iframe><\/p>\n<p>Este fin de semana, la banda principal de Grohl, Foo Fighters, anot\u00f3 su quinto \u00e1lbum n\u00famero uno en el Reino Unido con el reci\u00e9n lanzado Medicine At Midnight.<\/p>\n<p>\u00abMe gustar\u00eda agradecer a todos por honrarnos con este r\u00e9cord n\u00famero 1\u00bb, dijo Grohl al sitio web de Official Charts Company. \u201cDespu\u00e9s de 25 a\u00f1os de ser una banda, todav\u00eda nos sorprende que esto realmente pueda suceder y estamos muy agradecidos y muy agradecidos. Estamos ansiosos por volver all\u00ed para verlos, m\u00e1s temprano que tarde, \u00a1espero! Estamos listos, cada d\u00eda estamos un paso m\u00e1s cerca \u00ab.<\/p>\n<div class=\"fb-background-color\">\n\t\t\t  <div \n\t\t\t  \tclass = \"fb-comments\" \n\t\t\t  \tdata-href = \"https:\/\/radiounodigital.com\/web\/2021\/02\/16\/dave-grohl-quiere-resucitar-a-su-banda-sonada-them-crooked-vultures\/\"\n\t\t\t  \tdata-numposts = \"10\"\n\t\t\t  \tdata-lazy = \"true\"\n\t\t\t\tdata-colorscheme = \"dark\"\n\t\t\t\tdata-order-by = \"reverse_time\"\n\t\t\t\tdata-mobile=true>\n\t\t\t  <\/div><\/div>\n\t\t  <style>\n\t\t    .fb-background-color {\n\t\t\t\tbackground: #ffffff !important;\n\t\t\t}\n\t\t\t.fb_iframe_widget_fluid_desktop iframe {\n\t\t\t    width: 100% !important;\n\t\t\t}\n\t\t  <\/style>\n\t\t  ","protected":false},"excerpt":{"rendered":"<p>A Dave Grohl le gustar\u00eda reunirse con Josh Homme y John Paul Jones para otro \u00e1lbum de Them Crooked Vultures El l\u00edder de Foo Fighters, Dave Grohl, ha revelado que le gustar\u00eda resucitar a Them Crooked Vultures, el supergrupo \u00abincre\u00edblemente inspirador\u00bb que comparti\u00f3 con el ex bajista de Led Zeppelin John Paul Jones y el&#8230; <a href=\"https:\/\/radiounodigital.com\/web\/2021\/02\/16\/dave-grohl-quiere-resucitar-a-su-banda-sonada-them-crooked-vultures\/\" class=\"excerpt-read-more\">Read More<\/a><\/p>\n","protected":false},"author":1,"featured_media":5441,"comment_status":"open","ping_status":"open","sticky":false,"template":"","format":"standard","meta":{"footnotes":""},"categories":[126,1097,180,127],"tags":[1519,1588,1589,1587],"class_list":["post-5440","post","type-post","status-publish","format-standard","has-post-thumbnail","hentry","category-blues","category-lo-nuevo","category-news","category-rock","tag-dave-grohl","tag-john-paul-jones","tag-josh-homme","tag-them-crooked-vultures"],"yoast_head":"<!-- This site is optimized with the Yoast SEO plugin v27.4 - https:\/\/yoast.com\/product\/yoast-seo-wordpress\/ -->\n<title>Dave Grohl quiere resucitar a su &quot;banda so\u00f1ada&quot;, Them Crooked Vultures - Radio UNO Digital<\/title>\n<meta name=\"robots\" content=\"index, follow, max-snippet:-1, max-image-preview:large, max-video-preview:-1\" \/>\n<link rel=\"canonical\" href=\"https:\/\/radiounodigital.com\/web\/2021\/02\/16\/dave-grohl-quiere-resucitar-a-su-banda-sonada-them-crooked-vultures\/\" \/>\n<meta property=\"og:locale\" content=\"es_ES\" \/>\n<meta property=\"og:type\" content=\"article\" \/>\n<meta property=\"og:title\" content=\"Dave Grohl quiere resucitar a su &quot;banda so\u00f1ada&quot;, Them Crooked Vultures - Radio UNO Digital\" \/>\n<meta property=\"og:description\" content=\"A Dave Grohl le gustar\u00eda reunirse con Josh Homme y John Paul Jones para otro \u00e1lbum de Them Crooked Vultures El l\u00edder de Foo Fighters, Dave Grohl, ha revelado que le gustar\u00eda resucitar a Them Crooked Vultures, el supergrupo \u00abincre\u00edblemente inspirador\u00bb que comparti\u00f3 con el ex bajista de Led Zeppelin John Paul Jones y el... Read More\" \/>\n<meta property=\"og:url\" content=\"https:\/\/radiounodigital.com\/web\/2021\/02\/16\/dave-grohl-quiere-resucitar-a-su-banda-sonada-them-crooked-vultures\/\" \/>\n<meta property=\"og:site_name\" content=\"Radio UNO Digital\" \/>\n<meta property=\"article:published_time\" content=\"2021-02-16T08:08:43+00:00\" \/>\n<meta property=\"og:image\" content=\"https:\/\/radiounodigital.com\/web\/wp-content\/uploads\/2021\/02\/Them-Crooked-Vultures.jpeg\" \/>\n\t<meta property=\"og:image:width\" content=\"970\" \/>\n\t<meta property=\"og:image:height\" content=\"543\" \/>\n\t<meta property=\"og:image:type\" content=\"image\/jpeg\" \/>\n<meta name=\"author\" content=\"diegoc\" \/>\n<meta name=\"twitter:card\" content=\"summary_large_image\" \/>\n<meta name=\"twitter:label1\" content=\"Escrito por\" \/>\n\t<meta name=\"twitter:data1\" content=\"diegoc\" \/>\n\t<meta name=\"twitter:label2\" content=\"Tiempo de lectura\" \/>\n\t<meta name=\"twitter:data2\" content=\"3 minutos\" \/>\n<script type=\"application\/ld+json\" class=\"yoast-schema-graph\">{\"@context\":\"https:\\\/\\\/schema.org\",\"@graph\":[{\"@type\":\"Article\",\"@id\":\"https:\\\/\\\/radiounodigital.com\\\/web\\\/2021\\\/02\\\/16\\\/dave-grohl-quiere-resucitar-a-su-banda-sonada-them-crooked-vultures\\\/#article\",\"isPartOf\":{\"@id\":\"https:\\\/\\\/radiounodigital.com\\\/web\\\/2021\\\/02\\\/16\\\/dave-grohl-quiere-resucitar-a-su-banda-sonada-them-crooked-vultures\\\/\"},\"author\":{\"name\":\"diegoc\",\"@id\":\"https:\\\/\\\/radiounodigital.com\\\/web\\\/#\\\/schema\\\/person\\\/00b93151fa54f619ecf9c183d1fc9758\"},\"headline\":\"Dave Grohl quiere resucitar a su \u00abbanda so\u00f1ada\u00bb, Them Crooked Vultures\",\"datePublished\":\"2021-02-16T08:08:43+00:00\",\"mainEntityOfPage\":{\"@id\":\"https:\\\/\\\/radiounodigital.com\\\/web\\\/2021\\\/02\\\/16\\\/dave-grohl-quiere-resucitar-a-su-banda-sonada-them-crooked-vultures\\\/\"},\"wordCount\":560,\"commentCount\":0,\"image\":{\"@id\":\"https:\\\/\\\/radiounodigital.com\\\/web\\\/2021\\\/02\\\/16\\\/dave-grohl-quiere-resucitar-a-su-banda-sonada-them-crooked-vultures\\\/#primaryimage\"},\"thumbnailUrl\":\"https:\\\/\\\/radiounodigital.com\\\/web\\\/wp-content\\\/uploads\\\/2021\\\/02\\\/Them-Crooked-Vultures.jpeg\",\"keywords\":[\"dave grohl\",\"JOHN PAUL JONES\",\"Josh Homme\",\"Them Crooked Vultures\"],\"articleSection\":[\"Blues\",\"lo nuevo\",\"news\",\"Rock\"],\"inLanguage\":\"es\",\"potentialAction\":[{\"@type\":\"CommentAction\",\"name\":\"Comment\",\"target\":[\"https:\\\/\\\/radiounodigital.com\\\/web\\\/2021\\\/02\\\/16\\\/dave-grohl-quiere-resucitar-a-su-banda-sonada-them-crooked-vultures\\\/#respond\"]}]},{\"@type\":\"WebPage\",\"@id\":\"https:\\\/\\\/radiounodigital.com\\\/web\\\/2021\\\/02\\\/16\\\/dave-grohl-quiere-resucitar-a-su-banda-sonada-them-crooked-vultures\\\/\",\"url\":\"https:\\\/\\\/radiounodigital.com\\\/web\\\/2021\\\/02\\\/16\\\/dave-grohl-quiere-resucitar-a-su-banda-sonada-them-crooked-vultures\\\/\",\"name\":\"Dave Grohl quiere resucitar a su \\\"banda so\u00f1ada\\\", Them Crooked Vultures - Radio UNO Digital\",\"isPartOf\":{\"@id\":\"https:\\\/\\\/radiounodigital.com\\\/web\\\/#website\"},\"primaryImageOfPage\":{\"@id\":\"https:\\\/\\\/radiounodigital.com\\\/web\\\/2021\\\/02\\\/16\\\/dave-grohl-quiere-resucitar-a-su-banda-sonada-them-crooked-vultures\\\/#primaryimage\"},\"image\":{\"@id\":\"https:\\\/\\\/radiounodigital.com\\\/web\\\/2021\\\/02\\\/16\\\/dave-grohl-quiere-resucitar-a-su-banda-sonada-them-crooked-vultures\\\/#primaryimage\"},\"thumbnailUrl\":\"https:\\\/\\\/radiounodigital.com\\\/web\\\/wp-content\\\/uploads\\\/2021\\\/02\\\/Them-Crooked-Vultures.jpeg\",\"datePublished\":\"2021-02-16T08:08:43+00:00\",\"author\":{\"@id\":\"https:\\\/\\\/radiounodigital.com\\\/web\\\/#\\\/schema\\\/person\\\/00b93151fa54f619ecf9c183d1fc9758\"},\"breadcrumb\":{\"@id\":\"https:\\\/\\\/radiounodigital.com\\\/web\\\/2021\\\/02\\\/16\\\/dave-grohl-quiere-resucitar-a-su-banda-sonada-them-crooked-vultures\\\/#breadcrumb\"},\"inLanguage\":\"es\",\"potentialAction\":[{\"@type\":\"ReadAction\",\"target\":[\"https:\\\/\\\/radiounodigital.com\\\/web\\\/2021\\\/02\\\/16\\\/dave-grohl-quiere-resucitar-a-su-banda-sonada-them-crooked-vultures\\\/\"]}]},{\"@type\":\"ImageObject\",\"inLanguage\":\"es\",\"@id\":\"https:\\\/\\\/radiounodigital.com\\\/web\\\/2021\\\/02\\\/16\\\/dave-grohl-quiere-resucitar-a-su-banda-sonada-them-crooked-vultures\\\/#primaryimage\",\"url\":\"https:\\\/\\\/radiounodigital.com\\\/web\\\/wp-content\\\/uploads\\\/2021\\\/02\\\/Them-Crooked-Vultures.jpeg\",\"contentUrl\":\"https:\\\/\\\/radiounodigital.com\\\/web\\\/wp-content\\\/uploads\\\/2021\\\/02\\\/Them-Crooked-Vultures.jpeg\",\"width\":970,\"height\":543},{\"@type\":\"BreadcrumbList\",\"@id\":\"https:\\\/\\\/radiounodigital.com\\\/web\\\/2021\\\/02\\\/16\\\/dave-grohl-quiere-resucitar-a-su-banda-sonada-them-crooked-vultures\\\/#breadcrumb\",\"itemListElement\":[{\"@type\":\"ListItem\",\"position\":1,\"name\":\"Home\",\"item\":\"https:\\\/\\\/radiounodigital.com\\\/web\\\/\"},{\"@type\":\"ListItem\",\"position\":2,\"name\":\"Dave Grohl quiere resucitar a su \u00abbanda so\u00f1ada\u00bb, Them Crooked Vultures\"}]},{\"@type\":\"WebSite\",\"@id\":\"https:\\\/\\\/radiounodigital.com\\\/web\\\/#website\",\"url\":\"https:\\\/\\\/radiounodigital.com\\\/web\\\/\",\"name\":\"Radio UNO Digital\",\"description\":\"Donde la cultura del rock se siente\",\"potentialAction\":[{\"@type\":\"SearchAction\",\"target\":{\"@type\":\"EntryPoint\",\"urlTemplate\":\"https:\\\/\\\/radiounodigital.com\\\/web\\\/?s={search_term_string}\"},\"query-input\":{\"@type\":\"PropertyValueSpecification\",\"valueRequired\":true,\"valueName\":\"search_term_string\"}}],\"inLanguage\":\"es\"},{\"@type\":\"Person\",\"@id\":\"https:\\\/\\\/radiounodigital.com\\\/web\\\/#\\\/schema\\\/person\\\/00b93151fa54f619ecf9c183d1fc9758\",\"name\":\"diegoc\",\"image\":{\"@type\":\"ImageObject\",\"inLanguage\":\"es\",\"@id\":\"https:\\\/\\\/secure.gravatar.com\\\/avatar\\\/0a67041d44c702fb0660d81a5a32c7ce6007341cf92afeb718b75883bf415864?s=96&d=blank&r=g\",\"url\":\"https:\\\/\\\/secure.gravatar.com\\\/avatar\\\/0a67041d44c702fb0660d81a5a32c7ce6007341cf92afeb718b75883bf415864?s=96&d=blank&r=g\",\"contentUrl\":\"https:\\\/\\\/secure.gravatar.com\\\/avatar\\\/0a67041d44c702fb0660d81a5a32c7ce6007341cf92afeb718b75883bf415864?s=96&d=blank&r=g\",\"caption\":\"diegoc\"},\"url\":\"https:\\\/\\\/radiounodigital.com\\\/web\\\/author\\\/diegoc\\\/\"}]}<\/script>\n<!-- \/ Yoast SEO plugin. -->","yoast_head_json":{"title":"Dave Grohl quiere resucitar a su \"banda so\u00f1ada\", Them Crooked Vultures - Radio UNO Digital","robots":{"index":"index","follow":"follow","max-snippet":"max-snippet:-1","max-image-preview":"max-image-preview:large","max-video-preview":"max-video-preview:-1"},"canonical":"https:\/\/radiounodigital.com\/web\/2021\/02\/16\/dave-grohl-quiere-resucitar-a-su-banda-sonada-them-crooked-vultures\/","og_locale":"es_ES","og_type":"article","og_title":"Dave Grohl quiere resucitar a su \"banda so\u00f1ada\", Them Crooked Vultures - Radio UNO Digital","og_description":"A Dave Grohl le gustar\u00eda reunirse con Josh Homme y John Paul Jones para otro \u00e1lbum de Them Crooked Vultures El l\u00edder de Foo Fighters, Dave Grohl, ha revelado que le gustar\u00eda resucitar a Them Crooked Vultures, el supergrupo \u00abincre\u00edblemente inspirador\u00bb que comparti\u00f3 con el ex bajista de Led Zeppelin John Paul Jones y el... Read More","og_url":"https:\/\/radiounodigital.com\/web\/2021\/02\/16\/dave-grohl-quiere-resucitar-a-su-banda-sonada-them-crooked-vultures\/","og_site_name":"Radio UNO Digital","article_published_time":"2021-02-16T08:08:43+00:00","og_image":[{"width":970,"height":543,"url":"https:\/\/radiounodigital.com\/web\/wp-content\/uploads\/2021\/02\/Them-Crooked-Vultures.jpeg","type":"image\/jpeg"}],"author":"diegoc","twitter_card":"summary_large_image","twitter_misc":{"Escrito por":"diegoc","Tiempo de lectura":"3 minutos"},"schema":{"@context":"https:\/\/schema.org","@graph":[{"@type":"Article","@id":"https:\/\/radiounodigital.com\/web\/2021\/02\/16\/dave-grohl-quiere-resucitar-a-su-banda-sonada-them-crooked-vultures\/#article","isPartOf":{"@id":"https:\/\/radiounodigital.com\/web\/2021\/02\/16\/dave-grohl-quiere-resucitar-a-su-banda-sonada-them-crooked-vultures\/"},"author":{"name":"diegoc","@id":"https:\/\/radiounodigital.com\/web\/#\/schema\/person\/00b93151fa54f619ecf9c183d1fc9758"},"headline":"Dave Grohl quiere resucitar a su \u00abbanda so\u00f1ada\u00bb, Them Crooked Vultures","datePublished":"2021-02-16T08:08:43+00:00","mainEntityOfPage":{"@id":"https:\/\/radiounodigital.com\/web\/2021\/02\/16\/dave-grohl-quiere-resucitar-a-su-banda-sonada-them-crooked-vultures\/"},"wordCount":560,"commentCount":0,"image":{"@id":"https:\/\/radiounodigital.com\/web\/2021\/02\/16\/dave-grohl-quiere-resucitar-a-su-banda-sonada-them-crooked-vultures\/#primaryimage"},"thumbnailUrl":"https:\/\/radiounodigital.com\/web\/wp-content\/uploads\/2021\/02\/Them-Crooked-Vultures.jpeg","keywords":["dave grohl","JOHN PAUL JONES","Josh Homme","Them Crooked Vultures"],"articleSection":["Blues","lo nuevo","news","Rock"],"inLanguage":"es","potentialAction":[{"@type":"CommentAction","name":"Comment","target":["https:\/\/radiounodigital.com\/web\/2021\/02\/16\/dave-grohl-quiere-resucitar-a-su-banda-sonada-them-crooked-vultures\/#respond"]}]},{"@type":"WebPage","@id":"https:\/\/radiounodigital.com\/web\/2021\/02\/16\/dave-grohl-quiere-resucitar-a-su-banda-sonada-them-crooked-vultures\/","url":"https:\/\/radiounodigital.com\/web\/2021\/02\/16\/dave-grohl-quiere-resucitar-a-su-banda-sonada-them-crooked-vultures\/","name":"Dave Grohl quiere resucitar a su \"banda so\u00f1ada\", Them Crooked Vultures - Radio UNO Digital","isPartOf":{"@id":"https:\/\/radiounodigital.com\/web\/#website"},"primaryImageOfPage":{"@id":"https:\/\/radiounodigital.com\/web\/2021\/02\/16\/dave-grohl-quiere-resucitar-a-su-banda-sonada-them-crooked-vultures\/#primaryimage"},"image":{"@id":"https:\/\/radiounodigital.com\/web\/2021\/02\/16\/dave-grohl-quiere-resucitar-a-su-banda-sonada-them-crooked-vultures\/#primaryimage"},"thumbnailUrl":"https:\/\/radiounodigital.com\/web\/wp-content\/uploads\/2021\/02\/Them-Crooked-Vultures.jpeg","datePublished":"2021-02-16T08:08:43+00:00","author":{"@id":"https:\/\/radiounodigital.com\/web\/#\/schema\/person\/00b93151fa54f619ecf9c183d1fc9758"},"breadcrumb":{"@id":"https:\/\/radiounodigital.com\/web\/2021\/02\/16\/dave-grohl-quiere-resucitar-a-su-banda-sonada-them-crooked-vultures\/#breadcrumb"},"inLanguage":"es","potentialAction":[{"@type":"ReadAction","target":["https:\/\/radiounodigital.com\/web\/2021\/02\/16\/dave-grohl-quiere-resucitar-a-su-banda-sonada-them-crooked-vultures\/"]}]},{"@type":"ImageObject","inLanguage":"es","@id":"https:\/\/radiounodigital.com\/web\/2021\/02\/16\/dave-grohl-quiere-resucitar-a-su-banda-sonada-them-crooked-vultures\/#primaryimage","url":"https:\/\/radiounodigital.com\/web\/wp-content\/uploads\/2021\/02\/Them-Crooked-Vultures.jpeg","contentUrl":"https:\/\/radiounodigital.com\/web\/wp-content\/uploads\/2021\/02\/Them-Crooked-Vultures.jpeg","width":970,"height":543},{"@type":"BreadcrumbList","@id":"https:\/\/radiounodigital.com\/web\/2021\/02\/16\/dave-grohl-quiere-resucitar-a-su-banda-sonada-them-crooked-vultures\/#breadcrumb","itemListElement":[{"@type":"ListItem","position":1,"name":"Home","item":"https:\/\/radiounodigital.com\/web\/"},{"@type":"ListItem","position":2,"name":"Dave Grohl quiere resucitar a su \u00abbanda so\u00f1ada\u00bb, Them Crooked Vultures"}]},{"@type":"WebSite","@id":"https:\/\/radiounodigital.com\/web\/#website","url":"https:\/\/radiounodigital.com\/web\/","name":"Radio UNO Digital","description":"Donde la cultura del rock se siente","potentialAction":[{"@type":"SearchAction","target":{"@type":"EntryPoint","urlTemplate":"https:\/\/radiounodigital.com\/web\/?s={search_term_string}"},"query-input":{"@type":"PropertyValueSpecification","valueRequired":true,"valueName":"search_term_string"}}],"inLanguage":"es"},{"@type":"Person","@id":"https:\/\/radiounodigital.com\/web\/#\/schema\/person\/00b93151fa54f619ecf9c183d1fc9758","name":"diegoc","image":{"@type":"ImageObject","inLanguage":"es","@id":"https:\/\/secure.gravatar.com\/avatar\/0a67041d44c702fb0660d81a5a32c7ce6007341cf92afeb718b75883bf415864?s=96&d=blank&r=g","url":"https:\/\/secure.gravatar.com\/avatar\/0a67041d44c702fb0660d81a5a32c7ce6007341cf92afeb718b75883bf415864?s=96&d=blank&r=g","contentUrl":"https:\/\/secure.gravatar.com\/avatar\/0a67041d44c702fb0660d81a5a32c7ce6007341cf92afeb718b75883bf415864?s=96&d=blank&r=g","caption":"diegoc"},"url":"https:\/\/radiounodigital.com\/web\/author\/diegoc\/"}]}},"_links":{"self":[{"href":"https:\/\/radiounodigital.com\/web\/wp-json\/wp\/v2\/posts\/5440","targetHints":{"allow":["GET"]}}],"collection":[{"href":"https:\/\/radiounodigital.com\/web\/wp-json\/wp\/v2\/posts"}],"about":[{"href":"https:\/\/radiounodigital.com\/web\/wp-json\/wp\/v2\/types\/post"}],"author":[{"embeddable":true,"href":"https:\/\/radiounodigital.com\/web\/wp-json\/wp\/v2\/users\/1"}],"replies":[{"embeddable":true,"href":"https:\/\/radiounodigital.com\/web\/wp-json\/wp\/v2\/comments?post=5440"}],"version-history":[{"count":1,"href":"https:\/\/radiounodigital.com\/web\/wp-json\/wp\/v2\/posts\/5440\/revisions"}],"predecessor-version":[{"id":5442,"href":"https:\/\/radiounodigital.com\/web\/wp-json\/wp\/v2\/posts\/5440\/revisions\/5442"}],"wp:featuredmedia":[{"embeddable":true,"href":"https:\/\/radiounodigital.com\/web\/wp-json\/wp\/v2\/media\/5441"}],"wp:attachment":[{"href":"https:\/\/radiounodigital.com\/web\/wp-json\/wp\/v2\/media?parent=5440"}],"wp:term":[{"taxonomy":"category","embeddable":true,"href":"https:\/\/radiounodigital.com\/web\/wp-json\/wp\/v2\/categories?post=5440"},{"taxonomy":"post_tag","embeddable":true,"href":"https:\/\/radiounodigital.com\/web\/wp-json\/wp\/v2\/tags?post=5440"}],"curies":[{"name":"wp","href":"https:\/\/api.w.org\/{rel}","templated":true}]}}