{"id":5443,"date":"2021-02-13T18:17:02","date_gmt":"2021-02-13T21:17:02","guid":{"rendered":"https:\/\/radiounodigital.com\/web\/?p=5443"},"modified":"2021-02-15T17:08:52","modified_gmt":"2021-02-15T20:08:52","slug":"fallece-a-los-94-anos-rupert-neve-el-steve-jobs-del-audio","status":"publish","type":"post","link":"https:\/\/radiounodigital.com\/web\/2021\/02\/13\/fallece-a-los-94-anos-rupert-neve-el-steve-jobs-del-audio\/","title":{"rendered":"Fallece a los 94 a\u00f1os Rupert Neve, el \u00abSteve Jobs\u00bb del audio"},"content":{"rendered":"<h3>La influencia del dise\u00f1ador brit\u00e1nico en la historia de la grabaci\u00f3n musical es dif\u00edcil de igualar.<\/h3>\n<p>El ingeniero y dise\u00f1ador de electr\u00f3nica musical ganador de un Grammy, Rupert Neve, muri\u00f3 el 12 de febrero, a los 94 a\u00f1os en Wimberley, Texas, como resultado de una neumon\u00eda no Covid e insuficiencia card\u00edaca. Deja un legado incre\u00edble como una de las figuras clave en la historia de la ingenier\u00eda de audio.<\/p>\n<p>Los dise\u00f1os de Neve se han convertido en sin\u00f3nimo de calidad desde que se gan\u00f3 la reputaci\u00f3n de construir consolas de mezclas a fines de la d\u00e9cada de 1960 y pas\u00f3 a dise\u00f1ar algunos de los equipos de audio m\u00e1s respetados jam\u00e1s fabricados. Estos incluyen el compresor 2254, el amplificador \/ EQ 1073\u00a0 (1970), el amplificador \/ EQ 1081 (1973).<\/p>\n<blockquote class=\"twitter-tweet\">\n<p dir=\"ltr\" lang=\"en\">It is with great sadness that we announce that Rupert Neve has died. <a href=\"https:\/\/t.co\/LsODy4AGW3\">pic.twitter.com\/LsODy4AGW3<\/a><\/p>\n<p>\u2014 Rupert Neve Designs (@Rupert_Neve) <a href=\"https:\/\/twitter.com\/Rupert_Neve\/status\/1360667032350429185?ref_src=twsrc%5Etfw\">February 13, 2021<\/a><\/p><\/blockquote>\n<p><script async src=\"https:\/\/platform.twitter.com\/widgets.js\" charset=\"utf-8\"><\/script><\/p>\n<p>Nacido en Newton Abbott en 1926, Neve mostr\u00f3 inter\u00e9s en la electr\u00f3nica a una edad temprana, reparando y construyendo radios cuando era ni\u00f1o despu\u00e9s de mudarse a Argentina. Cuando era adolescente, se ofreci\u00f3 como voluntario para servir durante la Segunda Guerra Mundial, y se uni\u00f3 a Royal Signals para brindar apoyo de comunicaci\u00f3n al ej\u00e9rcito brit\u00e1nico.<\/p>\n<p>Despu\u00e9s de trabajar para Rediffusion, Ferguson Radio y un fabricante de transformadores durante un tiempo, Neve estableci\u00f3 su primer negocio, CQ Audio, fabricando amplificadores y altavoces de alta fidelidad para el hogar.<\/p>\n<p>En 1960, Neve dise\u00f1\u00f3 y construy\u00f3 su primera mesa de mezclas de audio despu\u00e9s de haber sido encargado por un compositor en Irlanda. La fundaci\u00f3n de Rupert Neve Company sigui\u00f3 en 1961, operando desde la casa que compart\u00eda con su esposa Evelyn en Cambridge. Se trasladar\u00eda a las instalaciones de una f\u00e1brica a fines de la d\u00e9cada de 1960 que ver\u00eda a Neve convertirse en un dise\u00f1ador reconocido mundialmente en la industria del audio profesional.<\/p>\n<p><iframe loading=\"lazy\" title=\"Rupert Neve: The SOS Interview\" width=\"960\" height=\"540\" src=\"https:\/\/www.youtube.com\/embed\/jAwwsrnNdzg?feature=oembed\" frameborder=\"0\" allow=\"accelerometer; autoplay; clipboard-write; encrypted-media; gyroscope; picture-in-picture\" allowfullscreen><\/iframe><\/p>\n<p>Neve dise\u00f1\u00f3 el primer ecualizador basado en transistores en 1964, seguido de su primera mesa de mezclas de transistores, para los estudios de Philips Records.<\/p>\n<p>Wessex Sound Studios en Londres encarg\u00f3 a Neve que construyera su consola A88 con el entonces nuevo preamplificador de micr\u00f3fono 1073 y canal EQ. King Crimson ser\u00eda el primero en utilizar el equipo pionero que Neve cre\u00f3 en agosto de 1969 para su \u00e1lbum Lizard. La consola de Neve fue el primer escritorio de 24 pistas que se instal\u00f3 en la ciudad.<\/p>\n<p>Le seguir\u00edan m\u00e1s encargos para los mejores estudios del mundo y las mesas de mezclas de las series Neve 80 y 50 se volver\u00edan enormemente deseables.<\/p>\n<p><img loading=\"lazy\" decoding=\"async\" class=\"aligncenter size-full wp-image-5444\" src=\"https:\/\/radiounodigital.com\/web\/wp-content\/uploads\/2021\/02\/Neve88R.jpg\" alt=\"\" width=\"970\" height=\"546\" srcset=\"https:\/\/radiounodigital.com\/web\/wp-content\/uploads\/2021\/02\/Neve88R.jpg 970w, https:\/\/radiounodigital.com\/web\/wp-content\/uploads\/2021\/02\/Neve88R-300x169.jpg 300w, https:\/\/radiounodigital.com\/web\/wp-content\/uploads\/2021\/02\/Neve88R-768x432.jpg 768w\" sizes=\"auto, (max-width: 970px) 100vw, 970px\" \/><\/p>\n<p>Neve adopt\u00f3 la tecnolog\u00eda digital en 1977 y volvi\u00f3 a ser pionera al presentar el primer sistema de faders m\u00f3viles del mundo, NECAM (Neve Computer Assisted Mixdown), e instalar el primer sistema en los Air Studios del productor George Martin en Londres. La serie Neve 81 de mesas de mezclas tambi\u00e9n integr\u00f3 controles asignables digitales en un dise\u00f1o que de otro modo ser\u00eda anal\u00f3gico.<\/p>\n<p><iframe loading=\"lazy\" title=\"The console at the heart of the music\" width=\"960\" height=\"540\" src=\"https:\/\/www.youtube.com\/embed\/p8zgXbevpEA?feature=oembed\" frameborder=\"0\" allow=\"accelerometer; autoplay; clipboard-write; encrypted-media; gyroscope; picture-in-picture\" allowfullscreen><\/iframe><\/p>\n<p>En la d\u00e9cada de 1980, el esp\u00edritu emprendedor de Rupert y Evelyn Neve como ARN Consultants los ver\u00eda fundar Focusrite en 1985 con una primera comisi\u00f3n que lo vio regresar a Air Studios para construir extensiones para sus consolas Neve personalizadas. La compa\u00f1\u00eda ahora cotiza bajo seis marcas, incluida Novation.<\/p>\n<p><iframe loading=\"lazy\" title=\"Shelford Interviews: Rupert Neve discusses how technologies in the 60&#039;s changed sound engineering\" width=\"960\" height=\"540\" src=\"https:\/\/www.youtube.com\/embed\/WZgR_r0E3Uk?feature=oembed\" frameborder=\"0\" allow=\"accelerometer; autoplay; clipboard-write; encrypted-media; gyroscope; picture-in-picture\" allowfullscreen><\/iframe><\/p>\n<p>Rupert Neve tambi\u00e9n desarroll\u00f3 t\u00e9cnicas y equipos para permitir la construcci\u00f3n de estudios de bajo presupuesto en todo el mundo y durante las d\u00e9cadas de 1970 y 1980, estableci\u00f3 el Cambridge Radio Course, un curso residencial intensivo destinado a trabajadores cristianos que utilizan la radio para educar, informar y entretener a sus alumnos. comunidades.<\/p>\n<p>ARN Consultants eventualmente trasladar\u00eda sus operaciones a Wimberley Texas, trabajando en nuevos proyectos que incluyen un preamplificador y una pastilla para Taylor Guitars y, en 2011, una asociaci\u00f3n con SE Electronics para dise\u00f1ar una serie de micr\u00f3fonos exclusivos.<\/p>\n<p>Sus contribuciones a la industria del sonido profesional fueron reconocidas con un Lifetime Achievement Technical Grammy Award en 1997 y sus mayores innovaciones anal\u00f3gicas contin\u00faan siendo disfrutadas por los m\u00fasicos de hoy en d\u00eda como complementos digitales, incluida la colecci\u00f3n 1073 Preamp &amp; EQ de Universal Audio.<\/p>\n<p>A Rupert Neve le sobreviven su esposa durante casi 70 a\u00f1os, Evelyn; cinco hijos, Mary, David, John, Stephen y Ann; nueve nietos; y cinco bisnietos.<\/p>\n<p>&nbsp;<\/p>\n<p>&nbsp;<\/p>\n<p>&nbsp;<\/p>\n<div class=\"fb-background-color\">\n\t\t\t  <div \n\t\t\t  \tclass = \"fb-comments\" \n\t\t\t  \tdata-href = \"https:\/\/radiounodigital.com\/web\/2021\/02\/13\/fallece-a-los-94-anos-rupert-neve-el-steve-jobs-del-audio\/\"\n\t\t\t  \tdata-numposts = \"10\"\n\t\t\t  \tdata-lazy = \"true\"\n\t\t\t\tdata-colorscheme = \"dark\"\n\t\t\t\tdata-order-by = \"reverse_time\"\n\t\t\t\tdata-mobile=true>\n\t\t\t  <\/div><\/div>\n\t\t  <style>\n\t\t    .fb-background-color {\n\t\t\t\tbackground: #ffffff !important;\n\t\t\t}\n\t\t\t.fb_iframe_widget_fluid_desktop iframe {\n\t\t\t    width: 100% !important;\n\t\t\t}\n\t\t  <\/style>\n\t\t  ","protected":false},"excerpt":{"rendered":"<p>La influencia del dise\u00f1ador brit\u00e1nico en la historia de la grabaci\u00f3n musical es dif\u00edcil de igualar. El ingeniero y dise\u00f1ador de electr\u00f3nica musical ganador de un Grammy, Rupert Neve, muri\u00f3 el 12 de febrero, a los 94 a\u00f1os en Wimberley, Texas, como resultado de una neumon\u00eda no Covid e insuficiencia card\u00edaca. Deja un legado incre\u00edble&#8230; <a href=\"https:\/\/radiounodigital.com\/web\/2021\/02\/13\/fallece-a-los-94-anos-rupert-neve-el-steve-jobs-del-audio\/\" class=\"excerpt-read-more\">Read More<\/a><\/p>\n","protected":false},"author":1,"featured_media":5445,"comment_status":"open","ping_status":"open","sticky":false,"template":"","format":"standard","meta":{"footnotes":""},"categories":[180],"tags":[84,1590],"class_list":["post-5443","post","type-post","status-publish","format-standard","has-post-thumbnail","hentry","category-news","tag-muerte","tag-rupert-neve"],"yoast_head":"<!-- This site is optimized with the Yoast SEO plugin v27.5 - https:\/\/yoast.com\/product\/yoast-seo-wordpress\/ -->\n<title>Fallece a los 94 a\u00f1os Rupert Neve, el &quot;Steve Jobs&quot; del audio - Radio UNO Digital<\/title>\n<meta name=\"description\" content=\"El ingeniero y dise\u00f1ador de electr\u00f3nica musical ganador de un Grammy, Rupert Neve, muri\u00f3 el 12 de febrero, a los 94 a\u00f1os en Wimberley, Texas\" \/>\n<meta name=\"robots\" content=\"index, follow, max-snippet:-1, max-image-preview:large, max-video-preview:-1\" \/>\n<link rel=\"canonical\" href=\"https:\/\/radiounodigital.com\/web\/2021\/02\/13\/fallece-a-los-94-anos-rupert-neve-el-steve-jobs-del-audio\/\" \/>\n<meta property=\"og:locale\" content=\"es_ES\" \/>\n<meta property=\"og:type\" content=\"article\" \/>\n<meta property=\"og:title\" content=\"Fallece a los 94 a\u00f1os Rupert Neve, el &quot;Steve Jobs&quot; del audio - Radio UNO Digital\" \/>\n<meta property=\"og:description\" content=\"El ingeniero y dise\u00f1ador de electr\u00f3nica musical ganador de un Grammy, Rupert Neve, muri\u00f3 el 12 de febrero, a los 94 a\u00f1os en Wimberley, Texas\" \/>\n<meta property=\"og:url\" content=\"https:\/\/radiounodigital.com\/web\/2021\/02\/13\/fallece-a-los-94-anos-rupert-neve-el-steve-jobs-del-audio\/\" \/>\n<meta property=\"og:site_name\" content=\"Radio UNO Digital\" \/>\n<meta property=\"article:published_time\" content=\"2021-02-13T21:17:02+00:00\" \/>\n<meta property=\"article:modified_time\" content=\"2021-02-15T20:08:52+00:00\" \/>\n<meta property=\"og:image\" content=\"https:\/\/radiounodigital.com\/web\/wp-content\/uploads\/2021\/02\/rupert-neve.jpg\" \/>\n\t<meta property=\"og:image:width\" content=\"2500\" \/>\n\t<meta property=\"og:image:height\" content=\"1558\" \/>\n\t<meta property=\"og:image:type\" content=\"image\/jpeg\" \/>\n<meta name=\"author\" content=\"diegoc\" \/>\n<meta name=\"twitter:card\" content=\"summary_large_image\" \/>\n<meta name=\"twitter:label1\" content=\"Escrito por\" \/>\n\t<meta name=\"twitter:data1\" content=\"diegoc\" \/>\n\t<meta name=\"twitter:label2\" content=\"Tiempo de lectura\" \/>\n\t<meta name=\"twitter:data2\" content=\"4 minutos\" \/>\n<script type=\"application\/ld+json\" class=\"yoast-schema-graph\">{\"@context\":\"https:\\\/\\\/schema.org\",\"@graph\":[{\"@type\":\"Article\",\"@id\":\"https:\\\/\\\/radiounodigital.com\\\/web\\\/2021\\\/02\\\/13\\\/fallece-a-los-94-anos-rupert-neve-el-steve-jobs-del-audio\\\/#article\",\"isPartOf\":{\"@id\":\"https:\\\/\\\/radiounodigital.com\\\/web\\\/2021\\\/02\\\/13\\\/fallece-a-los-94-anos-rupert-neve-el-steve-jobs-del-audio\\\/\"},\"author\":{\"name\":\"diegoc\",\"@id\":\"https:\\\/\\\/radiounodigital.com\\\/web\\\/#\\\/schema\\\/person\\\/00b93151fa54f619ecf9c183d1fc9758\"},\"headline\":\"Fallece a los 94 a\u00f1os Rupert Neve, el \u00abSteve Jobs\u00bb del audio\",\"datePublished\":\"2021-02-13T21:17:02+00:00\",\"dateModified\":\"2021-02-15T20:08:52+00:00\",\"mainEntityOfPage\":{\"@id\":\"https:\\\/\\\/radiounodigital.com\\\/web\\\/2021\\\/02\\\/13\\\/fallece-a-los-94-anos-rupert-neve-el-steve-jobs-del-audio\\\/\"},\"wordCount\":772,\"commentCount\":0,\"image\":{\"@id\":\"https:\\\/\\\/radiounodigital.com\\\/web\\\/2021\\\/02\\\/13\\\/fallece-a-los-94-anos-rupert-neve-el-steve-jobs-del-audio\\\/#primaryimage\"},\"thumbnailUrl\":\"https:\\\/\\\/radiounodigital.com\\\/web\\\/wp-content\\\/uploads\\\/2021\\\/02\\\/rupert-neve.jpg\",\"keywords\":[\"muerte\",\"rupert neve\"],\"articleSection\":[\"news\"],\"inLanguage\":\"es\",\"potentialAction\":[{\"@type\":\"CommentAction\",\"name\":\"Comment\",\"target\":[\"https:\\\/\\\/radiounodigital.com\\\/web\\\/2021\\\/02\\\/13\\\/fallece-a-los-94-anos-rupert-neve-el-steve-jobs-del-audio\\\/#respond\"]}]},{\"@type\":\"WebPage\",\"@id\":\"https:\\\/\\\/radiounodigital.com\\\/web\\\/2021\\\/02\\\/13\\\/fallece-a-los-94-anos-rupert-neve-el-steve-jobs-del-audio\\\/\",\"url\":\"https:\\\/\\\/radiounodigital.com\\\/web\\\/2021\\\/02\\\/13\\\/fallece-a-los-94-anos-rupert-neve-el-steve-jobs-del-audio\\\/\",\"name\":\"Fallece a los 94 a\u00f1os Rupert Neve, el \\\"Steve Jobs\\\" del audio - Radio UNO Digital\",\"isPartOf\":{\"@id\":\"https:\\\/\\\/radiounodigital.com\\\/web\\\/#website\"},\"primaryImageOfPage\":{\"@id\":\"https:\\\/\\\/radiounodigital.com\\\/web\\\/2021\\\/02\\\/13\\\/fallece-a-los-94-anos-rupert-neve-el-steve-jobs-del-audio\\\/#primaryimage\"},\"image\":{\"@id\":\"https:\\\/\\\/radiounodigital.com\\\/web\\\/2021\\\/02\\\/13\\\/fallece-a-los-94-anos-rupert-neve-el-steve-jobs-del-audio\\\/#primaryimage\"},\"thumbnailUrl\":\"https:\\\/\\\/radiounodigital.com\\\/web\\\/wp-content\\\/uploads\\\/2021\\\/02\\\/rupert-neve.jpg\",\"datePublished\":\"2021-02-13T21:17:02+00:00\",\"dateModified\":\"2021-02-15T20:08:52+00:00\",\"author\":{\"@id\":\"https:\\\/\\\/radiounodigital.com\\\/web\\\/#\\\/schema\\\/person\\\/00b93151fa54f619ecf9c183d1fc9758\"},\"description\":\"El ingeniero y dise\u00f1ador de electr\u00f3nica musical ganador de un Grammy, Rupert Neve, muri\u00f3 el 12 de febrero, a los 94 a\u00f1os en Wimberley, Texas\",\"breadcrumb\":{\"@id\":\"https:\\\/\\\/radiounodigital.com\\\/web\\\/2021\\\/02\\\/13\\\/fallece-a-los-94-anos-rupert-neve-el-steve-jobs-del-audio\\\/#breadcrumb\"},\"inLanguage\":\"es\",\"potentialAction\":[{\"@type\":\"ReadAction\",\"target\":[\"https:\\\/\\\/radiounodigital.com\\\/web\\\/2021\\\/02\\\/13\\\/fallece-a-los-94-anos-rupert-neve-el-steve-jobs-del-audio\\\/\"]}]},{\"@type\":\"ImageObject\",\"inLanguage\":\"es\",\"@id\":\"https:\\\/\\\/radiounodigital.com\\\/web\\\/2021\\\/02\\\/13\\\/fallece-a-los-94-anos-rupert-neve-el-steve-jobs-del-audio\\\/#primaryimage\",\"url\":\"https:\\\/\\\/radiounodigital.com\\\/web\\\/wp-content\\\/uploads\\\/2021\\\/02\\\/rupert-neve.jpg\",\"contentUrl\":\"https:\\\/\\\/radiounodigital.com\\\/web\\\/wp-content\\\/uploads\\\/2021\\\/02\\\/rupert-neve.jpg\",\"width\":2500,\"height\":1558},{\"@type\":\"BreadcrumbList\",\"@id\":\"https:\\\/\\\/radiounodigital.com\\\/web\\\/2021\\\/02\\\/13\\\/fallece-a-los-94-anos-rupert-neve-el-steve-jobs-del-audio\\\/#breadcrumb\",\"itemListElement\":[{\"@type\":\"ListItem\",\"position\":1,\"name\":\"Home\",\"item\":\"https:\\\/\\\/radiounodigital.com\\\/web\\\/\"},{\"@type\":\"ListItem\",\"position\":2,\"name\":\"Fallece a los 94 a\u00f1os Rupert Neve, el \u00abSteve Jobs\u00bb del audio\"}]},{\"@type\":\"WebSite\",\"@id\":\"https:\\\/\\\/radiounodigital.com\\\/web\\\/#website\",\"url\":\"https:\\\/\\\/radiounodigital.com\\\/web\\\/\",\"name\":\"Radio UNO Digital\",\"description\":\"Donde la cultura del rock se siente\",\"potentialAction\":[{\"@type\":\"SearchAction\",\"target\":{\"@type\":\"EntryPoint\",\"urlTemplate\":\"https:\\\/\\\/radiounodigital.com\\\/web\\\/?s={search_term_string}\"},\"query-input\":{\"@type\":\"PropertyValueSpecification\",\"valueRequired\":true,\"valueName\":\"search_term_string\"}}],\"inLanguage\":\"es\"},{\"@type\":\"Person\",\"@id\":\"https:\\\/\\\/radiounodigital.com\\\/web\\\/#\\\/schema\\\/person\\\/00b93151fa54f619ecf9c183d1fc9758\",\"name\":\"diegoc\",\"image\":{\"@type\":\"ImageObject\",\"inLanguage\":\"es\",\"@id\":\"https:\\\/\\\/secure.gravatar.com\\\/avatar\\\/0a67041d44c702fb0660d81a5a32c7ce6007341cf92afeb718b75883bf415864?s=96&d=blank&r=g\",\"url\":\"https:\\\/\\\/secure.gravatar.com\\\/avatar\\\/0a67041d44c702fb0660d81a5a32c7ce6007341cf92afeb718b75883bf415864?s=96&d=blank&r=g\",\"contentUrl\":\"https:\\\/\\\/secure.gravatar.com\\\/avatar\\\/0a67041d44c702fb0660d81a5a32c7ce6007341cf92afeb718b75883bf415864?s=96&d=blank&r=g\",\"caption\":\"diegoc\"},\"url\":\"https:\\\/\\\/radiounodigital.com\\\/web\\\/author\\\/diegoc\\\/\"}]}<\/script>\n<!-- \/ Yoast SEO plugin. -->","yoast_head_json":{"title":"Fallece a los 94 a\u00f1os Rupert Neve, el \"Steve Jobs\" del audio - Radio UNO Digital","description":"El ingeniero y dise\u00f1ador de electr\u00f3nica musical ganador de un Grammy, Rupert Neve, muri\u00f3 el 12 de febrero, a los 94 a\u00f1os en Wimberley, Texas","robots":{"index":"index","follow":"follow","max-snippet":"max-snippet:-1","max-image-preview":"max-image-preview:large","max-video-preview":"max-video-preview:-1"},"canonical":"https:\/\/radiounodigital.com\/web\/2021\/02\/13\/fallece-a-los-94-anos-rupert-neve-el-steve-jobs-del-audio\/","og_locale":"es_ES","og_type":"article","og_title":"Fallece a los 94 a\u00f1os Rupert Neve, el \"Steve Jobs\" del audio - Radio UNO Digital","og_description":"El ingeniero y dise\u00f1ador de electr\u00f3nica musical ganador de un Grammy, Rupert Neve, muri\u00f3 el 12 de febrero, a los 94 a\u00f1os en Wimberley, Texas","og_url":"https:\/\/radiounodigital.com\/web\/2021\/02\/13\/fallece-a-los-94-anos-rupert-neve-el-steve-jobs-del-audio\/","og_site_name":"Radio UNO Digital","article_published_time":"2021-02-13T21:17:02+00:00","article_modified_time":"2021-02-15T20:08:52+00:00","og_image":[{"width":2500,"height":1558,"url":"https:\/\/radiounodigital.com\/web\/wp-content\/uploads\/2021\/02\/rupert-neve.jpg","type":"image\/jpeg"}],"author":"diegoc","twitter_card":"summary_large_image","twitter_misc":{"Escrito por":"diegoc","Tiempo de lectura":"4 minutos"},"schema":{"@context":"https:\/\/schema.org","@graph":[{"@type":"Article","@id":"https:\/\/radiounodigital.com\/web\/2021\/02\/13\/fallece-a-los-94-anos-rupert-neve-el-steve-jobs-del-audio\/#article","isPartOf":{"@id":"https:\/\/radiounodigital.com\/web\/2021\/02\/13\/fallece-a-los-94-anos-rupert-neve-el-steve-jobs-del-audio\/"},"author":{"name":"diegoc","@id":"https:\/\/radiounodigital.com\/web\/#\/schema\/person\/00b93151fa54f619ecf9c183d1fc9758"},"headline":"Fallece a los 94 a\u00f1os Rupert Neve, el \u00abSteve Jobs\u00bb del audio","datePublished":"2021-02-13T21:17:02+00:00","dateModified":"2021-02-15T20:08:52+00:00","mainEntityOfPage":{"@id":"https:\/\/radiounodigital.com\/web\/2021\/02\/13\/fallece-a-los-94-anos-rupert-neve-el-steve-jobs-del-audio\/"},"wordCount":772,"commentCount":0,"image":{"@id":"https:\/\/radiounodigital.com\/web\/2021\/02\/13\/fallece-a-los-94-anos-rupert-neve-el-steve-jobs-del-audio\/#primaryimage"},"thumbnailUrl":"https:\/\/radiounodigital.com\/web\/wp-content\/uploads\/2021\/02\/rupert-neve.jpg","keywords":["muerte","rupert neve"],"articleSection":["news"],"inLanguage":"es","potentialAction":[{"@type":"CommentAction","name":"Comment","target":["https:\/\/radiounodigital.com\/web\/2021\/02\/13\/fallece-a-los-94-anos-rupert-neve-el-steve-jobs-del-audio\/#respond"]}]},{"@type":"WebPage","@id":"https:\/\/radiounodigital.com\/web\/2021\/02\/13\/fallece-a-los-94-anos-rupert-neve-el-steve-jobs-del-audio\/","url":"https:\/\/radiounodigital.com\/web\/2021\/02\/13\/fallece-a-los-94-anos-rupert-neve-el-steve-jobs-del-audio\/","name":"Fallece a los 94 a\u00f1os Rupert Neve, el \"Steve Jobs\" del audio - Radio UNO Digital","isPartOf":{"@id":"https:\/\/radiounodigital.com\/web\/#website"},"primaryImageOfPage":{"@id":"https:\/\/radiounodigital.com\/web\/2021\/02\/13\/fallece-a-los-94-anos-rupert-neve-el-steve-jobs-del-audio\/#primaryimage"},"image":{"@id":"https:\/\/radiounodigital.com\/web\/2021\/02\/13\/fallece-a-los-94-anos-rupert-neve-el-steve-jobs-del-audio\/#primaryimage"},"thumbnailUrl":"https:\/\/radiounodigital.com\/web\/wp-content\/uploads\/2021\/02\/rupert-neve.jpg","datePublished":"2021-02-13T21:17:02+00:00","dateModified":"2021-02-15T20:08:52+00:00","author":{"@id":"https:\/\/radiounodigital.com\/web\/#\/schema\/person\/00b93151fa54f619ecf9c183d1fc9758"},"description":"El ingeniero y dise\u00f1ador de electr\u00f3nica musical ganador de un Grammy, Rupert Neve, muri\u00f3 el 12 de febrero, a los 94 a\u00f1os en Wimberley, Texas","breadcrumb":{"@id":"https:\/\/radiounodigital.com\/web\/2021\/02\/13\/fallece-a-los-94-anos-rupert-neve-el-steve-jobs-del-audio\/#breadcrumb"},"inLanguage":"es","potentialAction":[{"@type":"ReadAction","target":["https:\/\/radiounodigital.com\/web\/2021\/02\/13\/fallece-a-los-94-anos-rupert-neve-el-steve-jobs-del-audio\/"]}]},{"@type":"ImageObject","inLanguage":"es","@id":"https:\/\/radiounodigital.com\/web\/2021\/02\/13\/fallece-a-los-94-anos-rupert-neve-el-steve-jobs-del-audio\/#primaryimage","url":"https:\/\/radiounodigital.com\/web\/wp-content\/uploads\/2021\/02\/rupert-neve.jpg","contentUrl":"https:\/\/radiounodigital.com\/web\/wp-content\/uploads\/2021\/02\/rupert-neve.jpg","width":2500,"height":1558},{"@type":"BreadcrumbList","@id":"https:\/\/radiounodigital.com\/web\/2021\/02\/13\/fallece-a-los-94-anos-rupert-neve-el-steve-jobs-del-audio\/#breadcrumb","itemListElement":[{"@type":"ListItem","position":1,"name":"Home","item":"https:\/\/radiounodigital.com\/web\/"},{"@type":"ListItem","position":2,"name":"Fallece a los 94 a\u00f1os Rupert Neve, el \u00abSteve Jobs\u00bb del audio"}]},{"@type":"WebSite","@id":"https:\/\/radiounodigital.com\/web\/#website","url":"https:\/\/radiounodigital.com\/web\/","name":"Radio UNO Digital","description":"Donde la cultura del rock se siente","potentialAction":[{"@type":"SearchAction","target":{"@type":"EntryPoint","urlTemplate":"https:\/\/radiounodigital.com\/web\/?s={search_term_string}"},"query-input":{"@type":"PropertyValueSpecification","valueRequired":true,"valueName":"search_term_string"}}],"inLanguage":"es"},{"@type":"Person","@id":"https:\/\/radiounodigital.com\/web\/#\/schema\/person\/00b93151fa54f619ecf9c183d1fc9758","name":"diegoc","image":{"@type":"ImageObject","inLanguage":"es","@id":"https:\/\/secure.gravatar.com\/avatar\/0a67041d44c702fb0660d81a5a32c7ce6007341cf92afeb718b75883bf415864?s=96&d=blank&r=g","url":"https:\/\/secure.gravatar.com\/avatar\/0a67041d44c702fb0660d81a5a32c7ce6007341cf92afeb718b75883bf415864?s=96&d=blank&r=g","contentUrl":"https:\/\/secure.gravatar.com\/avatar\/0a67041d44c702fb0660d81a5a32c7ce6007341cf92afeb718b75883bf415864?s=96&d=blank&r=g","caption":"diegoc"},"url":"https:\/\/radiounodigital.com\/web\/author\/diegoc\/"}]}},"_links":{"self":[{"href":"https:\/\/radiounodigital.com\/web\/wp-json\/wp\/v2\/posts\/5443","targetHints":{"allow":["GET"]}}],"collection":[{"href":"https:\/\/radiounodigital.com\/web\/wp-json\/wp\/v2\/posts"}],"about":[{"href":"https:\/\/radiounodigital.com\/web\/wp-json\/wp\/v2\/types\/post"}],"author":[{"embeddable":true,"href":"https:\/\/radiounodigital.com\/web\/wp-json\/wp\/v2\/users\/1"}],"replies":[{"embeddable":true,"href":"https:\/\/radiounodigital.com\/web\/wp-json\/wp\/v2\/comments?post=5443"}],"version-history":[{"count":1,"href":"https:\/\/radiounodigital.com\/web\/wp-json\/wp\/v2\/posts\/5443\/revisions"}],"predecessor-version":[{"id":5446,"href":"https:\/\/radiounodigital.com\/web\/wp-json\/wp\/v2\/posts\/5443\/revisions\/5446"}],"wp:featuredmedia":[{"embeddable":true,"href":"https:\/\/radiounodigital.com\/web\/wp-json\/wp\/v2\/media\/5445"}],"wp:attachment":[{"href":"https:\/\/radiounodigital.com\/web\/wp-json\/wp\/v2\/media?parent=5443"}],"wp:term":[{"taxonomy":"category","embeddable":true,"href":"https:\/\/radiounodigital.com\/web\/wp-json\/wp\/v2\/categories?post=5443"},{"taxonomy":"post_tag","embeddable":true,"href":"https:\/\/radiounodigital.com\/web\/wp-json\/wp\/v2\/tags?post=5443"}],"curies":[{"name":"wp","href":"https:\/\/api.w.org\/{rel}","templated":true}]}}