{"id":5474,"date":"2021-02-23T14:47:35","date_gmt":"2021-02-23T17:47:35","guid":{"rendered":"https:\/\/radiounodigital.com\/web\/?p=5474"},"modified":"2021-02-24T14:52:26","modified_gmt":"2021-02-24T17:52:26","slug":"bruce-springsteen-se-une-a-barack-obama-para-un-nuevo-podcast","status":"publish","type":"post","link":"https:\/\/radiounodigital.com\/web\/2021\/02\/23\/bruce-springsteen-se-une-a-barack-obama-para-un-nuevo-podcast\/","title":{"rendered":"Bruce Springsteen se une a Barack Obama para un nuevo podcast"},"content":{"rendered":"<h3>El podcast The Renegades: Born In The USA presenta una serie de conversaciones entre Bruce Springsteen y el presidente Barack Obama.<\/h3>\n<p>El podcast Renegades: Born In The USA presenta una serie de conversaciones entre Bruce Springsteen y el presidente Barack Obama. Bruce Springsteen se ha asociado con el expresidente estadounidense Barack Obama para grabar una serie de podcasts. Los dos primeros episodios de The Renegades: Born In The USA, que presenta conversaciones entre los dos hombres, ya est\u00e1n disponibles en Spotify.<\/p>\n<p>\u00abEn la superficie, Bruce y yo no tenemos mucho en com\u00fan\u00bb, dice Obama. \u00abPero a lo largo de los a\u00f1os, lo que hemos descubierto es que tenemos una sensibilidad compartida. Sobre el trabajo, la familia y Estados Unidos.<\/p>\n<p>\u00abA nuestra manera, Bruce y yo hemos estado en viajes paralelos tratando de comprender este pa\u00eds que nos ha dado tanto a ambos. Intentando hacer una cr\u00f3nica de las historias de su gente. Buscando una manera de conectar nuestras propias b\u00fasquedas individuales de significado y verdad y comunidad con la historia m\u00e1s amplia de Am\u00e9rica \u00ab.<\/p>\n<p>Springsteen conoci\u00f3 al entonces futuro presidente en la campa\u00f1a electoral en 2008, cuando apareci\u00f3 en varios m\u00edtines y realiz\u00f3 espect\u00e1culos ac\u00fasticos en solitario en apoyo de la candidatura de Obama. Springsteen luego apareci\u00f3 en la celebraci\u00f3n inaugural de Obama en Washington, DC el 18 de enero de 2009.<\/p>\n<p><iframe loading=\"lazy\" src=\"https:\/\/open.spotify.com\/embed-podcast\/show\/42xagXCUDsFO6a0lcHoTlv\" width=\"100%\" height=\"232\" frameborder=\"0\"><span data-mce-type=\"bookmark\" style=\"display: inline-block; width: 0px; overflow: hidden; line-height: 0;\" class=\"mce_SELRES_start\">\ufeff<\/span><\/iframe><\/p>\n<div class=\"fb-background-color\">\n\t\t\t  <div \n\t\t\t  \tclass = \"fb-comments\" \n\t\t\t  \tdata-href = \"https:\/\/radiounodigital.com\/web\/2021\/02\/23\/bruce-springsteen-se-une-a-barack-obama-para-un-nuevo-podcast\/\"\n\t\t\t  \tdata-numposts = \"10\"\n\t\t\t  \tdata-lazy = \"true\"\n\t\t\t\tdata-colorscheme = \"dark\"\n\t\t\t\tdata-order-by = \"reverse_time\"\n\t\t\t\tdata-mobile=true>\n\t\t\t  <\/div><\/div>\n\t\t  <style>\n\t\t    .fb-background-color {\n\t\t\t\tbackground: #ffffff !important;\n\t\t\t}\n\t\t\t.fb_iframe_widget_fluid_desktop iframe {\n\t\t\t    width: 100% !important;\n\t\t\t}\n\t\t  <\/style>\n\t\t  ","protected":false},"excerpt":{"rendered":"<p>El podcast The Renegades: Born In The USA presenta una serie de conversaciones entre Bruce Springsteen y el presidente Barack Obama. El podcast Renegades: Born In The USA presenta una serie de conversaciones entre Bruce Springsteen y el presidente Barack Obama. Bruce Springsteen se ha asociado con el expresidente estadounidense Barack Obama para grabar una&#8230; <a href=\"https:\/\/radiounodigital.com\/web\/2021\/02\/23\/bruce-springsteen-se-une-a-barack-obama-para-un-nuevo-podcast\/\" class=\"excerpt-read-more\">Read More<\/a><\/p>\n","protected":false},"author":1,"featured_media":5477,"comment_status":"open","ping_status":"open","sticky":false,"template":"","format":"standard","meta":{"footnotes":""},"categories":[180,127],"tags":[1389,194,1348,332],"class_list":["post-5474","post","type-post","status-publish","format-standard","has-post-thumbnail","hentry","category-news","category-rock","tag-barack-obama","tag-bruce-springsteen","tag-podcast","tag-spotify"],"yoast_head":"<!-- This site is optimized with the Yoast SEO plugin v27.4 - https:\/\/yoast.com\/product\/yoast-seo-wordpress\/ -->\n<title>Bruce Springsteen se une a Barack Obama para un nuevo podcast - Radio UNO Digital<\/title>\n<meta name=\"description\" content=\"El podcast The Renegades: Born In The USA presenta una serie de conversaciones entre Bruce Springsteen y el presidente Barack Obama.\" \/>\n<meta name=\"robots\" content=\"index, follow, max-snippet:-1, max-image-preview:large, max-video-preview:-1\" \/>\n<link rel=\"canonical\" href=\"https:\/\/radiounodigital.com\/web\/2021\/02\/23\/bruce-springsteen-se-une-a-barack-obama-para-un-nuevo-podcast\/\" \/>\n<meta property=\"og:locale\" content=\"es_ES\" \/>\n<meta property=\"og:type\" content=\"article\" \/>\n<meta property=\"og:title\" content=\"Bruce Springsteen se une a Barack Obama para un nuevo podcast - Radio UNO Digital\" \/>\n<meta property=\"og:description\" content=\"El podcast The Renegades: Born In The USA presenta una serie de conversaciones entre Bruce Springsteen y el presidente Barack Obama.\" \/>\n<meta property=\"og:url\" content=\"https:\/\/radiounodigital.com\/web\/2021\/02\/23\/bruce-springsteen-se-une-a-barack-obama-para-un-nuevo-podcast\/\" \/>\n<meta property=\"og:site_name\" content=\"Radio UNO Digital\" \/>\n<meta property=\"article:published_time\" content=\"2021-02-23T17:47:35+00:00\" \/>\n<meta property=\"article:modified_time\" content=\"2021-02-24T17:52:26+00:00\" \/>\n<meta property=\"og:image\" content=\"https:\/\/radiounodigital.com\/web\/wp-content\/uploads\/2021\/02\/springsteen-obama.jpg\" \/>\n\t<meta property=\"og:image:width\" content=\"970\" \/>\n\t<meta property=\"og:image:height\" content=\"546\" \/>\n\t<meta property=\"og:image:type\" content=\"image\/jpeg\" \/>\n<meta name=\"author\" content=\"diegoc\" \/>\n<meta name=\"twitter:card\" content=\"summary_large_image\" \/>\n<meta name=\"twitter:label1\" content=\"Escrito por\" \/>\n\t<meta name=\"twitter:data1\" content=\"diegoc\" \/>\n\t<meta name=\"twitter:label2\" content=\"Tiempo de lectura\" \/>\n\t<meta name=\"twitter:data2\" content=\"1 minuto\" \/>\n<script type=\"application\/ld+json\" class=\"yoast-schema-graph\">{\"@context\":\"https:\\\/\\\/schema.org\",\"@graph\":[{\"@type\":\"Article\",\"@id\":\"https:\\\/\\\/radiounodigital.com\\\/web\\\/2021\\\/02\\\/23\\\/bruce-springsteen-se-une-a-barack-obama-para-un-nuevo-podcast\\\/#article\",\"isPartOf\":{\"@id\":\"https:\\\/\\\/radiounodigital.com\\\/web\\\/2021\\\/02\\\/23\\\/bruce-springsteen-se-une-a-barack-obama-para-un-nuevo-podcast\\\/\"},\"author\":{\"name\":\"diegoc\",\"@id\":\"https:\\\/\\\/radiounodigital.com\\\/web\\\/#\\\/schema\\\/person\\\/00b93151fa54f619ecf9c183d1fc9758\"},\"headline\":\"Bruce Springsteen se une a Barack Obama para un nuevo podcast\",\"datePublished\":\"2021-02-23T17:47:35+00:00\",\"dateModified\":\"2021-02-24T17:52:26+00:00\",\"mainEntityOfPage\":{\"@id\":\"https:\\\/\\\/radiounodigital.com\\\/web\\\/2021\\\/02\\\/23\\\/bruce-springsteen-se-une-a-barack-obama-para-un-nuevo-podcast\\\/\"},\"wordCount\":243,\"commentCount\":0,\"image\":{\"@id\":\"https:\\\/\\\/radiounodigital.com\\\/web\\\/2021\\\/02\\\/23\\\/bruce-springsteen-se-une-a-barack-obama-para-un-nuevo-podcast\\\/#primaryimage\"},\"thumbnailUrl\":\"https:\\\/\\\/radiounodigital.com\\\/web\\\/wp-content\\\/uploads\\\/2021\\\/02\\\/springsteen-obama.jpg\",\"keywords\":[\"barack obama\",\"bruce springsteen\",\"podcast\",\"spotify\"],\"articleSection\":[\"news\",\"Rock\"],\"inLanguage\":\"es\",\"potentialAction\":[{\"@type\":\"CommentAction\",\"name\":\"Comment\",\"target\":[\"https:\\\/\\\/radiounodigital.com\\\/web\\\/2021\\\/02\\\/23\\\/bruce-springsteen-se-une-a-barack-obama-para-un-nuevo-podcast\\\/#respond\"]}]},{\"@type\":\"WebPage\",\"@id\":\"https:\\\/\\\/radiounodigital.com\\\/web\\\/2021\\\/02\\\/23\\\/bruce-springsteen-se-une-a-barack-obama-para-un-nuevo-podcast\\\/\",\"url\":\"https:\\\/\\\/radiounodigital.com\\\/web\\\/2021\\\/02\\\/23\\\/bruce-springsteen-se-une-a-barack-obama-para-un-nuevo-podcast\\\/\",\"name\":\"Bruce Springsteen se une a Barack Obama para un nuevo podcast - Radio UNO Digital\",\"isPartOf\":{\"@id\":\"https:\\\/\\\/radiounodigital.com\\\/web\\\/#website\"},\"primaryImageOfPage\":{\"@id\":\"https:\\\/\\\/radiounodigital.com\\\/web\\\/2021\\\/02\\\/23\\\/bruce-springsteen-se-une-a-barack-obama-para-un-nuevo-podcast\\\/#primaryimage\"},\"image\":{\"@id\":\"https:\\\/\\\/radiounodigital.com\\\/web\\\/2021\\\/02\\\/23\\\/bruce-springsteen-se-une-a-barack-obama-para-un-nuevo-podcast\\\/#primaryimage\"},\"thumbnailUrl\":\"https:\\\/\\\/radiounodigital.com\\\/web\\\/wp-content\\\/uploads\\\/2021\\\/02\\\/springsteen-obama.jpg\",\"datePublished\":\"2021-02-23T17:47:35+00:00\",\"dateModified\":\"2021-02-24T17:52:26+00:00\",\"author\":{\"@id\":\"https:\\\/\\\/radiounodigital.com\\\/web\\\/#\\\/schema\\\/person\\\/00b93151fa54f619ecf9c183d1fc9758\"},\"description\":\"El podcast The Renegades: Born In The USA presenta una serie de conversaciones entre Bruce Springsteen y el presidente Barack Obama.\",\"breadcrumb\":{\"@id\":\"https:\\\/\\\/radiounodigital.com\\\/web\\\/2021\\\/02\\\/23\\\/bruce-springsteen-se-une-a-barack-obama-para-un-nuevo-podcast\\\/#breadcrumb\"},\"inLanguage\":\"es\",\"potentialAction\":[{\"@type\":\"ReadAction\",\"target\":[\"https:\\\/\\\/radiounodigital.com\\\/web\\\/2021\\\/02\\\/23\\\/bruce-springsteen-se-une-a-barack-obama-para-un-nuevo-podcast\\\/\"]}]},{\"@type\":\"ImageObject\",\"inLanguage\":\"es\",\"@id\":\"https:\\\/\\\/radiounodigital.com\\\/web\\\/2021\\\/02\\\/23\\\/bruce-springsteen-se-une-a-barack-obama-para-un-nuevo-podcast\\\/#primaryimage\",\"url\":\"https:\\\/\\\/radiounodigital.com\\\/web\\\/wp-content\\\/uploads\\\/2021\\\/02\\\/springsteen-obama.jpg\",\"contentUrl\":\"https:\\\/\\\/radiounodigital.com\\\/web\\\/wp-content\\\/uploads\\\/2021\\\/02\\\/springsteen-obama.jpg\",\"width\":970,\"height\":546},{\"@type\":\"BreadcrumbList\",\"@id\":\"https:\\\/\\\/radiounodigital.com\\\/web\\\/2021\\\/02\\\/23\\\/bruce-springsteen-se-une-a-barack-obama-para-un-nuevo-podcast\\\/#breadcrumb\",\"itemListElement\":[{\"@type\":\"ListItem\",\"position\":1,\"name\":\"Home\",\"item\":\"https:\\\/\\\/radiounodigital.com\\\/web\\\/\"},{\"@type\":\"ListItem\",\"position\":2,\"name\":\"Bruce Springsteen se une a Barack Obama para un nuevo podcast\"}]},{\"@type\":\"WebSite\",\"@id\":\"https:\\\/\\\/radiounodigital.com\\\/web\\\/#website\",\"url\":\"https:\\\/\\\/radiounodigital.com\\\/web\\\/\",\"name\":\"Radio UNO Digital\",\"description\":\"Donde la cultura del rock se siente\",\"potentialAction\":[{\"@type\":\"SearchAction\",\"target\":{\"@type\":\"EntryPoint\",\"urlTemplate\":\"https:\\\/\\\/radiounodigital.com\\\/web\\\/?s={search_term_string}\"},\"query-input\":{\"@type\":\"PropertyValueSpecification\",\"valueRequired\":true,\"valueName\":\"search_term_string\"}}],\"inLanguage\":\"es\"},{\"@type\":\"Person\",\"@id\":\"https:\\\/\\\/radiounodigital.com\\\/web\\\/#\\\/schema\\\/person\\\/00b93151fa54f619ecf9c183d1fc9758\",\"name\":\"diegoc\",\"image\":{\"@type\":\"ImageObject\",\"inLanguage\":\"es\",\"@id\":\"https:\\\/\\\/secure.gravatar.com\\\/avatar\\\/0a67041d44c702fb0660d81a5a32c7ce6007341cf92afeb718b75883bf415864?s=96&d=blank&r=g\",\"url\":\"https:\\\/\\\/secure.gravatar.com\\\/avatar\\\/0a67041d44c702fb0660d81a5a32c7ce6007341cf92afeb718b75883bf415864?s=96&d=blank&r=g\",\"contentUrl\":\"https:\\\/\\\/secure.gravatar.com\\\/avatar\\\/0a67041d44c702fb0660d81a5a32c7ce6007341cf92afeb718b75883bf415864?s=96&d=blank&r=g\",\"caption\":\"diegoc\"},\"url\":\"https:\\\/\\\/radiounodigital.com\\\/web\\\/author\\\/diegoc\\\/\"}]}<\/script>\n<!-- \/ Yoast SEO plugin. -->","yoast_head_json":{"title":"Bruce Springsteen se une a Barack Obama para un nuevo podcast - Radio UNO Digital","description":"El podcast The Renegades: Born In The USA presenta una serie de conversaciones entre Bruce Springsteen y el presidente Barack Obama.","robots":{"index":"index","follow":"follow","max-snippet":"max-snippet:-1","max-image-preview":"max-image-preview:large","max-video-preview":"max-video-preview:-1"},"canonical":"https:\/\/radiounodigital.com\/web\/2021\/02\/23\/bruce-springsteen-se-une-a-barack-obama-para-un-nuevo-podcast\/","og_locale":"es_ES","og_type":"article","og_title":"Bruce Springsteen se une a Barack Obama para un nuevo podcast - Radio UNO Digital","og_description":"El podcast The Renegades: Born In The USA presenta una serie de conversaciones entre Bruce Springsteen y el presidente Barack Obama.","og_url":"https:\/\/radiounodigital.com\/web\/2021\/02\/23\/bruce-springsteen-se-une-a-barack-obama-para-un-nuevo-podcast\/","og_site_name":"Radio UNO Digital","article_published_time":"2021-02-23T17:47:35+00:00","article_modified_time":"2021-02-24T17:52:26+00:00","og_image":[{"width":970,"height":546,"url":"https:\/\/radiounodigital.com\/web\/wp-content\/uploads\/2021\/02\/springsteen-obama.jpg","type":"image\/jpeg"}],"author":"diegoc","twitter_card":"summary_large_image","twitter_misc":{"Escrito por":"diegoc","Tiempo de lectura":"1 minuto"},"schema":{"@context":"https:\/\/schema.org","@graph":[{"@type":"Article","@id":"https:\/\/radiounodigital.com\/web\/2021\/02\/23\/bruce-springsteen-se-une-a-barack-obama-para-un-nuevo-podcast\/#article","isPartOf":{"@id":"https:\/\/radiounodigital.com\/web\/2021\/02\/23\/bruce-springsteen-se-une-a-barack-obama-para-un-nuevo-podcast\/"},"author":{"name":"diegoc","@id":"https:\/\/radiounodigital.com\/web\/#\/schema\/person\/00b93151fa54f619ecf9c183d1fc9758"},"headline":"Bruce Springsteen se une a Barack Obama para un nuevo podcast","datePublished":"2021-02-23T17:47:35+00:00","dateModified":"2021-02-24T17:52:26+00:00","mainEntityOfPage":{"@id":"https:\/\/radiounodigital.com\/web\/2021\/02\/23\/bruce-springsteen-se-une-a-barack-obama-para-un-nuevo-podcast\/"},"wordCount":243,"commentCount":0,"image":{"@id":"https:\/\/radiounodigital.com\/web\/2021\/02\/23\/bruce-springsteen-se-une-a-barack-obama-para-un-nuevo-podcast\/#primaryimage"},"thumbnailUrl":"https:\/\/radiounodigital.com\/web\/wp-content\/uploads\/2021\/02\/springsteen-obama.jpg","keywords":["barack obama","bruce springsteen","podcast","spotify"],"articleSection":["news","Rock"],"inLanguage":"es","potentialAction":[{"@type":"CommentAction","name":"Comment","target":["https:\/\/radiounodigital.com\/web\/2021\/02\/23\/bruce-springsteen-se-une-a-barack-obama-para-un-nuevo-podcast\/#respond"]}]},{"@type":"WebPage","@id":"https:\/\/radiounodigital.com\/web\/2021\/02\/23\/bruce-springsteen-se-une-a-barack-obama-para-un-nuevo-podcast\/","url":"https:\/\/radiounodigital.com\/web\/2021\/02\/23\/bruce-springsteen-se-une-a-barack-obama-para-un-nuevo-podcast\/","name":"Bruce Springsteen se une a Barack Obama para un nuevo podcast - Radio UNO Digital","isPartOf":{"@id":"https:\/\/radiounodigital.com\/web\/#website"},"primaryImageOfPage":{"@id":"https:\/\/radiounodigital.com\/web\/2021\/02\/23\/bruce-springsteen-se-une-a-barack-obama-para-un-nuevo-podcast\/#primaryimage"},"image":{"@id":"https:\/\/radiounodigital.com\/web\/2021\/02\/23\/bruce-springsteen-se-une-a-barack-obama-para-un-nuevo-podcast\/#primaryimage"},"thumbnailUrl":"https:\/\/radiounodigital.com\/web\/wp-content\/uploads\/2021\/02\/springsteen-obama.jpg","datePublished":"2021-02-23T17:47:35+00:00","dateModified":"2021-02-24T17:52:26+00:00","author":{"@id":"https:\/\/radiounodigital.com\/web\/#\/schema\/person\/00b93151fa54f619ecf9c183d1fc9758"},"description":"El podcast The Renegades: Born In The USA presenta una serie de conversaciones entre Bruce Springsteen y el presidente Barack Obama.","breadcrumb":{"@id":"https:\/\/radiounodigital.com\/web\/2021\/02\/23\/bruce-springsteen-se-une-a-barack-obama-para-un-nuevo-podcast\/#breadcrumb"},"inLanguage":"es","potentialAction":[{"@type":"ReadAction","target":["https:\/\/radiounodigital.com\/web\/2021\/02\/23\/bruce-springsteen-se-une-a-barack-obama-para-un-nuevo-podcast\/"]}]},{"@type":"ImageObject","inLanguage":"es","@id":"https:\/\/radiounodigital.com\/web\/2021\/02\/23\/bruce-springsteen-se-une-a-barack-obama-para-un-nuevo-podcast\/#primaryimage","url":"https:\/\/radiounodigital.com\/web\/wp-content\/uploads\/2021\/02\/springsteen-obama.jpg","contentUrl":"https:\/\/radiounodigital.com\/web\/wp-content\/uploads\/2021\/02\/springsteen-obama.jpg","width":970,"height":546},{"@type":"BreadcrumbList","@id":"https:\/\/radiounodigital.com\/web\/2021\/02\/23\/bruce-springsteen-se-une-a-barack-obama-para-un-nuevo-podcast\/#breadcrumb","itemListElement":[{"@type":"ListItem","position":1,"name":"Home","item":"https:\/\/radiounodigital.com\/web\/"},{"@type":"ListItem","position":2,"name":"Bruce Springsteen se une a Barack Obama para un nuevo podcast"}]},{"@type":"WebSite","@id":"https:\/\/radiounodigital.com\/web\/#website","url":"https:\/\/radiounodigital.com\/web\/","name":"Radio UNO Digital","description":"Donde la cultura del rock se siente","potentialAction":[{"@type":"SearchAction","target":{"@type":"EntryPoint","urlTemplate":"https:\/\/radiounodigital.com\/web\/?s={search_term_string}"},"query-input":{"@type":"PropertyValueSpecification","valueRequired":true,"valueName":"search_term_string"}}],"inLanguage":"es"},{"@type":"Person","@id":"https:\/\/radiounodigital.com\/web\/#\/schema\/person\/00b93151fa54f619ecf9c183d1fc9758","name":"diegoc","image":{"@type":"ImageObject","inLanguage":"es","@id":"https:\/\/secure.gravatar.com\/avatar\/0a67041d44c702fb0660d81a5a32c7ce6007341cf92afeb718b75883bf415864?s=96&d=blank&r=g","url":"https:\/\/secure.gravatar.com\/avatar\/0a67041d44c702fb0660d81a5a32c7ce6007341cf92afeb718b75883bf415864?s=96&d=blank&r=g","contentUrl":"https:\/\/secure.gravatar.com\/avatar\/0a67041d44c702fb0660d81a5a32c7ce6007341cf92afeb718b75883bf415864?s=96&d=blank&r=g","caption":"diegoc"},"url":"https:\/\/radiounodigital.com\/web\/author\/diegoc\/"}]}},"_links":{"self":[{"href":"https:\/\/radiounodigital.com\/web\/wp-json\/wp\/v2\/posts\/5474","targetHints":{"allow":["GET"]}}],"collection":[{"href":"https:\/\/radiounodigital.com\/web\/wp-json\/wp\/v2\/posts"}],"about":[{"href":"https:\/\/radiounodigital.com\/web\/wp-json\/wp\/v2\/types\/post"}],"author":[{"embeddable":true,"href":"https:\/\/radiounodigital.com\/web\/wp-json\/wp\/v2\/users\/1"}],"replies":[{"embeddable":true,"href":"https:\/\/radiounodigital.com\/web\/wp-json\/wp\/v2\/comments?post=5474"}],"version-history":[{"count":1,"href":"https:\/\/radiounodigital.com\/web\/wp-json\/wp\/v2\/posts\/5474\/revisions"}],"predecessor-version":[{"id":5478,"href":"https:\/\/radiounodigital.com\/web\/wp-json\/wp\/v2\/posts\/5474\/revisions\/5478"}],"wp:featuredmedia":[{"embeddable":true,"href":"https:\/\/radiounodigital.com\/web\/wp-json\/wp\/v2\/media\/5477"}],"wp:attachment":[{"href":"https:\/\/radiounodigital.com\/web\/wp-json\/wp\/v2\/media?parent=5474"}],"wp:term":[{"taxonomy":"category","embeddable":true,"href":"https:\/\/radiounodigital.com\/web\/wp-json\/wp\/v2\/categories?post=5474"},{"taxonomy":"post_tag","embeddable":true,"href":"https:\/\/radiounodigital.com\/web\/wp-json\/wp\/v2\/tags?post=5474"}],"curies":[{"name":"wp","href":"https:\/\/api.w.org\/{rel}","templated":true}]}}