{"id":5484,"date":"2021-02-26T11:56:33","date_gmt":"2021-02-26T14:56:33","guid":{"rendered":"https:\/\/radiounodigital.com\/web\/?p=5484"},"modified":"2021-02-26T11:56:33","modified_gmt":"2021-02-26T14:56:33","slug":"el-nuevo-libro-de-paul-mccartney-explorara-su-carrera-a-traves-de-sus-letras","status":"publish","type":"post","link":"https:\/\/radiounodigital.com\/web\/2021\/02\/26\/el-nuevo-libro-de-paul-mccartney-explorara-su-carrera-a-traves-de-sus-letras\/","title":{"rendered":"El nuevo libro de Paul McCartney explorar\u00e1 su carrera a trav\u00e9s de sus letras"},"content":{"rendered":"<h3>\u00abThe Lyrics: 1956 To The Present\u00bb se publicar\u00e1 a finales de este a\u00f1o y se describe como \u00abun autorretrato en 154 canciones\u00bb.<\/h3>\n<p>Paul McCartney lanzar\u00e1 un libro que explora sus letras a finales de este a\u00f1o.<\/p>\n<p>Titulado The Lyrics: 1956 To The Present, profundizar\u00e1 en 154 de las canciones de Macca, desde sus primeras composiciones hasta los Beatles, Wings y su carrera en solitario, con el libro editado por Paul Muldoon.<\/p>\n<p>Se lanzar\u00e1 el 2 de noviembre a trav\u00e9s de Liveright Publishing Corporation y ahora est\u00e1 disponible para reservar. Mira el tr\u00e1iler de lanzamiento a continuaci\u00f3n.<\/p>\n<p>McCartney dice: \u201cM\u00e1s a menudo de las que puedo contar, me han preguntado si escribir\u00eda una autobiograf\u00eda, pero nunca ha sido el momento adecuado. Lo \u00fanico que siempre me las he arreglado para hacer, ya sea en casa o de viaje, es escribir canciones nuevas.<\/p>\n<p>\u201cS\u00e9 que a algunas personas, cuando llegan a cierta edad, les gusta ir a un diario para recordar los acontecimientos del d\u00eda a d\u00eda del pasado, pero yo no tengo esos cuadernos. Lo que s\u00ed tengo son mis canciones, cientos de ellas, que he aprendido que tienen el mismo prop\u00f3sito. Y estas canciones abarcan toda mi vida.<\/p>\n<p>\u00abEspero que lo que he escrito le muestre a la gente algo sobre mis canciones y mi vida que no hayan visto antes. He intentado decir algo sobre c\u00f3mo sucede la m\u00fasica y lo que significa para m\u00ed y espero que pueda significar tambi\u00e9n para los dem\u00e1s \u00ab.<\/p>\n<p>Las canciones se enumerar\u00e1n en orden alfab\u00e9tico y, junto con la letra, McCartney revelar\u00e1 las personas y los lugares que inspiraron las pistas y lo que piensa de las canciones ahora. The Lyrics: 1956 To The Present tambi\u00e9n incluir\u00e1 borradores, fotograf\u00edas y m\u00e1s recuerdos de toda su carrera.<\/p>\n<p>Muldoon agrega: \u201cBasado en las conversaciones que tuve con Paul McCartney durante un per\u00edodo de cinco a\u00f1os, estos comentarios son lo m\u00e1s parecido a una autobiograf\u00eda que jam\u00e1s podr\u00edamos llegar. Sus conocimientos sobre su propio proceso art\u00edstico confirman una noci\u00f3n que hab\u00edamos adivinado: que Paul McCartney es una figura literaria importante que se basa en y extiende la larga tradici\u00f3n de la poes\u00eda en ingl\u00e9s \u201d.<\/p>\n<p><iframe loading=\"lazy\" title=\"Paul McCartney - The Lyrics (Coming 2nd November)\" width=\"960\" height=\"720\" src=\"https:\/\/www.youtube.com\/embed\/dqeGehOz7eU?feature=oembed\" frameborder=\"0\" allow=\"accelerometer; autoplay; clipboard-write; encrypted-media; gyroscope; picture-in-picture\" allowfullscreen><\/iframe><\/p>\n<p>&nbsp;<\/p>\n<div class=\"fb-background-color\">\n\t\t\t  <div \n\t\t\t  \tclass = \"fb-comments\" \n\t\t\t  \tdata-href = \"https:\/\/radiounodigital.com\/web\/2021\/02\/26\/el-nuevo-libro-de-paul-mccartney-explorara-su-carrera-a-traves-de-sus-letras\/\"\n\t\t\t  \tdata-numposts = \"10\"\n\t\t\t  \tdata-lazy = \"true\"\n\t\t\t\tdata-colorscheme = \"dark\"\n\t\t\t\tdata-order-by = \"reverse_time\"\n\t\t\t\tdata-mobile=true>\n\t\t\t  <\/div><\/div>\n\t\t  <style>\n\t\t    .fb-background-color {\n\t\t\t\tbackground: #ffffff !important;\n\t\t\t}\n\t\t\t.fb_iframe_widget_fluid_desktop iframe {\n\t\t\t    width: 100% !important;\n\t\t\t}\n\t\t  <\/style>\n\t\t  ","protected":false},"excerpt":{"rendered":"<p>\u00abThe Lyrics: 1956 To The Present\u00bb se publicar\u00e1 a finales de este a\u00f1o y se describe como \u00abun autorretrato en 154 canciones\u00bb. Paul McCartney lanzar\u00e1 un libro que explora sus letras a finales de este a\u00f1o. Titulado The Lyrics: 1956 To The Present, profundizar\u00e1 en 154 de las canciones de Macca, desde sus primeras composiciones&#8230; <a href=\"https:\/\/radiounodigital.com\/web\/2021\/02\/26\/el-nuevo-libro-de-paul-mccartney-explorara-su-carrera-a-traves-de-sus-letras\/\" class=\"excerpt-read-more\">Read More<\/a><\/p>\n","protected":false},"author":1,"featured_media":5485,"comment_status":"open","ping_status":"open","sticky":false,"template":"","format":"standard","meta":{"footnotes":""},"categories":[1097,180],"tags":[1128,1607,1606,417,657,1605],"class_list":["post-5484","post","type-post","status-publish","format-standard","has-post-thumbnail","hentry","category-lo-nuevo","category-news","tag-beatles","tag-bografia","tag-letras","tag-libro","tag-paul-mccartney","tag-the-lyrics"],"yoast_head":"<!-- This site is optimized with the Yoast SEO plugin v27.4 - https:\/\/yoast.com\/product\/yoast-seo-wordpress\/ -->\n<title>El nuevo libro de Paul McCartney explorar\u00e1 su carrera a trav\u00e9s de sus letras - Radio UNO Digital<\/title>\n<meta name=\"description\" content=\"&quot;The Lyrics: 1956 To The Present&quot; se publicar\u00e1 a finales de este a\u00f1o y se describe como &quot;un autorretrato en 154 canciones&quot;.\" \/>\n<meta name=\"robots\" content=\"index, follow, max-snippet:-1, max-image-preview:large, max-video-preview:-1\" \/>\n<link rel=\"canonical\" href=\"https:\/\/radiounodigital.com\/web\/2021\/02\/26\/el-nuevo-libro-de-paul-mccartney-explorara-su-carrera-a-traves-de-sus-letras\/\" \/>\n<meta property=\"og:locale\" content=\"es_ES\" \/>\n<meta property=\"og:type\" content=\"article\" \/>\n<meta property=\"og:title\" content=\"El nuevo libro de Paul McCartney explorar\u00e1 su carrera a trav\u00e9s de sus letras - Radio UNO Digital\" \/>\n<meta property=\"og:description\" content=\"&quot;The Lyrics: 1956 To The Present&quot; se publicar\u00e1 a finales de este a\u00f1o y se describe como &quot;un autorretrato en 154 canciones&quot;.\" \/>\n<meta property=\"og:url\" content=\"https:\/\/radiounodigital.com\/web\/2021\/02\/26\/el-nuevo-libro-de-paul-mccartney-explorara-su-carrera-a-traves-de-sus-letras\/\" \/>\n<meta property=\"og:site_name\" content=\"Radio UNO Digital\" \/>\n<meta property=\"article:published_time\" content=\"2021-02-26T14:56:33+00:00\" \/>\n<meta property=\"og:image\" content=\"https:\/\/radiounodigital.com\/web\/wp-content\/uploads\/2021\/02\/paul-the-lyrics.jpg\" \/>\n\t<meta property=\"og:image:width\" content=\"970\" \/>\n\t<meta property=\"og:image:height\" content=\"546\" \/>\n\t<meta property=\"og:image:type\" content=\"image\/jpeg\" \/>\n<meta name=\"author\" content=\"diegoc\" \/>\n<meta name=\"twitter:card\" content=\"summary_large_image\" \/>\n<meta name=\"twitter:label1\" content=\"Escrito por\" \/>\n\t<meta name=\"twitter:data1\" content=\"diegoc\" \/>\n\t<meta name=\"twitter:label2\" content=\"Tiempo de lectura\" \/>\n\t<meta name=\"twitter:data2\" content=\"2 minutos\" \/>\n<script type=\"application\/ld+json\" class=\"yoast-schema-graph\">{\"@context\":\"https:\\\/\\\/schema.org\",\"@graph\":[{\"@type\":\"Article\",\"@id\":\"https:\\\/\\\/radiounodigital.com\\\/web\\\/2021\\\/02\\\/26\\\/el-nuevo-libro-de-paul-mccartney-explorara-su-carrera-a-traves-de-sus-letras\\\/#article\",\"isPartOf\":{\"@id\":\"https:\\\/\\\/radiounodigital.com\\\/web\\\/2021\\\/02\\\/26\\\/el-nuevo-libro-de-paul-mccartney-explorara-su-carrera-a-traves-de-sus-letras\\\/\"},\"author\":{\"name\":\"diegoc\",\"@id\":\"https:\\\/\\\/radiounodigital.com\\\/web\\\/#\\\/schema\\\/person\\\/00b93151fa54f619ecf9c183d1fc9758\"},\"headline\":\"El nuevo libro de Paul McCartney explorar\u00e1 su carrera a trav\u00e9s de sus letras\",\"datePublished\":\"2021-02-26T14:56:33+00:00\",\"mainEntityOfPage\":{\"@id\":\"https:\\\/\\\/radiounodigital.com\\\/web\\\/2021\\\/02\\\/26\\\/el-nuevo-libro-de-paul-mccartney-explorara-su-carrera-a-traves-de-sus-letras\\\/\"},\"wordCount\":405,\"commentCount\":0,\"image\":{\"@id\":\"https:\\\/\\\/radiounodigital.com\\\/web\\\/2021\\\/02\\\/26\\\/el-nuevo-libro-de-paul-mccartney-explorara-su-carrera-a-traves-de-sus-letras\\\/#primaryimage\"},\"thumbnailUrl\":\"https:\\\/\\\/radiounodigital.com\\\/web\\\/wp-content\\\/uploads\\\/2021\\\/02\\\/paul-the-lyrics.jpg\",\"keywords\":[\"beatles\",\"bografia\",\"letras\",\"libro\",\"paul mccartney\",\"the lyrics\"],\"articleSection\":[\"lo nuevo\",\"news\"],\"inLanguage\":\"es\",\"potentialAction\":[{\"@type\":\"CommentAction\",\"name\":\"Comment\",\"target\":[\"https:\\\/\\\/radiounodigital.com\\\/web\\\/2021\\\/02\\\/26\\\/el-nuevo-libro-de-paul-mccartney-explorara-su-carrera-a-traves-de-sus-letras\\\/#respond\"]}]},{\"@type\":\"WebPage\",\"@id\":\"https:\\\/\\\/radiounodigital.com\\\/web\\\/2021\\\/02\\\/26\\\/el-nuevo-libro-de-paul-mccartney-explorara-su-carrera-a-traves-de-sus-letras\\\/\",\"url\":\"https:\\\/\\\/radiounodigital.com\\\/web\\\/2021\\\/02\\\/26\\\/el-nuevo-libro-de-paul-mccartney-explorara-su-carrera-a-traves-de-sus-letras\\\/\",\"name\":\"El nuevo libro de Paul McCartney explorar\u00e1 su carrera a trav\u00e9s de sus letras - Radio UNO Digital\",\"isPartOf\":{\"@id\":\"https:\\\/\\\/radiounodigital.com\\\/web\\\/#website\"},\"primaryImageOfPage\":{\"@id\":\"https:\\\/\\\/radiounodigital.com\\\/web\\\/2021\\\/02\\\/26\\\/el-nuevo-libro-de-paul-mccartney-explorara-su-carrera-a-traves-de-sus-letras\\\/#primaryimage\"},\"image\":{\"@id\":\"https:\\\/\\\/radiounodigital.com\\\/web\\\/2021\\\/02\\\/26\\\/el-nuevo-libro-de-paul-mccartney-explorara-su-carrera-a-traves-de-sus-letras\\\/#primaryimage\"},\"thumbnailUrl\":\"https:\\\/\\\/radiounodigital.com\\\/web\\\/wp-content\\\/uploads\\\/2021\\\/02\\\/paul-the-lyrics.jpg\",\"datePublished\":\"2021-02-26T14:56:33+00:00\",\"author\":{\"@id\":\"https:\\\/\\\/radiounodigital.com\\\/web\\\/#\\\/schema\\\/person\\\/00b93151fa54f619ecf9c183d1fc9758\"},\"description\":\"\\\"The Lyrics: 1956 To The Present\\\" se publicar\u00e1 a finales de este a\u00f1o y se describe como \\\"un autorretrato en 154 canciones\\\".\",\"breadcrumb\":{\"@id\":\"https:\\\/\\\/radiounodigital.com\\\/web\\\/2021\\\/02\\\/26\\\/el-nuevo-libro-de-paul-mccartney-explorara-su-carrera-a-traves-de-sus-letras\\\/#breadcrumb\"},\"inLanguage\":\"es\",\"potentialAction\":[{\"@type\":\"ReadAction\",\"target\":[\"https:\\\/\\\/radiounodigital.com\\\/web\\\/2021\\\/02\\\/26\\\/el-nuevo-libro-de-paul-mccartney-explorara-su-carrera-a-traves-de-sus-letras\\\/\"]}]},{\"@type\":\"ImageObject\",\"inLanguage\":\"es\",\"@id\":\"https:\\\/\\\/radiounodigital.com\\\/web\\\/2021\\\/02\\\/26\\\/el-nuevo-libro-de-paul-mccartney-explorara-su-carrera-a-traves-de-sus-letras\\\/#primaryimage\",\"url\":\"https:\\\/\\\/radiounodigital.com\\\/web\\\/wp-content\\\/uploads\\\/2021\\\/02\\\/paul-the-lyrics.jpg\",\"contentUrl\":\"https:\\\/\\\/radiounodigital.com\\\/web\\\/wp-content\\\/uploads\\\/2021\\\/02\\\/paul-the-lyrics.jpg\",\"width\":970,\"height\":546},{\"@type\":\"BreadcrumbList\",\"@id\":\"https:\\\/\\\/radiounodigital.com\\\/web\\\/2021\\\/02\\\/26\\\/el-nuevo-libro-de-paul-mccartney-explorara-su-carrera-a-traves-de-sus-letras\\\/#breadcrumb\",\"itemListElement\":[{\"@type\":\"ListItem\",\"position\":1,\"name\":\"Home\",\"item\":\"https:\\\/\\\/radiounodigital.com\\\/web\\\/\"},{\"@type\":\"ListItem\",\"position\":2,\"name\":\"El nuevo libro de Paul McCartney explorar\u00e1 su carrera a trav\u00e9s de sus letras\"}]},{\"@type\":\"WebSite\",\"@id\":\"https:\\\/\\\/radiounodigital.com\\\/web\\\/#website\",\"url\":\"https:\\\/\\\/radiounodigital.com\\\/web\\\/\",\"name\":\"Radio UNO Digital\",\"description\":\"Donde la cultura del rock se siente\",\"potentialAction\":[{\"@type\":\"SearchAction\",\"target\":{\"@type\":\"EntryPoint\",\"urlTemplate\":\"https:\\\/\\\/radiounodigital.com\\\/web\\\/?s={search_term_string}\"},\"query-input\":{\"@type\":\"PropertyValueSpecification\",\"valueRequired\":true,\"valueName\":\"search_term_string\"}}],\"inLanguage\":\"es\"},{\"@type\":\"Person\",\"@id\":\"https:\\\/\\\/radiounodigital.com\\\/web\\\/#\\\/schema\\\/person\\\/00b93151fa54f619ecf9c183d1fc9758\",\"name\":\"diegoc\",\"image\":{\"@type\":\"ImageObject\",\"inLanguage\":\"es\",\"@id\":\"https:\\\/\\\/secure.gravatar.com\\\/avatar\\\/0a67041d44c702fb0660d81a5a32c7ce6007341cf92afeb718b75883bf415864?s=96&d=blank&r=g\",\"url\":\"https:\\\/\\\/secure.gravatar.com\\\/avatar\\\/0a67041d44c702fb0660d81a5a32c7ce6007341cf92afeb718b75883bf415864?s=96&d=blank&r=g\",\"contentUrl\":\"https:\\\/\\\/secure.gravatar.com\\\/avatar\\\/0a67041d44c702fb0660d81a5a32c7ce6007341cf92afeb718b75883bf415864?s=96&d=blank&r=g\",\"caption\":\"diegoc\"},\"url\":\"https:\\\/\\\/radiounodigital.com\\\/web\\\/author\\\/diegoc\\\/\"}]}<\/script>\n<!-- \/ Yoast SEO plugin. -->","yoast_head_json":{"title":"El nuevo libro de Paul McCartney explorar\u00e1 su carrera a trav\u00e9s de sus letras - Radio UNO Digital","description":"\"The Lyrics: 1956 To The Present\" se publicar\u00e1 a finales de este a\u00f1o y se describe como \"un autorretrato en 154 canciones\".","robots":{"index":"index","follow":"follow","max-snippet":"max-snippet:-1","max-image-preview":"max-image-preview:large","max-video-preview":"max-video-preview:-1"},"canonical":"https:\/\/radiounodigital.com\/web\/2021\/02\/26\/el-nuevo-libro-de-paul-mccartney-explorara-su-carrera-a-traves-de-sus-letras\/","og_locale":"es_ES","og_type":"article","og_title":"El nuevo libro de Paul McCartney explorar\u00e1 su carrera a trav\u00e9s de sus letras - Radio UNO Digital","og_description":"\"The Lyrics: 1956 To The Present\" se publicar\u00e1 a finales de este a\u00f1o y se describe como \"un autorretrato en 154 canciones\".","og_url":"https:\/\/radiounodigital.com\/web\/2021\/02\/26\/el-nuevo-libro-de-paul-mccartney-explorara-su-carrera-a-traves-de-sus-letras\/","og_site_name":"Radio UNO Digital","article_published_time":"2021-02-26T14:56:33+00:00","og_image":[{"width":970,"height":546,"url":"https:\/\/radiounodigital.com\/web\/wp-content\/uploads\/2021\/02\/paul-the-lyrics.jpg","type":"image\/jpeg"}],"author":"diegoc","twitter_card":"summary_large_image","twitter_misc":{"Escrito por":"diegoc","Tiempo de lectura":"2 minutos"},"schema":{"@context":"https:\/\/schema.org","@graph":[{"@type":"Article","@id":"https:\/\/radiounodigital.com\/web\/2021\/02\/26\/el-nuevo-libro-de-paul-mccartney-explorara-su-carrera-a-traves-de-sus-letras\/#article","isPartOf":{"@id":"https:\/\/radiounodigital.com\/web\/2021\/02\/26\/el-nuevo-libro-de-paul-mccartney-explorara-su-carrera-a-traves-de-sus-letras\/"},"author":{"name":"diegoc","@id":"https:\/\/radiounodigital.com\/web\/#\/schema\/person\/00b93151fa54f619ecf9c183d1fc9758"},"headline":"El nuevo libro de Paul McCartney explorar\u00e1 su carrera a trav\u00e9s de sus letras","datePublished":"2021-02-26T14:56:33+00:00","mainEntityOfPage":{"@id":"https:\/\/radiounodigital.com\/web\/2021\/02\/26\/el-nuevo-libro-de-paul-mccartney-explorara-su-carrera-a-traves-de-sus-letras\/"},"wordCount":405,"commentCount":0,"image":{"@id":"https:\/\/radiounodigital.com\/web\/2021\/02\/26\/el-nuevo-libro-de-paul-mccartney-explorara-su-carrera-a-traves-de-sus-letras\/#primaryimage"},"thumbnailUrl":"https:\/\/radiounodigital.com\/web\/wp-content\/uploads\/2021\/02\/paul-the-lyrics.jpg","keywords":["beatles","bografia","letras","libro","paul mccartney","the lyrics"],"articleSection":["lo nuevo","news"],"inLanguage":"es","potentialAction":[{"@type":"CommentAction","name":"Comment","target":["https:\/\/radiounodigital.com\/web\/2021\/02\/26\/el-nuevo-libro-de-paul-mccartney-explorara-su-carrera-a-traves-de-sus-letras\/#respond"]}]},{"@type":"WebPage","@id":"https:\/\/radiounodigital.com\/web\/2021\/02\/26\/el-nuevo-libro-de-paul-mccartney-explorara-su-carrera-a-traves-de-sus-letras\/","url":"https:\/\/radiounodigital.com\/web\/2021\/02\/26\/el-nuevo-libro-de-paul-mccartney-explorara-su-carrera-a-traves-de-sus-letras\/","name":"El nuevo libro de Paul McCartney explorar\u00e1 su carrera a trav\u00e9s de sus letras - Radio UNO Digital","isPartOf":{"@id":"https:\/\/radiounodigital.com\/web\/#website"},"primaryImageOfPage":{"@id":"https:\/\/radiounodigital.com\/web\/2021\/02\/26\/el-nuevo-libro-de-paul-mccartney-explorara-su-carrera-a-traves-de-sus-letras\/#primaryimage"},"image":{"@id":"https:\/\/radiounodigital.com\/web\/2021\/02\/26\/el-nuevo-libro-de-paul-mccartney-explorara-su-carrera-a-traves-de-sus-letras\/#primaryimage"},"thumbnailUrl":"https:\/\/radiounodigital.com\/web\/wp-content\/uploads\/2021\/02\/paul-the-lyrics.jpg","datePublished":"2021-02-26T14:56:33+00:00","author":{"@id":"https:\/\/radiounodigital.com\/web\/#\/schema\/person\/00b93151fa54f619ecf9c183d1fc9758"},"description":"\"The Lyrics: 1956 To The Present\" se publicar\u00e1 a finales de este a\u00f1o y se describe como \"un autorretrato en 154 canciones\".","breadcrumb":{"@id":"https:\/\/radiounodigital.com\/web\/2021\/02\/26\/el-nuevo-libro-de-paul-mccartney-explorara-su-carrera-a-traves-de-sus-letras\/#breadcrumb"},"inLanguage":"es","potentialAction":[{"@type":"ReadAction","target":["https:\/\/radiounodigital.com\/web\/2021\/02\/26\/el-nuevo-libro-de-paul-mccartney-explorara-su-carrera-a-traves-de-sus-letras\/"]}]},{"@type":"ImageObject","inLanguage":"es","@id":"https:\/\/radiounodigital.com\/web\/2021\/02\/26\/el-nuevo-libro-de-paul-mccartney-explorara-su-carrera-a-traves-de-sus-letras\/#primaryimage","url":"https:\/\/radiounodigital.com\/web\/wp-content\/uploads\/2021\/02\/paul-the-lyrics.jpg","contentUrl":"https:\/\/radiounodigital.com\/web\/wp-content\/uploads\/2021\/02\/paul-the-lyrics.jpg","width":970,"height":546},{"@type":"BreadcrumbList","@id":"https:\/\/radiounodigital.com\/web\/2021\/02\/26\/el-nuevo-libro-de-paul-mccartney-explorara-su-carrera-a-traves-de-sus-letras\/#breadcrumb","itemListElement":[{"@type":"ListItem","position":1,"name":"Home","item":"https:\/\/radiounodigital.com\/web\/"},{"@type":"ListItem","position":2,"name":"El nuevo libro de Paul McCartney explorar\u00e1 su carrera a trav\u00e9s de sus letras"}]},{"@type":"WebSite","@id":"https:\/\/radiounodigital.com\/web\/#website","url":"https:\/\/radiounodigital.com\/web\/","name":"Radio UNO Digital","description":"Donde la cultura del rock se siente","potentialAction":[{"@type":"SearchAction","target":{"@type":"EntryPoint","urlTemplate":"https:\/\/radiounodigital.com\/web\/?s={search_term_string}"},"query-input":{"@type":"PropertyValueSpecification","valueRequired":true,"valueName":"search_term_string"}}],"inLanguage":"es"},{"@type":"Person","@id":"https:\/\/radiounodigital.com\/web\/#\/schema\/person\/00b93151fa54f619ecf9c183d1fc9758","name":"diegoc","image":{"@type":"ImageObject","inLanguage":"es","@id":"https:\/\/secure.gravatar.com\/avatar\/0a67041d44c702fb0660d81a5a32c7ce6007341cf92afeb718b75883bf415864?s=96&d=blank&r=g","url":"https:\/\/secure.gravatar.com\/avatar\/0a67041d44c702fb0660d81a5a32c7ce6007341cf92afeb718b75883bf415864?s=96&d=blank&r=g","contentUrl":"https:\/\/secure.gravatar.com\/avatar\/0a67041d44c702fb0660d81a5a32c7ce6007341cf92afeb718b75883bf415864?s=96&d=blank&r=g","caption":"diegoc"},"url":"https:\/\/radiounodigital.com\/web\/author\/diegoc\/"}]}},"_links":{"self":[{"href":"https:\/\/radiounodigital.com\/web\/wp-json\/wp\/v2\/posts\/5484","targetHints":{"allow":["GET"]}}],"collection":[{"href":"https:\/\/radiounodigital.com\/web\/wp-json\/wp\/v2\/posts"}],"about":[{"href":"https:\/\/radiounodigital.com\/web\/wp-json\/wp\/v2\/types\/post"}],"author":[{"embeddable":true,"href":"https:\/\/radiounodigital.com\/web\/wp-json\/wp\/v2\/users\/1"}],"replies":[{"embeddable":true,"href":"https:\/\/radiounodigital.com\/web\/wp-json\/wp\/v2\/comments?post=5484"}],"version-history":[{"count":1,"href":"https:\/\/radiounodigital.com\/web\/wp-json\/wp\/v2\/posts\/5484\/revisions"}],"predecessor-version":[{"id":5486,"href":"https:\/\/radiounodigital.com\/web\/wp-json\/wp\/v2\/posts\/5484\/revisions\/5486"}],"wp:featuredmedia":[{"embeddable":true,"href":"https:\/\/radiounodigital.com\/web\/wp-json\/wp\/v2\/media\/5485"}],"wp:attachment":[{"href":"https:\/\/radiounodigital.com\/web\/wp-json\/wp\/v2\/media?parent=5484"}],"wp:term":[{"taxonomy":"category","embeddable":true,"href":"https:\/\/radiounodigital.com\/web\/wp-json\/wp\/v2\/categories?post=5484"},{"taxonomy":"post_tag","embeddable":true,"href":"https:\/\/radiounodigital.com\/web\/wp-json\/wp\/v2\/tags?post=5484"}],"curies":[{"name":"wp","href":"https:\/\/api.w.org\/{rel}","templated":true}]}}