{"id":5502,"date":"2021-03-02T09:27:43","date_gmt":"2021-03-02T12:27:43","guid":{"rendered":"https:\/\/radiounodigital.com\/web\/?p=5502"},"modified":"2021-03-02T09:27:43","modified_gmt":"2021-03-02T12:27:43","slug":"lou-reed-a-walk-on-the-wild-side-live-at-farm-aid-1985","status":"publish","type":"post","link":"https:\/\/radiounodigital.com\/web\/2021\/03\/02\/lou-reed-a-walk-on-the-wild-side-live-at-farm-aid-1985\/","title":{"rendered":"Lou Reed &#8211; A Walk On The Wild Side (Live at Farm Aid 1985)"},"content":{"rendered":"<h3>Un d\u00eda como hoy hace 79 a\u00f1os nac\u00eda en Brooklyn, New York Lou Reed, l\u00edder de The Velvet Underground que no tuvo \u00e9xito durante su existencia.<\/h3>\n<p>La banda conseguir\u00eda popularidad muchos a\u00f1os despu\u00e9s, siendo una de las bandas ic\u00f3nicas del rock alternativo hasta hoy d\u00eda.<\/p>\n<p><iframe loading=\"lazy\" title=\"Lou Reed - A Walk On The Wild Side (Live at Farm Aid 1985)\" width=\"960\" height=\"720\" src=\"https:\/\/www.youtube.com\/embed\/yKOQapYcyhE?feature=oembed\" frameborder=\"0\" allow=\"accelerometer; autoplay; clipboard-write; encrypted-media; gyroscope; picture-in-picture\" allowfullscreen><\/iframe><\/p>\n<div class=\"fb-background-color\">\n\t\t\t  <div \n\t\t\t  \tclass = \"fb-comments\" \n\t\t\t  \tdata-href = \"https:\/\/radiounodigital.com\/web\/2021\/03\/02\/lou-reed-a-walk-on-the-wild-side-live-at-farm-aid-1985\/\"\n\t\t\t  \tdata-numposts = \"10\"\n\t\t\t  \tdata-lazy = \"true\"\n\t\t\t\tdata-colorscheme = \"dark\"\n\t\t\t\tdata-order-by = \"reverse_time\"\n\t\t\t\tdata-mobile=true>\n\t\t\t  <\/div><\/div>\n\t\t  <style>\n\t\t    .fb-background-color {\n\t\t\t\tbackground: #ffffff !important;\n\t\t\t}\n\t\t\t.fb_iframe_widget_fluid_desktop iframe {\n\t\t\t    width: 100% !important;\n\t\t\t}\n\t\t  <\/style>\n\t\t  ","protected":false},"excerpt":{"rendered":"<p>Un d\u00eda como hoy hace 79 a\u00f1os nac\u00eda en Brooklyn, New York Lou Reed, l\u00edder de The Velvet Underground que no tuvo \u00e9xito durante su existencia. La banda conseguir\u00eda popularidad muchos a\u00f1os despu\u00e9s, siendo una de las bandas ic\u00f3nicas del rock alternativo hasta hoy d\u00eda.<\/p>\n","protected":false},"author":1,"featured_media":5503,"comment_status":"open","ping_status":"open","sticky":false,"template":"","format":"standard","meta":{"footnotes":""},"categories":[180,128,1359],"tags":[301,472,655,1617],"class_list":["post-5502","post","type-post","status-publish","format-standard","has-post-thumbnail","hentry","category-news","category-rock-clasico","category-videos","tag-aniversario","tag-cumpleanos","tag-lou-reed","tag-walk-on-the-wildside"],"yoast_head":"<!-- This site is optimized with the Yoast SEO plugin v27.5 - https:\/\/yoast.com\/product\/yoast-seo-wordpress\/ -->\n<title>Lou Reed - A Walk On The Wild Side (Live at Farm Aid 1985) - Radio UNO Digital<\/title>\n<meta name=\"description\" content=\"Un d\u00eda como hoy hace 79 a\u00f1os nac\u00eda en Brooklyn, New York Lou Reed, l\u00edder de The Velvet Underground que no tuvo \u00e9xito durante su existencia.\" \/>\n<meta name=\"robots\" content=\"index, follow, max-snippet:-1, max-image-preview:large, max-video-preview:-1\" \/>\n<link rel=\"canonical\" href=\"https:\/\/radiounodigital.com\/web\/2021\/03\/02\/lou-reed-a-walk-on-the-wild-side-live-at-farm-aid-1985\/\" \/>\n<meta property=\"og:locale\" content=\"es_ES\" \/>\n<meta property=\"og:type\" content=\"article\" \/>\n<meta property=\"og:title\" content=\"Lou Reed - A Walk On The Wild Side (Live at Farm Aid 1985) - Radio UNO Digital\" \/>\n<meta property=\"og:description\" content=\"Un d\u00eda como hoy hace 79 a\u00f1os nac\u00eda en Brooklyn, New York Lou Reed, l\u00edder de The Velvet Underground que no tuvo \u00e9xito durante su existencia.\" \/>\n<meta property=\"og:url\" content=\"https:\/\/radiounodigital.com\/web\/2021\/03\/02\/lou-reed-a-walk-on-the-wild-side-live-at-farm-aid-1985\/\" \/>\n<meta property=\"og:site_name\" content=\"Radio UNO Digital\" \/>\n<meta property=\"article:published_time\" content=\"2021-03-02T12:27:43+00:00\" \/>\n<meta property=\"og:image\" content=\"https:\/\/radiounodigital.com\/web\/wp-content\/uploads\/2021\/03\/Lou-Reed-e1614688039958.jpg\" \/>\n\t<meta property=\"og:image:width\" content=\"650\" \/>\n\t<meta property=\"og:image:height\" content=\"366\" \/>\n\t<meta property=\"og:image:type\" content=\"image\/jpeg\" \/>\n<meta name=\"author\" content=\"diegoc\" \/>\n<meta name=\"twitter:card\" content=\"summary_large_image\" \/>\n<meta name=\"twitter:label1\" content=\"Escrito por\" \/>\n\t<meta name=\"twitter:data1\" content=\"diegoc\" \/>\n\t<meta name=\"twitter:label2\" content=\"Tiempo de lectura\" \/>\n\t<meta name=\"twitter:data2\" content=\"1 minuto\" \/>\n<script type=\"application\/ld+json\" class=\"yoast-schema-graph\">{\"@context\":\"https:\\\/\\\/schema.org\",\"@graph\":[{\"@type\":\"Article\",\"@id\":\"https:\\\/\\\/radiounodigital.com\\\/web\\\/2021\\\/03\\\/02\\\/lou-reed-a-walk-on-the-wild-side-live-at-farm-aid-1985\\\/#article\",\"isPartOf\":{\"@id\":\"https:\\\/\\\/radiounodigital.com\\\/web\\\/2021\\\/03\\\/02\\\/lou-reed-a-walk-on-the-wild-side-live-at-farm-aid-1985\\\/\"},\"author\":{\"name\":\"diegoc\",\"@id\":\"https:\\\/\\\/radiounodigital.com\\\/web\\\/#\\\/schema\\\/person\\\/00b93151fa54f619ecf9c183d1fc9758\"},\"headline\":\"Lou Reed &#8211; A Walk On The Wild Side (Live at Farm Aid 1985)\",\"datePublished\":\"2021-03-02T12:27:43+00:00\",\"mainEntityOfPage\":{\"@id\":\"https:\\\/\\\/radiounodigital.com\\\/web\\\/2021\\\/03\\\/02\\\/lou-reed-a-walk-on-the-wild-side-live-at-farm-aid-1985\\\/\"},\"wordCount\":73,\"commentCount\":0,\"image\":{\"@id\":\"https:\\\/\\\/radiounodigital.com\\\/web\\\/2021\\\/03\\\/02\\\/lou-reed-a-walk-on-the-wild-side-live-at-farm-aid-1985\\\/#primaryimage\"},\"thumbnailUrl\":\"https:\\\/\\\/radiounodigital.com\\\/web\\\/wp-content\\\/uploads\\\/2021\\\/03\\\/Lou-Reed-e1614688039958.jpg\",\"keywords\":[\"aniversario\",\"cumplea\u00f1os\",\"lou reed\",\"walk on the wildside\"],\"articleSection\":[\"news\",\"Rock Clasico\",\"videos\"],\"inLanguage\":\"es\",\"potentialAction\":[{\"@type\":\"CommentAction\",\"name\":\"Comment\",\"target\":[\"https:\\\/\\\/radiounodigital.com\\\/web\\\/2021\\\/03\\\/02\\\/lou-reed-a-walk-on-the-wild-side-live-at-farm-aid-1985\\\/#respond\"]}]},{\"@type\":\"WebPage\",\"@id\":\"https:\\\/\\\/radiounodigital.com\\\/web\\\/2021\\\/03\\\/02\\\/lou-reed-a-walk-on-the-wild-side-live-at-farm-aid-1985\\\/\",\"url\":\"https:\\\/\\\/radiounodigital.com\\\/web\\\/2021\\\/03\\\/02\\\/lou-reed-a-walk-on-the-wild-side-live-at-farm-aid-1985\\\/\",\"name\":\"Lou Reed - A Walk On The Wild Side (Live at Farm Aid 1985) - Radio UNO Digital\",\"isPartOf\":{\"@id\":\"https:\\\/\\\/radiounodigital.com\\\/web\\\/#website\"},\"primaryImageOfPage\":{\"@id\":\"https:\\\/\\\/radiounodigital.com\\\/web\\\/2021\\\/03\\\/02\\\/lou-reed-a-walk-on-the-wild-side-live-at-farm-aid-1985\\\/#primaryimage\"},\"image\":{\"@id\":\"https:\\\/\\\/radiounodigital.com\\\/web\\\/2021\\\/03\\\/02\\\/lou-reed-a-walk-on-the-wild-side-live-at-farm-aid-1985\\\/#primaryimage\"},\"thumbnailUrl\":\"https:\\\/\\\/radiounodigital.com\\\/web\\\/wp-content\\\/uploads\\\/2021\\\/03\\\/Lou-Reed-e1614688039958.jpg\",\"datePublished\":\"2021-03-02T12:27:43+00:00\",\"author\":{\"@id\":\"https:\\\/\\\/radiounodigital.com\\\/web\\\/#\\\/schema\\\/person\\\/00b93151fa54f619ecf9c183d1fc9758\"},\"description\":\"Un d\u00eda como hoy hace 79 a\u00f1os nac\u00eda en Brooklyn, New York Lou Reed, l\u00edder de The Velvet Underground que no tuvo \u00e9xito durante su existencia.\",\"breadcrumb\":{\"@id\":\"https:\\\/\\\/radiounodigital.com\\\/web\\\/2021\\\/03\\\/02\\\/lou-reed-a-walk-on-the-wild-side-live-at-farm-aid-1985\\\/#breadcrumb\"},\"inLanguage\":\"es\",\"potentialAction\":[{\"@type\":\"ReadAction\",\"target\":[\"https:\\\/\\\/radiounodigital.com\\\/web\\\/2021\\\/03\\\/02\\\/lou-reed-a-walk-on-the-wild-side-live-at-farm-aid-1985\\\/\"]}]},{\"@type\":\"ImageObject\",\"inLanguage\":\"es\",\"@id\":\"https:\\\/\\\/radiounodigital.com\\\/web\\\/2021\\\/03\\\/02\\\/lou-reed-a-walk-on-the-wild-side-live-at-farm-aid-1985\\\/#primaryimage\",\"url\":\"https:\\\/\\\/radiounodigital.com\\\/web\\\/wp-content\\\/uploads\\\/2021\\\/03\\\/Lou-Reed-e1614688039958.jpg\",\"contentUrl\":\"https:\\\/\\\/radiounodigital.com\\\/web\\\/wp-content\\\/uploads\\\/2021\\\/03\\\/Lou-Reed-e1614688039958.jpg\",\"width\":650,\"height\":366},{\"@type\":\"BreadcrumbList\",\"@id\":\"https:\\\/\\\/radiounodigital.com\\\/web\\\/2021\\\/03\\\/02\\\/lou-reed-a-walk-on-the-wild-side-live-at-farm-aid-1985\\\/#breadcrumb\",\"itemListElement\":[{\"@type\":\"ListItem\",\"position\":1,\"name\":\"Home\",\"item\":\"https:\\\/\\\/radiounodigital.com\\\/web\\\/\"},{\"@type\":\"ListItem\",\"position\":2,\"name\":\"Lou Reed &#8211; A Walk On The Wild Side (Live at Farm Aid 1985)\"}]},{\"@type\":\"WebSite\",\"@id\":\"https:\\\/\\\/radiounodigital.com\\\/web\\\/#website\",\"url\":\"https:\\\/\\\/radiounodigital.com\\\/web\\\/\",\"name\":\"Radio UNO Digital\",\"description\":\"Donde la cultura del rock se siente\",\"potentialAction\":[{\"@type\":\"SearchAction\",\"target\":{\"@type\":\"EntryPoint\",\"urlTemplate\":\"https:\\\/\\\/radiounodigital.com\\\/web\\\/?s={search_term_string}\"},\"query-input\":{\"@type\":\"PropertyValueSpecification\",\"valueRequired\":true,\"valueName\":\"search_term_string\"}}],\"inLanguage\":\"es\"},{\"@type\":\"Person\",\"@id\":\"https:\\\/\\\/radiounodigital.com\\\/web\\\/#\\\/schema\\\/person\\\/00b93151fa54f619ecf9c183d1fc9758\",\"name\":\"diegoc\",\"image\":{\"@type\":\"ImageObject\",\"inLanguage\":\"es\",\"@id\":\"https:\\\/\\\/secure.gravatar.com\\\/avatar\\\/0a67041d44c702fb0660d81a5a32c7ce6007341cf92afeb718b75883bf415864?s=96&d=blank&r=g\",\"url\":\"https:\\\/\\\/secure.gravatar.com\\\/avatar\\\/0a67041d44c702fb0660d81a5a32c7ce6007341cf92afeb718b75883bf415864?s=96&d=blank&r=g\",\"contentUrl\":\"https:\\\/\\\/secure.gravatar.com\\\/avatar\\\/0a67041d44c702fb0660d81a5a32c7ce6007341cf92afeb718b75883bf415864?s=96&d=blank&r=g\",\"caption\":\"diegoc\"},\"url\":\"https:\\\/\\\/radiounodigital.com\\\/web\\\/author\\\/diegoc\\\/\"}]}<\/script>\n<!-- \/ Yoast SEO plugin. -->","yoast_head_json":{"title":"Lou Reed - A Walk On The Wild Side (Live at Farm Aid 1985) - Radio UNO Digital","description":"Un d\u00eda como hoy hace 79 a\u00f1os nac\u00eda en Brooklyn, New York Lou Reed, l\u00edder de The Velvet Underground que no tuvo \u00e9xito durante su existencia.","robots":{"index":"index","follow":"follow","max-snippet":"max-snippet:-1","max-image-preview":"max-image-preview:large","max-video-preview":"max-video-preview:-1"},"canonical":"https:\/\/radiounodigital.com\/web\/2021\/03\/02\/lou-reed-a-walk-on-the-wild-side-live-at-farm-aid-1985\/","og_locale":"es_ES","og_type":"article","og_title":"Lou Reed - A Walk On The Wild Side (Live at Farm Aid 1985) - Radio UNO Digital","og_description":"Un d\u00eda como hoy hace 79 a\u00f1os nac\u00eda en Brooklyn, New York Lou Reed, l\u00edder de The Velvet Underground que no tuvo \u00e9xito durante su existencia.","og_url":"https:\/\/radiounodigital.com\/web\/2021\/03\/02\/lou-reed-a-walk-on-the-wild-side-live-at-farm-aid-1985\/","og_site_name":"Radio UNO Digital","article_published_time":"2021-03-02T12:27:43+00:00","og_image":[{"width":650,"height":366,"url":"https:\/\/radiounodigital.com\/web\/wp-content\/uploads\/2021\/03\/Lou-Reed-e1614688039958.jpg","type":"image\/jpeg"}],"author":"diegoc","twitter_card":"summary_large_image","twitter_misc":{"Escrito por":"diegoc","Tiempo de lectura":"1 minuto"},"schema":{"@context":"https:\/\/schema.org","@graph":[{"@type":"Article","@id":"https:\/\/radiounodigital.com\/web\/2021\/03\/02\/lou-reed-a-walk-on-the-wild-side-live-at-farm-aid-1985\/#article","isPartOf":{"@id":"https:\/\/radiounodigital.com\/web\/2021\/03\/02\/lou-reed-a-walk-on-the-wild-side-live-at-farm-aid-1985\/"},"author":{"name":"diegoc","@id":"https:\/\/radiounodigital.com\/web\/#\/schema\/person\/00b93151fa54f619ecf9c183d1fc9758"},"headline":"Lou Reed &#8211; A Walk On The Wild Side (Live at Farm Aid 1985)","datePublished":"2021-03-02T12:27:43+00:00","mainEntityOfPage":{"@id":"https:\/\/radiounodigital.com\/web\/2021\/03\/02\/lou-reed-a-walk-on-the-wild-side-live-at-farm-aid-1985\/"},"wordCount":73,"commentCount":0,"image":{"@id":"https:\/\/radiounodigital.com\/web\/2021\/03\/02\/lou-reed-a-walk-on-the-wild-side-live-at-farm-aid-1985\/#primaryimage"},"thumbnailUrl":"https:\/\/radiounodigital.com\/web\/wp-content\/uploads\/2021\/03\/Lou-Reed-e1614688039958.jpg","keywords":["aniversario","cumplea\u00f1os","lou reed","walk on the wildside"],"articleSection":["news","Rock Clasico","videos"],"inLanguage":"es","potentialAction":[{"@type":"CommentAction","name":"Comment","target":["https:\/\/radiounodigital.com\/web\/2021\/03\/02\/lou-reed-a-walk-on-the-wild-side-live-at-farm-aid-1985\/#respond"]}]},{"@type":"WebPage","@id":"https:\/\/radiounodigital.com\/web\/2021\/03\/02\/lou-reed-a-walk-on-the-wild-side-live-at-farm-aid-1985\/","url":"https:\/\/radiounodigital.com\/web\/2021\/03\/02\/lou-reed-a-walk-on-the-wild-side-live-at-farm-aid-1985\/","name":"Lou Reed - A Walk On The Wild Side (Live at Farm Aid 1985) - Radio UNO Digital","isPartOf":{"@id":"https:\/\/radiounodigital.com\/web\/#website"},"primaryImageOfPage":{"@id":"https:\/\/radiounodigital.com\/web\/2021\/03\/02\/lou-reed-a-walk-on-the-wild-side-live-at-farm-aid-1985\/#primaryimage"},"image":{"@id":"https:\/\/radiounodigital.com\/web\/2021\/03\/02\/lou-reed-a-walk-on-the-wild-side-live-at-farm-aid-1985\/#primaryimage"},"thumbnailUrl":"https:\/\/radiounodigital.com\/web\/wp-content\/uploads\/2021\/03\/Lou-Reed-e1614688039958.jpg","datePublished":"2021-03-02T12:27:43+00:00","author":{"@id":"https:\/\/radiounodigital.com\/web\/#\/schema\/person\/00b93151fa54f619ecf9c183d1fc9758"},"description":"Un d\u00eda como hoy hace 79 a\u00f1os nac\u00eda en Brooklyn, New York Lou Reed, l\u00edder de The Velvet Underground que no tuvo \u00e9xito durante su existencia.","breadcrumb":{"@id":"https:\/\/radiounodigital.com\/web\/2021\/03\/02\/lou-reed-a-walk-on-the-wild-side-live-at-farm-aid-1985\/#breadcrumb"},"inLanguage":"es","potentialAction":[{"@type":"ReadAction","target":["https:\/\/radiounodigital.com\/web\/2021\/03\/02\/lou-reed-a-walk-on-the-wild-side-live-at-farm-aid-1985\/"]}]},{"@type":"ImageObject","inLanguage":"es","@id":"https:\/\/radiounodigital.com\/web\/2021\/03\/02\/lou-reed-a-walk-on-the-wild-side-live-at-farm-aid-1985\/#primaryimage","url":"https:\/\/radiounodigital.com\/web\/wp-content\/uploads\/2021\/03\/Lou-Reed-e1614688039958.jpg","contentUrl":"https:\/\/radiounodigital.com\/web\/wp-content\/uploads\/2021\/03\/Lou-Reed-e1614688039958.jpg","width":650,"height":366},{"@type":"BreadcrumbList","@id":"https:\/\/radiounodigital.com\/web\/2021\/03\/02\/lou-reed-a-walk-on-the-wild-side-live-at-farm-aid-1985\/#breadcrumb","itemListElement":[{"@type":"ListItem","position":1,"name":"Home","item":"https:\/\/radiounodigital.com\/web\/"},{"@type":"ListItem","position":2,"name":"Lou Reed &#8211; A Walk On The Wild Side (Live at Farm Aid 1985)"}]},{"@type":"WebSite","@id":"https:\/\/radiounodigital.com\/web\/#website","url":"https:\/\/radiounodigital.com\/web\/","name":"Radio UNO Digital","description":"Donde la cultura del rock se siente","potentialAction":[{"@type":"SearchAction","target":{"@type":"EntryPoint","urlTemplate":"https:\/\/radiounodigital.com\/web\/?s={search_term_string}"},"query-input":{"@type":"PropertyValueSpecification","valueRequired":true,"valueName":"search_term_string"}}],"inLanguage":"es"},{"@type":"Person","@id":"https:\/\/radiounodigital.com\/web\/#\/schema\/person\/00b93151fa54f619ecf9c183d1fc9758","name":"diegoc","image":{"@type":"ImageObject","inLanguage":"es","@id":"https:\/\/secure.gravatar.com\/avatar\/0a67041d44c702fb0660d81a5a32c7ce6007341cf92afeb718b75883bf415864?s=96&d=blank&r=g","url":"https:\/\/secure.gravatar.com\/avatar\/0a67041d44c702fb0660d81a5a32c7ce6007341cf92afeb718b75883bf415864?s=96&d=blank&r=g","contentUrl":"https:\/\/secure.gravatar.com\/avatar\/0a67041d44c702fb0660d81a5a32c7ce6007341cf92afeb718b75883bf415864?s=96&d=blank&r=g","caption":"diegoc"},"url":"https:\/\/radiounodigital.com\/web\/author\/diegoc\/"}]}},"_links":{"self":[{"href":"https:\/\/radiounodigital.com\/web\/wp-json\/wp\/v2\/posts\/5502","targetHints":{"allow":["GET"]}}],"collection":[{"href":"https:\/\/radiounodigital.com\/web\/wp-json\/wp\/v2\/posts"}],"about":[{"href":"https:\/\/radiounodigital.com\/web\/wp-json\/wp\/v2\/types\/post"}],"author":[{"embeddable":true,"href":"https:\/\/radiounodigital.com\/web\/wp-json\/wp\/v2\/users\/1"}],"replies":[{"embeddable":true,"href":"https:\/\/radiounodigital.com\/web\/wp-json\/wp\/v2\/comments?post=5502"}],"version-history":[{"count":1,"href":"https:\/\/radiounodigital.com\/web\/wp-json\/wp\/v2\/posts\/5502\/revisions"}],"predecessor-version":[{"id":5504,"href":"https:\/\/radiounodigital.com\/web\/wp-json\/wp\/v2\/posts\/5502\/revisions\/5504"}],"wp:featuredmedia":[{"embeddable":true,"href":"https:\/\/radiounodigital.com\/web\/wp-json\/wp\/v2\/media\/5503"}],"wp:attachment":[{"href":"https:\/\/radiounodigital.com\/web\/wp-json\/wp\/v2\/media?parent=5502"}],"wp:term":[{"taxonomy":"category","embeddable":true,"href":"https:\/\/radiounodigital.com\/web\/wp-json\/wp\/v2\/categories?post=5502"},{"taxonomy":"post_tag","embeddable":true,"href":"https:\/\/radiounodigital.com\/web\/wp-json\/wp\/v2\/tags?post=5502"}],"curies":[{"name":"wp","href":"https:\/\/api.w.org\/{rel}","templated":true}]}}