{"id":5536,"date":"2021-03-07T08:49:58","date_gmt":"2021-03-07T11:49:58","guid":{"rendered":"https:\/\/radiounodigital.com\/web\/?p=5536"},"modified":"2021-03-07T14:02:15","modified_gmt":"2021-03-07T17:02:15","slug":"matthew-fisher-de-procol-harum-festeja-los-75","status":"publish","type":"post","link":"https:\/\/radiounodigital.com\/web\/2021\/03\/07\/matthew-fisher-de-procol-harum-festeja-los-75\/","title":{"rendered":"Matthew Fisher de Procol Harum festeja los 75"},"content":{"rendered":"<h3>En el d\u00eda de hoy Matthew Fisher de Procol Harum sopla 75 velitas y lo celebramos con algunas de sus obras.<\/h3>\n<p>Es mundialmente conocido por tocar el \u00f3rgano Hammond en el sencillo de 1967 \u00abA Whiter Shade of Pale\u00bb de Procol Harum, por el que posteriormente gan\u00f3 un cr\u00e9dito como compositor.<\/p>\n<p><iframe loading=\"lazy\" title=\"Procol Harum - A Whiter Shade of Pale, live in Denmark 2006\" width=\"960\" height=\"540\" src=\"https:\/\/www.youtube.com\/embed\/St6jyEFe5WM?feature=oembed\" frameborder=\"0\" allow=\"accelerometer; autoplay; clipboard-write; encrypted-media; gyroscope; picture-in-picture\" allowfullscreen><\/iframe><\/p>\n<p>Como solista alcanz\u00f3 el \u00e9xito en 1980 con \u00abCan\u00b4t you feel my love\u00bb, gran canci\u00f3n que nos encanta hasta el d\u00eda de hoy<\/p>\n<p><iframe loading=\"lazy\" title=\"TOPPOP: Matthew Fisher - Can&#039;t You Feel My Love\" width=\"960\" height=\"720\" src=\"https:\/\/www.youtube.com\/embed\/t6PifVIMBFI?feature=oembed\" frameborder=\"0\" allow=\"accelerometer; autoplay; clipboard-write; encrypted-media; gyroscope; picture-in-picture\" allowfullscreen><\/iframe><\/p>\n<p>&nbsp;<\/p>\n<p>&nbsp;<\/p>\n<div class=\"fb-background-color\">\n\t\t\t  <div \n\t\t\t  \tclass = \"fb-comments\" \n\t\t\t  \tdata-href = \"https:\/\/radiounodigital.com\/web\/2021\/03\/07\/matthew-fisher-de-procol-harum-festeja-los-75\/\"\n\t\t\t  \tdata-numposts = \"10\"\n\t\t\t  \tdata-lazy = \"true\"\n\t\t\t\tdata-colorscheme = \"dark\"\n\t\t\t\tdata-order-by = \"reverse_time\"\n\t\t\t\tdata-mobile=true>\n\t\t\t  <\/div><\/div>\n\t\t  <style>\n\t\t    .fb-background-color {\n\t\t\t\tbackground: #ffffff !important;\n\t\t\t}\n\t\t\t.fb_iframe_widget_fluid_desktop iframe {\n\t\t\t    width: 100% !important;\n\t\t\t}\n\t\t  <\/style>\n\t\t  ","protected":false},"excerpt":{"rendered":"<p>En el d\u00eda de hoy Matthew Fisher de Procol Harum sopla 75 velitas y lo celebramos con algunas de sus obras. Es mundialmente conocido por tocar el \u00f3rgano Hammond en el sencillo de 1967 \u00abA Whiter Shade of Pale\u00bb de Procol Harum, por el que posteriormente gan\u00f3 un cr\u00e9dito como compositor. Como solista alcanz\u00f3 el&#8230; <a href=\"https:\/\/radiounodigital.com\/web\/2021\/03\/07\/matthew-fisher-de-procol-harum-festeja-los-75\/\" class=\"excerpt-read-more\">Read More<\/a><\/p>\n","protected":false},"author":1,"featured_media":5537,"comment_status":"open","ping_status":"open","sticky":false,"template":"","format":"standard","meta":{"footnotes":""},"categories":[1547,180,1359],"tags":[933,1635,1634,245],"class_list":["post-5536","post","type-post","status-publish","format-standard","has-post-thumbnail","hentry","category-cumpleanos","category-news","category-videos","tag-a-whiter-shade-of-pale","tag-cant-you-feel-my-love","tag-matthew-fisher","tag-procol-harum"],"yoast_head":"<!-- This site is optimized with the Yoast SEO plugin v27.5 - https:\/\/yoast.com\/product\/yoast-seo-wordpress\/ -->\n<title>Matthew Fisher de Procol Harum festeja los 75 - Radio UNO Digital<\/title>\n<meta name=\"robots\" content=\"index, follow, max-snippet:-1, max-image-preview:large, max-video-preview:-1\" \/>\n<link rel=\"canonical\" href=\"https:\/\/radiounodigital.com\/web\/2021\/03\/07\/matthew-fisher-de-procol-harum-festeja-los-75\/\" \/>\n<meta property=\"og:locale\" content=\"es_ES\" \/>\n<meta property=\"og:type\" content=\"article\" \/>\n<meta property=\"og:title\" content=\"Matthew Fisher de Procol Harum festeja los 75 - Radio UNO Digital\" \/>\n<meta property=\"og:description\" content=\"En el d\u00eda de hoy Matthew Fisher de Procol Harum sopla 75 velitas y lo celebramos con algunas de sus obras. Es mundialmente conocido por tocar el \u00f3rgano Hammond en el sencillo de 1967 \u00abA Whiter Shade of Pale\u00bb de Procol Harum, por el que posteriormente gan\u00f3 un cr\u00e9dito como compositor. Como solista alcanz\u00f3 el... Read More\" \/>\n<meta property=\"og:url\" content=\"https:\/\/radiounodigital.com\/web\/2021\/03\/07\/matthew-fisher-de-procol-harum-festeja-los-75\/\" \/>\n<meta property=\"og:site_name\" content=\"Radio UNO Digital\" \/>\n<meta property=\"article:published_time\" content=\"2021-03-07T11:49:58+00:00\" \/>\n<meta property=\"article:modified_time\" content=\"2021-03-07T17:02:15+00:00\" \/>\n<meta property=\"og:image\" content=\"https:\/\/radiounodigital.com\/web\/wp-content\/uploads\/2021\/03\/matthew-fisher.jpg\" \/>\n\t<meta property=\"og:image:width\" content=\"650\" \/>\n\t<meta property=\"og:image:height\" content=\"366\" \/>\n\t<meta property=\"og:image:type\" content=\"image\/jpeg\" \/>\n<meta name=\"author\" content=\"diegoc\" \/>\n<meta name=\"twitter:card\" content=\"summary_large_image\" \/>\n<meta name=\"twitter:label1\" content=\"Escrito por\" \/>\n\t<meta name=\"twitter:data1\" content=\"diegoc\" \/>\n\t<meta name=\"twitter:label2\" content=\"Tiempo de lectura\" \/>\n\t<meta name=\"twitter:data2\" content=\"1 minuto\" \/>\n<script type=\"application\/ld+json\" class=\"yoast-schema-graph\">{\"@context\":\"https:\\\/\\\/schema.org\",\"@graph\":[{\"@type\":\"Article\",\"@id\":\"https:\\\/\\\/radiounodigital.com\\\/web\\\/2021\\\/03\\\/07\\\/matthew-fisher-de-procol-harum-festeja-los-75\\\/#article\",\"isPartOf\":{\"@id\":\"https:\\\/\\\/radiounodigital.com\\\/web\\\/2021\\\/03\\\/07\\\/matthew-fisher-de-procol-harum-festeja-los-75\\\/\"},\"author\":{\"name\":\"diegoc\",\"@id\":\"https:\\\/\\\/radiounodigital.com\\\/web\\\/#\\\/schema\\\/person\\\/00b93151fa54f619ecf9c183d1fc9758\"},\"headline\":\"Matthew Fisher de Procol Harum festeja los 75\",\"datePublished\":\"2021-03-07T11:49:58+00:00\",\"dateModified\":\"2021-03-07T17:02:15+00:00\",\"mainEntityOfPage\":{\"@id\":\"https:\\\/\\\/radiounodigital.com\\\/web\\\/2021\\\/03\\\/07\\\/matthew-fisher-de-procol-harum-festeja-los-75\\\/\"},\"wordCount\":102,\"commentCount\":0,\"image\":{\"@id\":\"https:\\\/\\\/radiounodigital.com\\\/web\\\/2021\\\/03\\\/07\\\/matthew-fisher-de-procol-harum-festeja-los-75\\\/#primaryimage\"},\"thumbnailUrl\":\"https:\\\/\\\/radiounodigital.com\\\/web\\\/wp-content\\\/uploads\\\/2021\\\/03\\\/matthew-fisher.jpg\",\"keywords\":[\"A Whiter Shade Of Pale\",\"can\u00b4t you feel my love\",\"matthew fisher\",\"procol harum\"],\"articleSection\":[\"cumplea\u00f1os\",\"news\",\"videos\"],\"inLanguage\":\"es\",\"potentialAction\":[{\"@type\":\"CommentAction\",\"name\":\"Comment\",\"target\":[\"https:\\\/\\\/radiounodigital.com\\\/web\\\/2021\\\/03\\\/07\\\/matthew-fisher-de-procol-harum-festeja-los-75\\\/#respond\"]}]},{\"@type\":\"WebPage\",\"@id\":\"https:\\\/\\\/radiounodigital.com\\\/web\\\/2021\\\/03\\\/07\\\/matthew-fisher-de-procol-harum-festeja-los-75\\\/\",\"url\":\"https:\\\/\\\/radiounodigital.com\\\/web\\\/2021\\\/03\\\/07\\\/matthew-fisher-de-procol-harum-festeja-los-75\\\/\",\"name\":\"Matthew Fisher de Procol Harum festeja los 75 - Radio UNO Digital\",\"isPartOf\":{\"@id\":\"https:\\\/\\\/radiounodigital.com\\\/web\\\/#website\"},\"primaryImageOfPage\":{\"@id\":\"https:\\\/\\\/radiounodigital.com\\\/web\\\/2021\\\/03\\\/07\\\/matthew-fisher-de-procol-harum-festeja-los-75\\\/#primaryimage\"},\"image\":{\"@id\":\"https:\\\/\\\/radiounodigital.com\\\/web\\\/2021\\\/03\\\/07\\\/matthew-fisher-de-procol-harum-festeja-los-75\\\/#primaryimage\"},\"thumbnailUrl\":\"https:\\\/\\\/radiounodigital.com\\\/web\\\/wp-content\\\/uploads\\\/2021\\\/03\\\/matthew-fisher.jpg\",\"datePublished\":\"2021-03-07T11:49:58+00:00\",\"dateModified\":\"2021-03-07T17:02:15+00:00\",\"author\":{\"@id\":\"https:\\\/\\\/radiounodigital.com\\\/web\\\/#\\\/schema\\\/person\\\/00b93151fa54f619ecf9c183d1fc9758\"},\"breadcrumb\":{\"@id\":\"https:\\\/\\\/radiounodigital.com\\\/web\\\/2021\\\/03\\\/07\\\/matthew-fisher-de-procol-harum-festeja-los-75\\\/#breadcrumb\"},\"inLanguage\":\"es\",\"potentialAction\":[{\"@type\":\"ReadAction\",\"target\":[\"https:\\\/\\\/radiounodigital.com\\\/web\\\/2021\\\/03\\\/07\\\/matthew-fisher-de-procol-harum-festeja-los-75\\\/\"]}]},{\"@type\":\"ImageObject\",\"inLanguage\":\"es\",\"@id\":\"https:\\\/\\\/radiounodigital.com\\\/web\\\/2021\\\/03\\\/07\\\/matthew-fisher-de-procol-harum-festeja-los-75\\\/#primaryimage\",\"url\":\"https:\\\/\\\/radiounodigital.com\\\/web\\\/wp-content\\\/uploads\\\/2021\\\/03\\\/matthew-fisher.jpg\",\"contentUrl\":\"https:\\\/\\\/radiounodigital.com\\\/web\\\/wp-content\\\/uploads\\\/2021\\\/03\\\/matthew-fisher.jpg\",\"width\":650,\"height\":366},{\"@type\":\"BreadcrumbList\",\"@id\":\"https:\\\/\\\/radiounodigital.com\\\/web\\\/2021\\\/03\\\/07\\\/matthew-fisher-de-procol-harum-festeja-los-75\\\/#breadcrumb\",\"itemListElement\":[{\"@type\":\"ListItem\",\"position\":1,\"name\":\"Home\",\"item\":\"https:\\\/\\\/radiounodigital.com\\\/web\\\/\"},{\"@type\":\"ListItem\",\"position\":2,\"name\":\"Matthew Fisher de Procol Harum festeja los 75\"}]},{\"@type\":\"WebSite\",\"@id\":\"https:\\\/\\\/radiounodigital.com\\\/web\\\/#website\",\"url\":\"https:\\\/\\\/radiounodigital.com\\\/web\\\/\",\"name\":\"Radio UNO Digital\",\"description\":\"Donde la cultura del rock se siente\",\"potentialAction\":[{\"@type\":\"SearchAction\",\"target\":{\"@type\":\"EntryPoint\",\"urlTemplate\":\"https:\\\/\\\/radiounodigital.com\\\/web\\\/?s={search_term_string}\"},\"query-input\":{\"@type\":\"PropertyValueSpecification\",\"valueRequired\":true,\"valueName\":\"search_term_string\"}}],\"inLanguage\":\"es\"},{\"@type\":\"Person\",\"@id\":\"https:\\\/\\\/radiounodigital.com\\\/web\\\/#\\\/schema\\\/person\\\/00b93151fa54f619ecf9c183d1fc9758\",\"name\":\"diegoc\",\"image\":{\"@type\":\"ImageObject\",\"inLanguage\":\"es\",\"@id\":\"https:\\\/\\\/secure.gravatar.com\\\/avatar\\\/0a67041d44c702fb0660d81a5a32c7ce6007341cf92afeb718b75883bf415864?s=96&d=blank&r=g\",\"url\":\"https:\\\/\\\/secure.gravatar.com\\\/avatar\\\/0a67041d44c702fb0660d81a5a32c7ce6007341cf92afeb718b75883bf415864?s=96&d=blank&r=g\",\"contentUrl\":\"https:\\\/\\\/secure.gravatar.com\\\/avatar\\\/0a67041d44c702fb0660d81a5a32c7ce6007341cf92afeb718b75883bf415864?s=96&d=blank&r=g\",\"caption\":\"diegoc\"},\"url\":\"https:\\\/\\\/radiounodigital.com\\\/web\\\/author\\\/diegoc\\\/\"}]}<\/script>\n<!-- \/ Yoast SEO plugin. -->","yoast_head_json":{"title":"Matthew Fisher de Procol Harum festeja los 75 - Radio UNO Digital","robots":{"index":"index","follow":"follow","max-snippet":"max-snippet:-1","max-image-preview":"max-image-preview:large","max-video-preview":"max-video-preview:-1"},"canonical":"https:\/\/radiounodigital.com\/web\/2021\/03\/07\/matthew-fisher-de-procol-harum-festeja-los-75\/","og_locale":"es_ES","og_type":"article","og_title":"Matthew Fisher de Procol Harum festeja los 75 - Radio UNO Digital","og_description":"En el d\u00eda de hoy Matthew Fisher de Procol Harum sopla 75 velitas y lo celebramos con algunas de sus obras. Es mundialmente conocido por tocar el \u00f3rgano Hammond en el sencillo de 1967 \u00abA Whiter Shade of Pale\u00bb de Procol Harum, por el que posteriormente gan\u00f3 un cr\u00e9dito como compositor. Como solista alcanz\u00f3 el... Read More","og_url":"https:\/\/radiounodigital.com\/web\/2021\/03\/07\/matthew-fisher-de-procol-harum-festeja-los-75\/","og_site_name":"Radio UNO Digital","article_published_time":"2021-03-07T11:49:58+00:00","article_modified_time":"2021-03-07T17:02:15+00:00","og_image":[{"width":650,"height":366,"url":"https:\/\/radiounodigital.com\/web\/wp-content\/uploads\/2021\/03\/matthew-fisher.jpg","type":"image\/jpeg"}],"author":"diegoc","twitter_card":"summary_large_image","twitter_misc":{"Escrito por":"diegoc","Tiempo de lectura":"1 minuto"},"schema":{"@context":"https:\/\/schema.org","@graph":[{"@type":"Article","@id":"https:\/\/radiounodigital.com\/web\/2021\/03\/07\/matthew-fisher-de-procol-harum-festeja-los-75\/#article","isPartOf":{"@id":"https:\/\/radiounodigital.com\/web\/2021\/03\/07\/matthew-fisher-de-procol-harum-festeja-los-75\/"},"author":{"name":"diegoc","@id":"https:\/\/radiounodigital.com\/web\/#\/schema\/person\/00b93151fa54f619ecf9c183d1fc9758"},"headline":"Matthew Fisher de Procol Harum festeja los 75","datePublished":"2021-03-07T11:49:58+00:00","dateModified":"2021-03-07T17:02:15+00:00","mainEntityOfPage":{"@id":"https:\/\/radiounodigital.com\/web\/2021\/03\/07\/matthew-fisher-de-procol-harum-festeja-los-75\/"},"wordCount":102,"commentCount":0,"image":{"@id":"https:\/\/radiounodigital.com\/web\/2021\/03\/07\/matthew-fisher-de-procol-harum-festeja-los-75\/#primaryimage"},"thumbnailUrl":"https:\/\/radiounodigital.com\/web\/wp-content\/uploads\/2021\/03\/matthew-fisher.jpg","keywords":["A Whiter Shade Of Pale","can\u00b4t you feel my love","matthew fisher","procol harum"],"articleSection":["cumplea\u00f1os","news","videos"],"inLanguage":"es","potentialAction":[{"@type":"CommentAction","name":"Comment","target":["https:\/\/radiounodigital.com\/web\/2021\/03\/07\/matthew-fisher-de-procol-harum-festeja-los-75\/#respond"]}]},{"@type":"WebPage","@id":"https:\/\/radiounodigital.com\/web\/2021\/03\/07\/matthew-fisher-de-procol-harum-festeja-los-75\/","url":"https:\/\/radiounodigital.com\/web\/2021\/03\/07\/matthew-fisher-de-procol-harum-festeja-los-75\/","name":"Matthew Fisher de Procol Harum festeja los 75 - Radio UNO Digital","isPartOf":{"@id":"https:\/\/radiounodigital.com\/web\/#website"},"primaryImageOfPage":{"@id":"https:\/\/radiounodigital.com\/web\/2021\/03\/07\/matthew-fisher-de-procol-harum-festeja-los-75\/#primaryimage"},"image":{"@id":"https:\/\/radiounodigital.com\/web\/2021\/03\/07\/matthew-fisher-de-procol-harum-festeja-los-75\/#primaryimage"},"thumbnailUrl":"https:\/\/radiounodigital.com\/web\/wp-content\/uploads\/2021\/03\/matthew-fisher.jpg","datePublished":"2021-03-07T11:49:58+00:00","dateModified":"2021-03-07T17:02:15+00:00","author":{"@id":"https:\/\/radiounodigital.com\/web\/#\/schema\/person\/00b93151fa54f619ecf9c183d1fc9758"},"breadcrumb":{"@id":"https:\/\/radiounodigital.com\/web\/2021\/03\/07\/matthew-fisher-de-procol-harum-festeja-los-75\/#breadcrumb"},"inLanguage":"es","potentialAction":[{"@type":"ReadAction","target":["https:\/\/radiounodigital.com\/web\/2021\/03\/07\/matthew-fisher-de-procol-harum-festeja-los-75\/"]}]},{"@type":"ImageObject","inLanguage":"es","@id":"https:\/\/radiounodigital.com\/web\/2021\/03\/07\/matthew-fisher-de-procol-harum-festeja-los-75\/#primaryimage","url":"https:\/\/radiounodigital.com\/web\/wp-content\/uploads\/2021\/03\/matthew-fisher.jpg","contentUrl":"https:\/\/radiounodigital.com\/web\/wp-content\/uploads\/2021\/03\/matthew-fisher.jpg","width":650,"height":366},{"@type":"BreadcrumbList","@id":"https:\/\/radiounodigital.com\/web\/2021\/03\/07\/matthew-fisher-de-procol-harum-festeja-los-75\/#breadcrumb","itemListElement":[{"@type":"ListItem","position":1,"name":"Home","item":"https:\/\/radiounodigital.com\/web\/"},{"@type":"ListItem","position":2,"name":"Matthew Fisher de Procol Harum festeja los 75"}]},{"@type":"WebSite","@id":"https:\/\/radiounodigital.com\/web\/#website","url":"https:\/\/radiounodigital.com\/web\/","name":"Radio UNO Digital","description":"Donde la cultura del rock se siente","potentialAction":[{"@type":"SearchAction","target":{"@type":"EntryPoint","urlTemplate":"https:\/\/radiounodigital.com\/web\/?s={search_term_string}"},"query-input":{"@type":"PropertyValueSpecification","valueRequired":true,"valueName":"search_term_string"}}],"inLanguage":"es"},{"@type":"Person","@id":"https:\/\/radiounodigital.com\/web\/#\/schema\/person\/00b93151fa54f619ecf9c183d1fc9758","name":"diegoc","image":{"@type":"ImageObject","inLanguage":"es","@id":"https:\/\/secure.gravatar.com\/avatar\/0a67041d44c702fb0660d81a5a32c7ce6007341cf92afeb718b75883bf415864?s=96&d=blank&r=g","url":"https:\/\/secure.gravatar.com\/avatar\/0a67041d44c702fb0660d81a5a32c7ce6007341cf92afeb718b75883bf415864?s=96&d=blank&r=g","contentUrl":"https:\/\/secure.gravatar.com\/avatar\/0a67041d44c702fb0660d81a5a32c7ce6007341cf92afeb718b75883bf415864?s=96&d=blank&r=g","caption":"diegoc"},"url":"https:\/\/radiounodigital.com\/web\/author\/diegoc\/"}]}},"_links":{"self":[{"href":"https:\/\/radiounodigital.com\/web\/wp-json\/wp\/v2\/posts\/5536","targetHints":{"allow":["GET"]}}],"collection":[{"href":"https:\/\/radiounodigital.com\/web\/wp-json\/wp\/v2\/posts"}],"about":[{"href":"https:\/\/radiounodigital.com\/web\/wp-json\/wp\/v2\/types\/post"}],"author":[{"embeddable":true,"href":"https:\/\/radiounodigital.com\/web\/wp-json\/wp\/v2\/users\/1"}],"replies":[{"embeddable":true,"href":"https:\/\/radiounodigital.com\/web\/wp-json\/wp\/v2\/comments?post=5536"}],"version-history":[{"count":1,"href":"https:\/\/radiounodigital.com\/web\/wp-json\/wp\/v2\/posts\/5536\/revisions"}],"predecessor-version":[{"id":5538,"href":"https:\/\/radiounodigital.com\/web\/wp-json\/wp\/v2\/posts\/5536\/revisions\/5538"}],"wp:featuredmedia":[{"embeddable":true,"href":"https:\/\/radiounodigital.com\/web\/wp-json\/wp\/v2\/media\/5537"}],"wp:attachment":[{"href":"https:\/\/radiounodigital.com\/web\/wp-json\/wp\/v2\/media?parent=5536"}],"wp:term":[{"taxonomy":"category","embeddable":true,"href":"https:\/\/radiounodigital.com\/web\/wp-json\/wp\/v2\/categories?post=5536"},{"taxonomy":"post_tag","embeddable":true,"href":"https:\/\/radiounodigital.com\/web\/wp-json\/wp\/v2\/tags?post=5536"}],"curies":[{"name":"wp","href":"https:\/\/api.w.org\/{rel}","templated":true}]}}