{"id":5549,"date":"2021-03-09T08:52:04","date_gmt":"2021-03-09T11:52:04","guid":{"rendered":"https:\/\/radiounodigital.com\/web\/?p=5549"},"modified":"2021-03-09T09:58:28","modified_gmt":"2021-03-09T12:58:28","slug":"jerry-cantrell-de-alice-in-chains-lanzara-un-nuevo-album-en-solitario","status":"publish","type":"post","link":"https:\/\/radiounodigital.com\/web\/2021\/03\/09\/jerry-cantrell-de-alice-in-chains-lanzara-un-nuevo-album-en-solitario\/","title":{"rendered":"Jerry Cantrell de Alice In Chains lanzar\u00e1 un nuevo \u00e1lbum en solitario"},"content":{"rendered":"<h3>El guitarrista de Alice In Chains, Jerry Cantrell, ha terminado de grabar su primer \u00e1lbum en solitario despu\u00e9s de 20 a\u00f1os.<\/h3>\n<p>El guitarrista de Alice In Chains, Jerry Cantrell, ha terminado de trabajar en su nuevo \u00e1lbum en solitario, su primer lanzamiento de larga duraci\u00f3n desde Degradation Trip de 2002, y cuenta con Greg Puciato de The Dillinger Escape Plan.<\/p>\n<p>La finalizaci\u00f3n del \u00e1lbum fue anunciada por Cantrell en una publicaci\u00f3n de Instagram la semana pasada, cuando public\u00f3 una foto de \u00e9l mismo en el estudio con Greg Puciato, el productor Joe Barresi y el ingeniero Paul Fig. Cantrell escribi\u00f3: \u00abTermin\u00e9 mi disco esta noche a un a\u00f1o del d\u00eda desde que empezamos a grabarlo. Qu\u00e9 viaje tan loco &#8230; siempre lo es. Espero poder soltarlo pronto en los orificios de sus orejas \u00ab.<\/p>\n<p>Cantrell mencion\u00f3 este nuevo \u00e1lbum el a\u00f1o pasado en la ceremonia de Persona del A\u00f1o de MusicCares cuando habl\u00f3 con PeopleTV:<\/p>\n<p>\u201cCuando estoy con Alice In Chains, estoy con Alice In Chains, y eso toma la mayor parte de mi tiempo. Este a\u00f1o, nos tomaremos un\u00a0tiempo libre, as\u00ed que si te gust\u00f3 alguno de los trabajos en solitario que hice o el trabajo con Alice In Chains, estoy seguro de que tambi\u00e9n te gustar\u00e1 algo de esto \u00ab.<\/p>\n<p>Cantrell lanz\u00f3 su primer \u00e1lbum en solitario, Boggy Depot en 1998, y su seguimiento Degradation Trip cont\u00f3 con el futuro bajista de Metallica, Robert Trujillo, y el baterista de Faith No More, Mike Bordin.<\/p>\n<p>El t\u00edtulo y la fecha de lanzamiento del nuevo \u00e1lbum a\u00fan no se han confirmado.<\/p>\n<div class=\"fb-background-color\">\n\t\t\t  <div \n\t\t\t  \tclass = \"fb-comments\" \n\t\t\t  \tdata-href = \"https:\/\/radiounodigital.com\/web\/2021\/03\/09\/jerry-cantrell-de-alice-in-chains-lanzara-un-nuevo-album-en-solitario\/\"\n\t\t\t  \tdata-numposts = \"10\"\n\t\t\t  \tdata-lazy = \"true\"\n\t\t\t\tdata-colorscheme = \"dark\"\n\t\t\t\tdata-order-by = \"reverse_time\"\n\t\t\t\tdata-mobile=true>\n\t\t\t  <\/div><\/div>\n\t\t  <style>\n\t\t    .fb-background-color {\n\t\t\t\tbackground: #ffffff !important;\n\t\t\t}\n\t\t\t.fb_iframe_widget_fluid_desktop iframe {\n\t\t\t    width: 100% !important;\n\t\t\t}\n\t\t  <\/style>\n\t\t  ","protected":false},"excerpt":{"rendered":"<p>El guitarrista de Alice In Chains, Jerry Cantrell, ha terminado de grabar su primer \u00e1lbum en solitario despu\u00e9s de 20 a\u00f1os. El guitarrista de Alice In Chains, Jerry Cantrell, ha terminado de trabajar en su nuevo \u00e1lbum en solitario, su primer lanzamiento de larga duraci\u00f3n desde Degradation Trip de 2002, y cuenta con Greg Puciato&#8230; <a href=\"https:\/\/radiounodigital.com\/web\/2021\/03\/09\/jerry-cantrell-de-alice-in-chains-lanzara-un-nuevo-album-en-solitario\/\" class=\"excerpt-read-more\">Read More<\/a><\/p>\n","protected":false},"author":1,"featured_media":5550,"comment_status":"open","ping_status":"open","sticky":false,"template":"","format":"standard","meta":{"footnotes":""},"categories":[1097,180,127],"tags":[121,1648,1647,266],"class_list":["post-5549","post","type-post","status-publish","format-standard","has-post-thumbnail","hentry","category-lo-nuevo","category-news","category-rock","tag-album","tag-alice-in-chains","tag-jerry-cantrell","tag-solista"],"yoast_head":"<!-- This site is optimized with the Yoast SEO plugin v27.5 - https:\/\/yoast.com\/product\/yoast-seo-wordpress\/ -->\n<title>Jerry Cantrell de Alice In Chains lanzar\u00e1 un nuevo \u00e1lbum en solitario - Radio UNO Digital<\/title>\n<meta name=\"description\" content=\"El guitarrista de Alice In Chains, Jerry Cantrell, ha terminado de grabar su primer \u00e1lbum en solitario despu\u00e9s de 20 a\u00f1os.\" \/>\n<meta name=\"robots\" content=\"index, follow, max-snippet:-1, max-image-preview:large, max-video-preview:-1\" \/>\n<link rel=\"canonical\" href=\"https:\/\/radiounodigital.com\/web\/2021\/03\/09\/jerry-cantrell-de-alice-in-chains-lanzara-un-nuevo-album-en-solitario\/\" \/>\n<meta property=\"og:locale\" content=\"es_ES\" \/>\n<meta property=\"og:type\" content=\"article\" \/>\n<meta property=\"og:title\" content=\"Jerry Cantrell de Alice In Chains lanzar\u00e1 un nuevo \u00e1lbum en solitario - Radio UNO Digital\" \/>\n<meta property=\"og:description\" content=\"El guitarrista de Alice In Chains, Jerry Cantrell, ha terminado de grabar su primer \u00e1lbum en solitario despu\u00e9s de 20 a\u00f1os.\" \/>\n<meta property=\"og:url\" content=\"https:\/\/radiounodigital.com\/web\/2021\/03\/09\/jerry-cantrell-de-alice-in-chains-lanzara-un-nuevo-album-en-solitario\/\" \/>\n<meta property=\"og:site_name\" content=\"Radio UNO Digital\" \/>\n<meta property=\"article:published_time\" content=\"2021-03-09T11:52:04+00:00\" \/>\n<meta property=\"article:modified_time\" content=\"2021-03-09T12:58:28+00:00\" \/>\n<meta property=\"og:image\" content=\"https:\/\/radiounodigital.com\/web\/wp-content\/uploads\/2021\/03\/Jerry-Cantrell-e1615294687393.jpg\" \/>\n\t<meta property=\"og:image:width\" content=\"650\" \/>\n\t<meta property=\"og:image:height\" content=\"366\" \/>\n\t<meta property=\"og:image:type\" content=\"image\/jpeg\" \/>\n<meta name=\"author\" content=\"diegoc\" \/>\n<meta name=\"twitter:card\" content=\"summary_large_image\" \/>\n<meta name=\"twitter:label1\" content=\"Escrito por\" \/>\n\t<meta name=\"twitter:data1\" content=\"diegoc\" \/>\n\t<meta name=\"twitter:label2\" content=\"Tiempo de lectura\" \/>\n\t<meta name=\"twitter:data2\" content=\"2 minutos\" \/>\n<script type=\"application\/ld+json\" class=\"yoast-schema-graph\">{\"@context\":\"https:\\\/\\\/schema.org\",\"@graph\":[{\"@type\":\"Article\",\"@id\":\"https:\\\/\\\/radiounodigital.com\\\/web\\\/2021\\\/03\\\/09\\\/jerry-cantrell-de-alice-in-chains-lanzara-un-nuevo-album-en-solitario\\\/#article\",\"isPartOf\":{\"@id\":\"https:\\\/\\\/radiounodigital.com\\\/web\\\/2021\\\/03\\\/09\\\/jerry-cantrell-de-alice-in-chains-lanzara-un-nuevo-album-en-solitario\\\/\"},\"author\":{\"name\":\"diegoc\",\"@id\":\"https:\\\/\\\/radiounodigital.com\\\/web\\\/#\\\/schema\\\/person\\\/00b93151fa54f619ecf9c183d1fc9758\"},\"headline\":\"Jerry Cantrell de Alice In Chains lanzar\u00e1 un nuevo \u00e1lbum en solitario\",\"datePublished\":\"2021-03-09T11:52:04+00:00\",\"dateModified\":\"2021-03-09T12:58:28+00:00\",\"mainEntityOfPage\":{\"@id\":\"https:\\\/\\\/radiounodigital.com\\\/web\\\/2021\\\/03\\\/09\\\/jerry-cantrell-de-alice-in-chains-lanzara-un-nuevo-album-en-solitario\\\/\"},\"wordCount\":281,\"commentCount\":0,\"image\":{\"@id\":\"https:\\\/\\\/radiounodigital.com\\\/web\\\/2021\\\/03\\\/09\\\/jerry-cantrell-de-alice-in-chains-lanzara-un-nuevo-album-en-solitario\\\/#primaryimage\"},\"thumbnailUrl\":\"https:\\\/\\\/radiounodigital.com\\\/web\\\/wp-content\\\/uploads\\\/2021\\\/03\\\/Jerry-Cantrell-e1615294687393.jpg\",\"keywords\":[\"album\",\"alice in chains\",\"jerry cantrell\",\"solista\"],\"articleSection\":[\"lo nuevo\",\"news\",\"Rock\"],\"inLanguage\":\"es\",\"potentialAction\":[{\"@type\":\"CommentAction\",\"name\":\"Comment\",\"target\":[\"https:\\\/\\\/radiounodigital.com\\\/web\\\/2021\\\/03\\\/09\\\/jerry-cantrell-de-alice-in-chains-lanzara-un-nuevo-album-en-solitario\\\/#respond\"]}]},{\"@type\":\"WebPage\",\"@id\":\"https:\\\/\\\/radiounodigital.com\\\/web\\\/2021\\\/03\\\/09\\\/jerry-cantrell-de-alice-in-chains-lanzara-un-nuevo-album-en-solitario\\\/\",\"url\":\"https:\\\/\\\/radiounodigital.com\\\/web\\\/2021\\\/03\\\/09\\\/jerry-cantrell-de-alice-in-chains-lanzara-un-nuevo-album-en-solitario\\\/\",\"name\":\"Jerry Cantrell de Alice In Chains lanzar\u00e1 un nuevo \u00e1lbum en solitario - Radio UNO Digital\",\"isPartOf\":{\"@id\":\"https:\\\/\\\/radiounodigital.com\\\/web\\\/#website\"},\"primaryImageOfPage\":{\"@id\":\"https:\\\/\\\/radiounodigital.com\\\/web\\\/2021\\\/03\\\/09\\\/jerry-cantrell-de-alice-in-chains-lanzara-un-nuevo-album-en-solitario\\\/#primaryimage\"},\"image\":{\"@id\":\"https:\\\/\\\/radiounodigital.com\\\/web\\\/2021\\\/03\\\/09\\\/jerry-cantrell-de-alice-in-chains-lanzara-un-nuevo-album-en-solitario\\\/#primaryimage\"},\"thumbnailUrl\":\"https:\\\/\\\/radiounodigital.com\\\/web\\\/wp-content\\\/uploads\\\/2021\\\/03\\\/Jerry-Cantrell-e1615294687393.jpg\",\"datePublished\":\"2021-03-09T11:52:04+00:00\",\"dateModified\":\"2021-03-09T12:58:28+00:00\",\"author\":{\"@id\":\"https:\\\/\\\/radiounodigital.com\\\/web\\\/#\\\/schema\\\/person\\\/00b93151fa54f619ecf9c183d1fc9758\"},\"description\":\"El guitarrista de Alice In Chains, Jerry Cantrell, ha terminado de grabar su primer \u00e1lbum en solitario despu\u00e9s de 20 a\u00f1os.\",\"breadcrumb\":{\"@id\":\"https:\\\/\\\/radiounodigital.com\\\/web\\\/2021\\\/03\\\/09\\\/jerry-cantrell-de-alice-in-chains-lanzara-un-nuevo-album-en-solitario\\\/#breadcrumb\"},\"inLanguage\":\"es\",\"potentialAction\":[{\"@type\":\"ReadAction\",\"target\":[\"https:\\\/\\\/radiounodigital.com\\\/web\\\/2021\\\/03\\\/09\\\/jerry-cantrell-de-alice-in-chains-lanzara-un-nuevo-album-en-solitario\\\/\"]}]},{\"@type\":\"ImageObject\",\"inLanguage\":\"es\",\"@id\":\"https:\\\/\\\/radiounodigital.com\\\/web\\\/2021\\\/03\\\/09\\\/jerry-cantrell-de-alice-in-chains-lanzara-un-nuevo-album-en-solitario\\\/#primaryimage\",\"url\":\"https:\\\/\\\/radiounodigital.com\\\/web\\\/wp-content\\\/uploads\\\/2021\\\/03\\\/Jerry-Cantrell-e1615294687393.jpg\",\"contentUrl\":\"https:\\\/\\\/radiounodigital.com\\\/web\\\/wp-content\\\/uploads\\\/2021\\\/03\\\/Jerry-Cantrell-e1615294687393.jpg\",\"width\":650,\"height\":366},{\"@type\":\"BreadcrumbList\",\"@id\":\"https:\\\/\\\/radiounodigital.com\\\/web\\\/2021\\\/03\\\/09\\\/jerry-cantrell-de-alice-in-chains-lanzara-un-nuevo-album-en-solitario\\\/#breadcrumb\",\"itemListElement\":[{\"@type\":\"ListItem\",\"position\":1,\"name\":\"Home\",\"item\":\"https:\\\/\\\/radiounodigital.com\\\/web\\\/\"},{\"@type\":\"ListItem\",\"position\":2,\"name\":\"Jerry Cantrell de Alice In Chains lanzar\u00e1 un nuevo \u00e1lbum en solitario\"}]},{\"@type\":\"WebSite\",\"@id\":\"https:\\\/\\\/radiounodigital.com\\\/web\\\/#website\",\"url\":\"https:\\\/\\\/radiounodigital.com\\\/web\\\/\",\"name\":\"Radio UNO Digital\",\"description\":\"Donde la cultura del rock se siente\",\"potentialAction\":[{\"@type\":\"SearchAction\",\"target\":{\"@type\":\"EntryPoint\",\"urlTemplate\":\"https:\\\/\\\/radiounodigital.com\\\/web\\\/?s={search_term_string}\"},\"query-input\":{\"@type\":\"PropertyValueSpecification\",\"valueRequired\":true,\"valueName\":\"search_term_string\"}}],\"inLanguage\":\"es\"},{\"@type\":\"Person\",\"@id\":\"https:\\\/\\\/radiounodigital.com\\\/web\\\/#\\\/schema\\\/person\\\/00b93151fa54f619ecf9c183d1fc9758\",\"name\":\"diegoc\",\"image\":{\"@type\":\"ImageObject\",\"inLanguage\":\"es\",\"@id\":\"https:\\\/\\\/secure.gravatar.com\\\/avatar\\\/0a67041d44c702fb0660d81a5a32c7ce6007341cf92afeb718b75883bf415864?s=96&d=blank&r=g\",\"url\":\"https:\\\/\\\/secure.gravatar.com\\\/avatar\\\/0a67041d44c702fb0660d81a5a32c7ce6007341cf92afeb718b75883bf415864?s=96&d=blank&r=g\",\"contentUrl\":\"https:\\\/\\\/secure.gravatar.com\\\/avatar\\\/0a67041d44c702fb0660d81a5a32c7ce6007341cf92afeb718b75883bf415864?s=96&d=blank&r=g\",\"caption\":\"diegoc\"},\"url\":\"https:\\\/\\\/radiounodigital.com\\\/web\\\/author\\\/diegoc\\\/\"}]}<\/script>\n<!-- \/ Yoast SEO plugin. -->","yoast_head_json":{"title":"Jerry Cantrell de Alice In Chains lanzar\u00e1 un nuevo \u00e1lbum en solitario - Radio UNO Digital","description":"El guitarrista de Alice In Chains, Jerry Cantrell, ha terminado de grabar su primer \u00e1lbum en solitario despu\u00e9s de 20 a\u00f1os.","robots":{"index":"index","follow":"follow","max-snippet":"max-snippet:-1","max-image-preview":"max-image-preview:large","max-video-preview":"max-video-preview:-1"},"canonical":"https:\/\/radiounodigital.com\/web\/2021\/03\/09\/jerry-cantrell-de-alice-in-chains-lanzara-un-nuevo-album-en-solitario\/","og_locale":"es_ES","og_type":"article","og_title":"Jerry Cantrell de Alice In Chains lanzar\u00e1 un nuevo \u00e1lbum en solitario - Radio UNO Digital","og_description":"El guitarrista de Alice In Chains, Jerry Cantrell, ha terminado de grabar su primer \u00e1lbum en solitario despu\u00e9s de 20 a\u00f1os.","og_url":"https:\/\/radiounodigital.com\/web\/2021\/03\/09\/jerry-cantrell-de-alice-in-chains-lanzara-un-nuevo-album-en-solitario\/","og_site_name":"Radio UNO Digital","article_published_time":"2021-03-09T11:52:04+00:00","article_modified_time":"2021-03-09T12:58:28+00:00","og_image":[{"width":650,"height":366,"url":"https:\/\/radiounodigital.com\/web\/wp-content\/uploads\/2021\/03\/Jerry-Cantrell-e1615294687393.jpg","type":"image\/jpeg"}],"author":"diegoc","twitter_card":"summary_large_image","twitter_misc":{"Escrito por":"diegoc","Tiempo de lectura":"2 minutos"},"schema":{"@context":"https:\/\/schema.org","@graph":[{"@type":"Article","@id":"https:\/\/radiounodigital.com\/web\/2021\/03\/09\/jerry-cantrell-de-alice-in-chains-lanzara-un-nuevo-album-en-solitario\/#article","isPartOf":{"@id":"https:\/\/radiounodigital.com\/web\/2021\/03\/09\/jerry-cantrell-de-alice-in-chains-lanzara-un-nuevo-album-en-solitario\/"},"author":{"name":"diegoc","@id":"https:\/\/radiounodigital.com\/web\/#\/schema\/person\/00b93151fa54f619ecf9c183d1fc9758"},"headline":"Jerry Cantrell de Alice In Chains lanzar\u00e1 un nuevo \u00e1lbum en solitario","datePublished":"2021-03-09T11:52:04+00:00","dateModified":"2021-03-09T12:58:28+00:00","mainEntityOfPage":{"@id":"https:\/\/radiounodigital.com\/web\/2021\/03\/09\/jerry-cantrell-de-alice-in-chains-lanzara-un-nuevo-album-en-solitario\/"},"wordCount":281,"commentCount":0,"image":{"@id":"https:\/\/radiounodigital.com\/web\/2021\/03\/09\/jerry-cantrell-de-alice-in-chains-lanzara-un-nuevo-album-en-solitario\/#primaryimage"},"thumbnailUrl":"https:\/\/radiounodigital.com\/web\/wp-content\/uploads\/2021\/03\/Jerry-Cantrell-e1615294687393.jpg","keywords":["album","alice in chains","jerry cantrell","solista"],"articleSection":["lo nuevo","news","Rock"],"inLanguage":"es","potentialAction":[{"@type":"CommentAction","name":"Comment","target":["https:\/\/radiounodigital.com\/web\/2021\/03\/09\/jerry-cantrell-de-alice-in-chains-lanzara-un-nuevo-album-en-solitario\/#respond"]}]},{"@type":"WebPage","@id":"https:\/\/radiounodigital.com\/web\/2021\/03\/09\/jerry-cantrell-de-alice-in-chains-lanzara-un-nuevo-album-en-solitario\/","url":"https:\/\/radiounodigital.com\/web\/2021\/03\/09\/jerry-cantrell-de-alice-in-chains-lanzara-un-nuevo-album-en-solitario\/","name":"Jerry Cantrell de Alice In Chains lanzar\u00e1 un nuevo \u00e1lbum en solitario - Radio UNO Digital","isPartOf":{"@id":"https:\/\/radiounodigital.com\/web\/#website"},"primaryImageOfPage":{"@id":"https:\/\/radiounodigital.com\/web\/2021\/03\/09\/jerry-cantrell-de-alice-in-chains-lanzara-un-nuevo-album-en-solitario\/#primaryimage"},"image":{"@id":"https:\/\/radiounodigital.com\/web\/2021\/03\/09\/jerry-cantrell-de-alice-in-chains-lanzara-un-nuevo-album-en-solitario\/#primaryimage"},"thumbnailUrl":"https:\/\/radiounodigital.com\/web\/wp-content\/uploads\/2021\/03\/Jerry-Cantrell-e1615294687393.jpg","datePublished":"2021-03-09T11:52:04+00:00","dateModified":"2021-03-09T12:58:28+00:00","author":{"@id":"https:\/\/radiounodigital.com\/web\/#\/schema\/person\/00b93151fa54f619ecf9c183d1fc9758"},"description":"El guitarrista de Alice In Chains, Jerry Cantrell, ha terminado de grabar su primer \u00e1lbum en solitario despu\u00e9s de 20 a\u00f1os.","breadcrumb":{"@id":"https:\/\/radiounodigital.com\/web\/2021\/03\/09\/jerry-cantrell-de-alice-in-chains-lanzara-un-nuevo-album-en-solitario\/#breadcrumb"},"inLanguage":"es","potentialAction":[{"@type":"ReadAction","target":["https:\/\/radiounodigital.com\/web\/2021\/03\/09\/jerry-cantrell-de-alice-in-chains-lanzara-un-nuevo-album-en-solitario\/"]}]},{"@type":"ImageObject","inLanguage":"es","@id":"https:\/\/radiounodigital.com\/web\/2021\/03\/09\/jerry-cantrell-de-alice-in-chains-lanzara-un-nuevo-album-en-solitario\/#primaryimage","url":"https:\/\/radiounodigital.com\/web\/wp-content\/uploads\/2021\/03\/Jerry-Cantrell-e1615294687393.jpg","contentUrl":"https:\/\/radiounodigital.com\/web\/wp-content\/uploads\/2021\/03\/Jerry-Cantrell-e1615294687393.jpg","width":650,"height":366},{"@type":"BreadcrumbList","@id":"https:\/\/radiounodigital.com\/web\/2021\/03\/09\/jerry-cantrell-de-alice-in-chains-lanzara-un-nuevo-album-en-solitario\/#breadcrumb","itemListElement":[{"@type":"ListItem","position":1,"name":"Home","item":"https:\/\/radiounodigital.com\/web\/"},{"@type":"ListItem","position":2,"name":"Jerry Cantrell de Alice In Chains lanzar\u00e1 un nuevo \u00e1lbum en solitario"}]},{"@type":"WebSite","@id":"https:\/\/radiounodigital.com\/web\/#website","url":"https:\/\/radiounodigital.com\/web\/","name":"Radio UNO Digital","description":"Donde la cultura del rock se siente","potentialAction":[{"@type":"SearchAction","target":{"@type":"EntryPoint","urlTemplate":"https:\/\/radiounodigital.com\/web\/?s={search_term_string}"},"query-input":{"@type":"PropertyValueSpecification","valueRequired":true,"valueName":"search_term_string"}}],"inLanguage":"es"},{"@type":"Person","@id":"https:\/\/radiounodigital.com\/web\/#\/schema\/person\/00b93151fa54f619ecf9c183d1fc9758","name":"diegoc","image":{"@type":"ImageObject","inLanguage":"es","@id":"https:\/\/secure.gravatar.com\/avatar\/0a67041d44c702fb0660d81a5a32c7ce6007341cf92afeb718b75883bf415864?s=96&d=blank&r=g","url":"https:\/\/secure.gravatar.com\/avatar\/0a67041d44c702fb0660d81a5a32c7ce6007341cf92afeb718b75883bf415864?s=96&d=blank&r=g","contentUrl":"https:\/\/secure.gravatar.com\/avatar\/0a67041d44c702fb0660d81a5a32c7ce6007341cf92afeb718b75883bf415864?s=96&d=blank&r=g","caption":"diegoc"},"url":"https:\/\/radiounodigital.com\/web\/author\/diegoc\/"}]}},"_links":{"self":[{"href":"https:\/\/radiounodigital.com\/web\/wp-json\/wp\/v2\/posts\/5549","targetHints":{"allow":["GET"]}}],"collection":[{"href":"https:\/\/radiounodigital.com\/web\/wp-json\/wp\/v2\/posts"}],"about":[{"href":"https:\/\/radiounodigital.com\/web\/wp-json\/wp\/v2\/types\/post"}],"author":[{"embeddable":true,"href":"https:\/\/radiounodigital.com\/web\/wp-json\/wp\/v2\/users\/1"}],"replies":[{"embeddable":true,"href":"https:\/\/radiounodigital.com\/web\/wp-json\/wp\/v2\/comments?post=5549"}],"version-history":[{"count":1,"href":"https:\/\/radiounodigital.com\/web\/wp-json\/wp\/v2\/posts\/5549\/revisions"}],"predecessor-version":[{"id":5551,"href":"https:\/\/radiounodigital.com\/web\/wp-json\/wp\/v2\/posts\/5549\/revisions\/5551"}],"wp:featuredmedia":[{"embeddable":true,"href":"https:\/\/radiounodigital.com\/web\/wp-json\/wp\/v2\/media\/5550"}],"wp:attachment":[{"href":"https:\/\/radiounodigital.com\/web\/wp-json\/wp\/v2\/media?parent=5549"}],"wp:term":[{"taxonomy":"category","embeddable":true,"href":"https:\/\/radiounodigital.com\/web\/wp-json\/wp\/v2\/categories?post=5549"},{"taxonomy":"post_tag","embeddable":true,"href":"https:\/\/radiounodigital.com\/web\/wp-json\/wp\/v2\/tags?post=5549"}],"curies":[{"name":"wp","href":"https:\/\/api.w.org\/{rel}","templated":true}]}}