{"id":5689,"date":"2021-03-29T19:41:51","date_gmt":"2021-03-29T22:41:51","guid":{"rendered":"https:\/\/radiounodigital.com\/web\/?p=5689"},"modified":"2021-03-29T19:41:51","modified_gmt":"2021-03-29T22:41:51","slug":"el-album-en-vivo-de-steve-miller-breaking-ground-se-lanzara-en-mayo","status":"publish","type":"post","link":"https:\/\/radiounodigital.com\/web\/2021\/03\/29\/el-album-en-vivo-de-steve-miller-breaking-ground-se-lanzara-en-mayo\/","title":{"rendered":"El \u00e1lbum en vivo de Steve Miller, \u00abBreaking Ground\u00bb, se lanzar\u00e1 en mayo"},"content":{"rendered":"<h3>El nuevo r\u00e9cord captura la alineaci\u00f3n legendaria de Miller en 1977 al comienzo de su turno de jugar en salones de baile y teatros a arenas y estadios de f\u00fatbol.<\/h3>\n<p>Steve Miller ha investigado profundamente sus archivos y ha encontrado una grabaci\u00f3n de concierto de larga duraci\u00f3n in\u00e9dita, Steve Miller Band Live. El material fue grabado el 3 de agosto de 1977 y estar\u00e1 disponible para su venta el viernes 14 de mayo.<\/p>\n<p>El guitarrista, cantautor, l\u00edder de banda, es miembro del Sal\u00f3n de la Fama del Rock and Roll y miembro del Sal\u00f3n de la Fama de los Compositores.<\/p>\n<p>Habr\u00e1 una variedad de formatos disponibles, incluidos digital, CD y vinilo negro 2xLP. La pel\u00edcula del concierto en vivo que lo acompa\u00f1a con la actuaci\u00f3n completa estar\u00e1 disponible para su transmisi\u00f3n en The Coda Collection en Amazon Prime Video.<br \/>\nMiller dice: \u00abEste espect\u00e1culo de agosto de 1977 en el Cap Center en Landover, Maryland, captura a la banda justo en la cima despu\u00e9s de The Joker, y en medio de Fly Like an Eagle y Book of Dreams, una serie de \u00e9xitos &#8230; Nosotros decidi\u00f3 llamarlo Breaking Ground porque eso es exactamente lo que est\u00e1bamos haciendo \u00ab.<\/p>\n<p><iframe loading=\"lazy\" title=\"Steve Miller Band - Breaking Ground: Live August 3, 1977\" width=\"960\" height=\"540\" src=\"https:\/\/www.youtube.com\/embed\/dEvP6oOvDLs?feature=oembed\" frameborder=\"0\" allow=\"accelerometer; autoplay; clipboard-write; encrypted-media; gyroscope; picture-in-picture\" allowfullscreen><\/iframe><\/p>\n<p>Steve Miller Band Live! Breaking Ground: 3 de agosto de 1977, incluye notas originales del periodista musical David Fricke, quien dice: \u00abBreaking Ground captura a la Steve Miller Band en el escenario en uno de sus a\u00f1os m\u00e1s importantes, 1977. Se encontraban en una encrucijada perfecta de celo psicod\u00e9lico y progresivo , popcraft sin dejar de ser fiel al primer amor de Miller, el blues \u00ab.<\/p>\n<p>Steve Miller Band Live! Breaking Ground: el 3 de agosto de 1977 captura la alineaci\u00f3n legendaria de Miller en 1977 al comienzo del cambio de la banda de tocar en salones de baile y teatros a arenas y estadios de f\u00fatbol. Grabado en el Capital Center en Landover, MD en cinta multipista y reci\u00e9n mezclado y masterizado por Miller y su veterano ingeniero de audio Kent Hertz.<\/p>\n<p>El \u00e1lbum Greatest Hits 74-78 de Steve Miller Band est\u00e1 en el top 40 de los \u00e1lbumes m\u00e1s vendidos de todos los tiempos seg\u00fan la RIAA. Los lanzamientos recientes para SMB incluyen el juego de caja de vinilo de 180 gramos 9LP, Complete Albums Volume 2 (1977-2011), as\u00ed como el juego de caja de archivo de 3CD + DVD, Welcome To The Vault, ambos disponibles a trav\u00e9s de uDiscover.<\/p>\n<div class=\"fb-background-color\">\n\t\t\t  <div \n\t\t\t  \tclass = \"fb-comments\" \n\t\t\t  \tdata-href = \"https:\/\/radiounodigital.com\/web\/2021\/03\/29\/el-album-en-vivo-de-steve-miller-breaking-ground-se-lanzara-en-mayo\/\"\n\t\t\t  \tdata-numposts = \"10\"\n\t\t\t  \tdata-lazy = \"true\"\n\t\t\t\tdata-colorscheme = \"dark\"\n\t\t\t\tdata-order-by = \"reverse_time\"\n\t\t\t\tdata-mobile=true>\n\t\t\t  <\/div><\/div>\n\t\t  <style>\n\t\t    .fb-background-color {\n\t\t\t\tbackground: #ffffff !important;\n\t\t\t}\n\t\t\t.fb_iframe_widget_fluid_desktop iframe {\n\t\t\t    width: 100% !important;\n\t\t\t}\n\t\t  <\/style>\n\t\t  ","protected":false},"excerpt":{"rendered":"<p>El nuevo r\u00e9cord captura la alineaci\u00f3n legendaria de Miller en 1977 al comienzo de su turno de jugar en salones de baile y teatros a arenas y estadios de f\u00fatbol. Steve Miller ha investigado profundamente sus archivos y ha encontrado una grabaci\u00f3n de concierto de larga duraci\u00f3n in\u00e9dita, Steve Miller Band Live. El material fue&#8230; <a href=\"https:\/\/radiounodigital.com\/web\/2021\/03\/29\/el-album-en-vivo-de-steve-miller-breaking-ground-se-lanzara-en-mayo\/\" class=\"excerpt-read-more\">Read More<\/a><\/p>\n","protected":false},"author":1,"featured_media":5690,"comment_status":"closed","ping_status":"open","sticky":false,"template":"","format":"standard","meta":{"footnotes":""},"categories":[1098,180,128],"tags":[1700,77,1699],"class_list":["post-5689","post","type-post","status-publish","format-standard","has-post-thumbnail","hentry","category-estrenos","category-news","category-rock-clasico","tag-breaking-ground","tag-live","tag-steve-miller"],"yoast_head":"<!-- This site is optimized with the Yoast SEO plugin v27.5 - https:\/\/yoast.com\/product\/yoast-seo-wordpress\/ -->\n<title>El \u00e1lbum en vivo de Steve Miller, &quot;Breaking Ground&quot;, se lanzar\u00e1 en mayo - Radio UNO Digital<\/title>\n<meta name=\"description\" content=\"El nuevo r\u00e9cord captura la alineaci\u00f3n legendaria de Miller en 1977 al comienzo de su turno de jugar en salones de baile y teatros a arenas.\" \/>\n<meta name=\"robots\" content=\"index, follow, max-snippet:-1, max-image-preview:large, max-video-preview:-1\" \/>\n<link rel=\"canonical\" href=\"https:\/\/radiounodigital.com\/web\/2021\/03\/29\/el-album-en-vivo-de-steve-miller-breaking-ground-se-lanzara-en-mayo\/\" \/>\n<meta property=\"og:locale\" content=\"es_ES\" \/>\n<meta property=\"og:type\" content=\"article\" \/>\n<meta property=\"og:title\" content=\"El \u00e1lbum en vivo de Steve Miller, &quot;Breaking Ground&quot;, se lanzar\u00e1 en mayo - Radio UNO Digital\" \/>\n<meta property=\"og:description\" content=\"El nuevo r\u00e9cord captura la alineaci\u00f3n legendaria de Miller en 1977 al comienzo de su turno de jugar en salones de baile y teatros a arenas.\" \/>\n<meta property=\"og:url\" content=\"https:\/\/radiounodigital.com\/web\/2021\/03\/29\/el-album-en-vivo-de-steve-miller-breaking-ground-se-lanzara-en-mayo\/\" \/>\n<meta property=\"og:site_name\" content=\"Radio UNO Digital\" \/>\n<meta property=\"article:published_time\" content=\"2021-03-29T22:41:51+00:00\" \/>\n<meta property=\"og:image\" content=\"https:\/\/radiounodigital.com\/web\/wp-content\/uploads\/2021\/03\/Steve-Miller-Breaking-Ground.jpg\" \/>\n\t<meta property=\"og:image:width\" content=\"650\" \/>\n\t<meta property=\"og:image:height\" content=\"366\" \/>\n\t<meta property=\"og:image:type\" content=\"image\/jpeg\" \/>\n<meta name=\"author\" content=\"diegoc\" \/>\n<meta name=\"twitter:card\" content=\"summary_large_image\" \/>\n<meta name=\"twitter:label1\" content=\"Escrito por\" \/>\n\t<meta name=\"twitter:data1\" content=\"diegoc\" \/>\n\t<meta name=\"twitter:label2\" content=\"Tiempo de lectura\" \/>\n\t<meta name=\"twitter:data2\" content=\"2 minutos\" \/>\n<script type=\"application\/ld+json\" class=\"yoast-schema-graph\">{\"@context\":\"https:\\\/\\\/schema.org\",\"@graph\":[{\"@type\":\"Article\",\"@id\":\"https:\\\/\\\/radiounodigital.com\\\/web\\\/2021\\\/03\\\/29\\\/el-album-en-vivo-de-steve-miller-breaking-ground-se-lanzara-en-mayo\\\/#article\",\"isPartOf\":{\"@id\":\"https:\\\/\\\/radiounodigital.com\\\/web\\\/2021\\\/03\\\/29\\\/el-album-en-vivo-de-steve-miller-breaking-ground-se-lanzara-en-mayo\\\/\"},\"author\":{\"name\":\"diegoc\",\"@id\":\"https:\\\/\\\/radiounodigital.com\\\/web\\\/#\\\/schema\\\/person\\\/00b93151fa54f619ecf9c183d1fc9758\"},\"headline\":\"El \u00e1lbum en vivo de Steve Miller, \u00abBreaking Ground\u00bb, se lanzar\u00e1 en mayo\",\"datePublished\":\"2021-03-29T22:41:51+00:00\",\"mainEntityOfPage\":{\"@id\":\"https:\\\/\\\/radiounodigital.com\\\/web\\\/2021\\\/03\\\/29\\\/el-album-en-vivo-de-steve-miller-breaking-ground-se-lanzara-en-mayo\\\/\"},\"wordCount\":423,\"image\":{\"@id\":\"https:\\\/\\\/radiounodigital.com\\\/web\\\/2021\\\/03\\\/29\\\/el-album-en-vivo-de-steve-miller-breaking-ground-se-lanzara-en-mayo\\\/#primaryimage\"},\"thumbnailUrl\":\"https:\\\/\\\/radiounodigital.com\\\/web\\\/wp-content\\\/uploads\\\/2021\\\/03\\\/Steve-Miller-Breaking-Ground.jpg\",\"keywords\":[\"Breaking Ground\",\"live\",\"steve miller\"],\"articleSection\":[\"estrenos\",\"news\",\"Rock Clasico\"],\"inLanguage\":\"es\"},{\"@type\":\"WebPage\",\"@id\":\"https:\\\/\\\/radiounodigital.com\\\/web\\\/2021\\\/03\\\/29\\\/el-album-en-vivo-de-steve-miller-breaking-ground-se-lanzara-en-mayo\\\/\",\"url\":\"https:\\\/\\\/radiounodigital.com\\\/web\\\/2021\\\/03\\\/29\\\/el-album-en-vivo-de-steve-miller-breaking-ground-se-lanzara-en-mayo\\\/\",\"name\":\"El \u00e1lbum en vivo de Steve Miller, \\\"Breaking Ground\\\", se lanzar\u00e1 en mayo - Radio UNO Digital\",\"isPartOf\":{\"@id\":\"https:\\\/\\\/radiounodigital.com\\\/web\\\/#website\"},\"primaryImageOfPage\":{\"@id\":\"https:\\\/\\\/radiounodigital.com\\\/web\\\/2021\\\/03\\\/29\\\/el-album-en-vivo-de-steve-miller-breaking-ground-se-lanzara-en-mayo\\\/#primaryimage\"},\"image\":{\"@id\":\"https:\\\/\\\/radiounodigital.com\\\/web\\\/2021\\\/03\\\/29\\\/el-album-en-vivo-de-steve-miller-breaking-ground-se-lanzara-en-mayo\\\/#primaryimage\"},\"thumbnailUrl\":\"https:\\\/\\\/radiounodigital.com\\\/web\\\/wp-content\\\/uploads\\\/2021\\\/03\\\/Steve-Miller-Breaking-Ground.jpg\",\"datePublished\":\"2021-03-29T22:41:51+00:00\",\"author\":{\"@id\":\"https:\\\/\\\/radiounodigital.com\\\/web\\\/#\\\/schema\\\/person\\\/00b93151fa54f619ecf9c183d1fc9758\"},\"description\":\"El nuevo r\u00e9cord captura la alineaci\u00f3n legendaria de Miller en 1977 al comienzo de su turno de jugar en salones de baile y teatros a arenas.\",\"breadcrumb\":{\"@id\":\"https:\\\/\\\/radiounodigital.com\\\/web\\\/2021\\\/03\\\/29\\\/el-album-en-vivo-de-steve-miller-breaking-ground-se-lanzara-en-mayo\\\/#breadcrumb\"},\"inLanguage\":\"es\",\"potentialAction\":[{\"@type\":\"ReadAction\",\"target\":[\"https:\\\/\\\/radiounodigital.com\\\/web\\\/2021\\\/03\\\/29\\\/el-album-en-vivo-de-steve-miller-breaking-ground-se-lanzara-en-mayo\\\/\"]}]},{\"@type\":\"ImageObject\",\"inLanguage\":\"es\",\"@id\":\"https:\\\/\\\/radiounodigital.com\\\/web\\\/2021\\\/03\\\/29\\\/el-album-en-vivo-de-steve-miller-breaking-ground-se-lanzara-en-mayo\\\/#primaryimage\",\"url\":\"https:\\\/\\\/radiounodigital.com\\\/web\\\/wp-content\\\/uploads\\\/2021\\\/03\\\/Steve-Miller-Breaking-Ground.jpg\",\"contentUrl\":\"https:\\\/\\\/radiounodigital.com\\\/web\\\/wp-content\\\/uploads\\\/2021\\\/03\\\/Steve-Miller-Breaking-Ground.jpg\",\"width\":650,\"height\":366},{\"@type\":\"BreadcrumbList\",\"@id\":\"https:\\\/\\\/radiounodigital.com\\\/web\\\/2021\\\/03\\\/29\\\/el-album-en-vivo-de-steve-miller-breaking-ground-se-lanzara-en-mayo\\\/#breadcrumb\",\"itemListElement\":[{\"@type\":\"ListItem\",\"position\":1,\"name\":\"Home\",\"item\":\"https:\\\/\\\/radiounodigital.com\\\/web\\\/\"},{\"@type\":\"ListItem\",\"position\":2,\"name\":\"El \u00e1lbum en vivo de Steve Miller, \u00abBreaking Ground\u00bb, se lanzar\u00e1 en mayo\"}]},{\"@type\":\"WebSite\",\"@id\":\"https:\\\/\\\/radiounodigital.com\\\/web\\\/#website\",\"url\":\"https:\\\/\\\/radiounodigital.com\\\/web\\\/\",\"name\":\"Radio UNO Digital\",\"description\":\"Donde la cultura del rock se siente\",\"potentialAction\":[{\"@type\":\"SearchAction\",\"target\":{\"@type\":\"EntryPoint\",\"urlTemplate\":\"https:\\\/\\\/radiounodigital.com\\\/web\\\/?s={search_term_string}\"},\"query-input\":{\"@type\":\"PropertyValueSpecification\",\"valueRequired\":true,\"valueName\":\"search_term_string\"}}],\"inLanguage\":\"es\"},{\"@type\":\"Person\",\"@id\":\"https:\\\/\\\/radiounodigital.com\\\/web\\\/#\\\/schema\\\/person\\\/00b93151fa54f619ecf9c183d1fc9758\",\"name\":\"diegoc\",\"image\":{\"@type\":\"ImageObject\",\"inLanguage\":\"es\",\"@id\":\"https:\\\/\\\/secure.gravatar.com\\\/avatar\\\/0a67041d44c702fb0660d81a5a32c7ce6007341cf92afeb718b75883bf415864?s=96&d=blank&r=g\",\"url\":\"https:\\\/\\\/secure.gravatar.com\\\/avatar\\\/0a67041d44c702fb0660d81a5a32c7ce6007341cf92afeb718b75883bf415864?s=96&d=blank&r=g\",\"contentUrl\":\"https:\\\/\\\/secure.gravatar.com\\\/avatar\\\/0a67041d44c702fb0660d81a5a32c7ce6007341cf92afeb718b75883bf415864?s=96&d=blank&r=g\",\"caption\":\"diegoc\"},\"url\":\"https:\\\/\\\/radiounodigital.com\\\/web\\\/author\\\/diegoc\\\/\"}]}<\/script>\n<!-- \/ Yoast SEO plugin. -->","yoast_head_json":{"title":"El \u00e1lbum en vivo de Steve Miller, \"Breaking Ground\", se lanzar\u00e1 en mayo - Radio UNO Digital","description":"El nuevo r\u00e9cord captura la alineaci\u00f3n legendaria de Miller en 1977 al comienzo de su turno de jugar en salones de baile y teatros a arenas.","robots":{"index":"index","follow":"follow","max-snippet":"max-snippet:-1","max-image-preview":"max-image-preview:large","max-video-preview":"max-video-preview:-1"},"canonical":"https:\/\/radiounodigital.com\/web\/2021\/03\/29\/el-album-en-vivo-de-steve-miller-breaking-ground-se-lanzara-en-mayo\/","og_locale":"es_ES","og_type":"article","og_title":"El \u00e1lbum en vivo de Steve Miller, \"Breaking Ground\", se lanzar\u00e1 en mayo - Radio UNO Digital","og_description":"El nuevo r\u00e9cord captura la alineaci\u00f3n legendaria de Miller en 1977 al comienzo de su turno de jugar en salones de baile y teatros a arenas.","og_url":"https:\/\/radiounodigital.com\/web\/2021\/03\/29\/el-album-en-vivo-de-steve-miller-breaking-ground-se-lanzara-en-mayo\/","og_site_name":"Radio UNO Digital","article_published_time":"2021-03-29T22:41:51+00:00","og_image":[{"width":650,"height":366,"url":"https:\/\/radiounodigital.com\/web\/wp-content\/uploads\/2021\/03\/Steve-Miller-Breaking-Ground.jpg","type":"image\/jpeg"}],"author":"diegoc","twitter_card":"summary_large_image","twitter_misc":{"Escrito por":"diegoc","Tiempo de lectura":"2 minutos"},"schema":{"@context":"https:\/\/schema.org","@graph":[{"@type":"Article","@id":"https:\/\/radiounodigital.com\/web\/2021\/03\/29\/el-album-en-vivo-de-steve-miller-breaking-ground-se-lanzara-en-mayo\/#article","isPartOf":{"@id":"https:\/\/radiounodigital.com\/web\/2021\/03\/29\/el-album-en-vivo-de-steve-miller-breaking-ground-se-lanzara-en-mayo\/"},"author":{"name":"diegoc","@id":"https:\/\/radiounodigital.com\/web\/#\/schema\/person\/00b93151fa54f619ecf9c183d1fc9758"},"headline":"El \u00e1lbum en vivo de Steve Miller, \u00abBreaking Ground\u00bb, se lanzar\u00e1 en mayo","datePublished":"2021-03-29T22:41:51+00:00","mainEntityOfPage":{"@id":"https:\/\/radiounodigital.com\/web\/2021\/03\/29\/el-album-en-vivo-de-steve-miller-breaking-ground-se-lanzara-en-mayo\/"},"wordCount":423,"image":{"@id":"https:\/\/radiounodigital.com\/web\/2021\/03\/29\/el-album-en-vivo-de-steve-miller-breaking-ground-se-lanzara-en-mayo\/#primaryimage"},"thumbnailUrl":"https:\/\/radiounodigital.com\/web\/wp-content\/uploads\/2021\/03\/Steve-Miller-Breaking-Ground.jpg","keywords":["Breaking Ground","live","steve miller"],"articleSection":["estrenos","news","Rock Clasico"],"inLanguage":"es"},{"@type":"WebPage","@id":"https:\/\/radiounodigital.com\/web\/2021\/03\/29\/el-album-en-vivo-de-steve-miller-breaking-ground-se-lanzara-en-mayo\/","url":"https:\/\/radiounodigital.com\/web\/2021\/03\/29\/el-album-en-vivo-de-steve-miller-breaking-ground-se-lanzara-en-mayo\/","name":"El \u00e1lbum en vivo de Steve Miller, \"Breaking Ground\", se lanzar\u00e1 en mayo - Radio UNO Digital","isPartOf":{"@id":"https:\/\/radiounodigital.com\/web\/#website"},"primaryImageOfPage":{"@id":"https:\/\/radiounodigital.com\/web\/2021\/03\/29\/el-album-en-vivo-de-steve-miller-breaking-ground-se-lanzara-en-mayo\/#primaryimage"},"image":{"@id":"https:\/\/radiounodigital.com\/web\/2021\/03\/29\/el-album-en-vivo-de-steve-miller-breaking-ground-se-lanzara-en-mayo\/#primaryimage"},"thumbnailUrl":"https:\/\/radiounodigital.com\/web\/wp-content\/uploads\/2021\/03\/Steve-Miller-Breaking-Ground.jpg","datePublished":"2021-03-29T22:41:51+00:00","author":{"@id":"https:\/\/radiounodigital.com\/web\/#\/schema\/person\/00b93151fa54f619ecf9c183d1fc9758"},"description":"El nuevo r\u00e9cord captura la alineaci\u00f3n legendaria de Miller en 1977 al comienzo de su turno de jugar en salones de baile y teatros a arenas.","breadcrumb":{"@id":"https:\/\/radiounodigital.com\/web\/2021\/03\/29\/el-album-en-vivo-de-steve-miller-breaking-ground-se-lanzara-en-mayo\/#breadcrumb"},"inLanguage":"es","potentialAction":[{"@type":"ReadAction","target":["https:\/\/radiounodigital.com\/web\/2021\/03\/29\/el-album-en-vivo-de-steve-miller-breaking-ground-se-lanzara-en-mayo\/"]}]},{"@type":"ImageObject","inLanguage":"es","@id":"https:\/\/radiounodigital.com\/web\/2021\/03\/29\/el-album-en-vivo-de-steve-miller-breaking-ground-se-lanzara-en-mayo\/#primaryimage","url":"https:\/\/radiounodigital.com\/web\/wp-content\/uploads\/2021\/03\/Steve-Miller-Breaking-Ground.jpg","contentUrl":"https:\/\/radiounodigital.com\/web\/wp-content\/uploads\/2021\/03\/Steve-Miller-Breaking-Ground.jpg","width":650,"height":366},{"@type":"BreadcrumbList","@id":"https:\/\/radiounodigital.com\/web\/2021\/03\/29\/el-album-en-vivo-de-steve-miller-breaking-ground-se-lanzara-en-mayo\/#breadcrumb","itemListElement":[{"@type":"ListItem","position":1,"name":"Home","item":"https:\/\/radiounodigital.com\/web\/"},{"@type":"ListItem","position":2,"name":"El \u00e1lbum en vivo de Steve Miller, \u00abBreaking Ground\u00bb, se lanzar\u00e1 en mayo"}]},{"@type":"WebSite","@id":"https:\/\/radiounodigital.com\/web\/#website","url":"https:\/\/radiounodigital.com\/web\/","name":"Radio UNO Digital","description":"Donde la cultura del rock se siente","potentialAction":[{"@type":"SearchAction","target":{"@type":"EntryPoint","urlTemplate":"https:\/\/radiounodigital.com\/web\/?s={search_term_string}"},"query-input":{"@type":"PropertyValueSpecification","valueRequired":true,"valueName":"search_term_string"}}],"inLanguage":"es"},{"@type":"Person","@id":"https:\/\/radiounodigital.com\/web\/#\/schema\/person\/00b93151fa54f619ecf9c183d1fc9758","name":"diegoc","image":{"@type":"ImageObject","inLanguage":"es","@id":"https:\/\/secure.gravatar.com\/avatar\/0a67041d44c702fb0660d81a5a32c7ce6007341cf92afeb718b75883bf415864?s=96&d=blank&r=g","url":"https:\/\/secure.gravatar.com\/avatar\/0a67041d44c702fb0660d81a5a32c7ce6007341cf92afeb718b75883bf415864?s=96&d=blank&r=g","contentUrl":"https:\/\/secure.gravatar.com\/avatar\/0a67041d44c702fb0660d81a5a32c7ce6007341cf92afeb718b75883bf415864?s=96&d=blank&r=g","caption":"diegoc"},"url":"https:\/\/radiounodigital.com\/web\/author\/diegoc\/"}]}},"_links":{"self":[{"href":"https:\/\/radiounodigital.com\/web\/wp-json\/wp\/v2\/posts\/5689","targetHints":{"allow":["GET"]}}],"collection":[{"href":"https:\/\/radiounodigital.com\/web\/wp-json\/wp\/v2\/posts"}],"about":[{"href":"https:\/\/radiounodigital.com\/web\/wp-json\/wp\/v2\/types\/post"}],"author":[{"embeddable":true,"href":"https:\/\/radiounodigital.com\/web\/wp-json\/wp\/v2\/users\/1"}],"replies":[{"embeddable":true,"href":"https:\/\/radiounodigital.com\/web\/wp-json\/wp\/v2\/comments?post=5689"}],"version-history":[{"count":1,"href":"https:\/\/radiounodigital.com\/web\/wp-json\/wp\/v2\/posts\/5689\/revisions"}],"predecessor-version":[{"id":5691,"href":"https:\/\/radiounodigital.com\/web\/wp-json\/wp\/v2\/posts\/5689\/revisions\/5691"}],"wp:featuredmedia":[{"embeddable":true,"href":"https:\/\/radiounodigital.com\/web\/wp-json\/wp\/v2\/media\/5690"}],"wp:attachment":[{"href":"https:\/\/radiounodigital.com\/web\/wp-json\/wp\/v2\/media?parent=5689"}],"wp:term":[{"taxonomy":"category","embeddable":true,"href":"https:\/\/radiounodigital.com\/web\/wp-json\/wp\/v2\/categories?post=5689"},{"taxonomy":"post_tag","embeddable":true,"href":"https:\/\/radiounodigital.com\/web\/wp-json\/wp\/v2\/tags?post=5689"}],"curies":[{"name":"wp","href":"https:\/\/api.w.org\/{rel}","templated":true}]}}