{"id":5711,"date":"2021-04-02T10:58:20","date_gmt":"2021-04-02T13:58:20","guid":{"rendered":"https:\/\/radiounodigital.com\/web\/?p=5711"},"modified":"2021-04-02T10:58:20","modified_gmt":"2021-04-02T13:58:20","slug":"jethro-tull-lanza-un-nuevo-video-para-celebrar-los-anos-de-aqualung","status":"publish","type":"post","link":"https:\/\/radiounodigital.com\/web\/2021\/04\/02\/jethro-tull-lanza-un-nuevo-video-para-celebrar-los-anos-de-aqualung\/","title":{"rendered":"Jethro Tull lanza un nuevo video para celebrar los a\u00f1os de Aqualung"},"content":{"rendered":"<h3>Ian Anderson tambi\u00e9n aprovecha la oportunidad para revelar el t\u00edtulo del pr\u00f3ximo \u00e1lbum de Jethro Tull, The Zealot Gene.<\/h3>\n<p>Ahora la banda ha lanzado un nuevo video animado para celebrar el aniversario del \u00e1lbum. El nuevo video animado del rotoscopio, dirigido por Sam Chegini, presenta muchas im\u00e1genes de las letras de las canciones, as\u00ed como la actuaci\u00f3n de Ian Anderson hoy y una representaci\u00f3n igualmente gr\u00e1fica de la falta de vivienda.<\/p>\n<p>\u00abPor sugerencia de mi amigo, Jakko Jaksyzk de King Crimson, me comuniqu\u00e9 con un joven vide\u00f3grafo \/ director iran\u00ed, Sam Chegini\u00bb, dijo Anderson a Rolling Stone. \u201cHizo una interpretaci\u00f3n \u00fanica de la canci\u00f3n de Aqualung con metraje abstracto y de tipo documental. Un joven talentoso con un futuro brillante en las artes musicales \u00ab.<\/p>\n<p>Al mismo tiempo, Anderson ha revelado que el pr\u00f3ximo \u00e1lbum de Jethro Tull, que a\u00fan est\u00e1 terminando, se titular\u00e1 The Zealot Gene, el primer \u00e1lbum nuevo de la banda desde The Jethro Tull Christmas Album de 2003. Anderson tambi\u00e9n lanzar\u00e1 Silent Singing, un libro l\u00edrico que abarca toda su carrera, en junio de este a\u00f1o, que incluir\u00e1 sus letras del \u00e1lbum This Was de 1968 hasta el pr\u00f3ximo The Zealot Gene.<\/p>\n<p><iframe loading=\"lazy\" title=\"Jethro Tull - Aqualung (Official Music Video)\" width=\"960\" height=\"540\" src=\"https:\/\/www.youtube.com\/embed\/N4zPu3ISCGs?feature=oembed\" frameborder=\"0\" allow=\"accelerometer; autoplay; clipboard-write; encrypted-media; gyroscope; picture-in-picture\" allowfullscreen><\/iframe><\/p>\n<div class=\"fb-background-color\">\n\t\t\t  <div \n\t\t\t  \tclass = \"fb-comments\" \n\t\t\t  \tdata-href = \"https:\/\/radiounodigital.com\/web\/2021\/04\/02\/jethro-tull-lanza-un-nuevo-video-para-celebrar-los-anos-de-aqualung\/\"\n\t\t\t  \tdata-numposts = \"10\"\n\t\t\t  \tdata-lazy = \"true\"\n\t\t\t\tdata-colorscheme = \"dark\"\n\t\t\t\tdata-order-by = \"reverse_time\"\n\t\t\t\tdata-mobile=true>\n\t\t\t  <\/div><\/div>\n\t\t  <style>\n\t\t    .fb-background-color {\n\t\t\t\tbackground: #ffffff !important;\n\t\t\t}\n\t\t\t.fb_iframe_widget_fluid_desktop iframe {\n\t\t\t    width: 100% !important;\n\t\t\t}\n\t\t  <\/style>\n\t\t  ","protected":false},"excerpt":{"rendered":"<p>Ian Anderson tambi\u00e9n aprovecha la oportunidad para revelar el t\u00edtulo del pr\u00f3ximo \u00e1lbum de Jethro Tull, The Zealot Gene. Ahora la banda ha lanzado un nuevo video animado para celebrar el aniversario del \u00e1lbum. El nuevo video animado del rotoscopio, dirigido por Sam Chegini, presenta muchas im\u00e1genes de las letras de las canciones, as\u00ed como&#8230; <a href=\"https:\/\/radiounodigital.com\/web\/2021\/04\/02\/jethro-tull-lanza-un-nuevo-video-para-celebrar-los-anos-de-aqualung\/\" class=\"excerpt-read-more\">Read More<\/a><\/p>\n","protected":false},"author":1,"featured_media":5712,"comment_status":"closed","ping_status":"open","sticky":false,"template":"","format":"standard","meta":{"footnotes":""},"categories":[180,128,1359],"tags":[669,1709,1708,24],"class_list":["post-5711","post","type-post","status-publish","format-standard","has-post-thumbnail","hentry","category-news","category-rock-clasico","category-videos","tag-50-anos","tag-aqualung","tag-jethro-tull","tag-video"],"yoast_head":"<!-- This site is optimized with the Yoast SEO plugin v27.4 - https:\/\/yoast.com\/product\/yoast-seo-wordpress\/ -->\n<title>Jethro Tull lanza un nuevo video para celebrar los a\u00f1os de Aqualung<\/title>\n<meta name=\"description\" content=\"Ian Anderson tambi\u00e9n aprovecha la oportunidad para revelar el t\u00edtulo del pr\u00f3ximo \u00e1lbum de Jethro Tull, The Zealot Gene.\" \/>\n<meta name=\"robots\" content=\"index, follow, max-snippet:-1, max-image-preview:large, max-video-preview:-1\" \/>\n<link rel=\"canonical\" href=\"https:\/\/radiounodigital.com\/web\/2021\/04\/02\/jethro-tull-lanza-un-nuevo-video-para-celebrar-los-anos-de-aqualung\/\" \/>\n<meta property=\"og:locale\" content=\"es_ES\" \/>\n<meta property=\"og:type\" content=\"article\" \/>\n<meta property=\"og:title\" content=\"Jethro Tull lanza un nuevo video para celebrar los a\u00f1os de Aqualung\" \/>\n<meta property=\"og:description\" content=\"Ian Anderson tambi\u00e9n aprovecha la oportunidad para revelar el t\u00edtulo del pr\u00f3ximo \u00e1lbum de Jethro Tull, The Zealot Gene.\" \/>\n<meta property=\"og:url\" content=\"https:\/\/radiounodigital.com\/web\/2021\/04\/02\/jethro-tull-lanza-un-nuevo-video-para-celebrar-los-anos-de-aqualung\/\" \/>\n<meta property=\"og:site_name\" content=\"Radio UNO Digital\" \/>\n<meta property=\"article:published_time\" content=\"2021-04-02T13:58:20+00:00\" \/>\n<meta property=\"og:image\" content=\"https:\/\/radiounodigital.com\/web\/wp-content\/uploads\/2021\/04\/Jethro-Tull-Aqualung-Album-e1617371830765.png\" \/>\n\t<meta property=\"og:image:width\" content=\"650\" \/>\n\t<meta property=\"og:image:height\" content=\"385\" \/>\n\t<meta property=\"og:image:type\" content=\"image\/png\" \/>\n<meta name=\"author\" content=\"diegoc\" \/>\n<meta name=\"twitter:card\" content=\"summary_large_image\" \/>\n<meta name=\"twitter:label1\" content=\"Escrito por\" \/>\n\t<meta name=\"twitter:data1\" content=\"diegoc\" \/>\n\t<meta name=\"twitter:label2\" content=\"Tiempo de lectura\" \/>\n\t<meta name=\"twitter:data2\" content=\"1 minuto\" \/>\n<script type=\"application\/ld+json\" class=\"yoast-schema-graph\">{\"@context\":\"https:\\\/\\\/schema.org\",\"@graph\":[{\"@type\":\"Article\",\"@id\":\"https:\\\/\\\/radiounodigital.com\\\/web\\\/2021\\\/04\\\/02\\\/jethro-tull-lanza-un-nuevo-video-para-celebrar-los-anos-de-aqualung\\\/#article\",\"isPartOf\":{\"@id\":\"https:\\\/\\\/radiounodigital.com\\\/web\\\/2021\\\/04\\\/02\\\/jethro-tull-lanza-un-nuevo-video-para-celebrar-los-anos-de-aqualung\\\/\"},\"author\":{\"name\":\"diegoc\",\"@id\":\"https:\\\/\\\/radiounodigital.com\\\/web\\\/#\\\/schema\\\/person\\\/00b93151fa54f619ecf9c183d1fc9758\"},\"headline\":\"Jethro Tull lanza un nuevo video para celebrar los a\u00f1os de Aqualung\",\"datePublished\":\"2021-04-02T13:58:20+00:00\",\"mainEntityOfPage\":{\"@id\":\"https:\\\/\\\/radiounodigital.com\\\/web\\\/2021\\\/04\\\/02\\\/jethro-tull-lanza-un-nuevo-video-para-celebrar-los-anos-de-aqualung\\\/\"},\"wordCount\":227,\"image\":{\"@id\":\"https:\\\/\\\/radiounodigital.com\\\/web\\\/2021\\\/04\\\/02\\\/jethro-tull-lanza-un-nuevo-video-para-celebrar-los-anos-de-aqualung\\\/#primaryimage\"},\"thumbnailUrl\":\"https:\\\/\\\/radiounodigital.com\\\/web\\\/wp-content\\\/uploads\\\/2021\\\/04\\\/Jethro-Tull-Aqualung-Album-e1617371830765.png\",\"keywords\":[\"50 a\u00f1os\",\"aqualung\",\"jethro tull\",\"Video\"],\"articleSection\":[\"news\",\"Rock Clasico\",\"videos\"],\"inLanguage\":\"es\"},{\"@type\":\"WebPage\",\"@id\":\"https:\\\/\\\/radiounodigital.com\\\/web\\\/2021\\\/04\\\/02\\\/jethro-tull-lanza-un-nuevo-video-para-celebrar-los-anos-de-aqualung\\\/\",\"url\":\"https:\\\/\\\/radiounodigital.com\\\/web\\\/2021\\\/04\\\/02\\\/jethro-tull-lanza-un-nuevo-video-para-celebrar-los-anos-de-aqualung\\\/\",\"name\":\"Jethro Tull lanza un nuevo video para celebrar los a\u00f1os de Aqualung\",\"isPartOf\":{\"@id\":\"https:\\\/\\\/radiounodigital.com\\\/web\\\/#website\"},\"primaryImageOfPage\":{\"@id\":\"https:\\\/\\\/radiounodigital.com\\\/web\\\/2021\\\/04\\\/02\\\/jethro-tull-lanza-un-nuevo-video-para-celebrar-los-anos-de-aqualung\\\/#primaryimage\"},\"image\":{\"@id\":\"https:\\\/\\\/radiounodigital.com\\\/web\\\/2021\\\/04\\\/02\\\/jethro-tull-lanza-un-nuevo-video-para-celebrar-los-anos-de-aqualung\\\/#primaryimage\"},\"thumbnailUrl\":\"https:\\\/\\\/radiounodigital.com\\\/web\\\/wp-content\\\/uploads\\\/2021\\\/04\\\/Jethro-Tull-Aqualung-Album-e1617371830765.png\",\"datePublished\":\"2021-04-02T13:58:20+00:00\",\"author\":{\"@id\":\"https:\\\/\\\/radiounodigital.com\\\/web\\\/#\\\/schema\\\/person\\\/00b93151fa54f619ecf9c183d1fc9758\"},\"description\":\"Ian Anderson tambi\u00e9n aprovecha la oportunidad para revelar el t\u00edtulo del pr\u00f3ximo \u00e1lbum de Jethro Tull, The Zealot Gene.\",\"breadcrumb\":{\"@id\":\"https:\\\/\\\/radiounodigital.com\\\/web\\\/2021\\\/04\\\/02\\\/jethro-tull-lanza-un-nuevo-video-para-celebrar-los-anos-de-aqualung\\\/#breadcrumb\"},\"inLanguage\":\"es\",\"potentialAction\":[{\"@type\":\"ReadAction\",\"target\":[\"https:\\\/\\\/radiounodigital.com\\\/web\\\/2021\\\/04\\\/02\\\/jethro-tull-lanza-un-nuevo-video-para-celebrar-los-anos-de-aqualung\\\/\"]}]},{\"@type\":\"ImageObject\",\"inLanguage\":\"es\",\"@id\":\"https:\\\/\\\/radiounodigital.com\\\/web\\\/2021\\\/04\\\/02\\\/jethro-tull-lanza-un-nuevo-video-para-celebrar-los-anos-de-aqualung\\\/#primaryimage\",\"url\":\"https:\\\/\\\/radiounodigital.com\\\/web\\\/wp-content\\\/uploads\\\/2021\\\/04\\\/Jethro-Tull-Aqualung-Album-e1617371830765.png\",\"contentUrl\":\"https:\\\/\\\/radiounodigital.com\\\/web\\\/wp-content\\\/uploads\\\/2021\\\/04\\\/Jethro-Tull-Aqualung-Album-e1617371830765.png\",\"width\":650,\"height\":385},{\"@type\":\"BreadcrumbList\",\"@id\":\"https:\\\/\\\/radiounodigital.com\\\/web\\\/2021\\\/04\\\/02\\\/jethro-tull-lanza-un-nuevo-video-para-celebrar-los-anos-de-aqualung\\\/#breadcrumb\",\"itemListElement\":[{\"@type\":\"ListItem\",\"position\":1,\"name\":\"Home\",\"item\":\"https:\\\/\\\/radiounodigital.com\\\/web\\\/\"},{\"@type\":\"ListItem\",\"position\":2,\"name\":\"Jethro Tull lanza un nuevo video para celebrar los a\u00f1os de Aqualung\"}]},{\"@type\":\"WebSite\",\"@id\":\"https:\\\/\\\/radiounodigital.com\\\/web\\\/#website\",\"url\":\"https:\\\/\\\/radiounodigital.com\\\/web\\\/\",\"name\":\"Radio UNO Digital\",\"description\":\"Donde la cultura del rock se siente\",\"potentialAction\":[{\"@type\":\"SearchAction\",\"target\":{\"@type\":\"EntryPoint\",\"urlTemplate\":\"https:\\\/\\\/radiounodigital.com\\\/web\\\/?s={search_term_string}\"},\"query-input\":{\"@type\":\"PropertyValueSpecification\",\"valueRequired\":true,\"valueName\":\"search_term_string\"}}],\"inLanguage\":\"es\"},{\"@type\":\"Person\",\"@id\":\"https:\\\/\\\/radiounodigital.com\\\/web\\\/#\\\/schema\\\/person\\\/00b93151fa54f619ecf9c183d1fc9758\",\"name\":\"diegoc\",\"image\":{\"@type\":\"ImageObject\",\"inLanguage\":\"es\",\"@id\":\"https:\\\/\\\/secure.gravatar.com\\\/avatar\\\/0a67041d44c702fb0660d81a5a32c7ce6007341cf92afeb718b75883bf415864?s=96&d=blank&r=g\",\"url\":\"https:\\\/\\\/secure.gravatar.com\\\/avatar\\\/0a67041d44c702fb0660d81a5a32c7ce6007341cf92afeb718b75883bf415864?s=96&d=blank&r=g\",\"contentUrl\":\"https:\\\/\\\/secure.gravatar.com\\\/avatar\\\/0a67041d44c702fb0660d81a5a32c7ce6007341cf92afeb718b75883bf415864?s=96&d=blank&r=g\",\"caption\":\"diegoc\"},\"url\":\"https:\\\/\\\/radiounodigital.com\\\/web\\\/author\\\/diegoc\\\/\"}]}<\/script>\n<!-- \/ Yoast SEO plugin. -->","yoast_head_json":{"title":"Jethro Tull lanza un nuevo video para celebrar los a\u00f1os de Aqualung","description":"Ian Anderson tambi\u00e9n aprovecha la oportunidad para revelar el t\u00edtulo del pr\u00f3ximo \u00e1lbum de Jethro Tull, The Zealot Gene.","robots":{"index":"index","follow":"follow","max-snippet":"max-snippet:-1","max-image-preview":"max-image-preview:large","max-video-preview":"max-video-preview:-1"},"canonical":"https:\/\/radiounodigital.com\/web\/2021\/04\/02\/jethro-tull-lanza-un-nuevo-video-para-celebrar-los-anos-de-aqualung\/","og_locale":"es_ES","og_type":"article","og_title":"Jethro Tull lanza un nuevo video para celebrar los a\u00f1os de Aqualung","og_description":"Ian Anderson tambi\u00e9n aprovecha la oportunidad para revelar el t\u00edtulo del pr\u00f3ximo \u00e1lbum de Jethro Tull, The Zealot Gene.","og_url":"https:\/\/radiounodigital.com\/web\/2021\/04\/02\/jethro-tull-lanza-un-nuevo-video-para-celebrar-los-anos-de-aqualung\/","og_site_name":"Radio UNO Digital","article_published_time":"2021-04-02T13:58:20+00:00","og_image":[{"width":650,"height":385,"url":"https:\/\/radiounodigital.com\/web\/wp-content\/uploads\/2021\/04\/Jethro-Tull-Aqualung-Album-e1617371830765.png","type":"image\/png"}],"author":"diegoc","twitter_card":"summary_large_image","twitter_misc":{"Escrito por":"diegoc","Tiempo de lectura":"1 minuto"},"schema":{"@context":"https:\/\/schema.org","@graph":[{"@type":"Article","@id":"https:\/\/radiounodigital.com\/web\/2021\/04\/02\/jethro-tull-lanza-un-nuevo-video-para-celebrar-los-anos-de-aqualung\/#article","isPartOf":{"@id":"https:\/\/radiounodigital.com\/web\/2021\/04\/02\/jethro-tull-lanza-un-nuevo-video-para-celebrar-los-anos-de-aqualung\/"},"author":{"name":"diegoc","@id":"https:\/\/radiounodigital.com\/web\/#\/schema\/person\/00b93151fa54f619ecf9c183d1fc9758"},"headline":"Jethro Tull lanza un nuevo video para celebrar los a\u00f1os de Aqualung","datePublished":"2021-04-02T13:58:20+00:00","mainEntityOfPage":{"@id":"https:\/\/radiounodigital.com\/web\/2021\/04\/02\/jethro-tull-lanza-un-nuevo-video-para-celebrar-los-anos-de-aqualung\/"},"wordCount":227,"image":{"@id":"https:\/\/radiounodigital.com\/web\/2021\/04\/02\/jethro-tull-lanza-un-nuevo-video-para-celebrar-los-anos-de-aqualung\/#primaryimage"},"thumbnailUrl":"https:\/\/radiounodigital.com\/web\/wp-content\/uploads\/2021\/04\/Jethro-Tull-Aqualung-Album-e1617371830765.png","keywords":["50 a\u00f1os","aqualung","jethro tull","Video"],"articleSection":["news","Rock Clasico","videos"],"inLanguage":"es"},{"@type":"WebPage","@id":"https:\/\/radiounodigital.com\/web\/2021\/04\/02\/jethro-tull-lanza-un-nuevo-video-para-celebrar-los-anos-de-aqualung\/","url":"https:\/\/radiounodigital.com\/web\/2021\/04\/02\/jethro-tull-lanza-un-nuevo-video-para-celebrar-los-anos-de-aqualung\/","name":"Jethro Tull lanza un nuevo video para celebrar los a\u00f1os de Aqualung","isPartOf":{"@id":"https:\/\/radiounodigital.com\/web\/#website"},"primaryImageOfPage":{"@id":"https:\/\/radiounodigital.com\/web\/2021\/04\/02\/jethro-tull-lanza-un-nuevo-video-para-celebrar-los-anos-de-aqualung\/#primaryimage"},"image":{"@id":"https:\/\/radiounodigital.com\/web\/2021\/04\/02\/jethro-tull-lanza-un-nuevo-video-para-celebrar-los-anos-de-aqualung\/#primaryimage"},"thumbnailUrl":"https:\/\/radiounodigital.com\/web\/wp-content\/uploads\/2021\/04\/Jethro-Tull-Aqualung-Album-e1617371830765.png","datePublished":"2021-04-02T13:58:20+00:00","author":{"@id":"https:\/\/radiounodigital.com\/web\/#\/schema\/person\/00b93151fa54f619ecf9c183d1fc9758"},"description":"Ian Anderson tambi\u00e9n aprovecha la oportunidad para revelar el t\u00edtulo del pr\u00f3ximo \u00e1lbum de Jethro Tull, The Zealot Gene.","breadcrumb":{"@id":"https:\/\/radiounodigital.com\/web\/2021\/04\/02\/jethro-tull-lanza-un-nuevo-video-para-celebrar-los-anos-de-aqualung\/#breadcrumb"},"inLanguage":"es","potentialAction":[{"@type":"ReadAction","target":["https:\/\/radiounodigital.com\/web\/2021\/04\/02\/jethro-tull-lanza-un-nuevo-video-para-celebrar-los-anos-de-aqualung\/"]}]},{"@type":"ImageObject","inLanguage":"es","@id":"https:\/\/radiounodigital.com\/web\/2021\/04\/02\/jethro-tull-lanza-un-nuevo-video-para-celebrar-los-anos-de-aqualung\/#primaryimage","url":"https:\/\/radiounodigital.com\/web\/wp-content\/uploads\/2021\/04\/Jethro-Tull-Aqualung-Album-e1617371830765.png","contentUrl":"https:\/\/radiounodigital.com\/web\/wp-content\/uploads\/2021\/04\/Jethro-Tull-Aqualung-Album-e1617371830765.png","width":650,"height":385},{"@type":"BreadcrumbList","@id":"https:\/\/radiounodigital.com\/web\/2021\/04\/02\/jethro-tull-lanza-un-nuevo-video-para-celebrar-los-anos-de-aqualung\/#breadcrumb","itemListElement":[{"@type":"ListItem","position":1,"name":"Home","item":"https:\/\/radiounodigital.com\/web\/"},{"@type":"ListItem","position":2,"name":"Jethro Tull lanza un nuevo video para celebrar los a\u00f1os de Aqualung"}]},{"@type":"WebSite","@id":"https:\/\/radiounodigital.com\/web\/#website","url":"https:\/\/radiounodigital.com\/web\/","name":"Radio UNO Digital","description":"Donde la cultura del rock se siente","potentialAction":[{"@type":"SearchAction","target":{"@type":"EntryPoint","urlTemplate":"https:\/\/radiounodigital.com\/web\/?s={search_term_string}"},"query-input":{"@type":"PropertyValueSpecification","valueRequired":true,"valueName":"search_term_string"}}],"inLanguage":"es"},{"@type":"Person","@id":"https:\/\/radiounodigital.com\/web\/#\/schema\/person\/00b93151fa54f619ecf9c183d1fc9758","name":"diegoc","image":{"@type":"ImageObject","inLanguage":"es","@id":"https:\/\/secure.gravatar.com\/avatar\/0a67041d44c702fb0660d81a5a32c7ce6007341cf92afeb718b75883bf415864?s=96&d=blank&r=g","url":"https:\/\/secure.gravatar.com\/avatar\/0a67041d44c702fb0660d81a5a32c7ce6007341cf92afeb718b75883bf415864?s=96&d=blank&r=g","contentUrl":"https:\/\/secure.gravatar.com\/avatar\/0a67041d44c702fb0660d81a5a32c7ce6007341cf92afeb718b75883bf415864?s=96&d=blank&r=g","caption":"diegoc"},"url":"https:\/\/radiounodigital.com\/web\/author\/diegoc\/"}]}},"_links":{"self":[{"href":"https:\/\/radiounodigital.com\/web\/wp-json\/wp\/v2\/posts\/5711","targetHints":{"allow":["GET"]}}],"collection":[{"href":"https:\/\/radiounodigital.com\/web\/wp-json\/wp\/v2\/posts"}],"about":[{"href":"https:\/\/radiounodigital.com\/web\/wp-json\/wp\/v2\/types\/post"}],"author":[{"embeddable":true,"href":"https:\/\/radiounodigital.com\/web\/wp-json\/wp\/v2\/users\/1"}],"replies":[{"embeddable":true,"href":"https:\/\/radiounodigital.com\/web\/wp-json\/wp\/v2\/comments?post=5711"}],"version-history":[{"count":1,"href":"https:\/\/radiounodigital.com\/web\/wp-json\/wp\/v2\/posts\/5711\/revisions"}],"predecessor-version":[{"id":5713,"href":"https:\/\/radiounodigital.com\/web\/wp-json\/wp\/v2\/posts\/5711\/revisions\/5713"}],"wp:featuredmedia":[{"embeddable":true,"href":"https:\/\/radiounodigital.com\/web\/wp-json\/wp\/v2\/media\/5712"}],"wp:attachment":[{"href":"https:\/\/radiounodigital.com\/web\/wp-json\/wp\/v2\/media?parent=5711"}],"wp:term":[{"taxonomy":"category","embeddable":true,"href":"https:\/\/radiounodigital.com\/web\/wp-json\/wp\/v2\/categories?post=5711"},{"taxonomy":"post_tag","embeddable":true,"href":"https:\/\/radiounodigital.com\/web\/wp-json\/wp\/v2\/tags?post=5711"}],"curies":[{"name":"wp","href":"https:\/\/api.w.org\/{rel}","templated":true}]}}