{"id":5729,"date":"2021-04-07T09:02:19","date_gmt":"2021-04-07T12:02:19","guid":{"rendered":"https:\/\/radiounodigital.com\/web\/?p=5729"},"modified":"2021-04-08T09:07:52","modified_gmt":"2021-04-08T12:07:52","slug":"dave-grohl-publicara-sus-memorias-the-storyteller","status":"publish","type":"post","link":"https:\/\/radiounodigital.com\/web\/2021\/04\/07\/dave-grohl-publicara-sus-memorias-the-storyteller\/","title":{"rendered":"Dave Grohl publicar\u00e1 sus memorias, The Storyteller."},"content":{"rendered":"<h3>\u00abEstoy emocionado y honrado de anunciar The Storyteller, una colecci\u00f3n de recuerdos de una vida vivida en voz alta\u00bb, dice Grohl.<\/h3>\n<p><iframe loading=\"lazy\" title=\"Dave Grohl | The Storyteller\" width=\"960\" height=\"540\" src=\"https:\/\/www.youtube.com\/embed\/I3OqQvCClNY?feature=oembed\" frameborder=\"0\" allow=\"accelerometer; autoplay; clipboard-write; encrypted-media; gyroscope; picture-in-picture\" allowfullscreen><\/iframe><\/p>\n<p>Dave Grohl estar\u00e1 publicando sus memorias para compartir sus historias de una \u00abvida vivida y en voz alta\u00bb.<\/p>\n<p>The Storyteller, el primer libro de Grohl, ser\u00e1 publicado por Simon &amp; Schuster en el Reino Unido y Dey Street Books en los Estados Unidos el 5 de octubre.<\/p>\n<p>El libro tiene sus ra\u00edces en la popular cuenta de Instagram Dave&#8217;s True Stories del l\u00edder de Foo Fighters y, seg\u00fan su editor, ser\u00e1 \u00abtanto una celebraci\u00f3n de la m\u00fasica como de los momentos que lo han moldeado en el hombre que es hoy\u00bb. . \u00bb<\/p>\n<p>El departamento de relaciones p\u00fablicas de Simon &amp; Schuster dice: \u00abDesde divertidos contratiempos de la infancia, conmovedores momentos familiares, salir de casa para ver el mundo a los dieciocho a\u00f1os, hasta historias espectaculares sobre Nirvana, Foo Fighters, David Bowie, Joan Jett, Iggy Pop, Paul McCartney, tocando la bater\u00eda. para Tom Petty en Saturday Night Live, actuando en la Casa Blanca e incluso bailando swing con AC \/ DC, con todo el amor, las risas, la p\u00e9rdida y la verg\u00fcenza en el camino, The Storyteller es una mirada fascinante a una vida vivida en voz alta \u00ab.<\/p>\n<p>\u201cHay un hilo conductor en todo lo que hago\u201d, dice Grohl, \u201ccontar historias. Ya sea en una canci\u00f3n, un documental o en la p\u00e1gina, siempre me he sentido obligado a compartir momentos de mi vida. Esta inclinaci\u00f3n es una gran parte de lo que me entusiasma creativamente pero tambi\u00e9n como ser humano \u201d.<\/p>\n<p>\u201cEn marzo de 2020, al darme cuenta de que mi trabajo diario con los Foo Fighters iba a quedar en suspenso, abr\u00ed una cuenta de Instagram y decid\u00ed concentrar toda mi energ\u00eda creativa en escribir algunas de mis historias, algo que me encanta hacer pero &#8216; Realmente nunca he tenido tiempo para. Pronto descubr\u00ed que la recompensa que sent\u00eda cada vez que publicaba una historia era la misma que la que tengo al tocar una canci\u00f3n para el p\u00fablico, as\u00ed que segu\u00ed escribiendo. La respuesta de los lectores fue tan conmovedora como cualquier aplauso en una arena. Entonces, hice un balance de todas las experiencias que he tenido en mi vida &#8211; incre\u00edbles, dif\u00edciles, divertidas y emocionales &#8211; y decid\u00ed que era hora de finalmente ponerlas en palabras \u00ab.<\/p>\n<p>\u201cAhora, con la gente incre\u00edble de Simon &amp; Schuster, estoy emocionado y honrado de anunciar The Storyteller, una colecci\u00f3n de recuerdos de una vida vivida en voz alta. Desde mis primeros d\u00edas en los suburbios de Washington, DC, hasta salir a la carretera a los 18 a\u00f1os, y toda la m\u00fasica que sigui\u00f3, ahora puedo compartir estas aventuras con el mundo, como se ve y se escucha detr\u00e1s del micr\u00f3fono. \u00a1Sube el volumen! \u00bb<\/p>\n<p>El oto\u00f1o tambi\u00e9n ver\u00e1 la publicaci\u00f3n de una edici\u00f3n del d\u00e9cimo aniversario completamente actualizada de la biograf\u00eda m\u00e1s vendida de Dave Grohl, This Is A Call: The Life and Times of Dave Grohl, escrita por el colaborador de Classic Rock \/ Metal Hammer Paul Brannigan, a trav\u00e9s del sello de HarperCollins. Galop\u00edn.<\/p>\n<div class=\"fb-background-color\">\n\t\t\t  <div \n\t\t\t  \tclass = \"fb-comments\" \n\t\t\t  \tdata-href = \"https:\/\/radiounodigital.com\/web\/2021\/04\/07\/dave-grohl-publicara-sus-memorias-the-storyteller\/\"\n\t\t\t  \tdata-numposts = \"10\"\n\t\t\t  \tdata-lazy = \"true\"\n\t\t\t\tdata-colorscheme = \"dark\"\n\t\t\t\tdata-order-by = \"reverse_time\"\n\t\t\t\tdata-mobile=true>\n\t\t\t  <\/div><\/div>\n\t\t  <style>\n\t\t    .fb-background-color {\n\t\t\t\tbackground: #ffffff !important;\n\t\t\t}\n\t\t\t.fb_iframe_widget_fluid_desktop iframe {\n\t\t\t    width: 100% !important;\n\t\t\t}\n\t\t  <\/style>\n\t\t  ","protected":false},"excerpt":{"rendered":"<p>\u00abEstoy emocionado y honrado de anunciar The Storyteller, una colecci\u00f3n de recuerdos de una vida vivida en voz alta\u00bb, dice Grohl. Dave Grohl estar\u00e1 publicando sus memorias para compartir sus historias de una \u00abvida vivida y en voz alta\u00bb. The Storyteller, el primer libro de Grohl, ser\u00e1 publicado por Simon &amp; Schuster en el Reino&#8230; <a href=\"https:\/\/radiounodigital.com\/web\/2021\/04\/07\/dave-grohl-publicara-sus-memorias-the-storyteller\/\" class=\"excerpt-read-more\">Read More<\/a><\/p>\n","protected":false},"author":1,"featured_media":5730,"comment_status":"closed","ping_status":"open","sticky":false,"template":"","format":"standard","meta":{"footnotes":""},"categories":[1097,180,127],"tags":[1519,417,1717,1718],"class_list":["post-5729","post","type-post","status-publish","format-standard","has-post-thumbnail","hentry","category-lo-nuevo","category-news","category-rock","tag-dave-grohl","tag-libro","tag-memorias","tag-the-storyteller"],"yoast_head":"<!-- This site is optimized with the Yoast SEO plugin v27.4 - https:\/\/yoast.com\/product\/yoast-seo-wordpress\/ -->\n<title>Dave Grohl publicar\u00e1 sus memorias, The Storyteller. - Radio UNO Digital<\/title>\n<meta name=\"robots\" content=\"index, follow, max-snippet:-1, max-image-preview:large, max-video-preview:-1\" \/>\n<link rel=\"canonical\" href=\"https:\/\/radiounodigital.com\/web\/2021\/04\/07\/dave-grohl-publicara-sus-memorias-the-storyteller\/\" \/>\n<meta property=\"og:locale\" content=\"es_ES\" \/>\n<meta property=\"og:type\" content=\"article\" \/>\n<meta property=\"og:title\" content=\"Dave Grohl publicar\u00e1 sus memorias, The Storyteller. - Radio UNO Digital\" \/>\n<meta property=\"og:description\" content=\"\u00abEstoy emocionado y honrado de anunciar The Storyteller, una colecci\u00f3n de recuerdos de una vida vivida en voz alta\u00bb, dice Grohl. Dave Grohl estar\u00e1 publicando sus memorias para compartir sus historias de una \u00abvida vivida y en voz alta\u00bb. The Storyteller, el primer libro de Grohl, ser\u00e1 publicado por Simon &amp; Schuster en el Reino... Read More\" \/>\n<meta property=\"og:url\" content=\"https:\/\/radiounodigital.com\/web\/2021\/04\/07\/dave-grohl-publicara-sus-memorias-the-storyteller\/\" \/>\n<meta property=\"og:site_name\" content=\"Radio UNO Digital\" \/>\n<meta property=\"article:published_time\" content=\"2021-04-07T12:02:19+00:00\" \/>\n<meta property=\"article:modified_time\" content=\"2021-04-08T12:07:52+00:00\" \/>\n<meta property=\"og:image\" content=\"https:\/\/radiounodigital.com\/web\/wp-content\/uploads\/2021\/04\/Dave-Grohl-The-Storyteller-header-e1617883654223.jpg\" \/>\n\t<meta property=\"og:image:width\" content=\"650\" \/>\n\t<meta property=\"og:image:height\" content=\"366\" \/>\n\t<meta property=\"og:image:type\" content=\"image\/jpeg\" \/>\n<meta name=\"author\" content=\"diegoc\" \/>\n<meta name=\"twitter:card\" content=\"summary_large_image\" \/>\n<meta name=\"twitter:label1\" content=\"Escrito por\" \/>\n\t<meta name=\"twitter:data1\" content=\"diegoc\" \/>\n\t<meta name=\"twitter:label2\" content=\"Tiempo de lectura\" \/>\n\t<meta name=\"twitter:data2\" content=\"3 minutos\" \/>\n<script type=\"application\/ld+json\" class=\"yoast-schema-graph\">{\"@context\":\"https:\\\/\\\/schema.org\",\"@graph\":[{\"@type\":\"Article\",\"@id\":\"https:\\\/\\\/radiounodigital.com\\\/web\\\/2021\\\/04\\\/07\\\/dave-grohl-publicara-sus-memorias-the-storyteller\\\/#article\",\"isPartOf\":{\"@id\":\"https:\\\/\\\/radiounodigital.com\\\/web\\\/2021\\\/04\\\/07\\\/dave-grohl-publicara-sus-memorias-the-storyteller\\\/\"},\"author\":{\"name\":\"diegoc\",\"@id\":\"https:\\\/\\\/radiounodigital.com\\\/web\\\/#\\\/schema\\\/person\\\/00b93151fa54f619ecf9c183d1fc9758\"},\"headline\":\"Dave Grohl publicar\u00e1 sus memorias, The Storyteller.\",\"datePublished\":\"2021-04-07T12:02:19+00:00\",\"dateModified\":\"2021-04-08T12:07:52+00:00\",\"mainEntityOfPage\":{\"@id\":\"https:\\\/\\\/radiounodigital.com\\\/web\\\/2021\\\/04\\\/07\\\/dave-grohl-publicara-sus-memorias-the-storyteller\\\/\"},\"wordCount\":556,\"image\":{\"@id\":\"https:\\\/\\\/radiounodigital.com\\\/web\\\/2021\\\/04\\\/07\\\/dave-grohl-publicara-sus-memorias-the-storyteller\\\/#primaryimage\"},\"thumbnailUrl\":\"https:\\\/\\\/radiounodigital.com\\\/web\\\/wp-content\\\/uploads\\\/2021\\\/04\\\/Dave-Grohl-The-Storyteller-header-e1617883654223.jpg\",\"keywords\":[\"dave grohl\",\"libro\",\"memorias\",\"the storyteller\"],\"articleSection\":[\"lo nuevo\",\"news\",\"Rock\"],\"inLanguage\":\"es\"},{\"@type\":\"WebPage\",\"@id\":\"https:\\\/\\\/radiounodigital.com\\\/web\\\/2021\\\/04\\\/07\\\/dave-grohl-publicara-sus-memorias-the-storyteller\\\/\",\"url\":\"https:\\\/\\\/radiounodigital.com\\\/web\\\/2021\\\/04\\\/07\\\/dave-grohl-publicara-sus-memorias-the-storyteller\\\/\",\"name\":\"Dave Grohl publicar\u00e1 sus memorias, The Storyteller. - Radio UNO Digital\",\"isPartOf\":{\"@id\":\"https:\\\/\\\/radiounodigital.com\\\/web\\\/#website\"},\"primaryImageOfPage\":{\"@id\":\"https:\\\/\\\/radiounodigital.com\\\/web\\\/2021\\\/04\\\/07\\\/dave-grohl-publicara-sus-memorias-the-storyteller\\\/#primaryimage\"},\"image\":{\"@id\":\"https:\\\/\\\/radiounodigital.com\\\/web\\\/2021\\\/04\\\/07\\\/dave-grohl-publicara-sus-memorias-the-storyteller\\\/#primaryimage\"},\"thumbnailUrl\":\"https:\\\/\\\/radiounodigital.com\\\/web\\\/wp-content\\\/uploads\\\/2021\\\/04\\\/Dave-Grohl-The-Storyteller-header-e1617883654223.jpg\",\"datePublished\":\"2021-04-07T12:02:19+00:00\",\"dateModified\":\"2021-04-08T12:07:52+00:00\",\"author\":{\"@id\":\"https:\\\/\\\/radiounodigital.com\\\/web\\\/#\\\/schema\\\/person\\\/00b93151fa54f619ecf9c183d1fc9758\"},\"breadcrumb\":{\"@id\":\"https:\\\/\\\/radiounodigital.com\\\/web\\\/2021\\\/04\\\/07\\\/dave-grohl-publicara-sus-memorias-the-storyteller\\\/#breadcrumb\"},\"inLanguage\":\"es\",\"potentialAction\":[{\"@type\":\"ReadAction\",\"target\":[\"https:\\\/\\\/radiounodigital.com\\\/web\\\/2021\\\/04\\\/07\\\/dave-grohl-publicara-sus-memorias-the-storyteller\\\/\"]}]},{\"@type\":\"ImageObject\",\"inLanguage\":\"es\",\"@id\":\"https:\\\/\\\/radiounodigital.com\\\/web\\\/2021\\\/04\\\/07\\\/dave-grohl-publicara-sus-memorias-the-storyteller\\\/#primaryimage\",\"url\":\"https:\\\/\\\/radiounodigital.com\\\/web\\\/wp-content\\\/uploads\\\/2021\\\/04\\\/Dave-Grohl-The-Storyteller-header-e1617883654223.jpg\",\"contentUrl\":\"https:\\\/\\\/radiounodigital.com\\\/web\\\/wp-content\\\/uploads\\\/2021\\\/04\\\/Dave-Grohl-The-Storyteller-header-e1617883654223.jpg\",\"width\":650,\"height\":366},{\"@type\":\"BreadcrumbList\",\"@id\":\"https:\\\/\\\/radiounodigital.com\\\/web\\\/2021\\\/04\\\/07\\\/dave-grohl-publicara-sus-memorias-the-storyteller\\\/#breadcrumb\",\"itemListElement\":[{\"@type\":\"ListItem\",\"position\":1,\"name\":\"Home\",\"item\":\"https:\\\/\\\/radiounodigital.com\\\/web\\\/\"},{\"@type\":\"ListItem\",\"position\":2,\"name\":\"Dave Grohl publicar\u00e1 sus memorias, The Storyteller.\"}]},{\"@type\":\"WebSite\",\"@id\":\"https:\\\/\\\/radiounodigital.com\\\/web\\\/#website\",\"url\":\"https:\\\/\\\/radiounodigital.com\\\/web\\\/\",\"name\":\"Radio UNO Digital\",\"description\":\"Donde la cultura del rock se siente\",\"potentialAction\":[{\"@type\":\"SearchAction\",\"target\":{\"@type\":\"EntryPoint\",\"urlTemplate\":\"https:\\\/\\\/radiounodigital.com\\\/web\\\/?s={search_term_string}\"},\"query-input\":{\"@type\":\"PropertyValueSpecification\",\"valueRequired\":true,\"valueName\":\"search_term_string\"}}],\"inLanguage\":\"es\"},{\"@type\":\"Person\",\"@id\":\"https:\\\/\\\/radiounodigital.com\\\/web\\\/#\\\/schema\\\/person\\\/00b93151fa54f619ecf9c183d1fc9758\",\"name\":\"diegoc\",\"image\":{\"@type\":\"ImageObject\",\"inLanguage\":\"es\",\"@id\":\"https:\\\/\\\/secure.gravatar.com\\\/avatar\\\/0a67041d44c702fb0660d81a5a32c7ce6007341cf92afeb718b75883bf415864?s=96&d=blank&r=g\",\"url\":\"https:\\\/\\\/secure.gravatar.com\\\/avatar\\\/0a67041d44c702fb0660d81a5a32c7ce6007341cf92afeb718b75883bf415864?s=96&d=blank&r=g\",\"contentUrl\":\"https:\\\/\\\/secure.gravatar.com\\\/avatar\\\/0a67041d44c702fb0660d81a5a32c7ce6007341cf92afeb718b75883bf415864?s=96&d=blank&r=g\",\"caption\":\"diegoc\"},\"url\":\"https:\\\/\\\/radiounodigital.com\\\/web\\\/author\\\/diegoc\\\/\"}]}<\/script>\n<!-- \/ Yoast SEO plugin. -->","yoast_head_json":{"title":"Dave Grohl publicar\u00e1 sus memorias, The Storyteller. - Radio UNO Digital","robots":{"index":"index","follow":"follow","max-snippet":"max-snippet:-1","max-image-preview":"max-image-preview:large","max-video-preview":"max-video-preview:-1"},"canonical":"https:\/\/radiounodigital.com\/web\/2021\/04\/07\/dave-grohl-publicara-sus-memorias-the-storyteller\/","og_locale":"es_ES","og_type":"article","og_title":"Dave Grohl publicar\u00e1 sus memorias, The Storyteller. - Radio UNO Digital","og_description":"\u00abEstoy emocionado y honrado de anunciar The Storyteller, una colecci\u00f3n de recuerdos de una vida vivida en voz alta\u00bb, dice Grohl. Dave Grohl estar\u00e1 publicando sus memorias para compartir sus historias de una \u00abvida vivida y en voz alta\u00bb. The Storyteller, el primer libro de Grohl, ser\u00e1 publicado por Simon &amp; Schuster en el Reino... Read More","og_url":"https:\/\/radiounodigital.com\/web\/2021\/04\/07\/dave-grohl-publicara-sus-memorias-the-storyteller\/","og_site_name":"Radio UNO Digital","article_published_time":"2021-04-07T12:02:19+00:00","article_modified_time":"2021-04-08T12:07:52+00:00","og_image":[{"width":650,"height":366,"url":"https:\/\/radiounodigital.com\/web\/wp-content\/uploads\/2021\/04\/Dave-Grohl-The-Storyteller-header-e1617883654223.jpg","type":"image\/jpeg"}],"author":"diegoc","twitter_card":"summary_large_image","twitter_misc":{"Escrito por":"diegoc","Tiempo de lectura":"3 minutos"},"schema":{"@context":"https:\/\/schema.org","@graph":[{"@type":"Article","@id":"https:\/\/radiounodigital.com\/web\/2021\/04\/07\/dave-grohl-publicara-sus-memorias-the-storyteller\/#article","isPartOf":{"@id":"https:\/\/radiounodigital.com\/web\/2021\/04\/07\/dave-grohl-publicara-sus-memorias-the-storyteller\/"},"author":{"name":"diegoc","@id":"https:\/\/radiounodigital.com\/web\/#\/schema\/person\/00b93151fa54f619ecf9c183d1fc9758"},"headline":"Dave Grohl publicar\u00e1 sus memorias, The Storyteller.","datePublished":"2021-04-07T12:02:19+00:00","dateModified":"2021-04-08T12:07:52+00:00","mainEntityOfPage":{"@id":"https:\/\/radiounodigital.com\/web\/2021\/04\/07\/dave-grohl-publicara-sus-memorias-the-storyteller\/"},"wordCount":556,"image":{"@id":"https:\/\/radiounodigital.com\/web\/2021\/04\/07\/dave-grohl-publicara-sus-memorias-the-storyteller\/#primaryimage"},"thumbnailUrl":"https:\/\/radiounodigital.com\/web\/wp-content\/uploads\/2021\/04\/Dave-Grohl-The-Storyteller-header-e1617883654223.jpg","keywords":["dave grohl","libro","memorias","the storyteller"],"articleSection":["lo nuevo","news","Rock"],"inLanguage":"es"},{"@type":"WebPage","@id":"https:\/\/radiounodigital.com\/web\/2021\/04\/07\/dave-grohl-publicara-sus-memorias-the-storyteller\/","url":"https:\/\/radiounodigital.com\/web\/2021\/04\/07\/dave-grohl-publicara-sus-memorias-the-storyteller\/","name":"Dave Grohl publicar\u00e1 sus memorias, The Storyteller. - Radio UNO Digital","isPartOf":{"@id":"https:\/\/radiounodigital.com\/web\/#website"},"primaryImageOfPage":{"@id":"https:\/\/radiounodigital.com\/web\/2021\/04\/07\/dave-grohl-publicara-sus-memorias-the-storyteller\/#primaryimage"},"image":{"@id":"https:\/\/radiounodigital.com\/web\/2021\/04\/07\/dave-grohl-publicara-sus-memorias-the-storyteller\/#primaryimage"},"thumbnailUrl":"https:\/\/radiounodigital.com\/web\/wp-content\/uploads\/2021\/04\/Dave-Grohl-The-Storyteller-header-e1617883654223.jpg","datePublished":"2021-04-07T12:02:19+00:00","dateModified":"2021-04-08T12:07:52+00:00","author":{"@id":"https:\/\/radiounodigital.com\/web\/#\/schema\/person\/00b93151fa54f619ecf9c183d1fc9758"},"breadcrumb":{"@id":"https:\/\/radiounodigital.com\/web\/2021\/04\/07\/dave-grohl-publicara-sus-memorias-the-storyteller\/#breadcrumb"},"inLanguage":"es","potentialAction":[{"@type":"ReadAction","target":["https:\/\/radiounodigital.com\/web\/2021\/04\/07\/dave-grohl-publicara-sus-memorias-the-storyteller\/"]}]},{"@type":"ImageObject","inLanguage":"es","@id":"https:\/\/radiounodigital.com\/web\/2021\/04\/07\/dave-grohl-publicara-sus-memorias-the-storyteller\/#primaryimage","url":"https:\/\/radiounodigital.com\/web\/wp-content\/uploads\/2021\/04\/Dave-Grohl-The-Storyteller-header-e1617883654223.jpg","contentUrl":"https:\/\/radiounodigital.com\/web\/wp-content\/uploads\/2021\/04\/Dave-Grohl-The-Storyteller-header-e1617883654223.jpg","width":650,"height":366},{"@type":"BreadcrumbList","@id":"https:\/\/radiounodigital.com\/web\/2021\/04\/07\/dave-grohl-publicara-sus-memorias-the-storyteller\/#breadcrumb","itemListElement":[{"@type":"ListItem","position":1,"name":"Home","item":"https:\/\/radiounodigital.com\/web\/"},{"@type":"ListItem","position":2,"name":"Dave Grohl publicar\u00e1 sus memorias, The Storyteller."}]},{"@type":"WebSite","@id":"https:\/\/radiounodigital.com\/web\/#website","url":"https:\/\/radiounodigital.com\/web\/","name":"Radio UNO Digital","description":"Donde la cultura del rock se siente","potentialAction":[{"@type":"SearchAction","target":{"@type":"EntryPoint","urlTemplate":"https:\/\/radiounodigital.com\/web\/?s={search_term_string}"},"query-input":{"@type":"PropertyValueSpecification","valueRequired":true,"valueName":"search_term_string"}}],"inLanguage":"es"},{"@type":"Person","@id":"https:\/\/radiounodigital.com\/web\/#\/schema\/person\/00b93151fa54f619ecf9c183d1fc9758","name":"diegoc","image":{"@type":"ImageObject","inLanguage":"es","@id":"https:\/\/secure.gravatar.com\/avatar\/0a67041d44c702fb0660d81a5a32c7ce6007341cf92afeb718b75883bf415864?s=96&d=blank&r=g","url":"https:\/\/secure.gravatar.com\/avatar\/0a67041d44c702fb0660d81a5a32c7ce6007341cf92afeb718b75883bf415864?s=96&d=blank&r=g","contentUrl":"https:\/\/secure.gravatar.com\/avatar\/0a67041d44c702fb0660d81a5a32c7ce6007341cf92afeb718b75883bf415864?s=96&d=blank&r=g","caption":"diegoc"},"url":"https:\/\/radiounodigital.com\/web\/author\/diegoc\/"}]}},"_links":{"self":[{"href":"https:\/\/radiounodigital.com\/web\/wp-json\/wp\/v2\/posts\/5729","targetHints":{"allow":["GET"]}}],"collection":[{"href":"https:\/\/radiounodigital.com\/web\/wp-json\/wp\/v2\/posts"}],"about":[{"href":"https:\/\/radiounodigital.com\/web\/wp-json\/wp\/v2\/types\/post"}],"author":[{"embeddable":true,"href":"https:\/\/radiounodigital.com\/web\/wp-json\/wp\/v2\/users\/1"}],"replies":[{"embeddable":true,"href":"https:\/\/radiounodigital.com\/web\/wp-json\/wp\/v2\/comments?post=5729"}],"version-history":[{"count":1,"href":"https:\/\/radiounodigital.com\/web\/wp-json\/wp\/v2\/posts\/5729\/revisions"}],"predecessor-version":[{"id":5731,"href":"https:\/\/radiounodigital.com\/web\/wp-json\/wp\/v2\/posts\/5729\/revisions\/5731"}],"wp:featuredmedia":[{"embeddable":true,"href":"https:\/\/radiounodigital.com\/web\/wp-json\/wp\/v2\/media\/5730"}],"wp:attachment":[{"href":"https:\/\/radiounodigital.com\/web\/wp-json\/wp\/v2\/media?parent=5729"}],"wp:term":[{"taxonomy":"category","embeddable":true,"href":"https:\/\/radiounodigital.com\/web\/wp-json\/wp\/v2\/categories?post=5729"},{"taxonomy":"post_tag","embeddable":true,"href":"https:\/\/radiounodigital.com\/web\/wp-json\/wp\/v2\/tags?post=5729"}],"curies":[{"name":"wp","href":"https:\/\/api.w.org\/{rel}","templated":true}]}}