{"id":5755,"date":"2021-04-13T10:44:22","date_gmt":"2021-04-13T13:44:22","guid":{"rendered":"https:\/\/radiounodigital.com\/web\/?p=5755"},"modified":"2021-04-13T11:18:36","modified_gmt":"2021-04-13T14:18:36","slug":"brian-johnson-de-ac-dc-publicara-sus-memorias-inolvidables","status":"publish","type":"post","link":"https:\/\/radiounodigital.com\/web\/2021\/04\/13\/brian-johnson-de-ac-dc-publicara-sus-memorias-inolvidables\/","title":{"rendered":"Brian Johnson de AC\/DC publicar\u00e1 sus memorias \u00abinolvidables\u00bb"},"content":{"rendered":"<h3>\u00abThe Lives Of Brian\u00bb contar\u00e1 la historia de Brian Johnson de AC\/DC en sus propias palabras, y llegar\u00e1 a las librer\u00edas en octubre.<\/h3>\n<p><iframe loading=\"lazy\" title=\"Brian Johnson Autobiography: The Lives of Brian is coming October 26th\" width=\"960\" height=\"540\" src=\"https:\/\/www.youtube.com\/embed\/KKtXhPSRKjs?start=2&#038;feature=oembed\" frameborder=\"0\" allow=\"accelerometer; autoplay; clipboard-write; encrypted-media; gyroscope; picture-in-picture\" allowfullscreen><\/iframe><\/p>\n<p>El cantante de AC\/DC Brian Johnson publicar\u00e1 sus memorias este a\u00f1o. The Lives Of Brian ser\u00e1 publicado en octubre por Dey Street Books en los Estados Unidos y en el Reino Unido por Michael Joseph.<\/p>\n<p>\u00abHe tenido algunas noches largas y noches geniales, algunos d\u00edas malos y muchos d\u00edas buenos, y durante ese tiempo pas\u00e9 de ni\u00f1o de coro a cantante de rock&#8217;n&#8217;roll, y ahora escrib\u00ed un maldito libro al respecto \u00ab, dice Johnson.<\/p>\n<p>El libro cubre los primeros a\u00f1os de Johnson en el condado de Durham y su primera prueba de \u00e9xito en el glam rockero Geordie, antes de pasar a cubrir su audici\u00f3n para AC \/ DC y la posterior grabaci\u00f3n del cl\u00e1sico \u00e1lbum Black In Black de la banda.<\/p>\n<p>Contin\u00faa detallando la larga carrera de Johnson con AC \/ DC, incluido su retiro forzado durante la gira Rock Or Bust y el posterior regreso triunfal del \u00e1lbum Power Up del a\u00f1o pasado. Tambi\u00e9n cubre las incursiones de Johnson en la televisi\u00f3n con su serie Cars That Rock With Brian Johnson y Brian Johnson: A Life On The Road.<\/p>\n<p>\u00abLas memorias de Brian capturan un momento inolvidable en la historia del rock\u00bb, dice Mauro DiPreta, vicepresidente senior y editor ejecutivo de la editorial William Morrow, quien negoci\u00f3 el trato con el cantante. \u00abCualquiera que quiera entender las ra\u00edces de Brian, as\u00ed como el momento de la ignici\u00f3n cuando se uni\u00f3 a AC \/ DC y ayud\u00f3 a crear un \u00e1lbum monstruoso, ser\u00e1 un viaje inolvidable \u00ab.<\/p>\n<p>\u00abDesde que creci\u00f3 en el noreste, hijo de un ex sargento mayor del ej\u00e9rcito brit\u00e1nico y una madre italiana, hasta liderar la banda de rock m\u00e1s grande del mundo, The Lives of Brian cuenta una de las mejores historias de la m\u00fasica con la inimitable voz de Brian\u00bb, dice Rowland White, director editorial de Penguin Random House.<\/p>\n<p>Contin\u00faa: \u00abSu vida ha sido una monta\u00f1a rusa de altibajos, durante la cual el \u00e9xito como m\u00fasico a menudo se sinti\u00f3 fuera de su alcance. Pero incluso cuando parec\u00eda que la derrota le hab\u00eda sido arrebatada de las fauces de la victoria, nunca se rindi\u00f3. , sus pies han quedado firmemente plantados en la tierra \u00ab.<\/p>\n<p>White contin\u00faa describiendo Las vidas de Brian como \u00abc\u00e1lidas, v\u00edvidas, evocadoras, que afirman la vida y, a menudo, divertidas para re\u00edr a carcajadas\u00bb.<\/p>\n<p>&nbsp;<\/p>\n<div class=\"fb-background-color\">\n\t\t\t  <div \n\t\t\t  \tclass = \"fb-comments\" \n\t\t\t  \tdata-href = \"https:\/\/radiounodigital.com\/web\/2021\/04\/13\/brian-johnson-de-ac-dc-publicara-sus-memorias-inolvidables\/\"\n\t\t\t  \tdata-numposts = \"10\"\n\t\t\t  \tdata-lazy = \"true\"\n\t\t\t\tdata-colorscheme = \"dark\"\n\t\t\t\tdata-order-by = \"reverse_time\"\n\t\t\t\tdata-mobile=true>\n\t\t\t  <\/div><\/div>\n\t\t  <style>\n\t\t    .fb-background-color {\n\t\t\t\tbackground: #ffffff !important;\n\t\t\t}\n\t\t\t.fb_iframe_widget_fluid_desktop iframe {\n\t\t\t    width: 100% !important;\n\t\t\t}\n\t\t  <\/style>\n\t\t  ","protected":false},"excerpt":{"rendered":"<p>\u00abThe Lives Of Brian\u00bb contar\u00e1 la historia de Brian Johnson de AC\/DC en sus propias palabras, y llegar\u00e1 a las librer\u00edas en octubre. El cantante de AC\/DC Brian Johnson publicar\u00e1 sus memorias este a\u00f1o. The Lives Of Brian ser\u00e1 publicado en octubre por Dey Street Books en los Estados Unidos y en el Reino Unido&#8230; <a href=\"https:\/\/radiounodigital.com\/web\/2021\/04\/13\/brian-johnson-de-ac-dc-publicara-sus-memorias-inolvidables\/\" class=\"excerpt-read-more\">Read More<\/a><\/p>\n","protected":false},"author":1,"featured_media":5756,"comment_status":"closed","ping_status":"open","sticky":false,"template":"","format":"standard","meta":{"footnotes":""},"categories":[1706,1098,1729,180,128],"tags":[],"class_list":["post-5755","post","type-post","status-publish","format-standard","has-post-thumbnail","hentry","category-especiales","category-estrenos","category-libros","category-news","category-rock-clasico"],"yoast_head":"<!-- This site is optimized with the Yoast SEO plugin v27.4 - https:\/\/yoast.com\/product\/yoast-seo-wordpress\/ -->\n<title>Brian Johnson de AC\/DC publicar\u00e1 sus memorias &quot;inolvidables&quot; - Radio UNO Digital<\/title>\n<meta name=\"robots\" content=\"index, follow, max-snippet:-1, max-image-preview:large, max-video-preview:-1\" \/>\n<link rel=\"canonical\" href=\"https:\/\/radiounodigital.com\/web\/2021\/04\/13\/brian-johnson-de-ac-dc-publicara-sus-memorias-inolvidables\/\" \/>\n<meta property=\"og:locale\" content=\"es_ES\" \/>\n<meta property=\"og:type\" content=\"article\" \/>\n<meta property=\"og:title\" content=\"Brian Johnson de AC\/DC publicar\u00e1 sus memorias &quot;inolvidables&quot; - Radio UNO Digital\" \/>\n<meta property=\"og:description\" content=\"\u00abThe Lives Of Brian\u00bb contar\u00e1 la historia de Brian Johnson de AC\/DC en sus propias palabras, y llegar\u00e1 a las librer\u00edas en octubre. El cantante de AC\/DC Brian Johnson publicar\u00e1 sus memorias este a\u00f1o. The Lives Of Brian ser\u00e1 publicado en octubre por Dey Street Books en los Estados Unidos y en el Reino Unido... Read More\" \/>\n<meta property=\"og:url\" content=\"https:\/\/radiounodigital.com\/web\/2021\/04\/13\/brian-johnson-de-ac-dc-publicara-sus-memorias-inolvidables\/\" \/>\n<meta property=\"og:site_name\" content=\"Radio UNO Digital\" \/>\n<meta property=\"article:published_time\" content=\"2021-04-13T13:44:22+00:00\" \/>\n<meta property=\"article:modified_time\" content=\"2021-04-13T14:18:36+00:00\" \/>\n<meta property=\"og:image\" content=\"https:\/\/radiounodigital.com\/web\/wp-content\/uploads\/2021\/04\/Lives-of-Brian-ACDC-Brian-Johnson-YouTube-Image-e1618321450550.jpg\" \/>\n\t<meta property=\"og:image:width\" content=\"650\" \/>\n\t<meta property=\"og:image:height\" content=\"433\" \/>\n\t<meta property=\"og:image:type\" content=\"image\/jpeg\" \/>\n<meta name=\"author\" content=\"diegoc\" \/>\n<meta name=\"twitter:card\" content=\"summary_large_image\" \/>\n<meta name=\"twitter:label1\" content=\"Escrito por\" \/>\n\t<meta name=\"twitter:data1\" content=\"diegoc\" \/>\n\t<meta name=\"twitter:label2\" content=\"Tiempo de lectura\" \/>\n\t<meta name=\"twitter:data2\" content=\"2 minutos\" \/>\n<script type=\"application\/ld+json\" class=\"yoast-schema-graph\">{\"@context\":\"https:\\\/\\\/schema.org\",\"@graph\":[{\"@type\":\"Article\",\"@id\":\"https:\\\/\\\/radiounodigital.com\\\/web\\\/2021\\\/04\\\/13\\\/brian-johnson-de-ac-dc-publicara-sus-memorias-inolvidables\\\/#article\",\"isPartOf\":{\"@id\":\"https:\\\/\\\/radiounodigital.com\\\/web\\\/2021\\\/04\\\/13\\\/brian-johnson-de-ac-dc-publicara-sus-memorias-inolvidables\\\/\"},\"author\":{\"name\":\"diegoc\",\"@id\":\"https:\\\/\\\/radiounodigital.com\\\/web\\\/#\\\/schema\\\/person\\\/00b93151fa54f619ecf9c183d1fc9758\"},\"headline\":\"Brian Johnson de AC\\\/DC publicar\u00e1 sus memorias \u00abinolvidables\u00bb\",\"datePublished\":\"2021-04-13T13:44:22+00:00\",\"dateModified\":\"2021-04-13T14:18:36+00:00\",\"mainEntityOfPage\":{\"@id\":\"https:\\\/\\\/radiounodigital.com\\\/web\\\/2021\\\/04\\\/13\\\/brian-johnson-de-ac-dc-publicara-sus-memorias-inolvidables\\\/\"},\"wordCount\":452,\"image\":{\"@id\":\"https:\\\/\\\/radiounodigital.com\\\/web\\\/2021\\\/04\\\/13\\\/brian-johnson-de-ac-dc-publicara-sus-memorias-inolvidables\\\/#primaryimage\"},\"thumbnailUrl\":\"https:\\\/\\\/radiounodigital.com\\\/web\\\/wp-content\\\/uploads\\\/2021\\\/04\\\/Lives-of-Brian-ACDC-Brian-Johnson-YouTube-Image-e1618321450550.jpg\",\"articleSection\":[\"especiales\",\"estrenos\",\"libros\",\"news\",\"Rock Clasico\"],\"inLanguage\":\"es\"},{\"@type\":\"WebPage\",\"@id\":\"https:\\\/\\\/radiounodigital.com\\\/web\\\/2021\\\/04\\\/13\\\/brian-johnson-de-ac-dc-publicara-sus-memorias-inolvidables\\\/\",\"url\":\"https:\\\/\\\/radiounodigital.com\\\/web\\\/2021\\\/04\\\/13\\\/brian-johnson-de-ac-dc-publicara-sus-memorias-inolvidables\\\/\",\"name\":\"Brian Johnson de AC\\\/DC publicar\u00e1 sus memorias \\\"inolvidables\\\" - Radio UNO Digital\",\"isPartOf\":{\"@id\":\"https:\\\/\\\/radiounodigital.com\\\/web\\\/#website\"},\"primaryImageOfPage\":{\"@id\":\"https:\\\/\\\/radiounodigital.com\\\/web\\\/2021\\\/04\\\/13\\\/brian-johnson-de-ac-dc-publicara-sus-memorias-inolvidables\\\/#primaryimage\"},\"image\":{\"@id\":\"https:\\\/\\\/radiounodigital.com\\\/web\\\/2021\\\/04\\\/13\\\/brian-johnson-de-ac-dc-publicara-sus-memorias-inolvidables\\\/#primaryimage\"},\"thumbnailUrl\":\"https:\\\/\\\/radiounodigital.com\\\/web\\\/wp-content\\\/uploads\\\/2021\\\/04\\\/Lives-of-Brian-ACDC-Brian-Johnson-YouTube-Image-e1618321450550.jpg\",\"datePublished\":\"2021-04-13T13:44:22+00:00\",\"dateModified\":\"2021-04-13T14:18:36+00:00\",\"author\":{\"@id\":\"https:\\\/\\\/radiounodigital.com\\\/web\\\/#\\\/schema\\\/person\\\/00b93151fa54f619ecf9c183d1fc9758\"},\"breadcrumb\":{\"@id\":\"https:\\\/\\\/radiounodigital.com\\\/web\\\/2021\\\/04\\\/13\\\/brian-johnson-de-ac-dc-publicara-sus-memorias-inolvidables\\\/#breadcrumb\"},\"inLanguage\":\"es\",\"potentialAction\":[{\"@type\":\"ReadAction\",\"target\":[\"https:\\\/\\\/radiounodigital.com\\\/web\\\/2021\\\/04\\\/13\\\/brian-johnson-de-ac-dc-publicara-sus-memorias-inolvidables\\\/\"]}]},{\"@type\":\"ImageObject\",\"inLanguage\":\"es\",\"@id\":\"https:\\\/\\\/radiounodigital.com\\\/web\\\/2021\\\/04\\\/13\\\/brian-johnson-de-ac-dc-publicara-sus-memorias-inolvidables\\\/#primaryimage\",\"url\":\"https:\\\/\\\/radiounodigital.com\\\/web\\\/wp-content\\\/uploads\\\/2021\\\/04\\\/Lives-of-Brian-ACDC-Brian-Johnson-YouTube-Image-e1618321450550.jpg\",\"contentUrl\":\"https:\\\/\\\/radiounodigital.com\\\/web\\\/wp-content\\\/uploads\\\/2021\\\/04\\\/Lives-of-Brian-ACDC-Brian-Johnson-YouTube-Image-e1618321450550.jpg\",\"width\":650,\"height\":433},{\"@type\":\"BreadcrumbList\",\"@id\":\"https:\\\/\\\/radiounodigital.com\\\/web\\\/2021\\\/04\\\/13\\\/brian-johnson-de-ac-dc-publicara-sus-memorias-inolvidables\\\/#breadcrumb\",\"itemListElement\":[{\"@type\":\"ListItem\",\"position\":1,\"name\":\"Home\",\"item\":\"https:\\\/\\\/radiounodigital.com\\\/web\\\/\"},{\"@type\":\"ListItem\",\"position\":2,\"name\":\"Brian Johnson de AC\\\/DC publicar\u00e1 sus memorias \u00abinolvidables\u00bb\"}]},{\"@type\":\"WebSite\",\"@id\":\"https:\\\/\\\/radiounodigital.com\\\/web\\\/#website\",\"url\":\"https:\\\/\\\/radiounodigital.com\\\/web\\\/\",\"name\":\"Radio UNO Digital\",\"description\":\"Donde la cultura del rock se siente\",\"potentialAction\":[{\"@type\":\"SearchAction\",\"target\":{\"@type\":\"EntryPoint\",\"urlTemplate\":\"https:\\\/\\\/radiounodigital.com\\\/web\\\/?s={search_term_string}\"},\"query-input\":{\"@type\":\"PropertyValueSpecification\",\"valueRequired\":true,\"valueName\":\"search_term_string\"}}],\"inLanguage\":\"es\"},{\"@type\":\"Person\",\"@id\":\"https:\\\/\\\/radiounodigital.com\\\/web\\\/#\\\/schema\\\/person\\\/00b93151fa54f619ecf9c183d1fc9758\",\"name\":\"diegoc\",\"image\":{\"@type\":\"ImageObject\",\"inLanguage\":\"es\",\"@id\":\"https:\\\/\\\/secure.gravatar.com\\\/avatar\\\/0a67041d44c702fb0660d81a5a32c7ce6007341cf92afeb718b75883bf415864?s=96&d=blank&r=g\",\"url\":\"https:\\\/\\\/secure.gravatar.com\\\/avatar\\\/0a67041d44c702fb0660d81a5a32c7ce6007341cf92afeb718b75883bf415864?s=96&d=blank&r=g\",\"contentUrl\":\"https:\\\/\\\/secure.gravatar.com\\\/avatar\\\/0a67041d44c702fb0660d81a5a32c7ce6007341cf92afeb718b75883bf415864?s=96&d=blank&r=g\",\"caption\":\"diegoc\"},\"url\":\"https:\\\/\\\/radiounodigital.com\\\/web\\\/author\\\/diegoc\\\/\"}]}<\/script>\n<!-- \/ Yoast SEO plugin. -->","yoast_head_json":{"title":"Brian Johnson de AC\/DC publicar\u00e1 sus memorias \"inolvidables\" - Radio UNO Digital","robots":{"index":"index","follow":"follow","max-snippet":"max-snippet:-1","max-image-preview":"max-image-preview:large","max-video-preview":"max-video-preview:-1"},"canonical":"https:\/\/radiounodigital.com\/web\/2021\/04\/13\/brian-johnson-de-ac-dc-publicara-sus-memorias-inolvidables\/","og_locale":"es_ES","og_type":"article","og_title":"Brian Johnson de AC\/DC publicar\u00e1 sus memorias \"inolvidables\" - Radio UNO Digital","og_description":"\u00abThe Lives Of Brian\u00bb contar\u00e1 la historia de Brian Johnson de AC\/DC en sus propias palabras, y llegar\u00e1 a las librer\u00edas en octubre. El cantante de AC\/DC Brian Johnson publicar\u00e1 sus memorias este a\u00f1o. The Lives Of Brian ser\u00e1 publicado en octubre por Dey Street Books en los Estados Unidos y en el Reino Unido... Read More","og_url":"https:\/\/radiounodigital.com\/web\/2021\/04\/13\/brian-johnson-de-ac-dc-publicara-sus-memorias-inolvidables\/","og_site_name":"Radio UNO Digital","article_published_time":"2021-04-13T13:44:22+00:00","article_modified_time":"2021-04-13T14:18:36+00:00","og_image":[{"width":650,"height":433,"url":"https:\/\/radiounodigital.com\/web\/wp-content\/uploads\/2021\/04\/Lives-of-Brian-ACDC-Brian-Johnson-YouTube-Image-e1618321450550.jpg","type":"image\/jpeg"}],"author":"diegoc","twitter_card":"summary_large_image","twitter_misc":{"Escrito por":"diegoc","Tiempo de lectura":"2 minutos"},"schema":{"@context":"https:\/\/schema.org","@graph":[{"@type":"Article","@id":"https:\/\/radiounodigital.com\/web\/2021\/04\/13\/brian-johnson-de-ac-dc-publicara-sus-memorias-inolvidables\/#article","isPartOf":{"@id":"https:\/\/radiounodigital.com\/web\/2021\/04\/13\/brian-johnson-de-ac-dc-publicara-sus-memorias-inolvidables\/"},"author":{"name":"diegoc","@id":"https:\/\/radiounodigital.com\/web\/#\/schema\/person\/00b93151fa54f619ecf9c183d1fc9758"},"headline":"Brian Johnson de AC\/DC publicar\u00e1 sus memorias \u00abinolvidables\u00bb","datePublished":"2021-04-13T13:44:22+00:00","dateModified":"2021-04-13T14:18:36+00:00","mainEntityOfPage":{"@id":"https:\/\/radiounodigital.com\/web\/2021\/04\/13\/brian-johnson-de-ac-dc-publicara-sus-memorias-inolvidables\/"},"wordCount":452,"image":{"@id":"https:\/\/radiounodigital.com\/web\/2021\/04\/13\/brian-johnson-de-ac-dc-publicara-sus-memorias-inolvidables\/#primaryimage"},"thumbnailUrl":"https:\/\/radiounodigital.com\/web\/wp-content\/uploads\/2021\/04\/Lives-of-Brian-ACDC-Brian-Johnson-YouTube-Image-e1618321450550.jpg","articleSection":["especiales","estrenos","libros","news","Rock Clasico"],"inLanguage":"es"},{"@type":"WebPage","@id":"https:\/\/radiounodigital.com\/web\/2021\/04\/13\/brian-johnson-de-ac-dc-publicara-sus-memorias-inolvidables\/","url":"https:\/\/radiounodigital.com\/web\/2021\/04\/13\/brian-johnson-de-ac-dc-publicara-sus-memorias-inolvidables\/","name":"Brian Johnson de AC\/DC publicar\u00e1 sus memorias \"inolvidables\" - Radio UNO Digital","isPartOf":{"@id":"https:\/\/radiounodigital.com\/web\/#website"},"primaryImageOfPage":{"@id":"https:\/\/radiounodigital.com\/web\/2021\/04\/13\/brian-johnson-de-ac-dc-publicara-sus-memorias-inolvidables\/#primaryimage"},"image":{"@id":"https:\/\/radiounodigital.com\/web\/2021\/04\/13\/brian-johnson-de-ac-dc-publicara-sus-memorias-inolvidables\/#primaryimage"},"thumbnailUrl":"https:\/\/radiounodigital.com\/web\/wp-content\/uploads\/2021\/04\/Lives-of-Brian-ACDC-Brian-Johnson-YouTube-Image-e1618321450550.jpg","datePublished":"2021-04-13T13:44:22+00:00","dateModified":"2021-04-13T14:18:36+00:00","author":{"@id":"https:\/\/radiounodigital.com\/web\/#\/schema\/person\/00b93151fa54f619ecf9c183d1fc9758"},"breadcrumb":{"@id":"https:\/\/radiounodigital.com\/web\/2021\/04\/13\/brian-johnson-de-ac-dc-publicara-sus-memorias-inolvidables\/#breadcrumb"},"inLanguage":"es","potentialAction":[{"@type":"ReadAction","target":["https:\/\/radiounodigital.com\/web\/2021\/04\/13\/brian-johnson-de-ac-dc-publicara-sus-memorias-inolvidables\/"]}]},{"@type":"ImageObject","inLanguage":"es","@id":"https:\/\/radiounodigital.com\/web\/2021\/04\/13\/brian-johnson-de-ac-dc-publicara-sus-memorias-inolvidables\/#primaryimage","url":"https:\/\/radiounodigital.com\/web\/wp-content\/uploads\/2021\/04\/Lives-of-Brian-ACDC-Brian-Johnson-YouTube-Image-e1618321450550.jpg","contentUrl":"https:\/\/radiounodigital.com\/web\/wp-content\/uploads\/2021\/04\/Lives-of-Brian-ACDC-Brian-Johnson-YouTube-Image-e1618321450550.jpg","width":650,"height":433},{"@type":"BreadcrumbList","@id":"https:\/\/radiounodigital.com\/web\/2021\/04\/13\/brian-johnson-de-ac-dc-publicara-sus-memorias-inolvidables\/#breadcrumb","itemListElement":[{"@type":"ListItem","position":1,"name":"Home","item":"https:\/\/radiounodigital.com\/web\/"},{"@type":"ListItem","position":2,"name":"Brian Johnson de AC\/DC publicar\u00e1 sus memorias \u00abinolvidables\u00bb"}]},{"@type":"WebSite","@id":"https:\/\/radiounodigital.com\/web\/#website","url":"https:\/\/radiounodigital.com\/web\/","name":"Radio UNO Digital","description":"Donde la cultura del rock se siente","potentialAction":[{"@type":"SearchAction","target":{"@type":"EntryPoint","urlTemplate":"https:\/\/radiounodigital.com\/web\/?s={search_term_string}"},"query-input":{"@type":"PropertyValueSpecification","valueRequired":true,"valueName":"search_term_string"}}],"inLanguage":"es"},{"@type":"Person","@id":"https:\/\/radiounodigital.com\/web\/#\/schema\/person\/00b93151fa54f619ecf9c183d1fc9758","name":"diegoc","image":{"@type":"ImageObject","inLanguage":"es","@id":"https:\/\/secure.gravatar.com\/avatar\/0a67041d44c702fb0660d81a5a32c7ce6007341cf92afeb718b75883bf415864?s=96&d=blank&r=g","url":"https:\/\/secure.gravatar.com\/avatar\/0a67041d44c702fb0660d81a5a32c7ce6007341cf92afeb718b75883bf415864?s=96&d=blank&r=g","contentUrl":"https:\/\/secure.gravatar.com\/avatar\/0a67041d44c702fb0660d81a5a32c7ce6007341cf92afeb718b75883bf415864?s=96&d=blank&r=g","caption":"diegoc"},"url":"https:\/\/radiounodigital.com\/web\/author\/diegoc\/"}]}},"_links":{"self":[{"href":"https:\/\/radiounodigital.com\/web\/wp-json\/wp\/v2\/posts\/5755","targetHints":{"allow":["GET"]}}],"collection":[{"href":"https:\/\/radiounodigital.com\/web\/wp-json\/wp\/v2\/posts"}],"about":[{"href":"https:\/\/radiounodigital.com\/web\/wp-json\/wp\/v2\/types\/post"}],"author":[{"embeddable":true,"href":"https:\/\/radiounodigital.com\/web\/wp-json\/wp\/v2\/users\/1"}],"replies":[{"embeddable":true,"href":"https:\/\/radiounodigital.com\/web\/wp-json\/wp\/v2\/comments?post=5755"}],"version-history":[{"count":1,"href":"https:\/\/radiounodigital.com\/web\/wp-json\/wp\/v2\/posts\/5755\/revisions"}],"predecessor-version":[{"id":5757,"href":"https:\/\/radiounodigital.com\/web\/wp-json\/wp\/v2\/posts\/5755\/revisions\/5757"}],"wp:featuredmedia":[{"embeddable":true,"href":"https:\/\/radiounodigital.com\/web\/wp-json\/wp\/v2\/media\/5756"}],"wp:attachment":[{"href":"https:\/\/radiounodigital.com\/web\/wp-json\/wp\/v2\/media?parent=5755"}],"wp:term":[{"taxonomy":"category","embeddable":true,"href":"https:\/\/radiounodigital.com\/web\/wp-json\/wp\/v2\/categories?post=5755"},{"taxonomy":"post_tag","embeddable":true,"href":"https:\/\/radiounodigital.com\/web\/wp-json\/wp\/v2\/tags?post=5755"}],"curies":[{"name":"wp","href":"https:\/\/api.w.org\/{rel}","templated":true}]}}